{"id":2172,"date":"2009-06-04T23:23:25","date_gmt":"2009-06-04T22:23:25","guid":{"rendered":"http:\/\/www.hohenlohe-ungefiltert.de\/?p=2172"},"modified":"2009-06-04T23:23:58","modified_gmt":"2009-06-04T22:23:58","slug":"initiative-pro-tauberbahn-freut-sich-uber-die-bevorstehende-wiederinbetriebnahme-des-bahnhaltepunktes-wallhausen","status":"publish","type":"post","link":"https:\/\/www.hohenlohe-ungefiltert.de\/?p=2172","title":{"rendered":"Initiative Pro-Tauberbahn freut sich \u00fcber die bevorstehende Wiederinbetriebnahme des Bahnhaltepunktes Wallhausen"},"content":{"rendered":"<p><em>von Oliver Paul, Fahrgastverband ProBahn<\/em><\/p>\n<p><div id=\"attachment_2173\" style=\"width: 310px\" class=\"wp-caption alignleft\"><a href=\"https:\/\/www.hohenlohe-ungefiltert.de\/wp-content\/uploads\/2009\/06\/p1010742.jpg\"><img aria-describedby=\"caption-attachment-2173\" loading=\"lazy\" src=\"https:\/\/www.hohenlohe-ungefiltert.de\/wp-content\/uploads\/2009\/06\/p1010742-300x244.jpg\" alt=\"Initiative Reaktivierung Haltepunkt Wallhausen: Marc M\u00fcller, Oliver Paul\" title=\"Initiative Reaktivierung Haltepunkt Wallhausen: Marc M\u00fcller, Oliver Paul\" width=\"300\" height=\"244\" class=\"size-medium wp-image-2173\" srcset=\"https:\/\/www.hohenlohe-ungefiltert.de\/wp-content\/uploads\/2009\/06\/p1010742-300x244.jpg 300w, https:\/\/www.hohenlohe-ungefiltert.de\/wp-content\/uploads\/2009\/06\/p1010742.jpg 800w\" sizes=\"(max-width: 300px) 100vw, 300px\" \/><\/a><p id=\"caption-attachment-2173\" class=\"wp-caption-text\">Initiative Reaktivierung Haltepunkt Wallhausen: Marc M\u00fcller, Oliver Paul<\/p><\/div>Seit 1985 stillgelegt soll der Bahnhaltepunkt Wallhausen 2010 bzw. 2011 endlich wieder in Betrieb gehen &#8211; diese Nachricht setzt den Schlusspunkt unter jahrelange Bem\u00fchungen der &#8222;Initiative Reaktivierung Haltepunkt Wallhausen&#8220;. Die B\u00fcrgerinitiative arbeitet seit 1999 an diesem Ziel gemeinsam mit einer strukturellen Verbesserung der Tauberbahn Crailsheim \u2013 Lauda \u2013 Wertheim, sowie einer Optimierung des Busverkehrsnetzes im n\u00f6rdlichen Landkreis Schw\u00e4bisch Hall. Sie wurde im Jahre 2001 durch das Regierungspr\u00e4sidium mit einer Urkunde als kommunale B\u00fcrgeraktion ausgezeichnet.<br \/>\nDie langj\u00e4hrige Zusammenarbeit der Initiative mit der Deutschen Bahn, bzw. hier jetzt  WestFrankenBahn, der Gemeinde Wallhausen, der Nahverkehrsgesellschaft Baden-W\u00fcrttemberg und dem Landkreis Schw\u00e4bisch Hall erm\u00f6glichen es, in naher Zukunft endlich wieder Z\u00fcge in Wallhausen halten zu lassen und Busse besser mit der Bahn zu verbinden. <\/p>\n<p>Der neue Bahnsteig in Wallhausen wird die Attraktivit\u00e4t der Gemeinde und der Tauberbahn steigern sowie zukunftsf\u00e4hig machen. <\/p>\n<div class=\"pdf24Plugin-cp\"> \t<form name=\"pdf24Form0\" method=\"post\" action=\"https:\/\/doc2pdf.pdf24.org\/wordpress.php\" target=\"pdf24PopWin\" onsubmit=\"var pdf24Win = window.open('about:blank', 'pdf24PopWin', 'resizable=yes,scrollbars=yes,width=600,height=250,left='+(screen.width\/2-300)+',top='+(screen.height\/3-125)+''); pdf24Win.focus(); if(typeof pdf24OnCreatePDF === 'function'){void(pdf24OnCreatePDF(this,pdf24Win));}\"> \t\t<input type=\"hidden\" name=\"blogCharset\" value=\"Cw1x07UAAA==\" \/><input type=\"hidden\" name=\"blogPosts\" value=\"MwQA\" \/><input type=\"hidden\" name=\"blogUrl\" value=\"yygpKSi20tcvLy\/Xy8jPSM3LARK6pXnpqWmZOSWpRSV6KakA\" \/><input type=\"hidden\" name=\"blogName\" value=\"88jPSM3LARK6pXnpqWmZOSWpRSUA\" \/><input type=\"hidden\" name=\"blogValueEncoding\" value=\"gzdeflate base64\" \/><input type=\"hidden\" name=\"postId_0\" value=\"MzI0NwIA\" \/><input type=\"hidden\" name=\"postTitle_0\" value=\"DcyxDQIxDAXQVf4CLEFHR4F0tU0+snXBhxznpqNjMdK+4t3Cy6X8JO55XB4ylaligVdyFoY\/Db\/vQjQnlOeRo2iMRmzOxvRQVjo1xN5E48B1BSa9+Jmx14JNejeZg\/EH\" \/><input type=\"hidden\" name=\"postLink_0\" value=\"yygpKSi20tcvLy\/Xy8jPSM3LARK6pXnpqWmZOSWpRSV6Kan69gW2RobmRgA=\" \/><input type=\"hidden\" name=\"postAuthor_0\" value=\"S0zJzcwDAA==\" \/><input type=\"hidden\" name=\"postDateTime_0\" value=\"MzIwsNQ1MNM1MFEwMrYyMLMyMgUA\" \/><input type=\"hidden\" name=\"postContent_0\" value=\"tVVLbiM3FNzPKR46QJAAkrpbdjL+SALiGDNJMD\/ESQx4E1Dq5yYtkmrwY9lazR3mCj7DrLzrm+QkKXbLn5l8gADOxqDZZL16VfWoSTObsJldriy91eqSHb0TUQ\/ohZCuFj5gZy5sRe\/c6khIO8lxeJI3s2cTXKzUJalqmokQxEIatuH3cfl8JyMfrjVPs7WqgjygnbJorjJaaOE9NpvhQjRBoaLQqraaz0M2mwiSjs+nmQyh8Qd5vl6vR3Il2Wr8GUZb87nSgV0YVZwnjJUNKJjHRq9E5fNxUeznxbd5UxZl8Xx3PLpoasAqU5NwSgwr9gun5lzNr6fZlsDwgfiwJ56wlK2nmRaba\/ThFk\/HaLhTFFfj3d2OGXoP0+xHq4ISAbrTzyyWWCh2QKYf8JmbaJeBToXWUkTP9oBeC7eg1+2t1uwGjw3LKKiQJH9CxM69aQbWGUlWtQRh0L830qsNDw1XKhpC+8qImrcyQjfP4f+RjrBeD+gpc0J7gARrNIS+vjLiangX3QLR\/ZrKorhEze6\/jHJMgJhNmi77\/xilv8R9GPgKSX8yh9IYTnLM4OyEVaByf+8bDJ7SumbNdSC\/0poqHE6DK\/8OnMbQgOab9SitSmJbabWQcJ7TPWXpiINTPKeaoTB9+cXeuCwPqVLsmd6gX4fjqMRhE1DK0slC6uh9XyhCeUcXeElYCxgDNNPeyuSR7YglvPH48L8p0l0qDkd0rIDY3rqanXpAEG4ONTiR6kTZ3ydhe8aGzhRr9GJYWS8MGZzAEkx8cHEZIohqcPsNjx5735NIRH8RcZ4eQmnpeyeU9pgHQ3+8\/0CvRKxEtzpF5tL2AMJDwC3wW1hv1B2Sp6Po4d+SpfMWqmEHQLb96DrlUfsVXtulY+WTluv2Zq48HIESekQngF1HV3G69FPSFb4VJVXR4UwlPPSr+2K+ce2NV91wPrT5q1tGi+tCe1qujIlW6HsRk\/LpUY6+5g2DDQiOJnOHvD9LWicPL9obeA4rzyIERNp7uTuRHtlotlvHHIPv2koZHPRRkyqloosMRPPhhRN2ybY\/kW697AwCzQfT+w9vhLwTr4afWgNbnAeAI3vDU7QRAhs4VSN7Fa6Yf5GT2Jn2Y72Vnf0g5d0KiTpnETIB97N5OGtv0TlOPZqgbq4sbSKlcccqFYbJmI8+QvdapP7SufSLmrqzI7r7IT3GZ8uRuzM+4K39rMpauSplmL4LwfUTEtqb8KlafcufhLXDYme3kdz0fflzuIgaRqTWtzT+BA==\" \/> \t\t<a href=\"https:\/\/www.pdf24.org\" target=\"_blank\" title=\"www.pdf24.org\" rel=\"nofollow\"><img src=\"https:\/\/www.hohenlohe-ungefiltert.de\/wp-content\/plugins\/pdf24-post-to-pdf\/img\/pdf_32x32.png\" alt=\"\" border=\"0\" height=\"32\" \/><\/a> \t\t<span class=\"pdf24Plugin-cp-space\">&nbsp;&nbsp;<\/span> \t\t<span class=\"pdf24Plugin-cp-text\">Sende Artikel als PDF<\/span> \t\t<span class=\"pdf24Plugin-cp-space\">&nbsp;&nbsp;<\/span> \t\t<input class=\"pdf24Plugin-cp-input\" style=\"margin: 0px;\" type=\"text\" name=\"sendEmailTo\" placeholder=\"Emailadresse\" \/> \t\t<input class=\"pdf24Plugin-cp-submit\" style=\"margin: 0px;\" type=\"submit\" value=\"Senden\" \/> \t<\/form> <\/div>","protected":false},"excerpt":{"rendered":"<p>von Oliver Paul, Fahrgastverband ProBahn Seit 1985 stillgelegt soll der Bahnhaltepunkt Wallhausen 2010 bzw. 2011 endlich wieder in Betrieb gehen &#8211; diese Nachricht setzt den Schlusspunkt unter jahrelange Bem\u00fchungen der &#8222;Initiative Reaktivierung Haltepunkt Wallhausen&#8220;. Die B\u00fcrgerinitiative arbeitet seit 1999 an diesem Ziel gemeinsam mit einer strukturellen Verbesserung der Tauberbahn Crailsheim \u2013 Lauda \u2013 Wertheim, sowie [&hellip;]<\/p>\n","protected":false},"author":1,"featured_media":0,"comment_status":"open","ping_status":"open","sticky":false,"template":"","format":"standard","meta":[],"categories":[],"tags":[],"_links":{"self":[{"href":"https:\/\/www.hohenlohe-ungefiltert.de\/index.php?rest_route=\/wp\/v2\/posts\/2172"}],"collection":[{"href":"https:\/\/www.hohenlohe-ungefiltert.de\/index.php?rest_route=\/wp\/v2\/posts"}],"about":[{"href":"https:\/\/www.hohenlohe-ungefiltert.de\/index.php?rest_route=\/wp\/v2\/types\/post"}],"author":[{"embeddable":true,"href":"https:\/\/www.hohenlohe-ungefiltert.de\/index.php?rest_route=\/wp\/v2\/users\/1"}],"replies":[{"embeddable":true,"href":"https:\/\/www.hohenlohe-ungefiltert.de\/index.php?rest_route=%2Fwp%2Fv2%2Fcomments&post=2172"}],"version-history":[{"count":2,"href":"https:\/\/www.hohenlohe-ungefiltert.de\/index.php?rest_route=\/wp\/v2\/posts\/2172\/revisions"}],"predecessor-version":[{"id":2175,"href":"https:\/\/www.hohenlohe-ungefiltert.de\/index.php?rest_route=\/wp\/v2\/posts\/2172\/revisions\/2175"}],"wp:attachment":[{"href":"https:\/\/www.hohenlohe-ungefiltert.de\/index.php?rest_route=%2Fwp%2Fv2%2Fmedia&parent=2172"}],"wp:term":[{"taxonomy":"category","embeddable":true,"href":"https:\/\/www.hohenlohe-ungefiltert.de\/index.php?rest_route=%2Fwp%2Fv2%2Fcategories&post=2172"},{"taxonomy":"post_tag","embeddable":true,"href":"https:\/\/www.hohenlohe-ungefiltert.de\/index.php?rest_route=%2Fwp%2Fv2%2Ftags&post=2172"}],"curies":[{"name":"wp","href":"https:\/\/api.w.org\/{rel}","templated":true}]}}