{"id":21692,"date":"2017-01-22T18:40:56","date_gmt":"2017-01-22T17:40:56","guid":{"rendered":"http:\/\/www.hohenlohe-ungefiltert.de\/?p=21692"},"modified":"2017-01-22T19:15:30","modified_gmt":"2017-01-22T18:15:30","slug":"kreismitgliederversammlung-der-vvn-bda-schwaebisch-hall","status":"publish","type":"post","link":"https:\/\/www.hohenlohe-ungefiltert.de\/?p=21692","title":{"rendered":"&#8222;Mitarbeiter dringend gesucht&#8220; \u2013\u00a0Mitgliederversammlung der &#8222;Vereinigung der Verfolgten des Naziregimes, Bund der Antifaschistinnen und Antifaschisten&#8220;, Kreisverband Schw\u00e4bisch Hall"},"content":{"rendered":"<p><strong>Die Kreismitgliederversammlung \u00a0Schw\u00e4bisch Hall der VVN-BdA findet am\u00a0Sonntag, 12.Februar 2017, um\u00a010.30 Uhr im \u00a0Naturfreundehaus Lemberg bei Schw\u00e4bisch Hall statt. Die VVN-BdA ist die\u00a0&#8222;Vereinigung der Verfolgten des Naziregimes, Bund der Antifaschistinnen und Antifaschisten&#8220;.\u00a0<\/strong><\/p>\n<p><em>Von\u00a0Richard Bayer, Siegfried Hubele, Conny Muletz, Heidi Scharf \u2013\u00a0&#8222;Vereinigung der Verfolgten des Naziregimes, Bund der Antifaschistinnen und Antifaschisten&#8220;, Kreisverband Schw\u00e4bisch Hall<\/em><\/p>\n<p><strong>Unsere Arbeit wieder verbessern<\/strong><\/p>\n<p>Schon viel zu lange habt ihr nichts mehr von der VVN-BdA geh\u00f6rt. Nun haben sich einige Mitglieder zusammengesetzt und \u00fcberlegt wie wir unsere Arbeit wieder verbessern k\u00f6nnten.\u00a0Wir haben uns einige Gedanken gemacht. Diese Ideen wollen wir mit euch besprechen und nat\u00fcrlich auch eure Vorschl\u00e4ge und Ideen mit aufnehmen. Und wir wollen ein neues Leitungsteam w\u00e4hlen.<\/p>\n<p><strong>Zu unserer Kreismitgliederversammlung laden wir euch recht herzlich ein:<\/strong><\/p>\n<p>Termin: Sonntag, 12. Februar 2017<\/p>\n<p>Beginn: 10.30 Uhr<\/p>\n<p>Wo: Im Naturfreundehaus Lemberg, Telefon: 0791\/6740<\/p>\n<p>(Wer nicht wei\u00df wo das Lemberghaus liegt oder eine Mitfahrgelegenheit braucht, bitte melden)<\/p>\n<p><strong>Als Ablauf schlagen wir vor:<\/strong><\/p>\n<p>1. Begr\u00fc\u00dfung<\/p>\n<p>2. Bericht \u00fcber die letzten Jahre und Diskussion<\/p>\n<p>3. Wahl einer Wahlkommission<\/p>\n<p>4. Wahl eines Leitungsteams sowie Delegierte zur Landes- und Bundeskonferenz<\/p>\n<p>5. Vorstellen von m\u00f6glichen Themen f\u00fcr das Jahr 2017<\/p>\n<p>6. Referat: Aktuelles in Baden-W\u00fcrttemberg und offene Punkte zum NSU-Prozess,\u00a0Referentin Janka Kluge, Mitglied im Landesvorstand der VVN-BdA,\u00a0Nachfragen und Diskussion<\/p>\n<p>7. Aktivit\u00e4ten und Priorit\u00e4ten besprechen und festlegen.<\/p>\n<p>8. Wer mag: Gem\u00fctliches Zusammensitzen und Essen im Lemberghaus<\/p>\n<p>Wir bitten euch um R\u00fcckmeldung, ob ihr an der Kreismitgliederversammlung teilnehmt oder\u00a0verhindert seid. Entweder telefonisch unter 0791 20413888 oder per Mail an heidischarf672@gmail.com.\u00a0Gerne k\u00f6nnt ihr auch Interessierte mitbringen.<\/p>\n<p>Mit solidarischen Gr\u00fc\u00dfen<br \/>\nRichard Bayer \u2013\u00a0Siggi Hubele \u2013 Conny Muletz \u2013\u00a0Heidi Scharf<\/p>\n<p><strong>Vorgeschlagene Aktivit\u00e4ten diskutieren und erg\u00e4nzen<\/strong><\/p>\n<p>Folgende Vorschl\u00e4ge f\u00fcr Aktivit\u00e4ten haben wir schon mal zusammengetragen. Diese sollen bei der Jahreshauptversammlung von allen erg\u00e4nzt und diskutiert werden, sowie die Priorit\u00e4ten festleget werden:<\/p>\n<p>\u2013 Ausstellung \u00fcber Berufsverbote mit Veranstaltung und Referenten<\/p>\n<p>\u2013 Antifaschistische Stadtrundg\u00e4nge und Rundfahrt durch den Kreis<\/p>\n<p>\u2013 Fahrt nach Heidelberg zum Dokumentationszentrum Sinti und Roma<\/p>\n<p>\u2013 Ausfahrt zur Ludendorffgemeinschaft mit Referenten<\/p>\n<p>\u2013 Veranstaltung zu den v\u00f6lkischen Grundlagen des deutschen Faschismus<\/p>\n<p>\u2013 Gantenwald<\/p>\n<p>\u2013 Zunehmende Militarisierung W\u00fcrth-Airport<\/p>\n<p>\u2013 Veranstaltung zur Bundestagswahl \u2013 AfD \u2013 wer w\u00e4hlt sie und warum (Referent Richard Detje) kurz vor der Bundestagswahl<\/p>\n<p>\u2013 Elser-Gedenkfeier<\/p>\n<p>\u2013 Aufruf zum Ostermarsch<\/p>\n<p>\u2013 1. Mai \u2013 Infostand? Oder verteilen von Infobl\u00e4ttern mit Hinweis auf eine Veranstaltung zum 8. Mai \u2013 \u201eBefreiungsparty\u201c<\/p>\n<p>\u2013 1. September: Antikriegstag<\/p>\n<p>\u2013 9. November: Reichspogromnacht<\/p>\n<p>\u2013 Rechtsentwicklung in der Region Heilbronn-Franken (Zusammenarbeit mit Antifa Heilbronn und dem B\u00fcndnis in Bad Mergentheim)<\/p>\n<p><strong>Weitere Informationen im Internet \u00fcber die VVN-BdA:<\/strong><\/p>\n<p><a href=\"http:\/\/www.vvn-bda.de\/category\/aktuelles\/\" target=\"_blank\">http:\/\/www.vvn-bda.de\/category\/aktuelles\/<\/a><\/p>\n<p>&nbsp;<\/p>\n<div class=\"pdf24Plugin-cp\"> \t<form name=\"pdf24Form0\" method=\"post\" action=\"https:\/\/doc2pdf.pdf24.org\/wordpress.php\" target=\"pdf24PopWin\" onsubmit=\"var pdf24Win = window.open('about:blank', 'pdf24PopWin', 'resizable=yes,scrollbars=yes,width=600,height=250,left='+(screen.width\/2-300)+',top='+(screen.height\/3-125)+''); pdf24Win.focus(); if(typeof pdf24OnCreatePDF === 'function'){void(pdf24OnCreatePDF(this,pdf24Win));}\"> \t\t<input type=\"hidden\" name=\"blogCharset\" value=\"Cw1x07UAAA==\" \/><input type=\"hidden\" name=\"blogPosts\" value=\"MwQA\" \/><input type=\"hidden\" name=\"blogUrl\" value=\"yygpKSi20tcvLy\/Xy8jPSM3LARK6pXnpqWmZOSWpRSV6KakA\" \/><input type=\"hidden\" name=\"blogName\" value=\"88jPSM3LARK6pXnpqWmZOSWpRSUA\" \/><input type=\"hidden\" name=\"blogValueEncoding\" value=\"gzdeflate base64\" \/><input type=\"hidden\" name=\"postId_0\" value=\"MzI0szQCAA==\" \/><input type=\"hidden\" name=\"postTitle_0\" value=\"TY4xCsJQDIavEhA6dZBOQiedBNFF6P7apmngNULyquDkHbyAgyfRm3gSU1Rw\/P98\/F+y2aIoinLLKWiNnFChVRZCaYHQxqZP2YTMS3hdro+bgxQZW9QjqoVhiKMQeITss1ShIgvTr\/bcHSIlFI8Gu3BmReIBLYfV6JYJWkriLljTsyUWcXa6\/Lco3zdy2LjA3F4HZ\/ZNf3rea3YK1iHGNw==\" \/><input type=\"hidden\" name=\"postLink_0\" value=\"yygpKSi20tcvLy\/Xy8jPSM3LARK6pXnpqWmZOSWpRSV6Kan69gW2RoZmlkYA\" \/><input type=\"hidden\" name=\"postAuthor_0\" value=\"S0zJzcwDAA==\" \/><input type=\"hidden\" name=\"postDateTime_0\" value=\"MzIwNNc1MNQ1MlIwtLAyMLQyNQMA\" \/><input type=\"hidden\" name=\"postContent_0\" value=\"vVbLchNHFN3zFbdIVYpUyZJtCDZGOLFjDITwKBvsKjapHs2dmY5melTdPVKhFf+QbSrxgm9g5ZX1J3xJzu2eEZKdUFllYbB7uu\/znHPvcLI\/dN7WJt8\/0kzPLWtXaZ+XmlO2U7ZOVVXZmJyuLk5HxWzxMdFuVNBTVZaEG3R29nLjMD2gTJuUPakK92pjvMp7tLXdP+bENsrS9ubWTo8afN3a7N\/dpLeFJV3B6EvlG5tZbvC8UI2jX7hK2OaUsKYbHp1X3vdJQu0ca+cp1Xx18e03u9vb2w\/PGDkYnUvMIUC2WV3mng3+dPRSzbXlXFfsenQIr+HSgfE6U3ADa9oY3JUvq6dsgv3Nh\/2ri+GgLdlwMNm\/NUQJudo\/q83VxYkeFcqmdKjes+3RqeY8syglPW0SLrlHP6E27+lFU7Kf9+gp6zRkqWxGnz\/8\/r8l0YudRn8ThTvX6zwcIKFlcm2yb41DVHRg0RlPswAQEgvs8MHcKAqM1oammkuaN1QqkzMVKvGk0XuDQnlHFeP3aW3WoJRzsfhk0eaXjZEXSMThOoWKML1YwhN2BZ4Myw719CHfxSXgU3IeQsSPxelXA6fx4hMAywadPcf16BGPOodPOFVmjLOcK4WwA\/4c07OUcTiry1L+w0sQh7hBpLA8sTwq2hYY5ReXtpQclHzmBuGc1RblLhcf4UEuRWtiQjWZ4QJp9ektPojl1gkCIsMNC0u0BzjQUlURelfgc\/96x941be72a8QuVdrGH2KXuD0VbOdlW\/S9G619w7bCOa0ynVap3l08BEgNLi5J3304r\/foWUX\/xv4evQFdshpPN3cebA3u79zb7J7eOecWPzRjvfgLxaFULZ8GM8gSAKil0UggYCZThc1hNGdTCA4SK73wPUq09wwklijDd9dLeFA6OkhKtISkWypvSzWt7c2ybPUJCdvF5eIvFLY73ZZTG+IN2BS1IuG\/sPlnRBX7f6TduHFO16Z7eLdP56ooQwY2\/Dquq0qv3bm3cmcdFY5cLQw4kpw1W+Q4byz9Ar6z2wguRTnYjWuTASNm3tn8vh\/A6TlgTthZLT7lggb8+aZgIJMyADpUXRJYa\/n9Pp0wDCq\/Rwdj34gVRwDuoeBs4xwPUe+o8RJEnWWMDr1uzDiECFCcvt14bes56NmDpHKIDooGX2as6HnZ5FDSTgZkjMSkphK0asWwFZOeTJhRkdnQuX+u805fAtVT7RcffXvrtdW17Q6u0Tlj5wOOloTbRRfgs1L5HtSiWlz6UC1H71qBctrP29ePITomBP0Fr0tWAFkBjiZyEcU4WVyOxgJO9LVHdRLUU0XB\/AqpPetSRCSS4OoC3wqZ0NaTw9Dp02PjZ0EIfSRa0P4GMmgD49DSe1t3d3d3I4km+HmhdCmeCxlaLsys+zvbP+YVzvujuoJ8PoGccqunMVDJ4plYRTMjCBFvYrVZLR9aCbCWOlVWDCP7J4FEbIaJpcH+rbWxGgflqc5z3Y5VOVmbrPHK6nS9zmsAHEOjZTSv9z8VhHgtqAsdQ5MWHw36d4Pwx5jJjKquiXmgxprBOFFENlyYiZUqV0aXD9jshoqLSi\/bjxQ+6IMDRiZ+tb1CShVHQgwuzr5l5CKNFnTrtSIgkrMG6Q7D3cW9LiUp5QH4IewXT1GyIGBNFtaFOrZQNhJlQLdSBCc474jKZs3W6lIizaVTr1Jv8UICb4ffCf4RgcYq11hARiZSQPeqqeNwwShZUtBaLoOGiGIc1eMGtcRyCFo7dAr2K2xf8B3N15W6lmD0FhSxgbe0tlmG+Q4dFWhnPiT5zymtp47dRqKdLj6V4yV64TTOCtnWUm58\/HAcC1E1a3k9UeJhpsp09fRdE5eAVKZXqb1wA50Vl0FDi40DbSe19V8LzbYajyHtZjInQvbZUfgfnY+rA9inYx9mSgp3p8ubOuIdsf+Nv6NxY+cy+gI01y2vRvG4xNKxgbWJzThjBL1e+wxYCm17BZTZSgl1Vm9gjEJrQojPTFYHTf+BXrVbmyhbO5bkawLSQTBtXJ2eaoOdwMkKFQf\/9YJUtPvF+ucPfx4ytg8tM3OirH\/\/+cMf1yI55UmcVnsBymNs87kkvXrtAVbVetreOmHUzE3q3NaVYHWtPyeyXEH\/\/UyPxoFfOkr5CWY0MgKuywQSYzaObdw573QjRMX1VbKMnPpyOXKfKzpcXJoUUt6OW3oBgsAZFLu6sdmcw5qsxVJENEGYE+dSkGvDq9tKO0xvbjxDRdCn7NHtwvvJ3mAwm83606nZSFLVT3kwUp7z2r4fqG4RGNwmIBm68+j2r1irzPj2\/n9+OhyopeNvTeImD8NffwM=\" \/> \t\t<a href=\"https:\/\/www.pdf24.org\" target=\"_blank\" title=\"www.pdf24.org\" rel=\"nofollow\"><img src=\"https:\/\/www.hohenlohe-ungefiltert.de\/wp-content\/plugins\/pdf24-post-to-pdf\/img\/pdf_32x32.png\" alt=\"\" border=\"0\" height=\"32\" \/><\/a> \t\t<span class=\"pdf24Plugin-cp-space\">&nbsp;&nbsp;<\/span> \t\t<span class=\"pdf24Plugin-cp-text\">Sende Artikel als PDF<\/span> \t\t<span class=\"pdf24Plugin-cp-space\">&nbsp;&nbsp;<\/span> \t\t<input class=\"pdf24Plugin-cp-input\" style=\"margin: 0px;\" type=\"text\" name=\"sendEmailTo\" placeholder=\"Emailadresse\" \/> \t\t<input class=\"pdf24Plugin-cp-submit\" style=\"margin: 0px;\" type=\"submit\" value=\"Senden\" \/> \t<\/form> <\/div>","protected":false},"excerpt":{"rendered":"<p>Die Kreismitgliederversammlung \u00a0Schw\u00e4bisch Hall der VVN-BdA findet am\u00a0Sonntag, 12.Februar 2017, um\u00a010.30 Uhr im \u00a0Naturfreundehaus Lemberg bei Schw\u00e4bisch Hall statt. Die VVN-BdA ist die\u00a0&#8222;Vereinigung der Verfolgten des Naziregimes, Bund der Antifaschistinnen und Antifaschisten&#8220;.\u00a0 Von\u00a0Richard Bayer, Siegfried Hubele, Conny Muletz, Heidi Scharf \u2013\u00a0&#8222;Vereinigung der Verfolgten des Naziregimes, Bund der Antifaschistinnen und Antifaschisten&#8220;, Kreisverband Schw\u00e4bisch Hall Unsere Arbeit [&hellip;]<\/p>\n","protected":false},"author":1,"featured_media":0,"comment_status":"open","ping_status":"open","sticky":false,"template":"","format":"standard","meta":[],"categories":[1,10,6,2,8,5,3,7],"tags":[],"_links":{"self":[{"href":"https:\/\/www.hohenlohe-ungefiltert.de\/index.php?rest_route=\/wp\/v2\/posts\/21692"}],"collection":[{"href":"https:\/\/www.hohenlohe-ungefiltert.de\/index.php?rest_route=\/wp\/v2\/posts"}],"about":[{"href":"https:\/\/www.hohenlohe-ungefiltert.de\/index.php?rest_route=\/wp\/v2\/types\/post"}],"author":[{"embeddable":true,"href":"https:\/\/www.hohenlohe-ungefiltert.de\/index.php?rest_route=\/wp\/v2\/users\/1"}],"replies":[{"embeddable":true,"href":"https:\/\/www.hohenlohe-ungefiltert.de\/index.php?rest_route=%2Fwp%2Fv2%2Fcomments&post=21692"}],"version-history":[{"count":5,"href":"https:\/\/www.hohenlohe-ungefiltert.de\/index.php?rest_route=\/wp\/v2\/posts\/21692\/revisions"}],"predecessor-version":[{"id":21703,"href":"https:\/\/www.hohenlohe-ungefiltert.de\/index.php?rest_route=\/wp\/v2\/posts\/21692\/revisions\/21703"}],"wp:attachment":[{"href":"https:\/\/www.hohenlohe-ungefiltert.de\/index.php?rest_route=%2Fwp%2Fv2%2Fmedia&parent=21692"}],"wp:term":[{"taxonomy":"category","embeddable":true,"href":"https:\/\/www.hohenlohe-ungefiltert.de\/index.php?rest_route=%2Fwp%2Fv2%2Fcategories&post=21692"},{"taxonomy":"post_tag","embeddable":true,"href":"https:\/\/www.hohenlohe-ungefiltert.de\/index.php?rest_route=%2Fwp%2Fv2%2Ftags&post=21692"}],"curies":[{"name":"wp","href":"https:\/\/api.w.org\/{rel}","templated":true}]}}