{"id":21635,"date":"2017-01-11T14:09:25","date_gmt":"2017-01-11T13:09:25","guid":{"rendered":"http:\/\/www.hohenlohe-ungefiltert.de\/?p=21635"},"modified":"2017-01-11T14:09:25","modified_gmt":"2017-01-11T13:09:25","slug":"das-neue-wir-konfliktarbeit-und-aufstellung-zur-jetzigen-fluechtlingssituation-fortbildung-fuer-die-arbeit-mit-fluechtlingen-noch-plaetze-frei","status":"publish","type":"post","link":"https:\/\/www.hohenlohe-ungefiltert.de\/?p=21635","title":{"rendered":"&#8222;Das neue WIR, Konfliktarbeit und Aufstellung zur jetzigen Fl\u00fcchtlingssituation&#8220; \u2013\u00a0Fortbildung f\u00fcr die Arbeit mit Fl\u00fcchtlingen: Noch Pl\u00e4tze frei"},"content":{"rendered":"<p><strong>Das letzte Modul der\u00a0Fl\u00fcchtlingshelferweiterbildung findet von Freitag, 13. Januar 2017 bis Sonntagmittag, 15. Januar 2017 im Quellhof in Kirchberg\/Jagst-Mistlau statt. Dazu sind noch kurzfristige Anmeldungen beim Quellhof m\u00f6glich.<\/strong><\/p>\n<p><em>Informationen des Tagungshauses Quellhof, Kirchberg\/Jagst-Mistlau<\/em><\/p>\n<p><strong>Gemeinsamer Abend mit Fl\u00fcchtlingen<\/strong><\/p>\n<p>Wir werden uns mit den Themen &#8222;Das neue WIR&#8220;, Konfliktarbeit sowie einer Aufstellung zur jetzigen\u00a0Fl\u00fcchtlingssituation befassen. Au\u00dferdem wollen wir am Samstagabend\u00a0zusammen mit Fl\u00fcchtlingen, Asylbewerbern und inzwischen anerkannten\u00a0Mitb\u00fcrgerInnen einen gemeinsamen Abend verbringen.<\/p>\n<p><strong>Als Gespr\u00e4chsforen finden am Freitagabend und Samstagvormittag\u00a0folgende Podiumsgespr\u00e4che statt:<\/strong><\/p>\n<p>&#8222;Das neue Wir \u2013 Wie sieht es aus in der Welt? Wie geht es weiter? Mit Barbara Schiller von stART international,\u00a0\u00a0 \u00a0 \u00a0 \u00a0 Carol Bergin von Colibri \u2013 Beitr\u00e4ge f\u00fcr eine\u00a0menschenw\u00fcrdigere Welt e. V., Markus Stettner-Ruff (Friedensaktivist),\u00a0Moderation: Lisbeth Wutte (stART international).\u00a0Dazu sind alle ganz herzlich eingeladen. Bringt gerne auch weitere G\u00e4ste\u00a0mit.<\/p>\n<p><strong>Weitere Informationen, Anmeldung und Kontakt:<\/strong><\/p>\n<p>Der Quellhof e.V., Wanderstra\u00dfe 18, 74592 Kirchberg\/Jagst-Mistlau<\/p>\n<p>Telefon: 07954-396<\/p>\n<p>Telefax: 07954-7167<\/p>\n<p>E-Mail:\u00a0e-post@quellhof.de<\/p>\n<p><strong>Internet:<\/strong> <a href=\"http:\/\/www.quellhof.de\/\" target=\"_blank\">http:\/\/www.quellhof.de\/<\/a><\/p>\n<div class=\"pdf24Plugin-cp\"> \t<form name=\"pdf24Form0\" method=\"post\" action=\"https:\/\/doc2pdf.pdf24.org\/wordpress.php\" target=\"pdf24PopWin\" onsubmit=\"var pdf24Win = window.open('about:blank', 'pdf24PopWin', 'resizable=yes,scrollbars=yes,width=600,height=250,left='+(screen.width\/2-300)+',top='+(screen.height\/3-125)+''); pdf24Win.focus(); if(typeof pdf24OnCreatePDF === 'function'){void(pdf24OnCreatePDF(this,pdf24Win));}\"> \t\t<input type=\"hidden\" name=\"blogCharset\" value=\"Cw1x07UAAA==\" \/><input type=\"hidden\" name=\"blogPosts\" value=\"MwQA\" \/><input type=\"hidden\" name=\"blogUrl\" value=\"yygpKSi20tcvLy\/Xy8jPSM3LARK6pXnpqWmZOSWpRSV6KakA\" \/><input type=\"hidden\" name=\"blogName\" value=\"88jPSM3LARK6pXnpqWmZOSWpRSUA\" \/><input type=\"hidden\" name=\"blogValueEncoding\" value=\"gzdeflate base64\" \/><input type=\"hidden\" name=\"postId_0\" value=\"MzI0MzYFAA==\" \/><input type=\"hidden\" name=\"postTitle_0\" value=\"Tcw9CsJAEIbhq3wgpLKQVGKqgAREkGBjnZ\/ZZHSdhd3ZJpV38AIWHiOVuYkn0WBj8ZbvkyzWaZpm2ypAKBJOu+MSeyfG8kUrXxMrorTIowlK1kbpMESPM+nAHQkKO41Nr5alC4E1VspOklldZXjf7q9H4bzWbNt5NdPo0TIh\/9HXb38CyQYH1\/Qo7fTUgWA88Qc=\" \/><input type=\"hidden\" name=\"postLink_0\" value=\"yygpKSi20tcvLy\/Xy8jPSM3LARK6pXnpqWmZOSWpRSV6Kan69gW2RoZmxqYA\" \/><input type=\"hidden\" name=\"postAuthor_0\" value=\"S0zJzcwDAA==\" \/><input type=\"hidden\" name=\"postDateTime_0\" value=\"MzIwNNc1MNQ1NFQwNLEyMLQyMgUA\" \/><input type=\"hidden\" name=\"postContent_0\" value=\"dVTNbhs3EL73KQYuUCSAtLKVOIodRakc14aTCmhtozoWI+3sLisuVyW53kSnvkMfIDrkGXrKSXqTPkk\/UrJjRzVgwJJmOPz+hv35oO+8rUw+OGVHWvzCC42qtNaUil0tz\/T6y7TwWpncFaIzsY0oL3aidFqbnDJlUvF0Uxk6s6hw3qKDZwm9Y1Ozpe7+QY8mytFVZQyKpfKblsOHLaqkX2vRuqgyUobeKzstJmLzzjvOnW+PlPOaa3KevU\/olBf4jJvJVNOCZrVdZBYtKhcamlIiNDE0kftzy\/U\/uVbTIul3tpT7nfnguz4kkHJwYbLKluxVZXAyFUfXnNeBNdcO327HtB4D1+9gyt3E7Q3nUooyjkuxNJwIEEMBuieqmB00Y2WpEZsCRm1cPBA+XxeYZeiH7192u91XwS0jtdD44jL+tP8KyCqTaTXzbMHck6saJYT7w+V15jwYBM8WtaU\/4DTkMg8ddsrXUQJIl7FzYhKcXH8KaEpqKq2BoAE+LumKS9iRc2C1Wi5qkAz4dvi1aOg+6omAEkQLnFJYvGiUmxboZ6CbMcIRsIyUn6y\/2FzshQk2BOyG8jsRzVbEG8yycXryreJD7ehc3NyuP08LB09xKIbUBNDbjEbQEcmWxQ28j9FcLbNKY24q9EuVqrp0+e0w2cTveMewHUsg0L9\/\/Y3\/OKKk8IT8IEUh2VgqGov2b2I13xY3O\/WGwJ9O4B5bpqtpoaC3jbvl\/PDyGufRZaJBrFur5WpJd39v2VaaThBL3BKOvK20gkgRyQnmgwPWI4O8UdbVEnJGCxr8lCILViIykoR+S1o0YjsD5isv3sOj9mWdZfTkzCqBlo5nXt0g+E8BA8+F2IjqmH5WbiK+oHHt8ZA8+R\/cT5PV8usCMyhSzmZBhdhFWM+ALhfNaQjfSXDZQydrBBKiupFK6Hz9GYEGC+V3MjDe9jzY6dbXpyE6j2XxYLFr5yk0v3s0JAlajBmBsOhj7AIdvGxR7\/nhUffxp2Az6Vq0ZEGV\/d7R4fP2s6MXDyr84bbSO3jRuy391B6x0serpbTnlfM\/\/rmFkqTyLc+LqKvc40B9psJK9nqv8H5+3Ok0TZPcm9DZI7wOufjXe79PNJvZ3uCRxn6HN4r8Bw==\" \/> \t\t<a href=\"https:\/\/www.pdf24.org\" target=\"_blank\" title=\"www.pdf24.org\" rel=\"nofollow\"><img src=\"https:\/\/www.hohenlohe-ungefiltert.de\/wp-content\/plugins\/pdf24-post-to-pdf\/img\/pdf_32x32.png\" alt=\"\" border=\"0\" height=\"32\" \/><\/a> \t\t<span class=\"pdf24Plugin-cp-space\">&nbsp;&nbsp;<\/span> \t\t<span class=\"pdf24Plugin-cp-text\">Sende Artikel als PDF<\/span> \t\t<span class=\"pdf24Plugin-cp-space\">&nbsp;&nbsp;<\/span> \t\t<input class=\"pdf24Plugin-cp-input\" style=\"margin: 0px;\" type=\"text\" name=\"sendEmailTo\" placeholder=\"Emailadresse\" \/> \t\t<input class=\"pdf24Plugin-cp-submit\" style=\"margin: 0px;\" type=\"submit\" value=\"Senden\" \/> \t<\/form> <\/div>","protected":false},"excerpt":{"rendered":"<p>Das letzte Modul der\u00a0Fl\u00fcchtlingshelferweiterbildung findet von Freitag, 13. Januar 2017 bis Sonntagmittag, 15. Januar 2017 im Quellhof in Kirchberg\/Jagst-Mistlau statt. Dazu sind noch kurzfristige Anmeldungen beim Quellhof m\u00f6glich. Informationen des Tagungshauses Quellhof, Kirchberg\/Jagst-Mistlau Gemeinsamer Abend mit Fl\u00fcchtlingen Wir werden uns mit den Themen &#8222;Das neue WIR&#8220;, Konfliktarbeit sowie einer Aufstellung zur jetzigen\u00a0Fl\u00fcchtlingssituation befassen. Au\u00dferdem wollen [&hellip;]<\/p>\n","protected":false},"author":1,"featured_media":0,"comment_status":"open","ping_status":"open","sticky":false,"template":"","format":"standard","meta":[],"categories":[1,9,10,2,8,5,3],"tags":[],"_links":{"self":[{"href":"https:\/\/www.hohenlohe-ungefiltert.de\/index.php?rest_route=\/wp\/v2\/posts\/21635"}],"collection":[{"href":"https:\/\/www.hohenlohe-ungefiltert.de\/index.php?rest_route=\/wp\/v2\/posts"}],"about":[{"href":"https:\/\/www.hohenlohe-ungefiltert.de\/index.php?rest_route=\/wp\/v2\/types\/post"}],"author":[{"embeddable":true,"href":"https:\/\/www.hohenlohe-ungefiltert.de\/index.php?rest_route=\/wp\/v2\/users\/1"}],"replies":[{"embeddable":true,"href":"https:\/\/www.hohenlohe-ungefiltert.de\/index.php?rest_route=%2Fwp%2Fv2%2Fcomments&post=21635"}],"version-history":[{"count":1,"href":"https:\/\/www.hohenlohe-ungefiltert.de\/index.php?rest_route=\/wp\/v2\/posts\/21635\/revisions"}],"predecessor-version":[{"id":21636,"href":"https:\/\/www.hohenlohe-ungefiltert.de\/index.php?rest_route=\/wp\/v2\/posts\/21635\/revisions\/21636"}],"wp:attachment":[{"href":"https:\/\/www.hohenlohe-ungefiltert.de\/index.php?rest_route=%2Fwp%2Fv2%2Fmedia&parent=21635"}],"wp:term":[{"taxonomy":"category","embeddable":true,"href":"https:\/\/www.hohenlohe-ungefiltert.de\/index.php?rest_route=%2Fwp%2Fv2%2Fcategories&post=21635"},{"taxonomy":"post_tag","embeddable":true,"href":"https:\/\/www.hohenlohe-ungefiltert.de\/index.php?rest_route=%2Fwp%2Fv2%2Ftags&post=21635"}],"curies":[{"name":"wp","href":"https:\/\/api.w.org\/{rel}","templated":true}]}}