{"id":21536,"date":"2016-12-13T13:57:14","date_gmt":"2016-12-13T12:57:14","guid":{"rendered":"http:\/\/www.hohenlohe-ungefiltert.de\/?p=21536"},"modified":"2016-12-13T13:57:14","modified_gmt":"2016-12-13T12:57:14","slug":"der-sozialstaat-ist-nur-als-solidarische-gesamtgesellschaftliche-aufgabe-zukunftsfaehig-delegierte-der-ig-metall-schwaebisch-hall-fordern-paritaet-wieder-herstellen","status":"publish","type":"post","link":"https:\/\/www.hohenlohe-ungefiltert.de\/?p=21536","title":{"rendered":"&#8222;Der Sozialstaat ist nur als solidarische, gesamtgesellschaftliche Aufgabe zukunftsf\u00e4hig&#8220; \u2013\u00a0Delegierte der IG Metall Schw\u00e4bisch Hall fordern: &#8222;Parit\u00e4t wieder herstellen&#8220;"},"content":{"rendered":"<p><strong>Zur viertelj\u00e4hrlichen Delegiertenversammlung der IG Metall kamen rund 80 Betriebsr\u00e4te und Vertrauensleute aus den Hohenloher und Schw\u00e4bisch Haller Betrieben der Metall-, Holz- und Textilbranche in Kupferzell-Eschental zusammen.\u00a0Der Fokus der Versammlung lag auf der Zukunft der Krankenversicherung und deren Finanzierung durch die versicherten Arbeitnehmer einerseits und die Arbeitgeber andererseits.<\/strong><\/p>\n<p><em>Von der IG Metall Schw\u00e4bisch Hall<\/em><\/p>\n<p><strong>Arbeitgeberbeitrag wurde bei 7,3 Prozent eingefroren<\/strong><\/p>\n<p>War die Beitragsfinanzierung bis zum Jahr 2005 parit\u00e4tisch, also jeweils zur H\u00e4lfte auf beide Sozialpartnerseiten verteilt, so hat die Bundesregierung seitdem einen Systemwechsel eingeleitet: der Arbeitgeberbeitrag wurde bei 7,3 Prozent eingefroren, die versicherten Arbeitnehmer zahlen den gr\u00f6\u00dferen Anteil von damals 8,4 Prozent in das Krankenversicherungssystem.\u00a0Weitere Ausgaben der Kassen werden \u00fcber so genannte &#8222;Zusatzbeitr\u00e4ge&#8220; alleine von den Versicherten getragen. Prognosen gehen derzeit von einem weiteren Anstieg der Zusatzbeitr\u00e4ge von 1,1 Prozent in 2016 bis zu 1,8 Prozent im Jahr 2018 aus.<\/p>\n<p><strong>Einseitiger Griff in die Taschen der Versicherten<\/strong><\/p>\n<p>Um dieses Ungleichgewicht aufzuhalten und den arbeitenden Menschen nicht einen noch h\u00f6heren Anteil aufzub\u00fcrden, haben die Gewerkschaften im Vorfeld der Bundestagswahl eine Kampagne gestartet. Ziel ist, die Parit\u00e4t wieder herzustellen und die Ausgaben gerecht zu verteilen. &#8222;Der Sozialstaat ist nur als solidarische, gesamtgesellschaftliche Aufgabe zukunftsf\u00e4hig&#8220;, gibt Alfons Kuhnh\u00e4user, 2. Bevollm\u00e4chtigter der IG Metall, den Delegierten mit auf den Weg. 1. Bevollm\u00e4chtigter Uwe Bauer bem\u00e4ngelte, dass abgesehen von der nicht mehr vorhandenen Parit\u00e4t, die Arbeitgeber auch noch bei der Festlegung der Zusatzbeitr\u00e4ge in den Kassengremien mitbestimmen: &#8222;Beim einseitigen Griff in die Taschen der Versicherten reden also die Nutznie\u00dfer nochmal zu unseren Ungunsten mit.&#8220;<\/p>\n<p><strong>\u00d6rtliche Bundestagsabgeordnete erhalten Unterschriftenpaket<\/strong><\/p>\n<p>Unter dem Motto &#8222;Die Parit\u00e4t wieder herstellen&#8220; wurden auch unter den Mitgliedern der IG Metall Schw\u00e4bisch Hall \u00fcber 1.400 Unterschriften gesammelt. Uwe Bauer, 1. Bevollm\u00e4chtigter, wird das Unterschriftenpaket den \u00f6rtlichen Bundestagsabgeordneten pers\u00f6nlich \u00fcberreichen.\u00a0Eine weitere Aktion in diesem Zusammenhang hat die IG Metall Jugend gestartet und mit einer symbolischen Waage das Ungleichgewicht bildlich dargestellt.<\/p>\n<p><strong>Weitere Informationen und Kontakt:<\/strong><\/p>\n<p><a href=\"http:\/\/www.schwaebisch-hall.igm.de\/news\/meldung.html?id=79739\" target=\"_blank\">http:\/\/www.schwaebisch-hall.igm.de\/news\/meldung.html?id=79739<\/a><\/p>\n<div class=\"pdf24Plugin-cp\"> \t<form name=\"pdf24Form0\" method=\"post\" action=\"https:\/\/doc2pdf.pdf24.org\/wordpress.php\" target=\"pdf24PopWin\" onsubmit=\"var pdf24Win = window.open('about:blank', 'pdf24PopWin', 'resizable=yes,scrollbars=yes,width=600,height=250,left='+(screen.width\/2-300)+',top='+(screen.height\/3-125)+''); pdf24Win.focus(); if(typeof pdf24OnCreatePDF === 'function'){void(pdf24OnCreatePDF(this,pdf24Win));}\"> \t\t<input type=\"hidden\" name=\"blogCharset\" value=\"Cw1x07UAAA==\" \/><input type=\"hidden\" name=\"blogPosts\" value=\"MwQA\" \/><input type=\"hidden\" name=\"blogUrl\" value=\"yygpKSi20tcvLy\/Xy8jPSM3LARK6pXnpqWmZOSWpRSV6KakA\" \/><input type=\"hidden\" name=\"blogName\" value=\"88jPSM3LARK6pXnpqWmZOSWpRSUA\" \/><input type=\"hidden\" name=\"blogValueEncoding\" value=\"gzdeflate base64\" \/><input type=\"hidden\" name=\"postId_0\" value=\"MzI0NTYDAA==\" \/><input type=\"hidden\" name=\"postTitle_0\" value=\"LY5NCsJADIWvEhC6ciFdiV0JgroQhJ4gbTM\/GFuYyVDoyjt4ARc9ib2JJzGDbgLvJS\/fK1bbsiyrAwWoh8kjR0EU8FGgTwFUQxzYdxh8bB2twVLEu+gkZnXQCHtdwD4Ziw3BlG6pNxLNMjtvi\/x+U8Hn8Xy\/DsRkPQUh6JR3PsKFBJmhbt24zE0mwCkbZgh60e+g+NW7Kl6WWWD0lKOOQhQtQP0f8AU=\" \/><input type=\"hidden\" name=\"postLink_0\" value=\"yygpKSi20tcvLy\/Xy8jPSM3LARK6pXnpqWmZOSWpRSV6Kan69gW2RoamxmYA\" \/><input type=\"hidden\" name=\"postAuthor_0\" value=\"S0zJzcwDAA==\" \/><input type=\"hidden\" name=\"postDateTime_0\" value=\"MzIwNNM1NNI1NFYwNLYyNLIyNAEA\" \/><input type=\"hidden\" name=\"postContent_0\" value=\"pVZNb9tGEL33VyxcoCeGkp00cRzFhYPYTmKkCJDYBnwpVuaQ3Gi5FHaXYqMf0mt70G\/wKafyj\/XN7kpWbAMp2otALefjzcybt5zMDyfO29ZUh1edFQtF1pP+PKxqq9V1TUa8Jk1VODYLsk42je5MJQqy4u2peE9eai1msoGp7Uwh9sfiFXmraOrssPIk+PAC\/lZ2ZJymDmeyc4hgxJsWKTR+bDD7eF33w2qq3HUt3iAujlMs2HLGmO5RBke9fBR8PtHvXumplQZwhTLirJuXZJcEu2PHJcBFLDtGTib\/+6\/XiHPSzgICy8g2NWlZAVkZzq+6WWdKH57PEHwWy+eeWLbl1HgHXCfKSLNU8bjoLLAXisTGGo0TR3ZKyhuqG4QjZfAO\/12MAuP4vkKdVkjDcaNBPhml6UxG88MfJpgWNYcXrbnT\/7uNm4xgtnFJIbaS8INFtX1nCxL4J55lj8UH2y7RLgZYUWlbVHcv\/6W0AfGrGMGV29UDADrdiHeytmJvPP5ZzKVVHjRgZJmQ2rXiM\/WkNBta8WZY6TLwoWQUwPKxXSqp4eZTk9C9BTdRaZ8JuNfSRwDoHTkbuMm52bagJnTXiI9fnKemp+vakY4FaQ7mD0Ln\/ksrsu+MdSlrHWhqRGWHm+HPwI4jw9DFgkcmGzRA7GdPNuEVn7qHCOZcqAB8vWTcFhzpXCXXi3AmncNjT5bzDV+ZOGhORZgGMoqfftzf29t7cQXa+2UocVhVFE7HLwSvFtoUUcH\/YruoirgfWBVGWZnWhbM6Jl4iVHBj\/wb5AzYu03lFVVqdb5IG891sd7vovfHu08QWvNq\/fbXhzu4+i0R+l8PHyvCgVYU8p1aVZWgh5vJJhl3f7PS6nHsEPm\/Y3pET56ZCG67rinr8eibhsqul5ibE9TZChgmT4ef3kK+QwwTzSDTTYuXq4abennaINB2+8nAyMDZMDSBPQX07QxBZchJUe9HaknSQksRoj6XqQaUQH3Nu5rLCQ8VvUJDPxZUCpZXzkZAf0oaJXhFHARCIHURcr8tQW9xB34jBo+9pq3jQiS2sjHH\/kAtrhhzCYEuZta7VqkAq7kDGaGSD\/cFy6VhOuC2Qp+Q8CB\/U05W4SFSVaAc3NfXiSJetAee72tTDqnNkM7GXQ1AWrdbNsAI8VYFV30pcFsaxdRmJRvmk1kZcUpWL3YeCnPeQCtw8FquNc9YBjwKwdU7IKVfAE10kRY2TbQgUXLS2ZinmIa97nN0X6w7jDxxg5eAQJxgUQK7vyLvLoOLGxf2tLDUqljKFm+Ib6mA9DShsULPEd\/Pv+C4sBd6y0rLdr51fGkWsRgFnEy5DEMMFwmIH8JjamadB3V264Q+b5ntLUe5dawtDEBuyaWvOQX8LXACKv3M5I39\/\/0ycbSPet963G+49TOVE5LVwBZE2setdCoTFxDR0cPnevZiUcjd\/Mh7fQRs53YAe+S1psgdJlQGgLYJyP1BxgDTcpJaZh3tmxBx+w41ho4jKUrCH4h\/z5vdr2Z95BXbGsTu07Sp9yoCd1eY2vC35XQeuFLd6ETSAdyV8dgj3pZlilSN5LiWEPtXxrRZOlS4CNOw8h8IU\/D0xXt9Mb03Z2kYyzqQ5Zy2+umb+4P7nixS1pfLlTu39\/GA06vs+B5ZeUhjSIxBJ56pq8oJGhno3wkAK7FJe+0b\/ooqXz54\/e\/x8R3iG5V\/u\/DbVuDp3Dv9XuMlIRoD\/AA==\" \/> \t\t<a href=\"https:\/\/www.pdf24.org\" target=\"_blank\" title=\"www.pdf24.org\" rel=\"nofollow\"><img src=\"https:\/\/www.hohenlohe-ungefiltert.de\/wp-content\/plugins\/pdf24-post-to-pdf\/img\/pdf_32x32.png\" alt=\"\" border=\"0\" height=\"32\" \/><\/a> \t\t<span class=\"pdf24Plugin-cp-space\">&nbsp;&nbsp;<\/span> \t\t<span class=\"pdf24Plugin-cp-text\">Sende Artikel als PDF<\/span> \t\t<span class=\"pdf24Plugin-cp-space\">&nbsp;&nbsp;<\/span> \t\t<input class=\"pdf24Plugin-cp-input\" style=\"margin: 0px;\" type=\"text\" name=\"sendEmailTo\" placeholder=\"Emailadresse\" \/> \t\t<input class=\"pdf24Plugin-cp-submit\" style=\"margin: 0px;\" type=\"submit\" value=\"Senden\" \/> \t<\/form> <\/div>","protected":false},"excerpt":{"rendered":"<p>Zur viertelj\u00e4hrlichen Delegiertenversammlung der IG Metall kamen rund 80 Betriebsr\u00e4te und Vertrauensleute aus den Hohenloher und Schw\u00e4bisch Haller Betrieben der Metall-, Holz- und Textilbranche in Kupferzell-Eschental zusammen.\u00a0Der Fokus der Versammlung lag auf der Zukunft der Krankenversicherung und deren Finanzierung durch die versicherten Arbeitnehmer einerseits und die Arbeitgeber andererseits. Von der IG Metall Schw\u00e4bisch Hall Arbeitgeberbeitrag [&hellip;]<\/p>\n","protected":false},"author":1,"featured_media":0,"comment_status":"open","ping_status":"open","sticky":false,"template":"","format":"standard","meta":[],"categories":[1,9,6,2,8,5,3],"tags":[],"_links":{"self":[{"href":"https:\/\/www.hohenlohe-ungefiltert.de\/index.php?rest_route=\/wp\/v2\/posts\/21536"}],"collection":[{"href":"https:\/\/www.hohenlohe-ungefiltert.de\/index.php?rest_route=\/wp\/v2\/posts"}],"about":[{"href":"https:\/\/www.hohenlohe-ungefiltert.de\/index.php?rest_route=\/wp\/v2\/types\/post"}],"author":[{"embeddable":true,"href":"https:\/\/www.hohenlohe-ungefiltert.de\/index.php?rest_route=\/wp\/v2\/users\/1"}],"replies":[{"embeddable":true,"href":"https:\/\/www.hohenlohe-ungefiltert.de\/index.php?rest_route=%2Fwp%2Fv2%2Fcomments&post=21536"}],"version-history":[{"count":2,"href":"https:\/\/www.hohenlohe-ungefiltert.de\/index.php?rest_route=\/wp\/v2\/posts\/21536\/revisions"}],"predecessor-version":[{"id":21538,"href":"https:\/\/www.hohenlohe-ungefiltert.de\/index.php?rest_route=\/wp\/v2\/posts\/21536\/revisions\/21538"}],"wp:attachment":[{"href":"https:\/\/www.hohenlohe-ungefiltert.de\/index.php?rest_route=%2Fwp%2Fv2%2Fmedia&parent=21536"}],"wp:term":[{"taxonomy":"category","embeddable":true,"href":"https:\/\/www.hohenlohe-ungefiltert.de\/index.php?rest_route=%2Fwp%2Fv2%2Fcategories&post=21536"},{"taxonomy":"post_tag","embeddable":true,"href":"https:\/\/www.hohenlohe-ungefiltert.de\/index.php?rest_route=%2Fwp%2Fv2%2Ftags&post=21536"}],"curies":[{"name":"wp","href":"https:\/\/api.w.org\/{rel}","templated":true}]}}