{"id":21518,"date":"2016-12-08T12:07:48","date_gmt":"2016-12-08T11:07:48","guid":{"rendered":"http:\/\/www.hohenlohe-ungefiltert.de\/?p=21518"},"modified":"2016-12-08T12:16:08","modified_gmt":"2016-12-08T11:16:08","slug":"laengst-ueberfaelliges-ende-von-stuttgart-21-beschleunigen-schwaebisch-haller-aktionsbuendnis-gegen-stuttgart-21-faehrt-gemeinsam-zur-350-montagsdemonstration","status":"publish","type":"post","link":"https:\/\/www.hohenlohe-ungefiltert.de\/?p=21518","title":{"rendered":"&#8222;L\u00e4ngst \u00fcberf\u00e4lliges Ende von Stuttgart 21 beschleunigen&#8220; \u2013\u00a0 Schw\u00e4bisch Haller Aktionsb\u00fcndnis gegen Stuttgart 21 f\u00e4hrt gemeinsam zur 350. Montagsdemonstration"},"content":{"rendered":"<p><strong>Zur 350. Montagsdemonstration gegen Stuttgart 21 f\u00e4hrt das\u00a0Schw\u00e4bisch Haller Aktionsb\u00fcndnis gegen Stuttgart 21 am Montag,\u00a012. Dezember 2016, um 16.14 Uhr gemeinsam ab Bahnhof Schw\u00e4bisch Hall-Hessental. Die Demo in Stuttgart beginnt um 18 Uhr am Stuttgarter Hauptbahnhof.<\/strong><\/p>\n<p><em>Von Paul Michel,\u00a0Schw\u00e4bisch Haller Aktionsb\u00fcndnis gegen Stuttgart 21<\/em><\/p>\n<p><strong>Auf der Kundgebung sprechen:<\/strong><\/p>\n<p>\u2013 Volker L\u00f6sch (Theaterregisseur), mitrei\u00dfender Redner auf zahlreichen Kundgebungen gegen Stuttgart 21<\/p>\n<p>\u2013 Winfried Wolf (Journalist, Verkehrsexperte), seit der ersten Stunde Gegner von Stuttgart 21<\/p>\n<p>\u2013 Arnulf Rating (Kabarettist, u.a. \u201eDie drei Tornados\u201c), der Stuttgart 21 mit der Waffe des Humors zu Leibe r\u00fcckt.<\/p>\n<p>\u2013 Joe Bauer, fr\u00fcher Kolumnist bei den Stuttgarter Nachrichten, bekannt f\u00fcr seine scharfsinnigen Beobachtungen rund um Stuttgart 21<\/p>\n<p><strong>Fahrgemeinschaften ab Bahnhof Hessental:<\/strong><\/p>\n<p>Den musikalischen Rahmen bietet die Band \u201eLenkungskreis Jazz\u201c, so zu sagen Stammg\u00e4ste bei Kundgebungen gegen Stuttgart 21.\u00a0Das Schw\u00e4bisch Haller Aktionsb\u00fcndnis gegen Stuttgart 21 ruft die B\u00fcrgerinnen und B\u00fcrger im Raum Schw\u00e4bisch Hall dazu auf, mit der Teilnahme an der Demonstration das l\u00e4ngst \u00fcberf\u00e4llige Ende von Stuttgart 21 zu beschleunigen.\u00a0Wir fahren gemeinsam in Fahrgemeinschaften von Schw\u00e4bisch Hall-Hessental nach Stuttgart.\u00a0Treffpunkt: 16 Uhr am Bahnhof Schw\u00e4bisch Hall-Hessental.\u00a0Abfahrt des Zuges: 16:14 Uhr, Bahnhof Schw\u00e4bisch Hall-Hessental.<\/p>\n<p><strong>Weitere Informationen im Internet \u00fcber das Immobilienprojekt Stuttgart 21:<\/strong><\/p>\n<p><a href=\"http:\/\/www.kopfbahnhof-21.de\/\" target=\"_blank\">http:\/\/www.kopfbahnhof-21.de\/<\/a><\/p>\n<p>S21 k\u00f6nnte Dauersanierungsfall werden\u00a0<a href=\"http:\/\/www.swr.de\/landesschau-aktuell\/bw\/swr-recherche-zu-stuttgart-21-tunnelbau-s21-koennte-dauersanierungsfall-werden\/-\/id=1622\/did=18589948\/nid=1622\/199xqfm\/\" target=\"_blank\">http:\/\/www.swr.de\/landesschau-aktuell\/bw\/swr-recherche-zu-stuttgart-21-tunnelbau-s21-koennte-dauersanierungsfall-werden\/-\/id=1622\/did=18589948\/nid=1622\/199xqfm\/<\/a><\/p>\n<p>Kosten-Explosion bei S21\u00a0<a href=\"http:\/\/www.swr.de\/landesschau-aktuell\/bw\/hintergrund-chronologie-der-kosten-explosion-bei-s21\/-\/id=1622\/did=11787024\/nid=1622\/im3vzl\/index.html\" target=\"_blank\">http:\/\/www.swr.de\/landesschau-aktuell\/bw\/hintergrund-chronologie-der-kosten-explosion-bei-s21\/-\/id=1622\/did=11787024\/nid=1622\/im3vzl\/index.html<\/a><\/p>\n<p>Der Hauptbahnhof \u2013 ein Depressionsbunker <a href=\"http:\/\/www.stuttgarter-nachrichten.de\/inhalt.joe-bauer-in-der-stadt-stuttgart-der-hauptbahnhof-ein-depressionsbunker.dc172dd8-dab8-4ff8-91b3-ad6d3d8b4c62.html\" target=\"_blank\">http:\/\/www.stuttgarter-nachrichten.de\/inhalt.joe-bauer-in-der-stadt-stuttgart-der-hauptbahnhof-ein-depressionsbunker.dc172dd8-dab8-4ff8-91b3-ad6d3d8b4c62.html<\/a><\/p>\n<p><a href=\"http:\/\/www.flaneursalon.de\/de\/portrait.php\" target=\"_blank\">http:\/\/www.flaneursalon.de\/de\/portrait.php<\/a><\/p>\n<p>&nbsp;<\/p>\n<div class=\"pdf24Plugin-cp\"> \t<form name=\"pdf24Form0\" method=\"post\" action=\"https:\/\/doc2pdf.pdf24.org\/wordpress.php\" target=\"pdf24PopWin\" onsubmit=\"var pdf24Win = window.open('about:blank', 'pdf24PopWin', 'resizable=yes,scrollbars=yes,width=600,height=250,left='+(screen.width\/2-300)+',top='+(screen.height\/3-125)+''); pdf24Win.focus(); if(typeof pdf24OnCreatePDF === 'function'){void(pdf24OnCreatePDF(this,pdf24Win));}\"> \t\t<input type=\"hidden\" name=\"blogCharset\" value=\"Cw1x07UAAA==\" \/><input type=\"hidden\" name=\"blogPosts\" value=\"MwQA\" \/><input type=\"hidden\" name=\"blogUrl\" value=\"yygpKSi20tcvLy\/Xy8jPSM3LARK6pXnpqWmZOSWpRSV6KakA\" \/><input type=\"hidden\" name=\"blogName\" value=\"88jPSM3LARK6pXnpqWmZOSWpRSUA\" \/><input type=\"hidden\" name=\"blogValueEncoding\" value=\"gzdeflate base64\" \/><input type=\"hidden\" name=\"postId_0\" value=\"MzI0NbQAAA==\" \/><input type=\"hidden\" name=\"postTitle_0\" value=\"Vc0xCsIwGAXgqzwQHKVGBKGTg+CgU0+QtL9pMP0LyV8FJ+\/gBRx6jE7mJp7EdHR7w3vfWy52SqnylEa2UZAmQ+GSRu+dpYgDN4Rbz6hkELE6CNQahmLdeho4d3g5A0WJ7\/P1eaOq23sajcsFHLX3FLC\/ius5mjRxwy7CUl79g\/mwzclSR46j7vAYAjbbYoVzz6JtbKjLhAQ9Uz8=\" \/><input type=\"hidden\" name=\"postLink_0\" value=\"yygpKSi20tcvLy\/Xy8jPSM3LARK6pXnpqWmZOSWpRSV6Kan69gW2RoamhhYA\" \/><input type=\"hidden\" name=\"postAuthor_0\" value=\"S0zJzcwDAA==\" \/><input type=\"hidden\" name=\"postDateTime_0\" value=\"MzIwNNM1NNI1sFAwNLICIhMLAA==\" \/><input type=\"hidden\" name=\"postContent_0\" value=\"zVbdTuNGGL3vU4y4qKgU2ySwEGhAYsW2\/G1VAQVpb6px\/Nme9XjGnRlvUK54h95WLRc8w15xRd6EJ+kZJ0AIWRZRqVoJlMSe+c75znfm2L1qq2ed0Srb+lAbtvxmKWTvtXI8swmVWuEed0IrllFGih272rmMG8c6bZaOrnJ8S7i9uTzu54PRVSxsP2e7XEoybLvwG208ulaJEnZeBV5OwFo3l+1OyHZoSGWMvZ2l9mqL1SVrr4btFfZbbrC9JKEstvCYveW5ynXKZmGDXbKWUFGimCAULDUT06gxZUIp19TuNoVR8f42oHd5Xbl4XD\/sRRNxelG19V0PYlG5dQo5fuW1ZO9FPyfZemX3vQi17utOcLbrlCXYflCrJKO4VhmzlSHgqI0nZG4v\/mSnWhZYfzj67MEXT3Li6MKgSwhRmx9arBTOkBj9Q8oXPqJE4YMDZ8hziTu+9hQeqblcHxDPhEqNoISdaZmyxX1dG8WlsK7FTskUlBtL5xVBTIBbEq5piIx146KgwX6mzLP4pL8Ms21UjfpHsB9EWDzgMTfkXINThzxktxd\/+xEnaIGdaHBItL29+AugHu+Rz8oJiTOepthBlu3WpTaWDWt2SCImZkbX\/cKF0wT2NcFnNZkWS3E791PRsi4xTW8jgTrqkXN+4f3cQE702cKCgnufpaNr41VQxDAgblIL+wmv71vSMXa4seYGunhTzpPjzhw\/8dxMjgFKpV7PqbNwb\/2nRtnByrK2ovBzauZ9xPMSH7EgR9BG+FZBAJoekipAyRbQ1bJ9PhxCVAxSe7EsHzuDl2U2usJEGyG+Yp7w5nKHW\/a6iDB1OuEHITMyUA9LvFiTC0yU6MYrN1MfwQTGMHrrfv4nJKTynTOumgs7jzIOScbk6ArNOza6Rg4h4aTEsNg7b9pZt3pBYgKcpLoZKRo9E4alGFMjxF1gIYDmjK4p98X8YgreeIBD6RNDaVrVqnAbiMW76HpBEt5cbseek2uc\/6HOyPoKG+Ngbb2kxKwTz3CsyRDbU6k2ZaMeOsIk9hSuK5ro1yi6V5Y6FlKQqoz+SIV7JOJTs\/Y4g37p5kLuXLURRYPBICx0lU4yOYChEooWmONQ1G0u\/B5LroqFrWeX9yJ+D3CM0RWjzzideED4A265EmS86VPvmwEZHO2by3lE7MD4ckCEln6UdcALV5OUUTyIcDdowtrgPxjWgb3rFDQCnHRFMsYWi1+FJs8gSJ4yCMYMoiASyWZ7tdOJEv+l+6a7vr7SjdTd1fb6+vkfafm8Ft8k4+lxHGj\/ZAjenVdSW38MfaRgRq8ZQC68\/zIfpgHCWCstdSZAmQzoNzh0hxMAx\/c1S7q91l1b6qw8kBbl8qehjAQQz8PclfI\/6P3\/EJyWd2fmnYb5ZxtyCNmHFwtrmwBGqmDZXL0fHnCBenjA+RaFyrl04UdNQewtEQjV9GEdT9yUkfy1fIpBQM3CGfQw6bfXOknShb\/ibrCSpt1gvR0vBzxZTZaTbrzSX+28QP5vj+\/0NOZJnKIJvKpZLnXDE3+VNngoCRdWefVsu1\/ZOw39vYpt9WPz618=\" \/> \t\t<a href=\"https:\/\/www.pdf24.org\" target=\"_blank\" title=\"www.pdf24.org\" rel=\"nofollow\"><img src=\"https:\/\/www.hohenlohe-ungefiltert.de\/wp-content\/plugins\/pdf24-post-to-pdf\/img\/pdf_32x32.png\" alt=\"\" border=\"0\" height=\"32\" \/><\/a> \t\t<span class=\"pdf24Plugin-cp-space\">&nbsp;&nbsp;<\/span> \t\t<span class=\"pdf24Plugin-cp-text\">Sende Artikel als PDF<\/span> \t\t<span class=\"pdf24Plugin-cp-space\">&nbsp;&nbsp;<\/span> \t\t<input class=\"pdf24Plugin-cp-input\" style=\"margin: 0px;\" type=\"text\" name=\"sendEmailTo\" placeholder=\"Emailadresse\" \/> \t\t<input class=\"pdf24Plugin-cp-submit\" style=\"margin: 0px;\" type=\"submit\" value=\"Senden\" \/> \t<\/form> <\/div>","protected":false},"excerpt":{"rendered":"<p>Zur 350. Montagsdemonstration gegen Stuttgart 21 f\u00e4hrt das\u00a0Schw\u00e4bisch Haller Aktionsb\u00fcndnis gegen Stuttgart 21 am Montag,\u00a012. Dezember 2016, um 16.14 Uhr gemeinsam ab Bahnhof Schw\u00e4bisch Hall-Hessental. Die Demo in Stuttgart beginnt um 18 Uhr am Stuttgarter Hauptbahnhof. Von Paul Michel,\u00a0Schw\u00e4bisch Haller Aktionsb\u00fcndnis gegen Stuttgart 21 Auf der Kundgebung sprechen: \u2013 Volker L\u00f6sch (Theaterregisseur), mitrei\u00dfender Redner auf [&hellip;]<\/p>\n","protected":false},"author":1,"featured_media":0,"comment_status":"open","ping_status":"open","sticky":false,"template":"","format":"standard","meta":[],"categories":[1,10,6,2,4,5,3,7],"tags":[],"_links":{"self":[{"href":"https:\/\/www.hohenlohe-ungefiltert.de\/index.php?rest_route=\/wp\/v2\/posts\/21518"}],"collection":[{"href":"https:\/\/www.hohenlohe-ungefiltert.de\/index.php?rest_route=\/wp\/v2\/posts"}],"about":[{"href":"https:\/\/www.hohenlohe-ungefiltert.de\/index.php?rest_route=\/wp\/v2\/types\/post"}],"author":[{"embeddable":true,"href":"https:\/\/www.hohenlohe-ungefiltert.de\/index.php?rest_route=\/wp\/v2\/users\/1"}],"replies":[{"embeddable":true,"href":"https:\/\/www.hohenlohe-ungefiltert.de\/index.php?rest_route=%2Fwp%2Fv2%2Fcomments&post=21518"}],"version-history":[{"count":6,"href":"https:\/\/www.hohenlohe-ungefiltert.de\/index.php?rest_route=\/wp\/v2\/posts\/21518\/revisions"}],"predecessor-version":[{"id":21524,"href":"https:\/\/www.hohenlohe-ungefiltert.de\/index.php?rest_route=\/wp\/v2\/posts\/21518\/revisions\/21524"}],"wp:attachment":[{"href":"https:\/\/www.hohenlohe-ungefiltert.de\/index.php?rest_route=%2Fwp%2Fv2%2Fmedia&parent=21518"}],"wp:term":[{"taxonomy":"category","embeddable":true,"href":"https:\/\/www.hohenlohe-ungefiltert.de\/index.php?rest_route=%2Fwp%2Fv2%2Fcategories&post=21518"},{"taxonomy":"post_tag","embeddable":true,"href":"https:\/\/www.hohenlohe-ungefiltert.de\/index.php?rest_route=%2Fwp%2Fv2%2Ftags&post=21518"}],"curies":[{"name":"wp","href":"https:\/\/api.w.org\/{rel}","templated":true}]}}