{"id":21427,"date":"2016-11-23T12:24:20","date_gmt":"2016-11-23T11:24:20","guid":{"rendered":"http:\/\/www.hohenlohe-ungefiltert.de\/?p=21427"},"modified":"2016-11-25T09:52:45","modified_gmt":"2016-11-25T08:52:45","slug":"sozialtherapeutische-gemeinschaften-weckelweiler-stecken-wirtschaftlich-in-einer-schweren-krise-kostspielige-anforderungen-der-heimaufsicht","status":"publish","type":"post","link":"https:\/\/www.hohenlohe-ungefiltert.de\/?p=21427","title":{"rendered":"&#8222;Sozialtherapeutische Gemeinschaften Weckelweiler stecken wirtschaftlich in einer schweren Krise&#8220; \u2013 Kostspielige Anforderungen der Heimaufsicht"},"content":{"rendered":"<p><strong>Schon lange pfeifen es die Spatzen von den D\u00e4chern. Die Sozialtherapeutischen Gemeinschaften Weckelweiler stecken wirtschaftlich in einer schweren Krise. Nach au\u00dfen wird nach wie vor der Eindruck vermittelt, dass alles gut l\u00e4uft. Vor kurzem erst wieder beim j\u00e4hrlichen Herbstbasar. Viele Mitarbeiterinnen und Mitarbeiter f\u00fcrchten aber um ihre Jobs. Die Sozialeinrichtung mit Standorten in den Gemeinden Kirchberg\/Jagst, Gerabronn und Rot am See k\u00e4mpft ums \u00dcberleben.<\/strong><\/p>\n<p><em>Kommentar von Ralf Garmatter, Hohenlohe-ungefiltert<\/em><\/p>\n<p><strong>Jahrelange Vers\u00e4umnisse<\/strong><\/p>\n<p>Die Sozialtherapeutischen Gemeinschaften Weckelweiler m\u00fcssen zahlreiche Anforderungen der Heimaufsicht erf\u00fcllen. Diese sind mitunter sehr kostspielig. Mitarbeiter m\u00fcssen Einschnitte bei der Entlohnung hinnehmen. Bewohnerinnen und Bewohner der Einrichtung f\u00fcr behinderte Menschen sind verunsichert. Ursache der schweren Krise beim gr\u00f6\u00dften Arbeitergeber im Stadtgebiet von Kirchberg\/Jagst sind jahrelange Vers\u00e4umnisse. Diese f\u00fchrten zu einem gro\u00dfen Investitionsstau. Diesen abzuarbeiten, stellt die Sozialeinrichtung vor immense Probleme. Da gibt es nichts sch\u00f6nzureden.<\/p>\n<p><strong>Selbstdarstellung der Sozialtherapeutischen Gemeinschaften Weckelweiler e.V. im Internet (Stand: 21. November 2016):<\/strong><\/p>\n<p><strong>Zur Geschichte der Weckelweiler Gemeinschaften<\/strong><br \/>\n1951<br \/>\nFritz Strempfer, der Bodenbereiter der heutigen Einrichtung holt die &#8222;Jugendhilfe Land\u201c nach Weckelweiler.<\/p>\n<p>1959<br \/>\nDr. Wolfgang Feuerstack und Marion Feuerstack beginnen ihre sozialtherapeutische Arbeit.<\/p>\n<p>1964<br \/>\nDas &#8222;Heilp\u00e4dagogische Jugendheim Weckelweiler e.V.\u201c l\u00f6st &#8222;Jugendhilfe Land e.V.\u201c ab. Es kommen erste weitere Wohnh\u00e4user, eine Handweberei und eine G\u00e4rtnerei dazu. (&#8230;)<\/p>\n<p><strong>\u00dcber uns<\/strong> (<a href=\"http:\/\/www.weckelweiler-gemeinschaften.de\/Ueber-uns\" target=\"_blank\">http:\/\/www.weckelweiler-gemeinschaften.de\/Ueber-uns<\/a>)<\/p>\n<p>Seit den ersten Anf\u00e4ngen 1959 ist immer wieder Anla\u00df, das Angebot unserer Einrichtung zu erweitern und differenzieren.<br \/>\nEinerseits zeigt sich neuer Bedarf f\u00fcr bestimmte Wohn-, Ausbildungs- oder Arbeitsformen, andererseits stellen sich Menschen ein, die mit eigenen Visionen bestimmte Anliegen gemeinsam bewegen und verwirklichen wollen.<\/p>\n<p>So lebt \u00fcber einen ganzen Landstrich hin unser vielseitiges, dezentrales Netzwerk von Einzelprojekten, die unter gemeinsamem Leitbild ein m\u00f6glichst passendes Hilfeangebot machen wollen und k\u00f6nnen.<\/p>\n<p>Die vielf\u00e4ltigen Einzelma\u00dfnahmen der \u00fcbergreifenden Fachbereiche werden je nach individueller F\u00f6rderplanung zusammengestellt.\u00a0F\u00fcr die Koordination mit allen Betroffenen ist der Sozialdienst zust\u00e4ndig.<\/p>\n<p><strong>Mitarbeiten<\/strong> (<a href=\"http:\/\/www.weckelweiler-gemeinschaften.de\/Mitarbeiten\" target=\"_blank\">http:\/\/www.weckelweiler-gemeinschaften.de\/Mitarbeiten<\/a>)<br \/>\nUnsere Gemeinschaften verdanken ihren Erfolg dem Einsatz vieler MitarbeiterInnen: haupt- oder nebenberuflich, ehrenamtlich, befristet, in Praktikum oder Ausbildung&#8230;.\u00a0Auch auf diesem Gebiet geh\u00f6rt Vielfalt zu unseren St\u00e4rken, weil wir den &#8222;Menschen im Mittelpunkt&#8220; ernst nehmen.<\/p>\n<p>Wollen Sie Ihre St\u00e4rken in unseren Gemeinschaften einsetzen, entdecken und entfalten?\u00a0Dann sprechen Sie mit uns \u2013\u00a0wom\u00f6glich wartet Ihr Mittelpunkt schon auf Sie.<\/p>\n<p>Wir freuen uns \u00fcber Ihr Engagement f\u00fcr die anthroposophische Sozialtherapie und bem\u00fchen uns bei Personalfragen in jedem Einzelfall um eine sachgerechte, allseits befriedigende pers\u00f6nliche \u00dcbereinkunft.<\/p>\n<p><strong>Termine und Veranstaltungen<\/strong> (<a href=\"http:\/\/www.weckelweiler-gemeinschaften.de\/Neuigkeiten\" target=\"_blank\">http:\/\/www.weckelweiler-gemeinschaften.de\/Neuigkeiten<\/a>)<\/p>\n<p>Oberuferer Paradeisspiel, 19.12.2016<\/p>\n<p>Oberuferer Christgeburt-Spiel, 20.12.2016<\/p>\n<p>Oberuferer Dreik\u00f6nigsspiel, 14.01.2017<\/p>\n<p><strong>Quelle f\u00fcr die Informationen unten:\u00a0Bundesverband anthroposophisches Sozialwesen e.V.<\/strong><\/p>\n<p><strong>Internet:<\/strong> <a href=\"http:\/\/www.verband-anthro.de\/index.php\/cat\/131\/einrichtungsdetails?einrichtung=137\" target=\"_blank\">http:\/\/www.verband-anthro.de\/index.php\/cat\/131\/einrichtungsdetails?einrichtung=137<\/a><\/p>\n<p><strong>Sozialtherapeutische Gemeinschaften Weckelweiler e.V.<\/strong><\/p>\n<p>Weckelweiler<\/p>\n<p>Heimstra\u00dfe 10<br \/>\n74592 Kirchberg-Jagst<\/p>\n<p>Telefon: 07954 &#8211; 97 00 und 97 01 76<br \/>\nTelefax: 07954 &#8211; 97 01 60<\/p>\n<p>E-Mail: sozialtherapie@weckelweiler-gemeinschaften.de<\/p>\n<p><strong>Internet:<\/strong> <a href=\"http:\/\/www.weckelweiler-gemeinschaften.de\" target=\"_blank\">http:\/\/www.weckelweiler-gemeinschaften.de<\/a><\/p>\n<p>keine Angaben \u00fcber Einrichtungspl\u00e4tze<\/p>\n<p>derzeit keine freien Pl\u00e4tze<br \/>\nLeben und Arbeiten mit seelenpflegebed\u00fcrftigen Jugendlichen und Erwachsenen<\/p>\n<p>Die Sozialtherapeutischen Gemeinschaften Weckelweiler sind der gemeinsame Tr\u00e4ger von verschiedenen sozialtherapeutischen Teileinrichtungen im n\u00e4heren Umkreis des Kern- und Ursprungsortes Weckelweiler.<br \/>\nDie Angebote umfassen:<\/p>\n<p>Wohnpl\u00e4tze in l\u00e4ndlichen und st\u00e4dtischen Wohngemeinschaften, ambulant betreuten Wohnformen, Au\u00dfenwohngruppen und Familienpflege,\u00a0Werkstattpl\u00e4tze in Handwerksbetrieben \u00e4hnlichen Werkst\u00e4tten f\u00fcr behinderte Menschen (anerkannte WfbM),\u00a0zahlreiche k\u00fcnstlerisch-therapeutische Angebote und ein vielf\u00e4ltiges Kulturprogramm<\/p>\n<p>Ein Netzwerk von \u00f6rtlich und fachlich zust\u00e4ndigen Gremien verbindet die Teileinrichtungen. Allen gemein ist das sozialtherapeutische Anliegen, den Bewohnern und Bewohnerinnen eigene ihnen angemessene Lebensr\u00e4ume und Arbeitspl\u00e4tze anzubieten sowie Teilhabe und Integration am \u00f6ffentlichen Leben zu erm\u00f6glichen.<\/p>\n<p><strong>Die Einrichtung im \u00dcberblick:<\/strong><\/p>\n<p>280 Wohnpl\u00e4tze in<br \/>\n&#8211; 30 Wohngemeinschaften,<br \/>\n&#8211; ambulant betreutem Wohnen,<br \/>\n&#8211; Au\u00dfenwohngruppen und Familienpflege<br \/>\n420 Arbeitspl\u00e4tze, davon 120 Tagespendler<br \/>\nin 30 Werkst\u00e4tten mit 20 verschiedenen Gewerken: Landwirtschaft, Gartenbau (Gem\u00fcse, Zierpflanzen, Garten- und Landschaftsbau), Schreinerei, Malerei, Zimmerei, Maurer, Metallbau, Leder-, Lampen-, Kerzen-, Kupfer- und Glockenwerkstatt, W\u00e4scherei, B\u00e4ckerei, K\u00fcche, Hauswirtschaft, Wollwerkstatt, N\u00e4herei, Weberei, Dienstleistungen, Vertrieb und Laden)<\/p>\n<p>Fachwerkerausbildung nach dem Arbeitsf\u00f6rderungsgesetz, SGB III\u00a0in den Berufen: Holz (Schreiner), Metall, Maler, Landwirtschaft, Gartenbau (Garten- und Landschaftsbau, Gem\u00fcse, Zierpflanzen), Hauswirtschaft, Beikoch und Verkaufshilfe<br \/>\n40 Stellen im Wohn- und Werkstattbereich (BFD, FSJ und F\u00d6J)<br \/>\nweitere Praktikumsstellen (VP, AP)<br \/>\nstaatlich anerkannte Fachschule f\u00fcr Heilerziehungspflege<br \/>\n3-j\u00e4hrige praxisintegrierte Ausbildung<br \/>\nWohnen vor Ort\u00a0mit Praktikantenverg\u00fctung<br \/>\nTelefon: 07954 &#8211; 97 01 36<br \/>\nTelefax: 07954 &#8211; 97 01 60<br \/>\nSonderberufsschule Gartenbau, Sonderberufsfachschule, Werkstufe Sonderschule G<\/p>\n<div class=\"pdf24Plugin-cp\"> \t<form name=\"pdf24Form0\" method=\"post\" action=\"https:\/\/doc2pdf.pdf24.org\/wordpress.php\" target=\"pdf24PopWin\" onsubmit=\"var pdf24Win = window.open('about:blank', 'pdf24PopWin', 'resizable=yes,scrollbars=yes,width=600,height=250,left='+(screen.width\/2-300)+',top='+(screen.height\/3-125)+''); pdf24Win.focus(); if(typeof pdf24OnCreatePDF === 'function'){void(pdf24OnCreatePDF(this,pdf24Win));}\"> \t\t<input type=\"hidden\" name=\"blogCharset\" value=\"Cw1x07UAAA==\" \/><input type=\"hidden\" name=\"blogPosts\" value=\"MwQA\" \/><input type=\"hidden\" name=\"blogUrl\" value=\"yygpKSi20tcvLy\/Xy8jPSM3LARK6pXnpqWmZOSWpRSV6KakA\" \/><input type=\"hidden\" name=\"blogName\" value=\"88jPSM3LARK6pXnpqWmZOSWpRSUA\" \/><input type=\"hidden\" name=\"blogValueEncoding\" value=\"gzdeflate base64\" \/><input type=\"hidden\" name=\"postId_0\" value=\"MzI0MTIHAA==\" \/><input type=\"hidden\" name=\"postTitle_0\" value=\"JY0xCgIxFESv8kHYWlIJW1kpbGlhHeJk8zGbLD8\/BKy8gzf0JCbYzTBvZqbDyRgz3\/KLbdQAsTuqcnEBdMEGTl1ar0h0h3siNnCEUNHhEjUW\/RORXSBO1Csjd6FBOrAIF0zj5TjT9\/2hJRctOyPyCjonn+UBqWntbBd0BW+2+tLX9Ac=\" \/><input type=\"hidden\" name=\"postLink_0\" value=\"yygpKSi20tcvLy\/Xy8jPSM3LARK6pXnpqWmZOSWpRSV6Kan69gW2RoYmRuYA\" \/><input type=\"hidden\" name=\"postAuthor_0\" value=\"S0zJzcwDAA==\" \/><input type=\"hidden\" name=\"postDateTime_0\" value=\"MzIwNNM1NNQ1MlYwNLIyNLQyMgAA\" \/><input type=\"hidden\" name=\"postContent_0\" value=\"rVnLbhtHFt3nKwoeYCADFEXKr1hWlJHGelmWo4n8ALIZFNXV3WV2VxNV1WLAVf5hgFkFiBb6Bq28Uv9JvmTOvVVNNkXZk4lnYze763Hr3nPPPbe0PdnZdt5WJts5v8grIwppMiUmqdKpMkI5kWglzifSz\/DzEgMS\/P+yub7IlTV98ZK+VjMtC48XcqJqrx2+GXGoSqUNnmXq8fODuhirYqp0oaxwnn4ZMdXWhxGFvsiFxoba0PeLfKosBpxY7VRfvJH4KuvmtzAnEYZeTLH3ZWVhkRX72iS2vhiLS2VL7b0qfE8k0jkhiwKnyGoviua6Tn1fvMeccW1nqhTKOk\/r0BIjpUvxsbnOLRmDnY6UHTk\/kk5aTNKqUOJUe2kx0CurjcGY2iTdlyJtPtmLnA4sR\/hZl0LnVolX1ch1nYVjWmzia5MJmCvOvTRJZWmeDi4O7qOnE40VsVi28UpmDsc6hKNHCFnY\/cfKC1mKc6XEuLkuJ6nHrk40v2JKoUbK9Lc3YoS3NyY732wj4qrcOanKUhkYzkH9URapOJS2lHCd7YmjCg4o8M86LFSpLvDWb29g3nyNuOYrifMF0LyHN+Hi0mjn1Mqmfw4pZfMJixkxk3lhFcVF7Jq0sggYWWY4+EeInKxTRx5FSBEDxDyA0ynh4EZycm0oQE7liH7lvJsgojrrL4Wv3W6f7TEEJMJFgJjx8IihkOUU\/LykPfbUFC+7cGjftLicB5qwgdVyCitCLU6VCQ5gCy\/pRHQEfOuLd9ZJOmyykg0Bp5ltbprfyF270fZMEeDwCVhKPH5p5Tm2d\/ATdvv4mbC1ToOtOcNxVnNO0o4V59+xuVTOa68r45yXdZxBgJ\/V0ZGmRyleFD6wxwrkKWs14Q87ndlqVAABWEeKTI88kY6hkY5O3tyYWW2RoITjZeidqwL5mUjLe9G65K3\/HWOq\/75PjjsmgBh4bY3TcUtsDkE91aUqybObg+HTh1uruRR\/\/1RbbIINyPIQt6VNlg1YLDOyYmPnm+HzJ8P4eGC1nyGIViGXKRdpqb0KDoAVAaX0JqezZQGqc7\/mVXT5X\/\/y7ebm5otXNUYkuS5SJV7jSL\/\/8mugzq5pc7\/CiOfRiJdgvA9VkWZAiDhQNfGkBLsy3UmL2HffjlQW4M9c5+4JQERpZ6unj9utpGvNRR4Xk+Y6kVmVhWnxAIT4lZDRYYrmBoj+zGnno+SoL\/Ydsp4gx5yvxJRdqXDK3OSAvyNXE9LFEaZOFTubz8svD5tr6w2\/S+QMoF+jTR8NXjy8CwQmXkx08xiLtW0p4Jn0uwe595OtjY3pdNqfds6zni2ho5+ojXdkAdjXPRCgp0z57x78c4SEHT\/Y+ROLbG\/Inbml5zg61xj2hCFCba6ZTAkBQsOjlJy2LYy7ppDNb1xO8QxmQcXBmnDGMr8RVdjg18CEiU5TIq6Zpn\/7MeD7VOIdhjkxUzojQgIiDcEJ3Il0TlumBM2UpQ8xWu+J3dqNdJFgK7cuKraMUeVQD0riHEnE2q7NpMDkitXnVAsH9ThDqOoqSiC8fK8dEI2HxZY4s1bkkuhUVNiRmvKbOpA1dMg4CoVpxfVm7t9KoPB60XwiJBB8sIw0JKAIlkAFmYQyELwoLlGIyGZY4yjdMdBbSarljfIzUP+YeRx+m6liYquPaswUS8cIRW1uJHj6NVYiN9HGqGc3GRmJkE4kVbYEqx5RhsgYyFJ2jsBnG4NyTec4VLjJRICkmFMOLCkBCiOpCjIh8Wkzy7qRwHUgueqEmo1D0LuPKtAPKpC+1ElNEbLioLmhej4BugOMcBCsCm9wDenfXh0QHui4JxVKvzaSqg+HULLZewqZBqwxBznfqQOYZPACa3pgPEG9v5uvi\/Jvvi5jOwt9Tc4u2UNZG7LmHSfc3ToGHCZYP1IvImPTqqA6WLKEgWrn0MEdHZVzTOHdErmsJz4mkiGhiGjVKaEFREirydKHXyOVQnl4Be0JTJ1ZOfZ6DGkbcnCelZEREa\/dmvV6SjFzsOUwqJFMoZxbz1o6RYkgxghEYlDwwLBjgjV5hlQ+U1Sk9nn+ohCcsryf1Gbs+evgBWiHghwlWRvgDwHS54DNMdWldgfRJt6qLKBnRZ0OPGB8EpoUrgHGk8HKfH979VJCebuJVWzQeeQSrCh+\/+Vft1fTqk06MZWQUJ527xpNqgboJfdg8sJcnDi1YEG2LpIHTd03mSSYGB94kfJAGp\/balK5apKHStmVPcwLCcIGOZvH9UjFnoEbKwOpb2UW\/PBRRajMOCIFNSxc70h9ZorO6FWPsiyQKiNBJcQCCbpEUo43hlkwNByYO65N6ley7C21ZSbYBcEpES9YyxL+67Lujap1Nv7qrOsss1Qrf+Ck4FJ3Jq1MFEQyNQ491Mr+cLNPqvCesX\/PKWHAsLX16+dhwubgCxNewnVEvDqbr\/+4PxjS8Gd3ffkP5s0FGI6pISqZEznYOMPW7dVeTWQPghiRFFoBjIuImbJ2J6X0WWnb6uKF+BX3BSputR62IqdSo\/Nzf5JPNi6k3xg+Gm50mgCXKC914b7vvPtu+OjZF6P4f9qDQrzSTdwnW\/9b27Dis+6I9h21pxiGcqnEcBD5\/NnjJ883F73ZOvdm7Yy3oOy0AkcPnj1\/8phJcDh8IZ4\/E4MBpxA9DcWzp3ExHi9\/vm\/8UDwdtMvur5\/CG1tLCl2rv305Nf4kGr686Fekajd2Y+YqaFKJ8hUps6NI3aRorkHn7XCUqxlp3zANZAtxIM7imODJ11QI2cWxrw4ywyl42EzSQlGbnSDz0iCFQs8RdSBN27dTUKcjKfJ1Nx\/cpidL4k68tc11psKVDVKBuk3qjEnl3rv+W1pq4Y9QP01znXPxe1eO4QInSBOeIKbrfIB3FrWNnEfXUe5OpxhbNq3aRgCMXqasLLcWdTc30fFUYgrSXR0HkRBLWgNp7HKEUWzKUQ1MeBQbNMG1j8Nakb\/L14B0xZLZejKJqx7IUkOxxxD1bq8+QDajxgBVC1NCZ4f3tLLmSMMXJhoXZmAw7fjZu5o1ie5lDAlAfUk6On2IvTqXU+PmE0obfEUHXL\/bBM99FtrKJVmNGNSoiBYCP7MQwPOkxbilPoAkFMsLWiUF2PjHQuESrqwqdZCHIzpBuBRYQUNf7LJEChEIyhk93v0NfGyIeizL2juu5RuvcAkQuioIUvohObyED\/Tk5HFn6a5JdVKszVKMndWkExnO02hwjtTmwcQ7cAwrf3RjzQ3pfR9jF9KWG9BWfd1zYUS47TasSAZWLSOMH69e7Wx+OxDLYI74b\/n10eA+AN8ZtALnkietDvwjwI5THm8O7jiPunMCxxBf3kLduQnREmpQmIDokrFdhBOtYfAyjRwqghl1B9SpLq7ne3Q5jFkjWYu1Q9KVDlv+hL4ednFr244IJMJ9Ls90mPKwJ84vcst3+0r3xCmaW374ie8Zwqva0g3MKQp2UWBODzFF6qHtfy1LHAYPJ0Tf\/FDTzVjY6bCoSKVP23TviQ\/NNSGWl91rrvGVH0+aT3jbAwnUrnswahM6s98EdsSED+EOqEf3m5zTyA9Omx4pWCaQeFb4bi4Yqe1lH1o5b4xC00tKu72wCB0vsSxCheSGgw73xPHx8e1VvP\/fY2mIQBxVxUyszf33sPVRdGPvi5H6bEjorwj3RPHhqn\/2IEyryDbvifrq1PEdW4vFATqrcNWiA7TDfnMCjpcAYm3v4GVPHJy\/Crhu\/v2q7W3bu7h5Z+nay5u192dg\/LN2INaTgfs6LEweh7F1K4mPuFbNtMpZAnTz5tE6\/31H01+4rPxZo8YSqWim+EUjG0eHNOXL6h+sv72ijIkmShLZSJ2s+eQXE74g24bi0R8Va2HUeUWVhxsEF083DyzQ0vmazs\/fi04HcOKIdiaj8z8=\" \/> \t\t<a href=\"https:\/\/www.pdf24.org\" target=\"_blank\" title=\"www.pdf24.org\" rel=\"nofollow\"><img src=\"https:\/\/www.hohenlohe-ungefiltert.de\/wp-content\/plugins\/pdf24-post-to-pdf\/img\/pdf_32x32.png\" alt=\"\" border=\"0\" height=\"32\" \/><\/a> \t\t<span class=\"pdf24Plugin-cp-space\">&nbsp;&nbsp;<\/span> \t\t<span class=\"pdf24Plugin-cp-text\">Sende Artikel als PDF<\/span> \t\t<span class=\"pdf24Plugin-cp-space\">&nbsp;&nbsp;<\/span> \t\t<input class=\"pdf24Plugin-cp-input\" style=\"margin: 0px;\" type=\"text\" name=\"sendEmailTo\" placeholder=\"Emailadresse\" \/> \t\t<input class=\"pdf24Plugin-cp-submit\" style=\"margin: 0px;\" type=\"submit\" value=\"Senden\" \/> \t<\/form> <\/div>","protected":false},"excerpt":{"rendered":"<p>Schon lange pfeifen es die Spatzen von den D\u00e4chern. Die Sozialtherapeutischen Gemeinschaften Weckelweiler stecken wirtschaftlich in einer schweren Krise. Nach au\u00dfen wird nach wie vor der Eindruck vermittelt, dass alles gut l\u00e4uft. Vor kurzem erst wieder beim j\u00e4hrlichen Herbstbasar. Viele Mitarbeiterinnen und Mitarbeiter f\u00fcrchten aber um ihre Jobs. Die Sozialeinrichtung mit Standorten in den Gemeinden [&hellip;]<\/p>\n","protected":false},"author":1,"featured_media":0,"comment_status":"open","ping_status":"open","sticky":false,"template":"","format":"standard","meta":[],"categories":[1,9,10,6,2,8,3,7],"tags":[],"_links":{"self":[{"href":"https:\/\/www.hohenlohe-ungefiltert.de\/index.php?rest_route=\/wp\/v2\/posts\/21427"}],"collection":[{"href":"https:\/\/www.hohenlohe-ungefiltert.de\/index.php?rest_route=\/wp\/v2\/posts"}],"about":[{"href":"https:\/\/www.hohenlohe-ungefiltert.de\/index.php?rest_route=\/wp\/v2\/types\/post"}],"author":[{"embeddable":true,"href":"https:\/\/www.hohenlohe-ungefiltert.de\/index.php?rest_route=\/wp\/v2\/users\/1"}],"replies":[{"embeddable":true,"href":"https:\/\/www.hohenlohe-ungefiltert.de\/index.php?rest_route=%2Fwp%2Fv2%2Fcomments&post=21427"}],"version-history":[{"count":11,"href":"https:\/\/www.hohenlohe-ungefiltert.de\/index.php?rest_route=\/wp\/v2\/posts\/21427\/revisions"}],"predecessor-version":[{"id":21468,"href":"https:\/\/www.hohenlohe-ungefiltert.de\/index.php?rest_route=\/wp\/v2\/posts\/21427\/revisions\/21468"}],"wp:attachment":[{"href":"https:\/\/www.hohenlohe-ungefiltert.de\/index.php?rest_route=%2Fwp%2Fv2%2Fmedia&parent=21427"}],"wp:term":[{"taxonomy":"category","embeddable":true,"href":"https:\/\/www.hohenlohe-ungefiltert.de\/index.php?rest_route=%2Fwp%2Fv2%2Fcategories&post=21427"},{"taxonomy":"post_tag","embeddable":true,"href":"https:\/\/www.hohenlohe-ungefiltert.de\/index.php?rest_route=%2Fwp%2Fv2%2Ftags&post=21427"}],"curies":[{"name":"wp","href":"https:\/\/api.w.org\/{rel}","templated":true}]}}