{"id":21424,"date":"2016-11-21T20:19:47","date_gmt":"2016-11-21T19:19:47","guid":{"rendered":"http:\/\/www.hohenlohe-ungefiltert.de\/?p=21424"},"modified":"2016-11-21T20:20:39","modified_gmt":"2016-11-21T19:20:39","slug":"bundestagswahl-2017-harald-ebner-startet-auf-platz-8-der-gruenen-landesliste-ergebnisse-der-landesdelegiertenkonferenz-in-baden-wuerttemberg","status":"publish","type":"post","link":"https:\/\/www.hohenlohe-ungefiltert.de\/?p=21424","title":{"rendered":"&#8222;Bundestagswahl 2017: Harald Ebner startet auf Platz 8 der Gr\u00fcnen-Landesliste&#8220; \u2013 Ergebnisse der Landesdelegiertenkonferenz in Baden-W\u00fcrttemberg"},"content":{"rendered":"<p><strong>Harald Ebner (Wahlkreis Schw\u00e4bisch Hall-Hohenlohe) wurde bei der Landesdelegiertenkonferenz der baden-w\u00fcrttembergischen Gr\u00fcnen auf Platz 8 der Landesliste f\u00fcr die Bundestagswahl 2017 gew\u00e4hlt. Mit 89,2 Prozent Zustimmung erzielte Ebner das beste Ergebnis unter den aussichtsreichen Listenpl\u00e4tzen. Die Chancen f\u00fcr seinen Wiedereinzug in den Bundestag stehen damit sehr gut.<\/strong><\/p>\n<p><em>Vom Bundestagsb\u00fcro des Gr\u00fcnen-Abgeordneten Harald\u00a0Ebner, Wahlkreis Schw\u00e4bisch Hall-Hohenlohe<\/em><\/p>\n<p>&#8222;<strong>Es ist Zeit f\u00fcr eine echte Agrarwende&#8220;<\/strong><\/p>\n<p>&#8222;Ich freue mich sehr \u00fcber das gro\u00dfe Vertrauen und die Unterst\u00fctzung, die mir die Delegierten mit diesem gro\u00dfartigen Ergebnis ausgesprochen haben. Das gibt mir Kraft f\u00fcr meine politische Arbeit und den bevorstehenden Wahlkampf. Wir Gr\u00fcne werden einen lebendigen Wahlkampf gestalten. Es ist Zeit f\u00fcr eine echte Agrarwende. Wir sorgen daf\u00fcr, dass es besser wird auf dem Land, wir machen&#8217;s gr\u00fcn\u201c, so Harald Ebner.<\/p>\n<p><strong>Nur \u00f6kologisch intakte Welt kann eine sozial gerechte und friedliche Welt sein<\/strong><\/p>\n<p>In seiner Rede auf dem Parteitag warf Ebner der \u201eGreenwashing-Koalition\u201c einen \u201eBankrott\u201c im Umwelt- und Klimaschutz vor. Zugleich betonte er die besondere Bedeutung dieser Themen gerade in der heutigen Welt: &#8222;Umweltpolitik ist keine Nebensache, sondern zentrale L\u00f6sung der dr\u00e4ngendsten Probleme der Welt. Kriege, Hunger und Flucht werden auch durch Umweltkrisen und Klimawandel ausgel\u00f6st. Nur eine \u00f6kologisch intakte Welt kann auch eine sozial gerechte und friedliche Welt sein.&#8220;<\/p>\n<p><strong>Weitere Informationen und Kontakt:<\/strong><\/p>\n<p>Harald Ebners Rede auf dem Parteitag:\u00a0<a href=\"https:\/\/www.youtube.com\/watch?v=xGekTn2HQzA\" target=\"_blank\">https:\/\/www.youtube.com\/watch?v=xGekTn2HQzA<\/a><\/p>\n<p>Die komplette frisch gew\u00e4hlte Gr\u00fcnen-Landesliste zur Bundestagswahl 2017:\u00a0<a href=\"https:\/\/www.gruene-bw.de\/wahlen\/bundestagswahl\/landesliste-fuer-den-bundestag\/\" target=\"_blank\">https:\/\/www.gruene-bw.de\/wahlen\/bundestagswahl\/landesliste-fuer-den-bundestag\/<\/a><\/p>\n<p><strong>E-Mail-Adresse von Harald Ebner:<\/strong>\u00a0harald.ebner.ma11@bundestag.de<\/p>\n<p><strong>Ergebnisse von Platz 1 bis 16:<\/strong><\/p>\n<p>1. Kerstin Adreae (Freiburg): 85,2 Prozent<br \/>\n2. Cem \u00d6zdemir (Stuttgart I): 87,3 Prozent<br \/>\n3. Sylvia Kotting-Uhl (Karlsruhe): 78,7 Prozent<br \/>\n4. Gerhard Schick (Mannheim): 89,1 Prozent<br \/>\n5. Agnieszka Brugger (Ravensburg): 73,7 Prozent<br \/>\n6. Christian K\u00fchn (T\u00fcbingen): 86,8 Prozent<br \/>\n7. Beate M\u00fcller-Gemmeke (Reutlingen): 53,9 Prozent<br \/>\n<strong>8. Harald Ebner (Schw\u00e4bisch Hall-Hohenlohe): 89,2 Prozent<\/strong><br \/>\n9. Franziska Brantner (Heidelberg): 82,6 Prozent<br \/>\n10. Matthias Gastel (N\u00fcrtingen): 85,6 Prozent<br \/>\n11. Anna Christmann (Stuttgart II): 51,7 Prozent<br \/>\n12. Danyal Bayaz (Bruchsal-Schwetzingen): 63,5 Prozent<br \/>\n13. Margit Stumpp (Aalen-Heidenheim): 54,5 Prozent<br \/>\n14. Gerhard Zickenheiner (L\u00f6rrach): 52,8 Prozent<br \/>\n15. Charlotte Schneidwind-Hartnagel (Odenwald-Tauber): 44,4 Prozent<br \/>\n16. Marcel Emmerich (Ulm): 50,5 Prozent<\/p>\n<div class=\"pdf24Plugin-cp\"> \t<form name=\"pdf24Form0\" method=\"post\" action=\"https:\/\/doc2pdf.pdf24.org\/wordpress.php\" target=\"pdf24PopWin\" onsubmit=\"var pdf24Win = window.open('about:blank', 'pdf24PopWin', 'resizable=yes,scrollbars=yes,width=600,height=250,left='+(screen.width\/2-300)+',top='+(screen.height\/3-125)+''); pdf24Win.focus(); if(typeof pdf24OnCreatePDF === 'function'){void(pdf24OnCreatePDF(this,pdf24Win));}\"> \t\t<input type=\"hidden\" name=\"blogCharset\" value=\"Cw1x07UAAA==\" \/><input type=\"hidden\" name=\"blogPosts\" value=\"MwQA\" \/><input type=\"hidden\" name=\"blogUrl\" value=\"yygpKSi20tcvLy\/Xy8jPSM3LARK6pXnpqWmZOSWpRSV6KakA\" \/><input type=\"hidden\" name=\"blogName\" value=\"88jPSM3LARK6pXnpqWmZOSWpRSUA\" \/><input type=\"hidden\" name=\"blogValueEncoding\" value=\"gzdeflate base64\" \/><input type=\"hidden\" name=\"postId_0\" value=\"MzI0MTIBAA==\" \/><input type=\"hidden\" name=\"postTitle_0\" value=\"JcwxCsJAEIXhqwwI6YS4jcF0gaBFCjvrCfuyLq4jzG4QUnkHr5MuN\/EkbrR97+crNpUxpm5GsYiJXXzyNZApd\/sDnVg5WGp7gVI+NSERjwOdA6eJKrJ5P+oyC2Tb8SoEHxOK1Sxr+rze1KpDLz5G\/Op\/ZRHgPLInt4cMUMhEXqhhm6XLMmtKuPdQ9wU=\" \/><input type=\"hidden\" name=\"postLink_0\" value=\"yygpKSi20tcvLy\/Xy8jPSM3LARK6pXnpqWmZOSWpRSV6Kan69gW2RoYmRiYA\" \/><input type=\"hidden\" name=\"postAuthor_0\" value=\"S0zJzcwDAA==\" \/><input type=\"hidden\" name=\"postDateTime_0\" value=\"MzIwNNM1NNQ1MlQwMrAyNLQyMQcA\" \/><input type=\"hidden\" name=\"postContent_0\" value=\"pVbNchNHEL7zFF2kKiWqpJUl\/2KEEzsYmzIQAgaquKRmta3dKc3OqmZnvUEnniKnVMKBZ+DkE3oTniRfz0qybAUKKgeMPTvd\/XV\/X3fPYHIwKL0rbHpwqpwyCR3Hlh21XqvMjB3rkl4Ms3r2IdblMKNTZUzntMjYGvy4Q3XlEqaYNSUweqxswmXChlPNzrMdF3bEju00fI5VwrZTzy6d95zH7FLxyZZO3OzS4n9VjeiZUX5Keyv+jC490whmlGimo0oOvUrLGhCpv9HbpZSBMDM+oifa097ddp+euWLK1tObqvQ6zyubErupZgNfTYqJKoFcfB+7lGOLVCvr5UOAUpZ6mPkSJQgYHwsKOzGzDx5+I3oAKL9kyg7xLWArWUsOrzUDOn6fVilpG5wtIRN8iLNE5cBZcuYorXw06M4pGHQnB7cGoITzg1dFvpJrjBAFnJWLYnUO45QLl1gGLGq4+\/Q+ZNambyFv0EWQRcAff9jr9\/v3FlI4Lgnp0hsGypCc5EaMejAdpk65mgEsGG3cW0M\/d\/YIIUeOK6YcJWyynV3G88qnrpj9w\/QKOnGqQgpINfD7Ujgo\/ezST0FaO5zluuH+wZW0SCqIs5LzxpdyXqc4X5IJClMuJ64I\/GUqDrRJaB374PLMqdE8wTxkOCmM9kGUdOhiyT6ggnnMF4Vr2JM\/Q4FVPhlFINzNOaGanXxshGAYAZMAaXkbQgWbkCCQfFuNG\/9l4dIgG7nYlvqVxEG9JcpZa5eE3klQC+mZthxRriRxIaO3e08KDoyf3\/3Vhjda7fVoqbo5j08rEPVxXJgiNChU7NUYqF6jeWisbJMh3Ey1MkjJNaClVCMH+RvpmOa2NMWaPh7ZplkcPUevLJE\/A4MoBrqkVm60aFL8+\/zu7xPHbGtVZtqmnbNCCU2FZDMvNq4cKTt2hfdyqHN6mdcA0AmozozOFTKpMFlAY4ShkBrpa1TQF9AbcaMvFLSw0r50BGSVl6kRNOboPOMcgZAtpljT2I4y3GkYRqx9mgu\/Cd1oaRxIHoeCPRVFlMKKcCBxLMmMAhVMj2cfyxBOoLjZBwu3iYwcmWSxQfDwSQJFEK7mFF5OYYFDyfGhqcDCQoIKf1BSOfxs0IydLudNFqpRy2g1TY8YhIZToT3g\/Dr3wfV3CSBaDorrOnsNtqXWj+yocLkSRhcQixB2f006q7otvyCf\/U\/vB4oyx6P7tzPvJ+V+t1vXdfS2AKExR8Mi79bKD7OfLu7\/ccLjc9s\/\/W16eJu8Qpf5+7d\/jw20dPvgO4wHXbXEKJthXOQTw172lgt1XGwoXs7v1eU2Ren\/Y699KZPUYWByJ66jhLtym203vmbeNVfeO6OKXUdW7\/JO9+vJ\/n\/\/q\/VYLpXOE6VN5zBxMrbQiPbaGLoi+9P7LJxHHMZTrnq9n5euAWnN8Xziz502L4geYelRb2ddQz30j2wY9LBgUUyth9iVceXSO\/u0t331eBjEjroHt\/oR\/QKBzf6cQmcYrK0XvvI+hd7okVjstjdvWGxG9OKtudAKSvZeZtZLUNo6U86UrsLDaZ9299q7N6y2Ijphh9wTWdt6OKbWE3RcxjqXMHfbvRsG2xE2hcV8mo4VHbkqlWHQeq4uMGbm6exuroXZQToZVOm1snQ2u8wstc6xmLWMHAm00967YbIbYSAqCPXJ7NIYsH3Cec5jVO45JqBZWG5vtu\/esFxwtBfR9fflV16V+9decFf8NR7vRvTQKTvVZUhaWR\/8nbLGQJNHpdj32zs3gPQ28DhU3mcaL4ATBd2CkKfyFl3mvb1uBK0cWqvmBctl\/q2yL\/Rv99Yq3OvLQ8O+xXA8Um\/VlFogZ5iVynQkbfbTRcydzfb2TeNNAYq3sSdEyicTah1iQdhOyHChhu2tdcMV\/byBesLdUBvsFuewd8Suv0Zub1sEAWkWMq8A0CJQrW3SAWPeqlQq9Wsi+9cknXOFMejgaWurvXXT006APoTBMfThZMO2XpqAd2MFrzTivw==\" \/> \t\t<a href=\"https:\/\/www.pdf24.org\" target=\"_blank\" title=\"www.pdf24.org\" rel=\"nofollow\"><img src=\"https:\/\/www.hohenlohe-ungefiltert.de\/wp-content\/plugins\/pdf24-post-to-pdf\/img\/pdf_32x32.png\" alt=\"\" border=\"0\" height=\"32\" \/><\/a> \t\t<span class=\"pdf24Plugin-cp-space\">&nbsp;&nbsp;<\/span> \t\t<span class=\"pdf24Plugin-cp-text\">Sende Artikel als PDF<\/span> \t\t<span class=\"pdf24Plugin-cp-space\">&nbsp;&nbsp;<\/span> \t\t<input class=\"pdf24Plugin-cp-input\" style=\"margin: 0px;\" type=\"text\" name=\"sendEmailTo\" placeholder=\"Emailadresse\" \/> \t\t<input class=\"pdf24Plugin-cp-submit\" style=\"margin: 0px;\" type=\"submit\" value=\"Senden\" \/> \t<\/form> <\/div>","protected":false},"excerpt":{"rendered":"<p>Harald Ebner (Wahlkreis Schw\u00e4bisch Hall-Hohenlohe) wurde bei der Landesdelegiertenkonferenz der baden-w\u00fcrttembergischen Gr\u00fcnen auf Platz 8 der Landesliste f\u00fcr die Bundestagswahl 2017 gew\u00e4hlt. Mit 89,2 Prozent Zustimmung erzielte Ebner das beste Ergebnis unter den aussichtsreichen Listenpl\u00e4tzen. Die Chancen f\u00fcr seinen Wiedereinzug in den Bundestag stehen damit sehr gut. Vom Bundestagsb\u00fcro des Gr\u00fcnen-Abgeordneten Harald\u00a0Ebner, Wahlkreis Schw\u00e4bisch Hall-Hohenlohe [&hellip;]<\/p>\n","protected":false},"author":1,"featured_media":0,"comment_status":"open","ping_status":"open","sticky":false,"template":"","format":"standard","meta":[],"categories":[1,6,2,8,3,7],"tags":[],"_links":{"self":[{"href":"https:\/\/www.hohenlohe-ungefiltert.de\/index.php?rest_route=\/wp\/v2\/posts\/21424"}],"collection":[{"href":"https:\/\/www.hohenlohe-ungefiltert.de\/index.php?rest_route=\/wp\/v2\/posts"}],"about":[{"href":"https:\/\/www.hohenlohe-ungefiltert.de\/index.php?rest_route=\/wp\/v2\/types\/post"}],"author":[{"embeddable":true,"href":"https:\/\/www.hohenlohe-ungefiltert.de\/index.php?rest_route=\/wp\/v2\/users\/1"}],"replies":[{"embeddable":true,"href":"https:\/\/www.hohenlohe-ungefiltert.de\/index.php?rest_route=%2Fwp%2Fv2%2Fcomments&post=21424"}],"version-history":[{"count":2,"href":"https:\/\/www.hohenlohe-ungefiltert.de\/index.php?rest_route=\/wp\/v2\/posts\/21424\/revisions"}],"predecessor-version":[{"id":21426,"href":"https:\/\/www.hohenlohe-ungefiltert.de\/index.php?rest_route=\/wp\/v2\/posts\/21424\/revisions\/21426"}],"wp:attachment":[{"href":"https:\/\/www.hohenlohe-ungefiltert.de\/index.php?rest_route=%2Fwp%2Fv2%2Fmedia&parent=21424"}],"wp:term":[{"taxonomy":"category","embeddable":true,"href":"https:\/\/www.hohenlohe-ungefiltert.de\/index.php?rest_route=%2Fwp%2Fv2%2Fcategories&post=21424"},{"taxonomy":"post_tag","embeddable":true,"href":"https:\/\/www.hohenlohe-ungefiltert.de\/index.php?rest_route=%2Fwp%2Fv2%2Ftags&post=21424"}],"curies":[{"name":"wp","href":"https:\/\/api.w.org\/{rel}","templated":true}]}}