{"id":21365,"date":"2016-11-06T21:30:10","date_gmt":"2016-11-06T20:30:10","guid":{"rendered":"http:\/\/www.hohenlohe-ungefiltert.de\/?p=21365"},"modified":"2016-11-06T21:33:14","modified_gmt":"2016-11-06T20:33:14","slug":"nationalsozialistische-schlaegertrupps-verwuesteten-den-juedischen-betsaal-in-der-oberen-herrngasse-gedenken-an-die-reichspogromnacht-in-schwaebisch-hall","status":"publish","type":"post","link":"https:\/\/www.hohenlohe-ungefiltert.de\/?p=21365","title":{"rendered":"&#8222;Nationalsozialistische Schl\u00e4gertrupps verw\u00fcsteten den j\u00fcdischen Betsaal in der Oberen Herrngasse&#8220; \u2013 Vier Gedenkveranstaltungen erinnern an die Reichspogromnacht in Schw\u00e4bisch Hall"},"content":{"rendered":"<p><strong>Ein gemeinsames\u00a0Gedenken an die Reichspogromnacht 1938 gibt es am Mittwoch, 9. November 2016, um 18 Uhr auf dem Marktplatz in Schw\u00e4bisch Hall. Drei weitere Veranstaltungen erinnern im November 2016 an das schreckliche Geschehen in Schw\u00e4bisch Hall vor 78 Jahren.<\/strong><\/p>\n<p><em>Von der Stadtverwaltung Schw\u00e4bisch Hall<\/em><\/p>\n<p><strong>J\u00fcdische Bewohner misshandelt<\/strong><\/p>\n<p>Der Gedenkstern auf dem Haller Marktplatz h\u00e4lt die mahnende Erinnerung wach: Im Zuge\u00a0der Reichspogromnacht vom 9. auf den 10. November 1938 verw\u00fcsteten\u00a0nationalsozialistische Schl\u00e4gertrupps den j\u00fcdischen Betsaal in der Oberen Herrngasse 8,\u00a0demolierten j\u00fcdische Privatwohnungen und Gesch\u00e4fte, misshandelten teilweise deren\u00a0Bewohnerinnen und Bewohner und steckten die Synagoge in Steinbach in Brand. Inventar aus\u00a0dem Betsaal sowie aus Privatwohnungen \u2013\u00a0darunter unter anderem die Bibliothek des Haller Rabbiners\u00a0Dr. Jakob Berlinger \u2013\u00a0wurde in einem Feuer auf dem Marktplatz verbrannt.<\/p>\n<p><strong>Sch\u00fcler lesen eigene Texte<\/strong><\/p>\n<p>Am Mittwoch, 9. November 2016, um 18 Uhr gestalten am \u201eStern\u201c auf dem Marktplatz die\u00a0Evangelische und Katholische Gesamtkirchengemeinde Schw\u00e4bisch Hall eine Gedenkveranstaltung mit einem\u00a0Gru\u00dfwort der Ersten B\u00fcrgermeisterin Bettina Wilhelm und musikalischer Umrahmung von\u00a0Hans Kumpf. Sch\u00fclerinnen und Sch\u00fcler des Erasmus-Widmann Gymnasiums pr\u00e4sentieren\u00a0selbstverfasste Texte, die zum Zweck der antirassistischen Arbeit der Schule entstanden sind.<\/p>\n<p><strong>Drei weitere Veranstaltungen finden in Schw\u00e4bisch Hall statt:<\/strong><\/p>\n<p><strong>Kritische Edition von Hitlers &#8222;Mein Kampf&#8220;<\/strong><\/p>\n<p><strong>Am Montag, 14. November 2016, um 19.30 Uhr<\/strong> stellt Dr.\u00a0 Thomas\u00a0Vordemayer die kritische Edition von Hitlers\u00a0Propagandaschrift \u201eMein Kampf\u201c im\u00a0H\u00e4llisch-Fr\u00e4nkischen Museum\u00a0vor. Die vom M\u00fcnchner Institut f\u00fcr\u00a0Zeitgeschichte\u00a0 herausgegebene\u00a0 und\u00a0wissenschaftlich kommentierte Ausgabe\u00a0setzt bewusst auf historisch-politische\u00a0Aufkl\u00e4rung.<\/p>\n<p><strong>Ort der Veranstaltung:<\/strong> H\u00e4llisch-Fr\u00e4nkisches Museum<br \/>\nVeranstalter: VHS, Historischer Verein f\u00fcr W\u00fcrttembergisch-Franken,\u00a0H\u00e4llisch-Fr\u00e4nkisches-Museum, Stadtarchiv, Stadtbibliothek.<br \/>\nEintritt: 5 Euro (Abendkasse)<\/p>\n<p>Mehr als zw\u00f6lf Millionen Mal wurde Adolf Hitlers Propagandaschrift \u201eMein Kampf\u201c bis 1945 gedruckt und unters Volk gebracht. Seither war jegliche Neuauflage untersagt. Erstmals,\u00a070 Jahre nach dem Tod Hitlers, ver\u00f6ffentlichte das Institut f\u00fcr\u00a0Zeitgeschichte eine wissenschaftlich kommentierte Gesamtausgabe dieses ber\u00fcchtigten Buches.\u00a0\u201eMein Kampf\u201c ist Hitlers wichtigste politische Schrift. Nirgendwo sonst hat Hitler das, was er glaubte und wollte, so\u00a0offen und detailliert erl\u00e4utert wie hier. \u201eMein Kampf\u201c ist\u00a0damit eine der zentralen Quellen des Nationalsozialismus.\u00a0Die kritische Edition des Instituts f\u00fcr Zeitgeschichte bereitet\u00a0diese Quelle umfassend auf. Nicht zuletzt zeigt die Edition\u00a0auf, wie Hitlers Ideologie nach 1933 die verbrecherische Politik\u00a0des NS-Regimes pr\u00e4gte. \u201eHitler, Mein Kampf. Eine kritische<br \/>\nEdition\u201c setzt auf historisch-politische Aufkl\u00e4rung und wendet sich bewusst an einen breiten Leserkreis.<\/p>\n<p><strong>&#8222;Kirche und Nationalsozialismus in Schw\u00e4bisch Hall&#8220;<\/strong><\/p>\n<p><strong>Am Dienstag, 29. November 2016, um 20\u00a0Uhr<\/strong> besch\u00e4ftigt sich Daniel Stihler vom\u00a0Stadtarchiv Schw\u00e4bisch Hall mit dem Thema \u201eKirche und Nationalsozialismus in Schw\u00e4bisch Hall\u201c. Der Vortrag\u00a0im Haus der Bildung zeichnet die Auseinandersetzung des \u201eKirchenkampfs\u201c nach, geht auf\u00a0Schwerpunkte wie den Religionsunterricht ein und greift auch die Frage nach der kirchlichen\u00a0Haltung zur Judenverfolgung auf.<\/p>\n<p><strong>&#8222;Die Evangelische Kirche in Schw\u00e4bisch Hall 1933\u20131945&#8220;<\/strong><br \/>\nOrt: Haus der Bildung<br \/>\nVeranstalter: VHS, Stadtarchiv, Geschichtswerkstatt<\/p>\n<p>Mit der nationalsozialistischen Machtergreifung begann 1933\u00a0f\u00fcr die evangelischen Pfarrer und Kirchengemeinden in\u00a0Schw\u00e4bisch Hall und seiner Region eine Zeit voller Konflikte.\u00a0Der \u201eKirchenkampf\u201c zwischen den dem Nationalsozialismus\u00a0nahestehenden &#8222;Deutschen Christen&#8220; und der zur \u201eBekennenden Kirche\u201c neigenden\u00a0Mehrheit wurde hier mit\u00a0besonderer Sch\u00e4rfe ausgetragen. Daneben sah man sich trotz zahlreicher Bekundungen der Treue zum \u201eF\u00fchrer\u201c einem zunehmenden\u00a0Druck des NS-Staats und der\u00a0Partei ausgesetzt, der darauf zielte, die Kirchen und ihre Botschaften zu marginalisieren und zur\u00fcckzudr\u00e4ngen. Der Vortrag zeichnet den Verlauf der Auseinandersetzungen nach,\u00a0geht auf Schwerpunkte wie den Religionsunterricht ein und\u00a0greift auch die Frage nach der kirchlichen Haltung zur\u00a0Judenverfolgung auf.<\/p>\n<p><strong>Samstag, 12. November 2016, 20 Uhr:\u00a0Blueskonzert mit Richard Smerin zum 9. November 1938<\/strong><\/p>\n<p>Der englische Blues-Gitarrist und Komponist Richard Smerin\u00a0gibt ein Konzert unter dem Motto \u201eIkh vel nisht fargesn \u2013\u00a0Ich will nicht vergessen\u201c. Der geb\u00fcrtige Londoner mit\u00a0j\u00fcdischen Wurzeln lebt seit 1996 in F\u00fcrth, wo er eine ber\u00fchrende monumentale Bluesballade zur dortigen Reichspogromnacht verfasste. Smerin erz\u00e4hlt in Englisch und Jiddisch die\u00a0Geschichte der j\u00fcdischen Bev\u00f6lkerung F\u00fcrths vom 9. November 1938 bis zu den Deportationen 1942. Smerin spielte mit\u00a0Bluesstars wie John Le Hooker oder B.B.King und ist bekannt\u00a0f\u00fcr sein Fingerpicking und seine originale Bluesstimme.<\/p>\n<p><strong>Veranstaltungort:<\/strong> Theaterkeller<br \/>\nVeranstalter: Radio StH\u00f6rfunk, Hans A. Graef, Die Achtlosen<\/p>\n<p><strong>Weitere Informationen im Internet:<\/strong><\/p>\n<p>Auf der Seite <a href=\"http:\/\/www.schwaebischhall.de\" target=\"_blank\">www.schwaebischhall.de<\/a> und bei den beteiligten Einrichtungen.<\/p>\n<p><strong>Veranstalter:<\/strong> Volkshochschule, H\u00e4llisch-Fr\u00e4nkisches Museum, Stadtbibliothek, Geschichtswerkstatt, Evangelische<br \/>\nund Katholische Gesamtkirchengemeinden, Stadtarchiv, Historischer Verein f\u00fcr W\u00fcrttembergischen-Franken,<br \/>\nKulturb\u00fcro, Stadt Schw\u00e4bisch Hall.<\/p>\n<p><strong>Stolpern mit Kopf und Herz \u2013\u00a0<\/strong>Veranstaltungen zum Gedenken\u00a0an die Reichspogromnacht 1938<\/p>\n<p><strong>Informationen zu Gedenkst\u00e4tten in Schw\u00e4bisch Hall:<\/strong><\/p>\n<p><a href=\"http:\/\/www.schwaebischhall.de\/buergerstadt\/geschichte\/gedenkorte-fuer-ns-opfer.html\" target=\"_blank\">www.schwaebischhall.de\/buergerstadt\/geschichte\/gedenkorte-fuer-ns-opfer.html<\/a><\/p>\n<p><a href=\"http:\/\/www.kz-hessental.de\" target=\"_blank\">www.kz-hessental.de<\/a><\/p>\n<p>Umfangreiche Literatur ist im Stadtarchiv Schw\u00e4bisch Hall erh\u00e4ltlich.<\/p>\n<div class=\"pdf24Plugin-cp\"> \t<form name=\"pdf24Form0\" method=\"post\" action=\"https:\/\/doc2pdf.pdf24.org\/wordpress.php\" target=\"pdf24PopWin\" onsubmit=\"var pdf24Win = window.open('about:blank', 'pdf24PopWin', 'resizable=yes,scrollbars=yes,width=600,height=250,left='+(screen.width\/2-300)+',top='+(screen.height\/3-125)+''); pdf24Win.focus(); if(typeof pdf24OnCreatePDF === 'function'){void(pdf24OnCreatePDF(this,pdf24Win));}\"> \t\t<input type=\"hidden\" name=\"blogCharset\" value=\"Cw1x07UAAA==\" \/><input type=\"hidden\" name=\"blogPosts\" value=\"MwQA\" \/><input type=\"hidden\" name=\"blogUrl\" value=\"yygpKSi20tcvLy\/Xy8jPSM3LARK6pXnpqWmZOSWpRSV6KakA\" \/><input type=\"hidden\" name=\"blogName\" value=\"88jPSM3LARK6pXnpqWmZOSWpRSUA\" \/><input type=\"hidden\" name=\"blogValueEncoding\" value=\"gzdeflate base64\" \/><input type=\"hidden\" name=\"postId_0\" value=\"MzI0NjMFAA==\" \/><input type=\"hidden\" name=\"postTitle_0\" value=\"HY4xDoJQDIav0sSE2TCZsLnIpIkm7gUaqD77SFskcfIOXoFjsHETT+LDoUv79\/v+bLPL87w4onMUDBZfjIHN2eqO4FJ3YZlaUteh7w2epOMym5OTQJPmtszNPyqwJzfEALxeFE4VadqWpCotmlG2mrYFfN8fuHJKHCgR7gmJYo7BB2nTAymLkApg4jDBmbjurI+txodg3fkqSL3GZapWM5QYwg8=\" \/><input type=\"hidden\" name=\"postLink_0\" value=\"yygpKSi20tcvLy\/Xy8jPSM3LARK6pXnpqWmZOSWpRSV6Kan69gW2RobGZqYA\" \/><input type=\"hidden\" name=\"postAuthor_0\" value=\"S0zJzcwDAA==\" \/><input type=\"hidden\" name=\"postDateTime_0\" value=\"MzIwNNM1NNQ1MFMwMrQyBCIDAA==\" \/><input type=\"hidden\" name=\"postContent_0\" value=\"nVnNbiO5Eb7vUxATIEgAWf6Z2d2x12vAjn\/H49mJPT\/AXAK2m+rmdjcpkGx3Rqd9h1yDRAc\/w5x8kt5knyRfFbtlyZINbw42LHWzWPzqq6+q6N3h3q4Pzpps70gbkalKaeNlpfxkfKJSZQplhDQi1UpcKn2d+6HNnK2MvM6D2Nx++VpkOglCeSErcaFDaOx13hPbffHO3qgqUU5sbWz+0BN1JTZfi4+5E7IeiFThbemKMCxlGAlsfXWdN9PbRPvrXJzKsuyLQ6e0aJQOyinxSTlpfJBlqE0Gn5TTxihnhK4Wd2JvpRew49R1UcJnJU4UPqoc61bsJG6sEz++Fm8kVpj+7noLyO76cO+7XQCkqr1PFlaxw1WQabhRromOLNnaXcfLs4WtoTfTu5TeUOJANTaH26LS3ufSpKoMS\/sd4nnE3gc6YYcX2cejOdjy6W0ZODaVhFmYE0cRF\/KtQYx2xFklvtSZmozJ\/eUQ3tiKghX3MGJzYy5wHF467PQOngRlJmMjg7ZGlt6OtCy1D\/FcgKGc3mbKBVcPh55N\/dqd2uDYwUtZEvjkxS8wjm9PlXMmk94r8bpH\/lW21DAxv1a8d\/pGBkItxr02aYzm9HYQVG8eSDwNSpdgDCymtMVk3AFOoMTFsxDQBxzruqCFhOHVVyMzmynmCCyZBAjRhwNQL+2LM3OjTJBEYM\/uzs7lbYP1+HrJ3d9\/+xdelYhH4C3pN3nrsJr2PNBJqW3IVQGPfRfiS5kkGj5im0PXBzELm2AzV2oYddFoU7uUXYWjMHasarUytRC\/BP6b0H9ISwRtekfblcpTRmk4rMQH9c+glji5\/9zkzhQnKalGBUf\/c0UU\/v23f69yDQBMxkc3EocqY7QpJucy5Lb9jEjLKhTaEY2iOKVqOYEJgjZlbuZ1AuwIER+omaun\/22sC0zBI+fJx4PpnQOisEupppmpQRspPusyV2XFDlW114WMHjnxsXIyr8j4jQXBTrGbOK+r4aAvOkDvyTaDmIJ75KSHrbXPOq0QEHHyFTnodV15MXTTW8Qg6Mhar8rEk8wMkB2hjUmPCTMC1F8asJaPIbEEVn2XiEbsuwSKGbXqOq9LJWAWeBhKSQ\/4lmjwpMwONC9cpZp4K4SdZbVsP5873YrDUapJNAgvcaoD4PDiz396vbW19dMFgoOAAz3+YuOnR80RAS2yL+uJzVcr+bfdf7lBFJyZoOwuoY9IoclYfMhtJZFQnyzyppJfKSjAs3jKzcn4vbNDmQE9SfVEDwJx+t5rIrYGuU4hxEyQtWNE0hRtMC5qr2o8RoFBOcNupLYX0ztzzQp0BqR1qIMYgIaT8RfEICNpg0YHZIYA3aApmcpUgszEF6AUEh+Kpwxek4NA1U0Utqoid0CVfSyQiSIOhVEQiWpqUIizLwdLrGMvh0iweOzJeL8eFBBvKhlL3PilTZcFWtzHXKw8t2\/PvZs4sb733f1a5XbEp9OrHuDtPIm2CU\/CQHzGrxA4sllrVlIL0nsEYr8Wt+rFwiyhE\/qm\/ZDMpLXfeoIOJyDcYUd8L45qZ8Vf9gFsWlAJ+mt39AtFLUrpxaiZfisHkD1saymhL6D0UXX3U4snHZefwRGkDQj66nvIY+pqlBxWBy4HXnyyZYEHUGnEHSoCGhAuDSrNryqLDcw7VSOEpcxUu0pmeJVUrIKvgOfHjdi\/CCrrLLQfbNq52KMqMP02GIAmJbOLW6Qn+RdF9WmyRXmWkXKUTh7BR+ymd7CgM1bYmsKEBFzOG9Cyg7DRvIC07p6aJDkEJ7JdQ6VN2lhUWvgsctktpXP0AJVHQyiyUtZJiFWksUh9aKa3k7Glg\/O3qQqS4gnvsQCsrwP9SdU7x5d9scpLKuBdIeFsGAEAJ0vY\/HsNhaH2Aed+96A1gtTj2IcrNYbe79D3kfoP0KcWCZJMmxOs7U4QOioJwIIymoChHm4EmadkH6GEx3aw3Wcyxls9Pl6H9FmqbGkz3RIFLd5LXsFtgqKEbPsuDkNBfQ6OdrV2qTKNqYArFQLLSEWbPXGPGChJIM0O3CVedIfwjLL0qByJOTWKcaSuNqBywdmZmMWmx4iEMTLiLRByBT74JQVrC805txBscUWcVtW3ZxQkxJaEDSVpa2VLtLUxGS8UpKRrXClOfKRDabQqIVg6JzajPkzGc1K2XHUrLu7I7hxFjILwx0+GMKAakfKiG3Iym4w1DRe1Z3If6DIl8Ec0KhgV+YSqAsS5caUA0nPixWx7U1D0PQWYaNWDnOUcZZwGuys3rA36bGYi9ROXaPgy+OpZzByzmEhEp8gQxwEtJh3D+ygB2UzWnOBmkEWRu6\/Y541qJ97UsEw9ky0z+o4S5BE2UFIu9J0tiKvaHMoQNNyk3kuUiOxGkdxZwu\/x4rdQqU66jPcAqeCWalaI2jZu9chF5YiEwjFcdN5EZdRVkr+TMUsKoafmjmnE+4F0rp19zhe7amryYrQWjs9TEmUbDY8UsiiDpFZgK08r59YMSo3wktzxeLLACiLFqGkdSPmnWkVVGi5RKgKN6fRaFysFieS1f0M1oK69DUMr6I6Djz0PFBoFE9fG\/ZmOPNakRBaq7Dn5HYs4CT6l02SMtLQ8k3HPDPEZ8DCXKcoOZfqUpdSCCS9zTNompi44gBlmJPPSUapQ6FUBn2LjTI59cBjKuGOHe8fTO5RnRz7FiQ1ZpPKq9e2QugLRai0YIlEW2vOhCZUotjq6xPrZY\/MYK0lHR1qV3XTQ4s5LNXUDBzbE4o0vRzWcR19lCHCeNPg9wId6XYzqlPqqeN57cZjTAbwPOpdxkHMrNAEvcPZPxl36iz+a\/Vj67PQXc9k\/GT8n\/a9kFfV6c2tJr7d4eNiZjA\/KWvnCmhF1BiS3l9hNOgxzFY+IFM\/tB7ckK+9wkFutvLDJtRONtCcKx\/Sz1dAa+rRoHwjwhRqV1NaJeG3Aw7MNwRKbzoocJbsUMADwkNVgRnvbcAakGjQ5eMYXPIqeoWWYyT5aTWqzkRfiLXhvTZcHczc2n2s3UqURpYIvnpJmc3v7BxLIY1oLhUczRmckMeCOj+7OkFWVNTU1iGiP4rETqIhMFWdpanlbs+oeqht2+x3Oyo2mtznmN\/x91ELJyL3RKbsZ7w9O7nsm4sfCrdMNOvgiXoZFt31337V4x0XtObKDuHmohnCS1Ymuw7Zfbc0c8kPOtIgVnw1k4uZViTc2pzZEnFqLDYXlStA\/6J\/rto+hQCeqoIuYVp0pe8Qx3+gM9XXRvchiK9AYcaK2IEL00XYv8XlhLIPbc5MZ+gMJ1hTUNbqVxehSptqiGp1OvzkUkAJjGd1l7PfFiZMKbSNVyX0AW1qw5+HWn9sLgzMzsK7q8EIjcUZkhV4s3wzst8JBA44Su1KAMoOfX+QhDHfW15um6SNujVRcfXK6Ak7VCxGI2+HnF\/9ISoyCL\/ZWv7e7LvcYvgRCSXFMFN0FxhkEPSmLDEvUEyAClXsAaSrzuQVN+Rql9\/SsuzRzriztvYWuo43Ks+68zIO+4dkTtDKzGbrd77wGXRxJgG2NLt+9LwlnsOWQ7qJJD8\/tcMBYnyJFo+bMYHt4f0Ri2f0fAdPIU\/9IeLjnIrOQnt2d+PQ2hNV3Uituo57FsvWkJpXENA001u+nMPxJWyKz1NoAr6wZv4bDY1DMQ1U+l5v\/n3Vi9FOnKEZrOes6wH40UR68NG\/zIyZJk8XWRbylZJagBesUsvjJGUQ5\/scDVeHIlP8B\" \/> \t\t<a href=\"https:\/\/www.pdf24.org\" target=\"_blank\" title=\"www.pdf24.org\" rel=\"nofollow\"><img src=\"https:\/\/www.hohenlohe-ungefiltert.de\/wp-content\/plugins\/pdf24-post-to-pdf\/img\/pdf_32x32.png\" alt=\"\" border=\"0\" height=\"32\" \/><\/a> \t\t<span class=\"pdf24Plugin-cp-space\">&nbsp;&nbsp;<\/span> \t\t<span class=\"pdf24Plugin-cp-text\">Sende Artikel als PDF<\/span> \t\t<span class=\"pdf24Plugin-cp-space\">&nbsp;&nbsp;<\/span> \t\t<input class=\"pdf24Plugin-cp-input\" style=\"margin: 0px;\" type=\"text\" name=\"sendEmailTo\" placeholder=\"Emailadresse\" \/> \t\t<input class=\"pdf24Plugin-cp-submit\" style=\"margin: 0px;\" type=\"submit\" value=\"Senden\" \/> \t<\/form> <\/div>","protected":false},"excerpt":{"rendered":"<p>Ein gemeinsames\u00a0Gedenken an die Reichspogromnacht 1938 gibt es am Mittwoch, 9. November 2016, um 18 Uhr auf dem Marktplatz in Schw\u00e4bisch Hall. Drei weitere Veranstaltungen erinnern im November 2016 an das schreckliche Geschehen in Schw\u00e4bisch Hall vor 78 Jahren. Von der Stadtverwaltung Schw\u00e4bisch Hall J\u00fcdische Bewohner misshandelt Der Gedenkstern auf dem Haller Marktplatz h\u00e4lt die [&hellip;]<\/p>\n","protected":false},"author":1,"featured_media":0,"comment_status":"open","ping_status":"open","sticky":false,"template":"","format":"standard","meta":[],"categories":[1,10,2,8,5,3,7],"tags":[],"_links":{"self":[{"href":"https:\/\/www.hohenlohe-ungefiltert.de\/index.php?rest_route=\/wp\/v2\/posts\/21365"}],"collection":[{"href":"https:\/\/www.hohenlohe-ungefiltert.de\/index.php?rest_route=\/wp\/v2\/posts"}],"about":[{"href":"https:\/\/www.hohenlohe-ungefiltert.de\/index.php?rest_route=\/wp\/v2\/types\/post"}],"author":[{"embeddable":true,"href":"https:\/\/www.hohenlohe-ungefiltert.de\/index.php?rest_route=\/wp\/v2\/users\/1"}],"replies":[{"embeddable":true,"href":"https:\/\/www.hohenlohe-ungefiltert.de\/index.php?rest_route=%2Fwp%2Fv2%2Fcomments&post=21365"}],"version-history":[{"count":5,"href":"https:\/\/www.hohenlohe-ungefiltert.de\/index.php?rest_route=\/wp\/v2\/posts\/21365\/revisions"}],"predecessor-version":[{"id":21374,"href":"https:\/\/www.hohenlohe-ungefiltert.de\/index.php?rest_route=\/wp\/v2\/posts\/21365\/revisions\/21374"}],"wp:attachment":[{"href":"https:\/\/www.hohenlohe-ungefiltert.de\/index.php?rest_route=%2Fwp%2Fv2%2Fmedia&parent=21365"}],"wp:term":[{"taxonomy":"category","embeddable":true,"href":"https:\/\/www.hohenlohe-ungefiltert.de\/index.php?rest_route=%2Fwp%2Fv2%2Fcategories&post=21365"},{"taxonomy":"post_tag","embeddable":true,"href":"https:\/\/www.hohenlohe-ungefiltert.de\/index.php?rest_route=%2Fwp%2Fv2%2Ftags&post=21365"}],"curies":[{"name":"wp","href":"https:\/\/api.w.org\/{rel}","templated":true}]}}