{"id":21352,"date":"2016-11-02T08:30:53","date_gmt":"2016-11-02T07:30:53","guid":{"rendered":"http:\/\/www.hohenlohe-ungefiltert.de\/?p=21352"},"modified":"2016-11-02T14:40:17","modified_gmt":"2016-11-02T13:40:17","slug":"misshandelt-in-die-emigration-gezwungen-inhaftiert-oder-ermordet-erinnerung-an-die-reichspogromnacht-1938-in-crailsheim","status":"publish","type":"post","link":"https:\/\/www.hohenlohe-ungefiltert.de\/?p=21352","title":{"rendered":"&#8222;Misshandelt, in die Emigration gezwungen, inhaftiert oder ermordet&#8220; \u2013 Erinnerung an die Reichspogromnacht 1938 in Crailsheim"},"content":{"rendered":"<p><strong>Zum Gedenken an dieses Ereignis und die vom NS-Terror betroffenen\u00a0Menschen veranstaltet die Initiative Erinnerung und Verantwortung am Platz\u00a0der fr\u00fcheren Crailsheimer Synagoge in der Adam-Wei\u00df-Stra\u00dfe auch in\u00a0diesem Jahr wieder eine \u00f6ffentliche Gedenkfeier.\u00a0Die Veranstaltung beginnt am Mittwoch, 9. November 2016, um\u00a018.30 Uhr.\u00a0Im Anschluss an die Gedenkfeier stellt Crailsheims Stadtarchivar Folker F\u00f6rtsch um\u00a019.30 Uhr im Forum in den Arkaden das im Entstehen befindliche\u00a0\u201eErinnerungsbuch an die Opfer der NS-Diktatur im Altkreis Crailsheim\u201c\u00a0vor.<\/strong><\/p>\n<p><em>Von der Stadtverwaltung Crailsheim<\/em><\/p>\n<p><strong>Antij\u00fcdische Verordnungen versch\u00e4rft<\/strong><\/p>\n<p>2016 j\u00e4hrt sich zum 78. Mal die Reichspogromnacht vom 9. auf den 10. November 1938. Brandanschl\u00e4ge auf j\u00fcdische Synagogen, \u00dcbergriffe auf j\u00fcdisches Eigentum, die Verhaftung tausender j\u00fcdischer M\u00e4nner und die nochmalige Versch\u00e4rfung antij\u00fcdischer Verordnungen durch die nationalsozialistischen Machthaber bedeuteten einen weiteren traurigen H\u00f6hepunkt der rassistischen NS-Politik gegen die j\u00fcdische Minderheit in Deutschland und auch in der Stadt Crailsheim.<\/p>\n<p><strong>Biografien von verfolgten Menschen aus Crailsheim<\/strong><\/p>\n<p>Mitgestaltet wird die Veranstaltung von Sch\u00fclerinnen und Sch\u00fclern der\u00a0Kaufm\u00e4nnischen Schule (Lehrerin Karin Durst). Sie tragen Biografien von\u00a0Menschen vor, die in den Jahren nach 1933 der NS-Verfolgung zum Opfer\u00a0fielen. Hanns-Hermann Lohrer sorgt f\u00fcr die musikalische Umrahmung.\u00a0Die Bev\u00f6lkerung ist herzlich eingeladen Die Veranstaltung beginnt um\u00a018.30 Uhr.<\/p>\n<p><strong>\u201eErinnerungsbuch an die Opfer der NS-Diktatur im Altkreis Crailsheim\u201c<\/strong><\/p>\n<p>Im Anschluss an die Gedenkfeier stellt Stadtarchivar Folker F\u00f6rtsch um\u00a019.30 Uhr im Forum in den Arkaden das im Entstehen befindliche\u00a0\u201eErinnerungsbuch an die Opfer der NS-Diktatur im Altkreis Crailsheim\u201c\u00a0vor.\u00a0Auch im Raum Crailsheim fielen zwischen 1933 und 1945 viele M\u00e4nner,\u00a0Frauen und Kinder der menschenverachtenden Herrschaftspraxis des NS-Regimes zum Opfer. Im Stadtarchiv Crailsheim entsteht seit einiger Zeit\u00a0ein \u201eErinnerungsbuch an die Opfer der NS-Diktatur\u201c. In ihm sollen nach\u00a0und nach alle Menschen aus dem Altkreis Crailsheim-Gerabronn\u00a0festgehalten werden, die durch die Verfolgungsma\u00dfnahmen des\u00a0nationalsozialistischen Regimes offenkundige Nachteile in beruflicher und\u00a0wirtschaftlicher Hinsicht erlitten haben, die misshandelt, in die Emigration\u00a0gezwungen, inhaftiert oder ermordet wurden.\u00a0Der Vortrag gibt Einblick in die verschiedenen erfassten Opfergruppen und\u00a0zeigt an Einzelbeispielen die Realit\u00e4t der NS-Verfolgung und ihrer\u00a0Auswirkungen auf die betroffenen Menschen.<\/p>\n<p><strong>Kurzinformationen:<\/strong><\/p>\n<p>Der Vortrag \u201eErinnerungsbuch an die Opfer der NS-Diktatur im Altkreis Crailsheim\u201c findet statt am Mittwoch, 9. November 2016, um 19.30 Uhr,\u00a0Rathaus, Forum in den Arkaden.\u00a0Eine Veranstaltung des Stadtarchivs Crailsheim, des Crailsheimer\u00a0Historischen Vereins und der Initiative Erinnerung und Verantwortung.<\/p>\n<p><strong>Weitere Informationen und Kontakt:<\/strong><\/p>\n<p><a href=\"http:\/\/www.crailsheim.de\" target=\"_blank\">www.crailsheim.de<\/a><\/p>\n<div class=\"pdf24Plugin-cp\"> \t<form name=\"pdf24Form0\" method=\"post\" action=\"https:\/\/doc2pdf.pdf24.org\/wordpress.php\" target=\"pdf24PopWin\" onsubmit=\"var pdf24Win = window.open('about:blank', 'pdf24PopWin', 'resizable=yes,scrollbars=yes,width=600,height=250,left='+(screen.width\/2-300)+',top='+(screen.height\/3-125)+''); pdf24Win.focus(); if(typeof pdf24OnCreatePDF === 'function'){void(pdf24OnCreatePDF(this,pdf24Win));}\"> \t\t<input type=\"hidden\" name=\"blogCharset\" value=\"Cw1x07UAAA==\" \/><input type=\"hidden\" name=\"blogPosts\" value=\"MwQA\" \/><input type=\"hidden\" name=\"blogUrl\" value=\"yygpKSi20tcvLy\/Xy8jPSM3LARK6pXnpqWmZOSWpRSV6KakA\" \/><input type=\"hidden\" name=\"blogName\" value=\"88jPSM3LARK6pXnpqWmZOSWpRSUA\" \/><input type=\"hidden\" name=\"blogValueEncoding\" value=\"gzdeflate base64\" \/><input type=\"hidden\" name=\"postId_0\" value=\"MzI0NjUCAA==\" \/><input type=\"hidden\" name=\"postTitle_0\" value=\"JY0xCgIxEEWvMiBsZaGxWdlStrTxBsPmmwxsJjIZEay8gzf0JBqsH++9YTOGEKaztJZZI1bfkihFAc1FkrFLVUp4Pu6aoB1mvrrAnGqEEaxUi\/Chh3YTfV5vmk1UYT+D+N+6QJbcbjVZLcpLdtofD2M\/nYxlbRlSvg==\" \/><input type=\"hidden\" name=\"postLink_0\" value=\"yygpKSi20tcvLy\/Xy8jPSM3LARK6pXnpqWmZOSWpRSV6Kan69gW2RobGpkYA\" \/><input type=\"hidden\" name=\"postAuthor_0\" value=\"S0zJzcwDAA==\" \/><input type=\"hidden\" name=\"postDateTime_0\" value=\"MzIwNNM1NNQ1MFIwsLAyNLQyNQYA\" \/><input type=\"hidden\" name=\"postContent_0\" value=\"1VZNb9tGEL33Vwx8agFZjpt+xIFiwKmdOHHsBnbjALkUK3NIbkQuhd2l1OqUHxI0PPg3+OQT+U\/yS\/pmSUl0lAApkEsv\/ljuzs68ee\/tjKb7I+dtYZL9N2VOTzliM2FDylCk2bGjI8s6MdpRaSJZo1mR09nF9h9sbWFpzDgdx2zY1NUpG3eV4viMrTLOq8yzD4eeGe218nrGCKiNYVuaJIS8lK1+XlgvKyqnl5nyi7qK2FJsm9uULQL+ZpXOXMo6x\/LF30YlRcKkkSX+P4hUvv2adfNh+8Jb1XxgUuVVis8II1Xk9FylluaaZTtrw9TcSNI+08i3KztmzXZYV4fI93JVgGQ15gQ5e8nuVHske5UOaG9IZ8WM8zFC\/nhv95cBlXld7T4Y3r9Hr1IJ9CynAwEkK53rEO1fRc5zlvlebY4uvIq8slepnilLT4psgn1PmhvrEae9YK+7gHSODRZdCzAYOrATJb8j5eTbkfG4QLox5libKJRaVx\/f\/bPugBsLTl1qv09jXCYIob2HeuKVL8MtB5mfgAWul+nHd+\/ralbY4Wino89oZ7r\/3Qh04nz\/smgbE6oBF+Ydjuvzox1sWx3pQhwYr982t5EWEkkLChsZnGsJhcXm2sZ+40YBn94216n15FAkLYDJrw+GdKqyUNg5Y9VNi8QWuVFXqQ8cRv9UGQfkdu\/1erm7dx9nH6P\/kQrda64TDlvXuS0ZaAbUvMehxGrQ6e4mSEdjhy\/zQcgC9aQqDjh4VTo2gtBqt6XT5lq6stKZActylSGGHO2qDxrpw2Tv4hSV4E57HGorjMpcsdCI4rxupXkqAKRKKh2DiyUUilXRhKE5ax\/kBhWVVrKn4+Ym5WlpJj501Crn1rHAk5dFBmVPKOFwPS5eo3SqpUa02wtFD3GXwAlcQ42dRNdE6dFj+Ck1Hmt0T8VaqFAEOsRFlkjmK88BpncI9glLINyEl5Y01zZaNqWncwl9AaBvMw4SMSHR5UpIta5O0OVcetWBgM9lxvT9C06tHKMTJT8PS+v8D0O6wC2AU9C5W0TfLgvbcqRTsrgVfglXhY73l6K8bMuWVIXjQbB1hYAZmyEdK2Pc9jHbHH\/Qi0LSIVfYxFPc3NpwQV46PRE6SH9e5ValOaJ1pveYZ82NOI5cgC4T6LUQ2xB6JJwFd\/myO961v087+M18Z6OzX2mz\/ztrrauDIJGczhVSWe+gtuO0mHcUDBwRqu7u\/fQzzeTr0k4GdfUEYu6ofBIUGRLJO\/LJUw1HEDuC2vGoYxU25aZW\/YW8IvgYcj5Hj3P8uaLdkAB7D9J+etzCAzcW6YM7cBJLb\/BPXeE\/+o84ARDcZkinOeicZZ0y6koqChpRmRTcN4KIP4vt9lNUOwZ7oL4YbpBwKoYgzmcjcXNJYu2ha725HGOFgVqEBOzq6kv2ugQqzEQTZCj+fRYQ1lkQOJy3jANjgtfXFczIt6B3q8fayDsG6CzMVdITv+6yy7VzKTyUMz8I9MTaUa5hLJJQXSW8mIe3QL5KUEjAUxEGH5vjpRD7K6VaUb28Hxi94E+U6LHHk2XGyGKyjNy+uzI3iRsCDvi\/JBQaldhyOm2ZVVcLjIle+ogQC87GAH7a0rR9ggGSb679Z6xM2qjFrITwDmhM2rcsvM442xsxV03esJeT0i60iQuYn+DA5uGGT\/SL\/WZSJdE\/IIUb+q8YEGnlMRDmucJDXLrBZ70G3TmSQfWu14oce6rrJzMIH\/uDcl0dg5iF7aiJSFBfN8gjp6+cyTegft1OCTjfg7u1l8J4NfGb0I8UocHxo63U++nDnZ35fD68Wr\/2EW9hJrIJ+0dbf44xIUy29je2jHZUG+9f\" \/> \t\t<a href=\"https:\/\/www.pdf24.org\" target=\"_blank\" title=\"www.pdf24.org\" rel=\"nofollow\"><img src=\"https:\/\/www.hohenlohe-ungefiltert.de\/wp-content\/plugins\/pdf24-post-to-pdf\/img\/pdf_32x32.png\" alt=\"\" border=\"0\" height=\"32\" \/><\/a> \t\t<span class=\"pdf24Plugin-cp-space\">&nbsp;&nbsp;<\/span> \t\t<span class=\"pdf24Plugin-cp-text\">Sende Artikel als PDF<\/span> \t\t<span class=\"pdf24Plugin-cp-space\">&nbsp;&nbsp;<\/span> \t\t<input class=\"pdf24Plugin-cp-input\" style=\"margin: 0px;\" type=\"text\" name=\"sendEmailTo\" placeholder=\"Emailadresse\" \/> \t\t<input class=\"pdf24Plugin-cp-submit\" style=\"margin: 0px;\" type=\"submit\" value=\"Senden\" \/> \t<\/form> <\/div>","protected":false},"excerpt":{"rendered":"<p>Zum Gedenken an dieses Ereignis und die vom NS-Terror betroffenen\u00a0Menschen veranstaltet die Initiative Erinnerung und Verantwortung am Platz\u00a0der fr\u00fcheren Crailsheimer Synagoge in der Adam-Wei\u00df-Stra\u00dfe auch in\u00a0diesem Jahr wieder eine \u00f6ffentliche Gedenkfeier.\u00a0Die Veranstaltung beginnt am Mittwoch, 9. November 2016, um\u00a018.30 Uhr.\u00a0Im Anschluss an die Gedenkfeier stellt Crailsheims Stadtarchivar Folker F\u00f6rtsch um\u00a019.30 Uhr im Forum in den [&hellip;]<\/p>\n","protected":false},"author":1,"featured_media":0,"comment_status":"open","ping_status":"open","sticky":false,"template":"","format":"standard","meta":[],"categories":[1,10,2,8,5,7],"tags":[],"_links":{"self":[{"href":"https:\/\/www.hohenlohe-ungefiltert.de\/index.php?rest_route=\/wp\/v2\/posts\/21352"}],"collection":[{"href":"https:\/\/www.hohenlohe-ungefiltert.de\/index.php?rest_route=\/wp\/v2\/posts"}],"about":[{"href":"https:\/\/www.hohenlohe-ungefiltert.de\/index.php?rest_route=\/wp\/v2\/types\/post"}],"author":[{"embeddable":true,"href":"https:\/\/www.hohenlohe-ungefiltert.de\/index.php?rest_route=\/wp\/v2\/users\/1"}],"replies":[{"embeddable":true,"href":"https:\/\/www.hohenlohe-ungefiltert.de\/index.php?rest_route=%2Fwp%2Fv2%2Fcomments&post=21352"}],"version-history":[{"count":3,"href":"https:\/\/www.hohenlohe-ungefiltert.de\/index.php?rest_route=\/wp\/v2\/posts\/21352\/revisions"}],"predecessor-version":[{"id":21363,"href":"https:\/\/www.hohenlohe-ungefiltert.de\/index.php?rest_route=\/wp\/v2\/posts\/21352\/revisions\/21363"}],"wp:attachment":[{"href":"https:\/\/www.hohenlohe-ungefiltert.de\/index.php?rest_route=%2Fwp%2Fv2%2Fmedia&parent=21352"}],"wp:term":[{"taxonomy":"category","embeddable":true,"href":"https:\/\/www.hohenlohe-ungefiltert.de\/index.php?rest_route=%2Fwp%2Fv2%2Fcategories&post=21352"},{"taxonomy":"post_tag","embeddable":true,"href":"https:\/\/www.hohenlohe-ungefiltert.de\/index.php?rest_route=%2Fwp%2Fv2%2Ftags&post=21352"}],"curies":[{"name":"wp","href":"https:\/\/api.w.org\/{rel}","templated":true}]}}