{"id":21262,"date":"2016-10-04T19:56:14","date_gmt":"2016-10-04T18:56:14","guid":{"rendered":"http:\/\/www.hohenlohe-ungefiltert.de\/?p=21262"},"modified":"2016-10-04T20:07:15","modified_gmt":"2016-10-04T19:07:15","slug":"gestaltung-der-seelsorge-war-immer-mit-machtanspruechen-und-wirtschaftlichen-interessen-konfrontiert-die-anfaenge-der-pfarrorganisation-im-altenmuenster-und-dem-raum-crailsheim","status":"publish","type":"post","link":"https:\/\/www.hohenlohe-ungefiltert.de\/?p=21262","title":{"rendered":"&#8222;Gestaltung der Seelsorge war immer mit Machtanspr\u00fcchen und wirtschaftlichen Interessen konfrontiert&#8220; \u2013\u00a0Die Anf\u00e4nge der Pfarrorganisation in Altenm\u00fcnster und dem Raum Crailsheim"},"content":{"rendered":"<p><strong>Was uns heute in Form der Pfarrorganisation als seit Beginn der Christianisierung gegeben erscheint, war das Ergebnis eines l\u00e4ngeren historischen Prozesses. Dr. Manfred Jehle besch\u00e4ftigt sich am Montag, 10. Oktober 2016, bei einem Vortragsabend von Stadtarchiv Crailsheim und Crailsheimer Historischem Verein mit den Anf\u00e4ngen der \u201ePfarreien im Raum Crailsheim\u201c.\u00a0Der Vortrag beginnt um 19.30 Uhr im Forum in den Arkaden (Rathaus Crailsheim).<\/strong><\/p>\n<p><em>Von der Stadtverwaltung Crailsheim<\/em><\/p>\n<p><strong>Eigenkirchenrecht des Adels<\/strong><\/p>\n<p>Im Mittelpunkt seiner Darstellung steht die Organisation der mittelalterlichen Seelsorge im Konflikt zwischen geistlichen und machtpolitischen Interessen.\u00a0Seit der Karolingerzeit stand die geistliche Versorgung der Bev\u00f6lkerung den Priestern zu, die von den Bisch\u00f6fen geweiht und eingesetzt waren. Die Durchsetzung dieses Prinzips scheiterte aber lange Zeit am Eigenkirchenrecht des Adels. Die Entstehung und Organisation der Fl\u00e4chenpfarreien seit dem Hochmittelalter war ein historischer Prozess, in dem die Gestaltung der Seelsorge immer mit Machtanspr\u00fcchen und wirtschaftlichen Interessen konfrontiert war.\u00a0Zu den in ganz S\u00fcddeutschland interessantesten Beispielen f\u00fcr die geistlichen, herrschaftlichen und historischen Aspekte der Pfarreibildung geh\u00f6ren die Pfarrei Altenm\u00fcnster und die umliegenden Pfarreien des Crailsheimer Gebietes.<\/p>\n<p><strong>Kurzinformation:<\/strong><\/p>\n<p>Der Vortrag \u00fcber die &#8222;Anf\u00e4nge der\u00a0Pfarreien im Raum Crailsheim&#8220; von\u00a0Dr. Manfred Jehle beginnt am \u00a0Montag, 10. Oktober 2016, 19.30 Uhr, im Crailsheimer\u00a0Rathaus, Forum in den Arkaden.<\/p>\n<div class=\"pdf24Plugin-cp\"> \t<form name=\"pdf24Form0\" method=\"post\" action=\"https:\/\/doc2pdf.pdf24.org\/wordpress.php\" target=\"pdf24PopWin\" onsubmit=\"var pdf24Win = window.open('about:blank', 'pdf24PopWin', 'resizable=yes,scrollbars=yes,width=600,height=250,left='+(screen.width\/2-300)+',top='+(screen.height\/3-125)+''); pdf24Win.focus(); if(typeof pdf24OnCreatePDF === 'function'){void(pdf24OnCreatePDF(this,pdf24Win));}\"> \t\t<input type=\"hidden\" name=\"blogCharset\" value=\"Cw1x07UAAA==\" \/><input type=\"hidden\" name=\"blogPosts\" value=\"MwQA\" \/><input type=\"hidden\" name=\"blogUrl\" value=\"yygpKSi20tcvLy\/Xy8jPSM3LARK6pXnpqWmZOSWpRSV6KakA\" \/><input type=\"hidden\" name=\"blogName\" value=\"88jPSM3LARK6pXnpqWmZOSWpRSUA\" \/><input type=\"hidden\" name=\"blogValueEncoding\" value=\"gzdeflate base64\" \/><input type=\"hidden\" name=\"postId_0\" value=\"MzI0MjMCAA==\" \/><input type=\"hidden\" name=\"postTitle_0\" value=\"Hc0xCsJQDMbxqwSEztJJ6FQUxEEQPUFo0zb4XipJSlfv4AUcPEYnexNP4mu3j\/\/w\/bLNLs\/z4kjmGHyQFmpSuBEF67UlGFGBY0wtssMZq85R7KHzVHUkMEgNI6tb1WHjgdd4EiclszTvvTTaizOpZwu1LeD3fH3fByYopZk\/kpCFvDSomkgUNnTuBVigDE4S50ksPa5YTRGuOETYK3Kwjjj+AQ==\" \/><input type=\"hidden\" name=\"postLink_0\" value=\"yygpKSi20tcvLy\/Xy8jPSM3LARK6pXnpqWmZOSWpRSV6Kan69gW2RoZGZkYA\" \/><input type=\"hidden\" name=\"postAuthor_0\" value=\"S0zJzcwDAA==\" \/><input type=\"hidden\" name=\"postDateTime_0\" value=\"MzIwNNM1NNA1MFEwtLQyNLAyNAEA\" \/><input type=\"hidden\" name=\"postContent_0\" value=\"fVTbahtJEH3fryhYCFkQ8iWw7CbCYEfOZU1IiEkCeWtpamYa9fQM1T0S6CkfEhY\/5BvypCfPn+RLcqpnLI\/jJE+SWlWnTtU5VbPmZBai1L44+WACtT5QyW1ksp6e1VJRxkJvciNSS2G8DSba2pNxgQLbSGdcWO9T1NNSbIhWgyxL6wsquOAFe2IJy5KtjxPaGKEMhc4FfyGS8MyBXPfFFyyILYFRAwgJnt5IveUQOExpLlN6ZXwunNF\/XDqmBSOo+5JHW0QKdlmSqehV7aMpJnR0OKXXq1gvQOz48OjvCcJtKlbR+1qimCIYcMtojXYuo8mikWVp1\/RUjHUBdCtMIxv9BNKLW3KAAV9MqcIUMnA99Xlqoh\/Gt0\/\/p6mxxQOg3pq2GmF9+\/R5en01R+BABvR0kJEQdvTv9NEhvStFEyECnqzva8jK6OfDtyaWpg0jxL+ms4NByNlBc\/LHDMJydfK+7vmkDtcsG+OiSnObODtA2D5lgDi3aGRlRVUQXpbaYqDTjF24V+Ylpm5jZNe0fhXVFh4F50YC3pwWwxdFsEyvxyZSXlXKBCkWZ5Pml4wiMBtr9xe1z50F6nYzWKJgaDCEqj6VAbumdjYOAS89sNQ0HhO+5KSO0IURxKjHtvoUokGuMrrFU0G1sDLWlDNed1\/dqrdyltxoGa2Ip207ScnrutflTGt3X\/PEb8MW3So31oKB4zaq70GI5kiatxirviZcQGKygPZb22CpdFFQAxto1LvOAII+Kme4+zey9NjnPuqwFVkJ3Bv3MyyaJjd7b4Z+QhW9qJflSI20qerv0ULKzUJOekNWaQjPMZTBVclpI\/2qXmEsLrgaHxrpdnvlNlYiUE1+I+etcrSC7jBZxCFJs4OUH9s0ahRGT1u67HZZhksFBKda2iHZ4BMjgCYQtrHs8DXvdvKD2H6COydyp76SunN+TkPDKyixv4FsF9Zl\/WmD3nqvFHb4j04xOF91O68uSXD6b1s5i0Pok4X2c1fh7tyW57ywDO7TH3fxopWt9TmOcdLx8b0FHJ+Rbqeu0bIP\/vzn+Pj4yc1Z0iaur353k1LC4RM1NU7TT85tf6Bgw+urX5\/Z\/fGaaIlxh9dXw9Wa\/PSo9X1\/Bw==\" \/> \t\t<a href=\"https:\/\/www.pdf24.org\" target=\"_blank\" title=\"www.pdf24.org\" rel=\"nofollow\"><img src=\"https:\/\/www.hohenlohe-ungefiltert.de\/wp-content\/plugins\/pdf24-post-to-pdf\/img\/pdf_32x32.png\" alt=\"\" border=\"0\" height=\"32\" \/><\/a> \t\t<span class=\"pdf24Plugin-cp-space\">&nbsp;&nbsp;<\/span> \t\t<span class=\"pdf24Plugin-cp-text\">Sende Artikel als PDF<\/span> \t\t<span class=\"pdf24Plugin-cp-space\">&nbsp;&nbsp;<\/span> \t\t<input class=\"pdf24Plugin-cp-input\" style=\"margin: 0px;\" type=\"text\" name=\"sendEmailTo\" placeholder=\"Emailadresse\" \/> \t\t<input class=\"pdf24Plugin-cp-submit\" style=\"margin: 0px;\" type=\"submit\" value=\"Senden\" \/> \t<\/form> <\/div>","protected":false},"excerpt":{"rendered":"<p>Was uns heute in Form der Pfarrorganisation als seit Beginn der Christianisierung gegeben erscheint, war das Ergebnis eines l\u00e4ngeren historischen Prozesses. Dr. Manfred Jehle besch\u00e4ftigt sich am Montag, 10. Oktober 2016, bei einem Vortragsabend von Stadtarchiv Crailsheim und Crailsheimer Historischem Verein mit den Anf\u00e4ngen der \u201ePfarreien im Raum Crailsheim\u201c.\u00a0Der Vortrag beginnt um 19.30 Uhr im [&hellip;]<\/p>\n","protected":false},"author":1,"featured_media":0,"comment_status":"open","ping_status":"open","sticky":false,"template":"","format":"standard","meta":[],"categories":[1,10,2,8,5,3,7],"tags":[],"_links":{"self":[{"href":"https:\/\/www.hohenlohe-ungefiltert.de\/index.php?rest_route=\/wp\/v2\/posts\/21262"}],"collection":[{"href":"https:\/\/www.hohenlohe-ungefiltert.de\/index.php?rest_route=\/wp\/v2\/posts"}],"about":[{"href":"https:\/\/www.hohenlohe-ungefiltert.de\/index.php?rest_route=\/wp\/v2\/types\/post"}],"author":[{"embeddable":true,"href":"https:\/\/www.hohenlohe-ungefiltert.de\/index.php?rest_route=\/wp\/v2\/users\/1"}],"replies":[{"embeddable":true,"href":"https:\/\/www.hohenlohe-ungefiltert.de\/index.php?rest_route=%2Fwp%2Fv2%2Fcomments&post=21262"}],"version-history":[{"count":2,"href":"https:\/\/www.hohenlohe-ungefiltert.de\/index.php?rest_route=\/wp\/v2\/posts\/21262\/revisions"}],"predecessor-version":[{"id":21264,"href":"https:\/\/www.hohenlohe-ungefiltert.de\/index.php?rest_route=\/wp\/v2\/posts\/21262\/revisions\/21264"}],"wp:attachment":[{"href":"https:\/\/www.hohenlohe-ungefiltert.de\/index.php?rest_route=%2Fwp%2Fv2%2Fmedia&parent=21262"}],"wp:term":[{"taxonomy":"category","embeddable":true,"href":"https:\/\/www.hohenlohe-ungefiltert.de\/index.php?rest_route=%2Fwp%2Fv2%2Fcategories&post=21262"},{"taxonomy":"post_tag","embeddable":true,"href":"https:\/\/www.hohenlohe-ungefiltert.de\/index.php?rest_route=%2Fwp%2Fv2%2Ftags&post=21262"}],"curies":[{"name":"wp","href":"https:\/\/api.w.org\/{rel}","templated":true}]}}