{"id":21251,"date":"2016-10-02T18:19:00","date_gmt":"2016-10-02T17:19:00","guid":{"rendered":"http:\/\/www.hohenlohe-ungefiltert.de\/?p=21251"},"modified":"2016-10-02T18:19:25","modified_gmt":"2016-10-02T17:19:25","slug":"vom-roten-sommer-der-anarchie-zum-sieg-franco","status":"publish","type":"post","link":"https:\/\/www.hohenlohe-ungefiltert.de\/?p=21251","title":{"rendered":"Vom &#8222;Roten Sommer der Anarchie&#8220; zum Sieg Francos \u2013 Vortrag in Schw\u00e4bisch Hall"},"content":{"rendered":"<p><strong>Einen Vortrag mit dem Titel &#8222;Roter Sommer der Anarchie&#8220; zum Sieg Francos h\u00e4lt Paul Michel am Donnerstag,\u00a06. Oktober 2016, um\u00a020 Uhr in der Volkshochschule (VHS) Schw\u00e4bisch Hall, Salinenstra\u00dfe 6, Raum 1.07, Veranstalter ist die \u00a0Initiative UmFairteilen Schw\u00e4bisch Hall.<\/strong><\/p>\n<p><em>Von der\u00a0Initiative UmFairteilen Schw\u00e4bisch Hall<\/em><\/p>\n<p><strong>Von den moskautreuen Kommunisten heftig bek\u00e4mpft<\/strong><\/p>\n<p>Nach der Niederschlagung des Franco-Putsches durch Arbeitermilizen im Juli 1936 war die republikanische Zone Spaniens ein Ort des gesellschaftlichen Aufbruchs und der Hoffnung. Wir erinnern an die weitreichenden sozialen Experimente, die Kollektivierung der Industrie in Katalonien, die als \u201eRoter Sommer der Anarchie\u201c in die Geschichte eingingen und von den moskautreuen Kommunisten heftig bek\u00e4mpft wurden.<\/p>\n<p><strong>Zun\u00e4chst erfolgreicher Widerstand<\/strong><\/p>\n<p>Thema des Vortrags werden auch die Entwicklungen auf dem Schlachtfeld sein. Durch die massive Unterst\u00fctzung durch Hitlerdeutschland und das Italien Mussolinis verschob sich das milit\u00e4rische Kr\u00e4fteverh\u00e4ltnis immer st\u00e4rker zugunsten des nationalistischen Lagers. Entlang den Stationen Madrid, Gualalajara, Brunete, Teruel und Ebro wird die Entwicklung vom zun\u00e4chst erfolgreichen Widerstand zur milit\u00e4rischen Niederlage der Republik nachverfolgt.<\/p>\n<p><strong>Kurzinformation:<\/strong><\/p>\n<p>Der Vortrag\u00a0&#8222;Roter Sommer der Anarchie&#8220;, findet am Donnerstag,\u00a06. Oktober 2016, um 20 Uhr in der\u00a0VHS Schw\u00e4bisch Hall, Salinenstra\u00dfe 6, Raum 1.07 statt. Es referiert\u00a0Paul Michel aus Schw\u00e4bisch Hall. Veranstalter ist die\u00a0Initiative UmFairteilen Schw\u00e4bisch Hall.<\/p>\n<div class=\"pdf24Plugin-cp\"> \t<form name=\"pdf24Form0\" method=\"post\" action=\"https:\/\/doc2pdf.pdf24.org\/wordpress.php\" target=\"pdf24PopWin\" onsubmit=\"var pdf24Win = window.open('about:blank', 'pdf24PopWin', 'resizable=yes,scrollbars=yes,width=600,height=250,left='+(screen.width\/2-300)+',top='+(screen.height\/3-125)+''); pdf24Win.focus(); if(typeof pdf24OnCreatePDF === 'function'){void(pdf24OnCreatePDF(this,pdf24Win));}\"> \t\t<input type=\"hidden\" name=\"blogCharset\" value=\"Cw1x07UAAA==\" \/><input type=\"hidden\" name=\"blogPosts\" value=\"MwQA\" \/><input type=\"hidden\" name=\"blogUrl\" value=\"yygpKSi20tcvLy\/Xy8jPSM3LARK6pXnpqWmZOSWpRSV6KakA\" \/><input type=\"hidden\" name=\"blogName\" value=\"88jPSM3LARK6pXnpqWmZOSWpRSUA\" \/><input type=\"hidden\" name=\"blogValueEncoding\" value=\"gzdeflate base64\" \/><input type=\"hidden\" name=\"postId_0\" value=\"MzI0MjUEAA==\" \/><input type=\"hidden\" name=\"postTitle_0\" value=\"C8vPVVBTtjAyMrIOyi9JzVMIzs\/NTS1SSAFix7zEouSMzFSwvIG1QlVprkJwZmq6gltRYl5yfrHCo4bJCmH5RSVFiekKmUCtyRnlh5ckZRYnZyh4JObkAAA=\" \/><input type=\"hidden\" name=\"postLink_0\" value=\"yygpKSi20tcvLy\/Xy8jPSM3LARK6pXnpqWmZOSWpRSV6Kan69gW2RoZGpoYA\" \/><input type=\"hidden\" name=\"postAuthor_0\" value=\"S0zJzcwDAA==\" \/><input type=\"hidden\" name=\"postDateTime_0\" value=\"MzIwNNM1NNA1MFIwtLAyNLAyMAAA\" \/><input type=\"hidden\" name=\"postContent_0\" value=\"lVTdahtXEL7vUwwUSgOKbKvgJo0wuNiJXTU\/WI4KuTvSzu5OdH7E+bGCrvwgIdWFHqNX0pvkSfKdI1FqKwUbSax2d87M9zMz\/dlJP0TvbHNyLpYtjZyPXjVkJFLFhq4lsqaffnzW6\/VeXLnInobOGFwq\/E6t8pNWuLw\/fEGLZGgo3NBLr+zEBWo3Kx3pnUqaXsukRSpl6MxZyz5E1XTWy+MuvZ1GN0a23uHRcYeSWS97h\/S+9SS2VBk5PQ2tm7Rh0ibN9PPoYviEhpN2vlmNBQ\/pQmndoaHSmQP4qM3fTMh1pQDoqHv4a4dGDEioqTMFCWAnTOvlpZUoKsoN03vzUomPLBo63M\/e7R\/sdOofzE5+6EM3NicjVxA+PE3\/AKf+zbDLuM1iybgwVSl6TrgZQOVkART\/W66jNDTm6WZlZnXcw\/JGIX+W6o0wLqimVZNsg2dh58XTdyniOe6rBM\/o1I8Z3nojWhaoIYb+SFro6PkvxzRXvujjeZbGWqbKZgZMH5xlGs5wC5mJ4c9bH0uRhgNrjSBVR52dtnSa6rFPcI2SrQq6C1fXFrC69Jd4Yi+5DywpW4rNgcdzOZvVCG4hKmt4\/mmGUMM2cqcEDpzWPIXYwn5L0tOlrRJEwVuAGij47DLI7QGlA329\/fK\/7fv19nPpNYS+YnAAhsiZXoMvEGT8N481iebJ40D3vtsfkt2soEqEALXTzZayhyRVGQpb7dl73bJRRebdeAaIlZOTStl44D63cS6TqU4FsEp1md5hbgSQqVlXFECoS2fF\/XzEqBBKw0JYFN78ExdFzRJwIVHnEqVpNEBtTVSBLqEtlKXXKQSHgZNAN6Xl3JiC5NwIyl0VNyu\/bZuB36zqyAgr+yAfkWJCyDFT\/FkktGuRMbO0mCRnUSbEksDSn6pBjW6mCTBNcWIYS1iGoiovVYdeJaXx+ai86tDv6A3OLXONLsHiyfjPx97RXHx1XzPYawDie87Y\/ziDEH+Xm92NHOaNS09d7UYGJCbtzTZR3GuCQfILsbXzpnD4bc\/ys7L3itnr5QPXb4dqwejEh+xYurNi10us1MdtVHinYoQjAVuixoCyj+vlnU2fwv4a\/e4eftQahj7fAA==\" \/> \t\t<a href=\"https:\/\/www.pdf24.org\" target=\"_blank\" title=\"www.pdf24.org\" rel=\"nofollow\"><img src=\"https:\/\/www.hohenlohe-ungefiltert.de\/wp-content\/plugins\/pdf24-post-to-pdf\/img\/pdf_32x32.png\" alt=\"\" border=\"0\" height=\"32\" \/><\/a> \t\t<span class=\"pdf24Plugin-cp-space\">&nbsp;&nbsp;<\/span> \t\t<span class=\"pdf24Plugin-cp-text\">Sende Artikel als PDF<\/span> \t\t<span class=\"pdf24Plugin-cp-space\">&nbsp;&nbsp;<\/span> \t\t<input class=\"pdf24Plugin-cp-input\" style=\"margin: 0px;\" type=\"text\" name=\"sendEmailTo\" placeholder=\"Emailadresse\" \/> \t\t<input class=\"pdf24Plugin-cp-submit\" style=\"margin: 0px;\" type=\"submit\" value=\"Senden\" \/> \t<\/form> <\/div>","protected":false},"excerpt":{"rendered":"<p>Einen Vortrag mit dem Titel &#8222;Roter Sommer der Anarchie&#8220; zum Sieg Francos h\u00e4lt Paul Michel am Donnerstag,\u00a06. Oktober 2016, um\u00a020 Uhr in der Volkshochschule (VHS) Schw\u00e4bisch Hall, Salinenstra\u00dfe 6, Raum 1.07, Veranstalter ist die \u00a0Initiative UmFairteilen Schw\u00e4bisch Hall. Von der\u00a0Initiative UmFairteilen Schw\u00e4bisch Hall Von den moskautreuen Kommunisten heftig bek\u00e4mpft Nach der Niederschlagung des Franco-Putsches durch [&hellip;]<\/p>\n","protected":false},"author":1,"featured_media":0,"comment_status":"open","ping_status":"open","sticky":false,"template":"","format":"standard","meta":[],"categories":[1,10,6,2,8,5,3,7],"tags":[],"_links":{"self":[{"href":"https:\/\/www.hohenlohe-ungefiltert.de\/index.php?rest_route=\/wp\/v2\/posts\/21251"}],"collection":[{"href":"https:\/\/www.hohenlohe-ungefiltert.de\/index.php?rest_route=\/wp\/v2\/posts"}],"about":[{"href":"https:\/\/www.hohenlohe-ungefiltert.de\/index.php?rest_route=\/wp\/v2\/types\/post"}],"author":[{"embeddable":true,"href":"https:\/\/www.hohenlohe-ungefiltert.de\/index.php?rest_route=\/wp\/v2\/users\/1"}],"replies":[{"embeddable":true,"href":"https:\/\/www.hohenlohe-ungefiltert.de\/index.php?rest_route=%2Fwp%2Fv2%2Fcomments&post=21251"}],"version-history":[{"count":2,"href":"https:\/\/www.hohenlohe-ungefiltert.de\/index.php?rest_route=\/wp\/v2\/posts\/21251\/revisions"}],"predecessor-version":[{"id":21253,"href":"https:\/\/www.hohenlohe-ungefiltert.de\/index.php?rest_route=\/wp\/v2\/posts\/21251\/revisions\/21253"}],"wp:attachment":[{"href":"https:\/\/www.hohenlohe-ungefiltert.de\/index.php?rest_route=%2Fwp%2Fv2%2Fmedia&parent=21251"}],"wp:term":[{"taxonomy":"category","embeddable":true,"href":"https:\/\/www.hohenlohe-ungefiltert.de\/index.php?rest_route=%2Fwp%2Fv2%2Fcategories&post=21251"},{"taxonomy":"post_tag","embeddable":true,"href":"https:\/\/www.hohenlohe-ungefiltert.de\/index.php?rest_route=%2Fwp%2Fv2%2Ftags&post=21251"}],"curies":[{"name":"wp","href":"https:\/\/api.w.org\/{rel}","templated":true}]}}