{"id":21211,"date":"2016-09-20T13:50:45","date_gmt":"2016-09-20T12:50:45","guid":{"rendered":"http:\/\/www.hohenlohe-ungefiltert.de\/?p=21211"},"modified":"2016-09-20T13:50:45","modified_gmt":"2016-09-20T12:50:45","slug":"kuenstler-pazifist-verfolgter-ausstellung-in-crailsheim-mit-werken-von-otto-albrecht","status":"publish","type":"post","link":"https:\/\/www.hohenlohe-ungefiltert.de\/?p=21211","title":{"rendered":"&#8222;K\u00fcnstler, Pazifist, Verfolgter&#8220; \u2013 Ausstellung in Crailsheim mit Werken von Otto Albrecht"},"content":{"rendered":"<p><strong>&#8222;K\u00fcnstler, Pazifist, Verfolgter&#8220; lautet der Titel einer Ausstellung von Otto Albrecht (1881 bis 1943) in Crailsheim. Die Werke Albrechts sind von Freitag, 30. September bis 2. November 2016 im Stadtmuseum im Spital zu sehen. Ausstellungser\u00f6ffnung ist am Freitag,\u00a030. September 2016, um 19.30 Uhr.<\/strong><\/p>\n<p><em>Von der Stadtverwaltung Crailsheim<\/em><\/p>\n<p><strong>Otto Albrecht starb im KZ Sachsenhausen<\/strong><\/p>\n<p>Der in Berlin geborene akademische Maler Otto Albrecht (1881-1943) lebte als freischaffender K\u00fcnstler in Amlishagen bei Gerabronn. Ein Auftrag hatte ihn 1912 in den kleinen Ort in Hohenlohe gef\u00fchrt, in dem er seine Frau Emma kennenlernte. Der Erste Weltkrieg und die Erlebnisse an der Front pr\u00e4gten Otto Albrecht nachhaltig. Der K\u00fcnstler wurde zum \u00fcberzeugten Pazifisten. Diese innere Haltung und seine Ablehnung des Nationalsozialismus f\u00fchrten wohl zur Denunziation der Familie. 1942 wurden Otto und Emma Albrecht von der Gestapo verhaftet. Auch ihre damals in Berlin studierende Tochter Gisela, die sp\u00e4ter ebenfalls K\u00fcnstlerin wurde, war vor\u00fcbergehend in Haft genommen worden. Emma Albrecht wurde 1943 aus dem Konzentrationslager entlassen. Otto Albrecht \u00fcberlebte die Haft nicht, 1943 starb er mit 61 Jahren im KZ Sachsenhausen.<\/p>\n<p><strong>Mechanismen der Verfolgung<\/strong><\/p>\n<p>Die Ausstellung des Arbeitskreises Wei\u00dfe Rose e.V. und des Stadtmuseums im Spital will die Arbeiten Otto Albrechts vor diesem historisch-politischen Hintergrund zeigen. Daten zur politischen Entwicklung im damaligen Oberamt Gerabronn sowie Zeitdokumente machen unter dem Stichwort &#8222;Umfeld&#8220; das Klima der Diktatur und Mechanismen der Verfolgung sichtbar.<\/p>\n<p><strong>98. Geburtstag von Hans Scholl<\/strong><\/p>\n<p>Die Ausstellung im Stadtmuseum im Spital Crailsheim zeigt Gem\u00e4lde und Zeichnungen: freie Arbeiten, wie die einf\u00fchlsamen Portr\u00e4ts der eigenen Familie sowie Landschafts-\u00a0 und Genreszenen, die f\u00fcr den Geschmack des lokalen Publikums entstanden. Erg\u00e4nzt werden die Bilder Otto Albrechts durch Arbeiten seiner Tochter, der K\u00fcnstlerin Gisela Hennig-Albrecht (1921\u20131985).\u00a0Er\u00f6ffnet wird die Ausstellung aus Anlass des 98. Geburtstags des in Ingersheim\/Crailsheim geborenen Hans Scholl zum Crailsheimer Tag der Wei\u00dfen Rose am Freitag, 30. September 2016 um 19. 30 Uhr. Harald Zigan, Redakteur des Hohenloher Tagblatt berichtet \u00fcber wichtige Stationen aus dem Leben des K\u00fcnstlers.<\/p>\n<p><strong>Ausstellungort, \u00d6ffnungszeiten, Kontakt:<\/strong><\/p>\n<p>Stadtmuseum im Spital Crailsheim,\u00a0Spitalstra\u00dfe 2, 74564 Crailsheim<\/p>\n<p>\u00d6ffnungszeiten: Mittwoch 9 bis 19 Uhr, Samstag, 14 bis 18 Uhr, Sonntag und Feiertag 11 bis 18 Uhr<\/p>\n<p>Telefon: 07951\/4033720,<\/p>\n<p><strong>Internet:<\/strong> <a href=\"http:\/\/www.museum-crailsheim.de\" target=\"_blank\">www.museum-crailsheim.de<\/a><\/p>\n<div class=\"pdf24Plugin-cp\"> \t<form name=\"pdf24Form0\" method=\"post\" action=\"https:\/\/doc2pdf.pdf24.org\/wordpress.php\" target=\"pdf24PopWin\" onsubmit=\"var pdf24Win = window.open('about:blank', 'pdf24PopWin', 'resizable=yes,scrollbars=yes,width=600,height=250,left='+(screen.width\/2-300)+',top='+(screen.height\/3-125)+''); pdf24Win.focus(); if(typeof pdf24OnCreatePDF === 'function'){void(pdf24OnCreatePDF(this,pdf24Win));}\"> \t\t<input type=\"hidden\" name=\"blogCharset\" value=\"Cw1x07UAAA==\" \/><input type=\"hidden\" name=\"blogPosts\" value=\"MwQA\" \/><input type=\"hidden\" name=\"blogUrl\" value=\"yygpKSi20tcvLy\/Xy8jPSM3LARK6pXnpqWmZOSWpRSV6KakA\" \/><input type=\"hidden\" name=\"blogName\" value=\"88jPSM3LARK6pXnpqWmZOSWpRSUA\" \/><input type=\"hidden\" name=\"blogValueEncoding\" value=\"gzdeflate base64\" \/><input type=\"hidden\" name=\"postId_0\" value=\"MzI0MjQEAA==\" \/><input type=\"hidden\" name=\"postTitle_0\" value=\"U1O2MDIysvY+vCevuCQntUhHISCxKjMts7hERyEstSgtPye9JLVIDaTKwFrhUcNkBcfS4uKS1Jyc0rx0hcw8BeeixMyc4ozUzFyF3MwShfDUouzUPIWy\/DwF\/5KSfAXHnKSi1OSMEgA=\" \/><input type=\"hidden\" name=\"postLink_0\" value=\"yygpKSi20tcvLy\/Xy8jPSM3LARK6pXnpqWmZOSWpRSV6Kan69gW2RoZGhoYA\" \/><input type=\"hidden\" name=\"postAuthor_0\" value=\"S0zJzcwDAA==\" \/><input type=\"hidden\" name=\"postDateTime_0\" value=\"MzIwNNM1sNQ1MlAwNLYysLQyMQUA\" \/><input type=\"hidden\" name=\"postContent_0\" value=\"hVbLbhtHELznKxoKEMQARYqUbIsyLUCOZcvxE5YfgC\/BLLe5O+DsLDEzKwI85R8C5Bof9A05+WT+Sb4k1TMrvmTDF8u7nOmurqru3tHsdOSDq21x+svPx4PB4MHz5Rfrg2HXoTdqoSfahw59YDepTRHYxVMHD8ioJnCgnB2904ENsbb4\/1njPZ5MYwu6qi29DqGmM5M5HpeBfu0fH\/cp0576w6PDO6Qt\/eaUNr5kXXXpsWb6yG7KqxuevLZ5jPTEsQ6q6NDhQZcueRa4ypBQgg269Kq+Ss+Dg\/490hVdBpWHqvHcVPFxhsuGFg15Ltl2N4F6dst\/JxMrmFEtqWqV7Ovn7WwSvUMI2R92Dw\/ofem6o17L36g3O\/1pBD65Ov0AwEJNRHHFbq5MkPDrakc9HFtdaUNss+WDcpmAf\/6JLtW49GxLhYrsrZSPkQpcPmJn8KfgrHZsmdRU5VxpPy6ZXipI+i059pMUhrOAG8bTBLXjippM2EoNK0NIirPKaF+qgi1lrOkpO5UBCgg9l1+bSXCqoFIFBNOlBU\/9gdzLcWFqxCPwhAvy6qKGEAb\/APBk+aV08Fk8WRFyeTkLHVRD51WlaMoWd4HCBoZTcOLcQUD4xYSp01xQA6PkcNC5Qy1We49ykgpPgDDQzC2v4eBdT1owW0IeXaSw63LnjcsZlqlo+QXiL7iJ12+6QlwExyKNBjTHdNGKLEAS\/LPMcBl9lbOnVyro2oLieqEVaIQ7KRWOqPO6FHs6YMAFHJCzCb2qtNEoGkINEqi2BkkUyVkVc9Xeecowz6wmWA9ColHF8OMSkgBnrirReW0YHxoQ50RuelcjjkTQno3qREb9bHkt7zhjO1EGd1ck4XZE1KG5ckjvIlWF9FgeRUZ26GvrqopFCvjuDujEs9iQYO9ogOe1XbCFl4QFb+A3ZLfBKKiK+9sKxpTJv4I2prQav3RS0NRHiFDpQPf69LsCC\/ZbjdXdbciXSKDgJQEvvLZzEIre7kGk3px+oviZQ5MEP5WOwuNH1st\/mN7W8Ax3P3STZfHDxrDyG9Nqro2JJaU4u9b1wrf87sFYCUfWThp3f1YbHWLXg3+NfnGFk0wL1kU0rZJQ4rXNk+c2zPV4GrEDQjSJnKfXYFdVYd3r5Os5QH0CpLyeNuAGzFcqRmkkXZTwMkACCB6oXSzvqwmb\/GZ\/5AouMho+EF4f62lQAYgE5\/dJxzZA3Zlyt4QaHncBMGtcgNpp9VwoC2bHZW3MD8X67sJYD+xIn7BQLa8N\/CpIQcE49jfbkzg311KhIXTyIyaBdLnxSgp6A0YwiIKPpUVF8Lbt8ZbZF8rmcQIHv\/\/1c8z0lK1jv5DDqScR0sWpilYfl2B\/Gp1k6ikGPdI0mdFTsRPUASU29Z0rltd2gZbjOEUk0CNt8t3NAHCNw7hY+c6n7d4Ohw5t7QW0eZoWdIEhrYv9jQUzHPT\/+\/Ov\/vD47p3u18\/nadHiu2GuXZrWmypI959ZafJYy7am6R1yPQPdLkrS21DnZult6R6H9\/qQVKCKCD61ok29uLHw6fa+b9c9tfse8Z0y0F4XClq85VxNAzcuwlvttJgpM9iD2JNOXMvtoELpeILu4jgZb0BxM\/ZeyISNgVbk+ltW32Cslp25\/Dt9u8AdyXgYngGYTm65\/kcWx+dOeod7SibVoEP3j+7eO9r6bkmxdrKe0Esdwhz+oGH7gSdsdTBfKx+J7R+l98ftewwS6VQx9xM0jpOHfn\/jzE2md2x4UiPDwf3h3X7v6ODw8P7goLNLyzOZPLDWumwaKcKknzzcK0OYnfR68\/m8m8rfH68\/O3PeI2yIgsPDvT8gmZ3unX7v5KinEpv\/Aw==\" \/> \t\t<a href=\"https:\/\/www.pdf24.org\" target=\"_blank\" title=\"www.pdf24.org\" rel=\"nofollow\"><img src=\"https:\/\/www.hohenlohe-ungefiltert.de\/wp-content\/plugins\/pdf24-post-to-pdf\/img\/pdf_32x32.png\" alt=\"\" border=\"0\" height=\"32\" \/><\/a> \t\t<span class=\"pdf24Plugin-cp-space\">&nbsp;&nbsp;<\/span> \t\t<span class=\"pdf24Plugin-cp-text\">Sende Artikel als PDF<\/span> \t\t<span class=\"pdf24Plugin-cp-space\">&nbsp;&nbsp;<\/span> \t\t<input class=\"pdf24Plugin-cp-input\" style=\"margin: 0px;\" type=\"text\" name=\"sendEmailTo\" placeholder=\"Emailadresse\" \/> \t\t<input class=\"pdf24Plugin-cp-submit\" style=\"margin: 0px;\" type=\"submit\" value=\"Senden\" \/> \t<\/form> <\/div>","protected":false},"excerpt":{"rendered":"<p>&#8222;K\u00fcnstler, Pazifist, Verfolgter&#8220; lautet der Titel einer Ausstellung von Otto Albrecht (1881 bis 1943) in Crailsheim. Die Werke Albrechts sind von Freitag, 30. September bis 2. November 2016 im Stadtmuseum im Spital zu sehen. Ausstellungser\u00f6ffnung ist am Freitag,\u00a030. September 2016, um 19.30 Uhr. Von der Stadtverwaltung Crailsheim Otto Albrecht starb im KZ Sachsenhausen Der in [&hellip;]<\/p>\n","protected":false},"author":1,"featured_media":0,"comment_status":"open","ping_status":"open","sticky":false,"template":"","format":"standard","meta":[],"categories":[1,10,6,2,8,5,3,7],"tags":[],"_links":{"self":[{"href":"https:\/\/www.hohenlohe-ungefiltert.de\/index.php?rest_route=\/wp\/v2\/posts\/21211"}],"collection":[{"href":"https:\/\/www.hohenlohe-ungefiltert.de\/index.php?rest_route=\/wp\/v2\/posts"}],"about":[{"href":"https:\/\/www.hohenlohe-ungefiltert.de\/index.php?rest_route=\/wp\/v2\/types\/post"}],"author":[{"embeddable":true,"href":"https:\/\/www.hohenlohe-ungefiltert.de\/index.php?rest_route=\/wp\/v2\/users\/1"}],"replies":[{"embeddable":true,"href":"https:\/\/www.hohenlohe-ungefiltert.de\/index.php?rest_route=%2Fwp%2Fv2%2Fcomments&post=21211"}],"version-history":[{"count":3,"href":"https:\/\/www.hohenlohe-ungefiltert.de\/index.php?rest_route=\/wp\/v2\/posts\/21211\/revisions"}],"predecessor-version":[{"id":21214,"href":"https:\/\/www.hohenlohe-ungefiltert.de\/index.php?rest_route=\/wp\/v2\/posts\/21211\/revisions\/21214"}],"wp:attachment":[{"href":"https:\/\/www.hohenlohe-ungefiltert.de\/index.php?rest_route=%2Fwp%2Fv2%2Fmedia&parent=21211"}],"wp:term":[{"taxonomy":"category","embeddable":true,"href":"https:\/\/www.hohenlohe-ungefiltert.de\/index.php?rest_route=%2Fwp%2Fv2%2Fcategories&post=21211"},{"taxonomy":"post_tag","embeddable":true,"href":"https:\/\/www.hohenlohe-ungefiltert.de\/index.php?rest_route=%2Fwp%2Fv2%2Ftags&post=21211"}],"curies":[{"name":"wp","href":"https:\/\/api.w.org\/{rel}","templated":true}]}}