{"id":21202,"date":"2016-09-19T20:15:05","date_gmt":"2016-09-19T19:15:05","guid":{"rendered":"http:\/\/www.hohenlohe-ungefiltert.de\/?p=21202"},"modified":"2016-09-19T20:15:05","modified_gmt":"2016-09-19T19:15:05","slug":"ceta-experten-im-bundestag-schwarz-rot-schliesst-oeffentlichkeit-aus-kommentar-des-bundestagsabgeordneten-harald-ebner-gruene","status":"publish","type":"post","link":"https:\/\/www.hohenlohe-ungefiltert.de\/?p=21202","title":{"rendered":"&#8222;Ceta-Experten im Bundestag: Schwarz-Rot schlie\u00dft \u00d6ffentlichkeit aus&#8220; \u2013 Kommentar des Bundestagsabgeordneten Harald Ebner (Gr\u00fcne)"},"content":{"rendered":"<p><strong>Unmittelbar bevor in Wolfsburg die SPD \u00fcber ihre Haltung zum Ceta-Abkommen abstimmt, wurden heute Vormittag (19. September 2016) in Berlin im Agrarausschuss des Bundestages Experten zu &#8222;Auswirkungen des europ\u00e4isch-kanadischen Freihandelsabkommens CETA auf die Landwirtschaft, Ern\u00e4hrungswirtschaft und den Verbraucherschutz in Deutschland&#8220; angeh\u00f6rt. Das Fachgespr\u00e4ch fand allerdings auf Wunsch der Regierungskoalition unter Ausschluss der \u00d6ffentlichkeit statt.<\/strong><\/p>\n<p><em>Kommentar von Harald Ebner,\u00a0Bundestagsabgeordneter (B\u00fcndnis 90\/Die Gr\u00fcnen) aus Schw\u00e4bisch Hall\/Hohenlohe und Obmann seiner Fraktion im Agrarausschuss<\/em><\/p>\n<p><strong>Zu dem Fachgespr\u00e4ch erkl\u00e4rt Harald Ebner:<\/strong><\/p>\n<p>&#8222;Offenbar haben SPD und CDU\/CSU Angst vor unliebsamen Aussagen der Ceta-Experten. Sonst br\u00e4uchten sie ja nicht die \u00d6ffentlichkeit auszuschlie\u00dfen \u2013 gerade an so einem Tag wie heute, wo es mit dem SPD-Entscheid bei Ceta um Alles oder Nichts geht. Anscheinend sollten die ohnehin wenig Ceta-freundlichen SPD-Delegierten kurz vor der Abstimmung vor noch mehr kritischen Argumenten bewahrt werden.<\/p>\n<p><strong>Vorsorgeprinzip nicht gew\u00e4hrleistet<\/strong><\/p>\n<p>Diese Bedenken der Regierungsfraktionen sind nicht ganz unbegr\u00fcndet, denn das Fachgespr\u00e4ch hat gezeigt, dass Vorsorgeprinzip, Transparenz und Sicherheit im Rahmen von Ceta nicht gew\u00e4hrleistet sind.\u00a0Das Grundproblem, dass das europ\u00e4ische Vorsorgeprinzip und das nordamerikanische Nachsorgeprinzip nicht zusammen passen, ist nach wie vor ungel\u00f6st. F\u00fcr ein funktionierendes Abkommen w\u00e4re hier ein Kompromiss n\u00f6tig \u2013 der aber bei genau entgegengesetzten Modellen kaum m\u00f6glich ist.<\/p>\n<p><strong>Sp\u00e4tere Verbesserungen kaum m\u00f6glich<\/strong><\/p>\n<p>Der Exportweltmeister Deutschland soll seinen Handelsunternehmen neue M\u00e4rkte \u00f6ffnen, auf Kosten von Verbraucher- und Umweltstandards. Ob kleine und mittelst\u00e4ndische Unternehmen \u00fcberhaupt von Ceta profitieren w\u00fcrden, ist nach wie vor v\u00f6llig unklar. Bei Milch und Fleisch gibt es hohe Selbstversorgungsgrade, sowohl in Kanada wie auch in der EU. Freihandel w\u00fcrde hier nur zu niedrigeren Preisen f\u00fchren.\u00a0F\u00fcr die vage Hoffnung, weltweit Standards verbessern zu k\u00f6nnen, darf nicht das Verbraucherwohl geopfert werden! Durch Ceta wird auch das &#8222;right to regulate&#8220;, also das Recht, k\u00fcnftig etwa neue Verbraucher- und Umweltschutzregeln einzuf\u00fchren, eingeschr\u00e4nkt. Verbesserungen w\u00e4ren deshalb in Zukunft kaum m\u00f6glich.<\/p>\n<p><strong>Weitere Informationen und Kontakt:<\/strong><\/p>\n<p>B\u00fcro Harald Ebner, MdB,\u00a0Fraktion B\u00fcndnis 90\/Die Gr\u00fcnen,\u00a0Platz der Republik 1, 11011 Berlin<\/p>\n<p>Telefon: 030 \/ 227-730 28<\/p>\n<p>Fax: 030 \/ 227-760 25<\/p>\n<p>E-Mail: harald.ebner.ma11@bundestag.de<\/p>\n<p><strong>Internet:<\/strong> <a href=\"http:\/\/www.harald-ebner.de\" target=\"_blank\">www.harald-ebner.de<\/a><\/p>\n<div class=\"pdf24Plugin-cp\"> \t<form name=\"pdf24Form0\" method=\"post\" action=\"https:\/\/doc2pdf.pdf24.org\/wordpress.php\" target=\"pdf24PopWin\" onsubmit=\"var pdf24Win = window.open('about:blank', 'pdf24PopWin', 'resizable=yes,scrollbars=yes,width=600,height=250,left='+(screen.width\/2-300)+',top='+(screen.height\/3-125)+''); pdf24Win.focus(); if(typeof pdf24OnCreatePDF === 'function'){void(pdf24OnCreatePDF(this,pdf24Win));}\"> \t\t<input type=\"hidden\" name=\"blogCharset\" value=\"Cw1x07UAAA==\" \/><input type=\"hidden\" name=\"blogPosts\" value=\"MwQA\" \/><input type=\"hidden\" name=\"blogUrl\" value=\"yygpKSi20tcvLy\/Xy8jPSM3LARK6pXnpqWmZOSWpRSV6KakA\" \/><input type=\"hidden\" name=\"blogName\" value=\"88jPSM3LARK6pXnpqWmZOSWpRSUA\" \/><input type=\"hidden\" name=\"blogValueEncoding\" value=\"gzdeflate base64\" \/><input type=\"hidden\" name=\"postId_0\" value=\"MzI0MjACAA==\" \/><input type=\"hidden\" name=\"postTitle_0\" value=\"U1O2MDIysnZOLUnUda0oSC0qSc1TyMxVcCrNS0ktLklMt1IITs4oTyyq0g3KL1EoTs7IyUw9PL9E4fC0tLTUvJKczOSM7NTMEoXE0mI1kFkG1gqPGiYreOfn5gKlE4sUgMYgTCtOTEpPzS9KyUsF2eORWJSYk6LgmpSXWqSg4V50eE9eqiYA\" \/><input type=\"hidden\" name=\"postLink_0\" value=\"yygpKSi20tcvLy\/Xy8jPSM3LARK6pXnpqWmZOSWpRSV6Kan69gW2RoZGBkYA\" \/><input type=\"hidden\" name=\"postAuthor_0\" value=\"S0zJzcwDAA==\" \/><input type=\"hidden\" name=\"postDateTime_0\" value=\"MzIwNNM1sNQ1tFQwMrAysLQyMAUA\" \/><input type=\"hidden\" name=\"postContent_0\" value=\"dVbLbtxGELznKzoKENjAPrQK4oe8FrJ6WYYi2\/BKNuBLMBSb5ITDITEcao095R8C5Bof9A066WT+Sb4k1UOuLGnli8TlDHuqq6urZ1rtTGvvSpvunNlCe88mUo4ivigdaUsfS5PUUeNSijXT\/N0+tdcRYylzTEfK+MamtGwK2mOvhrMoL4uCLamo9roo\/IAWjYvxIuPGM30onZyhUno0eT6iOVeeCwm3tTl58ljO22Vn8E8XNEudcqqp6\/MMfyjmmnYbi3\/4HM8Hnyt2HpGXDf3807Otra0Xs6ZeaJcDEV7Lfm5cWbWXGiGGubIqliesHTrWmUIsU6secU17B6czUk0SEv0dq4jlsV8lyOLA2fYycwhdf3tNgEOS3Ad2EaAithO0fimZ7CNj\/DKIFPBtviAFZFl75fyI9lVNh+o8QyqVay\/PM0qwkZQx7GKNYwKUj41FCJzh6D2nmgOAvFRGe11anO+xMgscmY4kR+0\/ScLWG32e5aw9gS\/vR9NxX+XpuNr5YYqqc7FzHFL3qPcFoh2BbhPTQWTZDb5+uSEbHKVcutiynPZot722sdU1Pd8c74OqVw4v2D4G4Jrm59mivYyEZ1GHGR+VINzgTyDrbVQoa6lmjTNQBpWHPNaqPR0D3Q3SHvmnBvkV91hjl5v20vk76LfXsu0V8laoEX1nKkLdRM4Ca2\/\/bLw3P6MZ2PUkym+s0RzVSrQs\/KpOUq6T+Up7UHBp8UUELKi+qLEGI38qsmDfByXdLwdyXDZSL83tv\/jgv7\/+ppSdihnyoLok4aagU\/TIAp+HvkEX4X1N6J1AAXAPD6yoi3WMXtUBFqELZ9BPTaUgfSMQasTOILeZDZtRpxhnGCNQBV2ZWc4g1gVbnXbJJY7BieDtGBruswnak2\/yxi0DQXLCrGtycQB5ZUvUo+DMUe6gz67VZi5tRGN4jHihMlRqweIIo\/vlhTfUpUu5ctouddVTmPJCGs+wrj37tbpCgDXDNBAw7yv0rVGSXl+hLEi8j6jsEvWNOBXhxozuxtf4dq0jMyXnL1mnskehv+5hHNCpU7aulOMQM6a50OYyKTRE\/V5lIiBprlCgh1IK0EZfv4ghvALsuHJlZLjoTxRUt2yM70PoPAibLDoUcnUaRtftfINkHmAU6lPBoyvEZzsgwCCLvUFvnfhTNu1VDd0cttdOFElJYwOXoJbFF+jG6pEMRkGGhbARnoIMCg3str3yUJUoXAqjxOhFrOgl1RBEkTIewTf7pQjkBLqFfqEyBSkX7VUqKhR8a2KZgw+4EQfrZeThOte\/8+W6WgAAvVs6v2Dji1AAd9uoQ2909iR+GCZEMFl0ieRquWE6QcI5hll7lSRWCBSnPi5r35f61jQYhvKcFXIcrNTGysX1CDZIuZFDwnI3dWvfXtpuQNHZrSPDuM1UU\/lvOgLBCTpMSgH6r6WdHijjRXtlDPhH5YxyI3SJphNtsENOPRT94TnVkRdvycSj55j+tb\/gIDFpoVSMaQBaFmVmZKodyxhV4QxJUV5JbQ\/ORremag+qE4VtnMxoKCd2Og2Y32EnpEdJe41rhIX6g87EkC7gtHRUglkcD98DcQvppvmKPbpYVTyM\/ry9sqEIWExWtot2uFWEAB0TrEr4xn1+pP3GAX6gExM97rKRL\/tRAawI5UtynDZGee6HOMpt4NKy8z3jtAEgXNtEhM5+oTqJfE8C4XKAgGysNMuy6RkYyC80wnkG50Gjje7rOjRZuNRkykTC+qcGFx3cQe4ofq1PPoI7aZPXNsHVS\/VuKIiOSwz+3K+PSsx3V969DNBJvIsbwc28\/s4VAFvegallb8NVExmd02RAk8nmZNJf7VbHnGKqJKXdps1fNmlMW1tPh0\/xtPVsteFQfb6z+ASLv64WD4YnSpttWLTAHLHAHBVqMvktWl1bRjHfZ+N111e3kqapIhQgebmReV9tj8eLxWLUBR12QWPeINyQUvYvN\/6IYBL5xs4Dm6Zj1TH4Pw==\" \/> \t\t<a href=\"https:\/\/www.pdf24.org\" target=\"_blank\" title=\"www.pdf24.org\" rel=\"nofollow\"><img src=\"https:\/\/www.hohenlohe-ungefiltert.de\/wp-content\/plugins\/pdf24-post-to-pdf\/img\/pdf_32x32.png\" alt=\"\" border=\"0\" height=\"32\" \/><\/a> \t\t<span class=\"pdf24Plugin-cp-space\">&nbsp;&nbsp;<\/span> \t\t<span class=\"pdf24Plugin-cp-text\">Sende Artikel als PDF<\/span> \t\t<span class=\"pdf24Plugin-cp-space\">&nbsp;&nbsp;<\/span> \t\t<input class=\"pdf24Plugin-cp-input\" style=\"margin: 0px;\" type=\"text\" name=\"sendEmailTo\" placeholder=\"Emailadresse\" \/> \t\t<input class=\"pdf24Plugin-cp-submit\" style=\"margin: 0px;\" type=\"submit\" value=\"Senden\" \/> \t<\/form> <\/div>","protected":false},"excerpt":{"rendered":"<p>Unmittelbar bevor in Wolfsburg die SPD \u00fcber ihre Haltung zum Ceta-Abkommen abstimmt, wurden heute Vormittag (19. September 2016) in Berlin im Agrarausschuss des Bundestages Experten zu &#8222;Auswirkungen des europ\u00e4isch-kanadischen Freihandelsabkommens CETA auf die Landwirtschaft, Ern\u00e4hrungswirtschaft und den Verbraucherschutz in Deutschland&#8220; angeh\u00f6rt. Das Fachgespr\u00e4ch fand allerdings auf Wunsch der Regierungskoalition unter Ausschluss der \u00d6ffentlichkeit statt. Kommentar [&hellip;]<\/p>\n","protected":false},"author":1,"featured_media":0,"comment_status":"open","ping_status":"open","sticky":false,"template":"","format":"standard","meta":[],"categories":[1,9,10,6,2,8,4,3],"tags":[],"_links":{"self":[{"href":"https:\/\/www.hohenlohe-ungefiltert.de\/index.php?rest_route=\/wp\/v2\/posts\/21202"}],"collection":[{"href":"https:\/\/www.hohenlohe-ungefiltert.de\/index.php?rest_route=\/wp\/v2\/posts"}],"about":[{"href":"https:\/\/www.hohenlohe-ungefiltert.de\/index.php?rest_route=\/wp\/v2\/types\/post"}],"author":[{"embeddable":true,"href":"https:\/\/www.hohenlohe-ungefiltert.de\/index.php?rest_route=\/wp\/v2\/users\/1"}],"replies":[{"embeddable":true,"href":"https:\/\/www.hohenlohe-ungefiltert.de\/index.php?rest_route=%2Fwp%2Fv2%2Fcomments&post=21202"}],"version-history":[{"count":1,"href":"https:\/\/www.hohenlohe-ungefiltert.de\/index.php?rest_route=\/wp\/v2\/posts\/21202\/revisions"}],"predecessor-version":[{"id":21203,"href":"https:\/\/www.hohenlohe-ungefiltert.de\/index.php?rest_route=\/wp\/v2\/posts\/21202\/revisions\/21203"}],"wp:attachment":[{"href":"https:\/\/www.hohenlohe-ungefiltert.de\/index.php?rest_route=%2Fwp%2Fv2%2Fmedia&parent=21202"}],"wp:term":[{"taxonomy":"category","embeddable":true,"href":"https:\/\/www.hohenlohe-ungefiltert.de\/index.php?rest_route=%2Fwp%2Fv2%2Fcategories&post=21202"},{"taxonomy":"post_tag","embeddable":true,"href":"https:\/\/www.hohenlohe-ungefiltert.de\/index.php?rest_route=%2Fwp%2Fv2%2Ftags&post=21202"}],"curies":[{"name":"wp","href":"https:\/\/api.w.org\/{rel}","templated":true}]}}