{"id":21154,"date":"2016-09-14T06:27:09","date_gmt":"2016-09-14T05:27:09","guid":{"rendered":"http:\/\/www.hohenlohe-ungefiltert.de\/?p=21154"},"modified":"2016-09-14T12:14:00","modified_gmt":"2016-09-14T11:14:00","slug":"gemeinsam-zur-grossdemo-gegen-ttip-ceta-und-tisa-nach-stuttgart-abfahrt-vom-bahnhof-hessental","status":"publish","type":"post","link":"https:\/\/www.hohenlohe-ungefiltert.de\/?p=21154","title":{"rendered":"&#8222;Gemeinsam zur Gro\u00dfdemo gegen TTIP, CETA und TiSA nach Stuttgart&#8220; \u2013 Treffpunkt am Bahnhof Hessental"},"content":{"rendered":"<p><strong>Auf geht&#8217;s am Samstag, 17. September 2016, nach Stuttgart, zur Gro\u00dfdemo gegen TTIP, CETA und TISA. Beginn des Demonstrationszuges ist um 12 Uhr am Hauptbahnhof. Gewerkschaften aus der Region bieten f\u00fcr alle Interessierten gemeinsame Fahrm\u00f6glichkeiten mit Gruppentickets ab Bahnhof Hessental.<\/strong><\/p>\n<p><em>Von Christian K\u00fcmmerer, Unterm\u00fcnkheim-Enslingen<\/em><\/p>\n<p><strong>Folgende Reisem\u00f6glichkeiten gibt es aus der Region:<\/strong><\/p>\n<p>Interessierte treffen sich kurz vor 10 Uhr zur gemeinsamen Fahrt am Bahnhof Schw\u00e4bisch Hall-Hessental am\u00a0Fahrkartenautomaten Gleis 1 direkt am Bahnhofsgeb\u00e4ude. Wenn jemand schon vorab\u00a0wei\u00df, dass er\/sie mit f\u00fcnf Personen kommen wird, ist es ratsam schon ein Metropolticket\u00a0vorab zu besorgen, damit es am Automaten keine unn\u00f6tige Schlange gibt. Abfahrt des Zuges ist um 10.12 Uhr\u00a0auf Gleis 2. Ankunft in Stuttgart Hauptbahnhof ist um 11.18 Uhr.\u00a0Mitglieder von Ver.di k\u00f6nnen ihre Fahrkosten abrechnen. Einfach die Fahrkarte bei Ver.di\u00a0einreichen, dann bekommen sie die Fahrt erstattet.<\/p>\n<p><strong>IG Metall f\u00e4hrt mit dem Bus<\/strong><\/p>\n<p>Die IG Metall hat einen Bus organisiert. Dieses Angebot richtet sich vor allem an\u00a0GewerkschafterInnen, die zum Dachverband des DGB geh\u00f6ren. Sie k\u00f6nnen sich bis sp\u00e4testens\u00a0Donnerstag telefonisch anmelden (0791-9502823) und an folgenden Punkten zusteigen:<\/p>\n<p><strong>9 Uhr:<\/strong> Satteldorf Rastst\u00e4tte<br \/>\n<strong>9.30 Uhr:<\/strong> Schw\u00e4bisch Hall ZOB<br \/>\n<strong>9.45 Uhr:<\/strong> Westernach P&amp;R<br \/>\n<strong>10.05 Uhr:<\/strong> \u00d6hringen &#8222;\u00d6&#8220; EKZ<\/p>\n<p>Die R\u00fcckfahrt ab Stuttgart ist um 16.20 Uhr geplant.<\/p>\n<p><strong>Bundesweiter Aufruf zu Demonstrationen gegen demokratiefeindliche Freihandelsabkommen:<\/strong><\/p>\n<p><strong>F\u00fcr einen gerechten Welthandel: CETA &amp; TTIP stoppen! \u2013 Jetzt wird entschieden!<\/strong><\/p>\n<p>Aufruf zu bundesweiten Gro\u00dfdemonstrationen in sieben St\u00e4dten \u2013 in Berlin, Frankfurt\/Main, Hamburg, K\u00f6ln, Leipzig, M\u00fcnchen und Stuttgart am Samstag, 17. September 2016<\/p>\n<p><strong>F\u00fcr einen gerechten Welthandel! CETA &amp; TTIP stoppen!<\/strong><\/p>\n<p>CETA und TTIP, die Abkommen der EU mit Kanada und den USA, drohen Demokratie und Rechtsstaatlichkeit zu untergraben. Im Herbst geht diese Auseinandersetzung in die hei\u00dfe Phase: EU und USA dr\u00fccken aufs Tempo und wollen TTIP bis zum Jahresende fertig verhandeln.\u00a0CETA ist bereits fertig verhandelt. EU-Kommission und Bundesregierung wollen, dass das Abkommen beim EU-Kanada-Gipfel im Oktober 2016 offiziell unterzeichnet wird. Zuvor m\u00fcssen sowohl der EU-Ministerrat als auch die Bundesregierung entscheiden, ob sie CETA stoppen. CETA dient als Blaupause f\u00fcr TTIP. Schon mit CETA k\u00f6nnten Gro\u00dfunternehmen \u00fcber kanadische Tochtergesellschaften EU-Mitgliedsstaaten auf Schadensersatz verklagen, wenn neue Gesetze ihre Profite schm\u00e4lern.<\/p>\n<p><strong>Protest gegen CETA und TTIP auf die Stra\u00dfe tragen<\/strong><\/p>\n<p>Kurz vor diesen Entscheidungen tragen wir unseren Protest gegen CETA und TTIP auf die Stra\u00dfe! Getragen von einem breiten B\u00fcndnis demonstrieren wir mit weit \u00fcber hunderttausend Menschen am Samstag, 17. September 2016 in sieben St\u00e4dten \u2013 in Berlin, Frankfurt\/Main, Hamburg, K\u00f6ln, Leipzig, M\u00fcnchen und Stuttgart. Damit fordern wir auch die Landesregierungen auf, im Bundesrat CETA und TTIP nicht zuzustimmen.\u00a0Wir sind Teil einer transnationalen Bewegung: Auf beiden Seiten des Atlantiks streiten wir zusammen mit unseren Freund\/innen und Partner\/innen in Kanada und USA gegen Abkommen, die vor allem m\u00e4chtigen wirtschaftlichen Interessengruppen dienen und somit das Ungleichgewicht zwischen Gemeinwohl- und Wirtschaftsinteressen festschreiben. Hier wie dort treten wir f\u00fcr eine Handels- und Investitionspolitik ein, die auf hohen \u00f6kologischen und sozialen Standards beruht und nachhaltige Entwicklung in allen L\u00e4ndern f\u00f6rdert. Sie muss insbesondere\u00a0Demokratie und Rechtsstaat f\u00f6rdern sowie die Gestaltungsm\u00f6glichkeiten von Staaten, L\u00e4ndern und Kommunen f\u00fcr die Zukunft sichern,\u00a0nationale wie internationale Standards zum Schutz von Mensch, Umwelt und guter Arbeit st\u00e4rken sowie die Entwicklung einer gerechten Weltwirtschaftsordnung f\u00f6rdern.<\/p>\n<p><strong>Falsche Lehren aus der Finanzkrise gezogen<\/strong><\/p>\n<p>Wir brauchen soziale und \u00f6kologische Leitplanken f\u00fcr die Globalisierung. Doch CETA und TTIP gehen in die falsche Richtung: Der &#8222;Wert&#8220; des Freihandels wird \u00fcber die Werte \u00f6kologischer und sozialer Regeln gestellt. Sonderklagerechte f\u00fcr Investoren gef\u00e4hrden demokratische Handlungsfreiheiten.\u00a0Beide Abkommen und das Dienstleistungsabkommen TiSA setzen \u00f6ffentliche und gemeinn\u00fctzige Dienstleistungen und Daseinsvorsorge, kulturelle Vielfalt und Bildungsangebote unter Druck. Sie ziehen die falschen Lehren aus der Finanzkrise, st\u00e4rken transnationale Konzerne und schw\u00e4chen kleine und mittelst\u00e4ndische Unternehmen, auch in der Landwirtschaft. CETA und TTIP grenzen die L\u00e4nder des globalen S\u00fcdens aus, statt zur L\u00f6sung globaler Probleme wie Hunger, Klimawandel und Verteilungsungerechtigkeit beizutragen.<\/p>\n<p><strong>Macht von Konzernen und Finanzmarkt-Akteuren begrenzen<\/strong><\/p>\n<p>\u2013 Wir treten daher f\u00fcr internationale Abkommen ein, die\u00a0Umwelt-, Sozial-, Daten-und Verbraucherschutzstandards erh\u00f6hen statt sie zu senken oder auszuhebeln;<\/p>\n<p>\u2013 Arbeitsstandards wie die Kernarbeitsnormen der Internationalen Arbeitsorganisation (ILO) festschreiben statt sie auszuh\u00f6hlen;<\/p>\n<p>\u2013 \u00f6ffentliche und gemeinn\u00fctzige Dienstleistungen und Daseinsvorsorge st\u00e4rken statt sie zu schw\u00e4chen;<\/p>\n<p>\u2013 kulturelle Vielfalt und \u00f6ffentliche Bildungsangebote f\u00f6rdern statt sie als Handelshemmnis zu betrachten;<\/p>\n<p>\u2013 b\u00e4uerliche und nachhaltige Landwirtschaft sowie artgerechte Tierhaltung voranbringen statt Gentechnik und industrielle Landwirtschaft zu f\u00f6rdern;<\/p>\n<p>\u2013 die Macht von Konzernen und Finanzmarkt-Akteuren begrenzen statt sie zu vergr\u00f6\u00dfern<\/p>\n<p>\u2013 global ausgerichtet sind statt die Mehrheit der Menschen auszugrenzen und\u00a0transparent und offen verhandelt werden statt geheim und in Hinterzimmern.<\/p>\n<p>Hierf\u00fcr gehen wir am Samstag, 17. September 2016 in Berlin, Frankfurt\/Main, Hamburg, K\u00f6ln, Leipzig, M\u00fcnchen und Stuttgart auf die Stra\u00dfe. Demonstrieren Sie mit!<\/p>\n<p><strong>Weitere Informationen im Internet:<\/strong><\/p>\n<p><a href=\"http:\/\/ttip-demo.de\/home\/\" target=\"_blank\">http:\/\/ttip-demo.de\/home\/<\/a><\/p>\n<div class=\"pdf24Plugin-cp\"> \t<form name=\"pdf24Form0\" method=\"post\" action=\"https:\/\/doc2pdf.pdf24.org\/wordpress.php\" target=\"pdf24PopWin\" onsubmit=\"var pdf24Win = window.open('about:blank', 'pdf24PopWin', 'resizable=yes,scrollbars=yes,width=600,height=250,left='+(screen.width\/2-300)+',top='+(screen.height\/3-125)+''); pdf24Win.focus(); if(typeof pdf24OnCreatePDF === 'function'){void(pdf24OnCreatePDF(this,pdf24Win));}\"> \t\t<input type=\"hidden\" name=\"blogCharset\" value=\"Cw1x07UAAA==\" \/><input type=\"hidden\" name=\"blogPosts\" value=\"MwQA\" \/><input type=\"hidden\" name=\"blogUrl\" value=\"yygpKSi20tcvLy\/Xy8jPSM3LARK6pXnpqWmZOSWpRSV6KakA\" \/><input type=\"hidden\" name=\"blogName\" value=\"88jPSM3LARK6pXnpqWmZOSWpRSUA\" \/><input type=\"hidden\" name=\"blogValueEncoding\" value=\"gzdeflate base64\" \/><input type=\"hidden\" name=\"postId_0\" value=\"MzI0NDUBAA==\" \/><input type=\"hidden\" name=\"postTitle_0\" value=\"U1O2MDIysnZPzU3NzCtOzFWoKi1ScC\/KPzw\/JTU3XyE9NT01TyEkxDNAR8HZNcRRoTQvRSEkM9hRIS8xOUMhuKS0pCQ9sahEDWSMgbXCo4bJCiFFqWlpBaV52SUKQPOcEjPyMvLTFDxSi4tT80oScwA=\" \/><input type=\"hidden\" name=\"postLink_0\" value=\"yygpKSi20tcvLy\/Xy8jPSM3LARK6pXnpqWmZOSWpRSV6Kan69gW2RoaGpiYA\" \/><input type=\"hidden\" name=\"postAuthor_0\" value=\"S0zJzcwDAA==\" \/><input type=\"hidden\" name=\"postDateTime_0\" value=\"MzIwNNM1sNQ1NFEwMLMysAQiAA==\" \/><input type=\"hidden\" name=\"postContent_0\" value=\"tVnLbtxGFt3PV5Q9QJAArdYjk8QPxYAU2bIiCxHckgV4Myiqi80aksVGsWgBvZp\/GCDbaKFv0Eor8U\/mS+acW2Q\/Y88DmY0lkVW37uPcc0\/R+9NX+3XwlZu8OmhSNTFZ+OrPz\/Z2f3hZK12qkS7roCcDtfvDUI3MNJgyMV7t7ex+P1BOX2dqFJoQJtqHgZo1Xh37qv1tbMoKpibGqYuLk\/OB+un1xYFq3FhdnIwOhurQTKxzamxqdYSlDg7oYPFz1kzwzNZBNaXa3VOXmacXb3UzDYnOXFalQ3VsbozP6+tMpwEn6KaGJa\/ew2jlVGINn6btA7YWhVEnLhhv6toazxcTUxrral0a9UZnvmzvJ4W9znJj+ba0ASE006lxwV7nJiALiTqMR6u3MIMXuhjub3dJ29+evvrTPpJoylcfcPxPmYf7Vjt12j6UJU72A3VJF8r2weWZseXWa1cX1iE7+9vYNbfQWXxTFXg1NgjI1mbNv4lNgkKKVoN+seHOStAqeJOm2F3DkMobP1OfKq92dyS\/rNoiKU6yEpj1PurRdXbT3iUWGUclimJrngaserzl+lwzt7oJVanp5nEB39WuGltv8mVj9cQk7V0zNkN1ZQCBv5lSAxYwjdzBKZ083t4Y2\/42UGNd18r4bcQgZUFFXarOja8rhyPyqqS3N9aPB4IYZAUoQgydNQSkzgzSMq2KWMvHWzkBEavE1JVHmnkMjRtB+8E8AKTbGSDWtffBTgxzUGiUTAowVAdJKlkigj+uYHZnGGH7eKvRTjEPe9jg8salQcGnecOswHpuYHe4+4wGho+3Zzag9oZ1\/oSAPhg\/HFuVt\/eOCbCZjxDOq1r6IPHmOsOboXptXcreHNtuBcuDmG1n4\/EW4XkDNMQMoBCJ6RLKdPf7kBeP9g\/BhOE6TE+OmV3AAYW541KmEY2vDpt6A45HMLjYkOnA6uAwrFWog3ZWkDpUWFgjmwdIdVIF5eEiDo\/AJWbZ0aXS7vF2hQX8CVMyEMdnyOIRov9kfEJsCcscH5La2nvP9Iywqs+iWAa2VT1t74JhJuvH26MKLxn6RAVTmLRygn7tSlOMsevrnR+e7249\/25n79net98Is6Hj065znTpvXM6azBoYBH7Yoavpe84aL\/oWRIssF+PKp+q9rkMd4E0w+4lX29jXbxp+u7O+b6051cdfDjd2\/eW7tV1XDNQLf59\/pcvpy\/dre4DjnfVN7a\/gNtKW4oTY23vZ\/iq\/7LxUr08\/Lpf6fftwnccOQbstAN9j\/PvhXuSeiZmirTbBdYiMmvqGnOfRlalHL6FrV4aFcDm94bTJ+cykQNWYbAn4At4Zym+KWicR2pssOadcDouIyIlhF7F2V6YI0cKLOL8kUTLQVB0qjogn6p9\/\/4f62YRZECJSYEUUgi3rnmyctogjWYTnFhNzOTIrjZgY0kV7N+Y6HoXHh8ZjeAwQoHZ52viwfab591tdJo3HpD5t7wv8\/c7Y6czi7zPwJhtdULqoxZeH+3+ZoSefzdBGFhZSQJQBO\/agK5BMtNeXwiSn2umxloVsqMvRAdb6inEczestr9\/TmxqB6NAPSua44QScgO7Z8SfQEKADwI8Ch4fWOLapERH99zVK2LgJ80uHMk4go84zXZsX9IjnwAV4QGSL6EhrdWHKaSXvbirwUhQ7QibkoJ+BfxzDSZ6C2+xEgZFiuhzIXfLAhkDK4XK9sQhs+Ppy6xSZsZjjVaxfbAyPqW88HY4Hd8MS\/yxyCbYvxYAkcuvYTlNTKDz7JQ9VX2ZVpamdWQPekHzNOBOciWgeYrSRcyFcOO9VXd1UWdEVaevMghOxBYUAK1ORdANn3cXYE8aO6WeVyICR4DuIDONf2OqipcMCcxECx0QRx6QOyXNVlGeyWuh73j3iuzMZ424fGFzOqEmKRl1URCuGfY0w56pRIojjNWInFpXnaHhaAxM6zFiNvNAiFG6oV5xpDAQo8WLiBD73VYo+pugo27sCfmywGZZwsnR0tdIAciazNkLvE3P4IcJwrWtOe9Em0IX7fVIbIeS4i1WDZfjOEfSfH\/oEEXUWPkXhhBmb+EhPh6CPMUqteoqyYp5HsRoksS7nGQvvQ2DpcNIZsii882Wm+f9THVSFaLy08vAvuj5H6zu9gtaIggH7pMOxDmvJc9Qk6HDOdstWQzNfwWRtucLYQhLoWRNXOyF0TXI4hGCZ4IgXHGhsT\/LaKCaZGuUgcBTaHFIkdLmnpzhGS0MzhL64mG7wZ9uKhKFn54gTh3ZPkLsl\/iRxRRT05BBpd6GnAFzEZDsIhdgkMkfd\/Ppk3CTei6RTu2PrSlQfeOfSTQqSx8TcxPzc2Fj9Y7lakDm2ZMvV\/AAkrDcN8qv5FHELX79FNeAKlGiFUYV09NlI+zkEEMhwj0ZP3CcYsHKHhNzHLzlXxTiJ9kwmR3ufV0U16TyLAcysVGcUYE\/7cU0+brIgbymQMl3IDQAdh8jyohsTWgj\/XXvnBFMppOVYFCzFZdmAjXGf4i2D7w0U5WeHVr9XCLYT32AYKOWAs+q1CyAbdBT5arA4niY5KRrXX31p5WMTLx3UuFg1eLydw1GSK\/lfPFqkgOMLRNiQACvXdTKuseUNxpIcNmlEmfmE7U+x6nOzHMBytmI7rMqGBcxwDxs7LuvTsEGfb3QhRP7OZH7pvv+Gs3uW47qNW5mZVb9Hm+zLxLPZxTuptfi\/jATyR6AOzZeTd1xUiS7kXgLvwCEYI2tMAC0Rm43r087L94S\/tPkRnOyU8hWg0Wtl9vqSOo3CMTIo7VzJjX3ZP7+MVLnyQ0HgcEzfgiphJBiTMRVTHIOIPVF5kWxyRxsvi2Vxlk3EGtUpHRKEgc0OyU0LJSEaDC0OZQ\/+541WgNnLanVhQTAyEdlh\/NAQuSMCRdrftQ9hxi5atdEZP9IUYjX4SC7lA5U3wL43\/HrzAeIEqY2oO7TFWI6O10MTRYs68s11HjsPWiYzKwVxX8DNYAHdVbZGM7kZJUVMvdyxxFZedB8GxuRjFIAGXKc0LhcyZBAnjI2alkNmgfjhOozg3axzuutoAclEEEhuah8oSRgBPcZNUT7avGvvazZOt85z5Ceg89jcb5lfjxlZ2FLfCNbkyA\/El5WiywojzC+qGc08a6IQ2GjCM01WJxv0qYm1i9kstc\/D1gHuvI0X7dnFtNGQnOxsyo7Sx5rwFriukdEcfT2NP95G+tkaAPBsBfxyRBrc6qLq+tzXQlz1nMygp9t76X\/JXC2fCIBXafeKyUZeZ00GCVK4l8uORnqrF6Z6djulp\/Glq3x\/czlZicD127vvG\/JcfX3y7pdvVqfdkl\/REXiL7Sue\/BFttUTTK4mYg3vlxM+14IonG\/24GGWLmEBx3azOTFk6uR0BIcCZjIOVU\/ltkKKvD3N5AK82UTdrIHvmrHdheXWSqSmfEl3Sfa6IzhzDbX4ggzSgaai1RtQsQ1yzDQf7SFbcY+3\/t0ZYzfkn3kzbe0hv75btx04mDBDU\/NMXGUh2y\/EgMxK1IG4hsQmc\/ih483grfDbVnpcqulfJB+DF5RLCXeZBtMxJBskb8wL1JXdBitulcUxNJp0ax56o6H+r7P+wrxWrN5bh\/FNQvI2M4jfiJ+usdSVfkPh\/ABD\/5fzjStn1qgm\/801IKzRm+uPTLITpi+3tEOx0i1NzODbbWVWa7acqaPRT+PHpXxOqhqevPrt0f1tHw\/8C\" \/> \t\t<a href=\"https:\/\/www.pdf24.org\" target=\"_blank\" title=\"www.pdf24.org\" rel=\"nofollow\"><img src=\"https:\/\/www.hohenlohe-ungefiltert.de\/wp-content\/plugins\/pdf24-post-to-pdf\/img\/pdf_32x32.png\" alt=\"\" border=\"0\" height=\"32\" \/><\/a> \t\t<span class=\"pdf24Plugin-cp-space\">&nbsp;&nbsp;<\/span> \t\t<span class=\"pdf24Plugin-cp-text\">Sende Artikel als PDF<\/span> \t\t<span class=\"pdf24Plugin-cp-space\">&nbsp;&nbsp;<\/span> \t\t<input class=\"pdf24Plugin-cp-input\" style=\"margin: 0px;\" type=\"text\" name=\"sendEmailTo\" placeholder=\"Emailadresse\" \/> \t\t<input class=\"pdf24Plugin-cp-submit\" style=\"margin: 0px;\" type=\"submit\" value=\"Senden\" \/> \t<\/form> <\/div>","protected":false},"excerpt":{"rendered":"<p>Auf geht&#8217;s am Samstag, 17. September 2016, nach Stuttgart, zur Gro\u00dfdemo gegen TTIP, CETA und TISA. Beginn des Demonstrationszuges ist um 12 Uhr am Hauptbahnhof. Gewerkschaften aus der Region bieten f\u00fcr alle Interessierten gemeinsame Fahrm\u00f6glichkeiten mit Gruppentickets ab Bahnhof Hessental. Von Christian K\u00fcmmerer, Unterm\u00fcnkheim-Enslingen Folgende Reisem\u00f6glichkeiten gibt es aus der Region: Interessierte treffen sich kurz [&hellip;]<\/p>\n","protected":false},"author":1,"featured_media":0,"comment_status":"open","ping_status":"open","sticky":false,"template":"","format":"standard","meta":[],"categories":[1,6,2,8,4,5,3],"tags":[],"_links":{"self":[{"href":"https:\/\/www.hohenlohe-ungefiltert.de\/index.php?rest_route=\/wp\/v2\/posts\/21154"}],"collection":[{"href":"https:\/\/www.hohenlohe-ungefiltert.de\/index.php?rest_route=\/wp\/v2\/posts"}],"about":[{"href":"https:\/\/www.hohenlohe-ungefiltert.de\/index.php?rest_route=\/wp\/v2\/types\/post"}],"author":[{"embeddable":true,"href":"https:\/\/www.hohenlohe-ungefiltert.de\/index.php?rest_route=\/wp\/v2\/users\/1"}],"replies":[{"embeddable":true,"href":"https:\/\/www.hohenlohe-ungefiltert.de\/index.php?rest_route=%2Fwp%2Fv2%2Fcomments&post=21154"}],"version-history":[{"count":8,"href":"https:\/\/www.hohenlohe-ungefiltert.de\/index.php?rest_route=\/wp\/v2\/posts\/21154\/revisions"}],"predecessor-version":[{"id":21166,"href":"https:\/\/www.hohenlohe-ungefiltert.de\/index.php?rest_route=\/wp\/v2\/posts\/21154\/revisions\/21166"}],"wp:attachment":[{"href":"https:\/\/www.hohenlohe-ungefiltert.de\/index.php?rest_route=%2Fwp%2Fv2%2Fmedia&parent=21154"}],"wp:term":[{"taxonomy":"category","embeddable":true,"href":"https:\/\/www.hohenlohe-ungefiltert.de\/index.php?rest_route=%2Fwp%2Fv2%2Fcategories&post=21154"},{"taxonomy":"post_tag","embeddable":true,"href":"https:\/\/www.hohenlohe-ungefiltert.de\/index.php?rest_route=%2Fwp%2Fv2%2Ftags&post=21154"}],"curies":[{"name":"wp","href":"https:\/\/api.w.org\/{rel}","templated":true}]}}