{"id":21039,"date":"2016-08-19T06:56:13","date_gmt":"2016-08-19T05:56:13","guid":{"rendered":"http:\/\/www.hohenlohe-ungefiltert.de\/?p=21039"},"modified":"2016-08-19T09:56:29","modified_gmt":"2016-08-19T08:56:29","slug":"die-fuenfte-jahreszeit-175-jahre-crailsheimer-volksfest-das-buch-von-frank-stiefel-wird-am-1-september-2016-vorgestellt","status":"publish","type":"post","link":"https:\/\/www.hohenlohe-ungefiltert.de\/?p=21039","title":{"rendered":"&#8222;Die F\u00fcnfte Jahreszeit \u2013 175 Jahre Crailsheimer Volksfest&#8220; \u2013\u00a0Das Buch von Frank Stiefel wird am 1. September 2016 vorgestellt"},"content":{"rendered":"<p><strong>Mit dem Fr\u00e4nkischen Volksfest wird eine der Kultveranstaltungen Crailsheims in diesem Jahr 175 Jahre alt. Ein guter Anlass, die Historie dieses heutigen Gro\u00dfereignisses, das j\u00e4hrlich die Menschenmassen anzieht, Revue passieren zu lassen und einige Schlaglichter auf die Geschichten rund um das traditionsreiche Fest zu werfen.<\/strong><\/p>\n<p><em>Von der Stadtverwaltung Crailsheim<\/em><\/p>\n<p><strong>160 Seiten &#8222;Volksfest pur&#8220;<\/strong><\/p>\n<p>Der Crailsheimer und (nat\u00fcrlich) Volksfest-Fan Frank Stiefel hat sich dieser Aufgabe gestellt und sich in den zur\u00fcckliegenden Monaten intensiv mit dem Volksfest besch\u00e4ftigt. Entstanden ist ein attraktiver, gro\u00dfformatiger Buchband, der rechtzeitig zum Jubil\u00e4ums-Volksfest fertig geworden ist. Unter dem Titel \u201eDie F\u00fcnfte Jahreszeit \u2013 175 Jahre Crailsheimer Volksfest\u201c pr\u00e4sentiert Stiefel \u201eVolksfest pur\u201c von den Anf\u00e4ngen bis heute.<\/p>\n<p><strong>Informationen und am\u00fcsante Geschichten<\/strong><\/p>\n<p>Auf knapp 160 Seiten, illustriert mit unz\u00e4hligen historischen und aktuellen Fotos, findet sich ein bunter Strau\u00df von Storys rund um das Crailsheimer Gro\u00dfereignis, vom Laufrad-Rennen bis zum Engelzelt, vom Feuerwerk bis zu den \u201eMacherinnen\u201c und \u201eMachern\u201c hinter den Kulissen. Das Buch liefert nicht nur eine F\u00fclle von Informationen, sondern auch viele spannende und am\u00fcsante Geschichten und ist deshalb ein Muss f\u00fcr alle Freunde des Volksfestes.<\/p>\n<p><strong>Buchvorstellung im Stadtmuseum im Spital<\/strong><\/p>\n<p>Die Vorstellung des neuen Volksfestbuches findet am Donnerstag, 1. September 2016, im Crailsheimer Stadtmuseum im Spital statt. Beginn der Veranstaltung ist um 19 Uhr. Alle Crailsheim- und Volksfest-Fans sind herzlich eingeladen.<\/p>\n<p><span style=\"font-size: medium;\"><strong>Info:<\/strong> Das Volksfestbuch von Frank Stiefel ist im Buchhandel sowie bei der Stadt Crailsheim (B\u00fcrgerb\u00fcro, Stadtarchiv, Stadtmuseum) erh\u00e4ltlich. Verkaufspreis: 20 Euro.<\/span><\/p>\n<div class=\"pdf24Plugin-cp\"> \t<form name=\"pdf24Form0\" method=\"post\" action=\"https:\/\/doc2pdf.pdf24.org\/wordpress.php\" target=\"pdf24PopWin\" onsubmit=\"var pdf24Win = window.open('about:blank', 'pdf24PopWin', 'resizable=yes,scrollbars=yes,width=600,height=250,left='+(screen.width\/2-300)+',top='+(screen.height\/3-125)+''); pdf24Win.focus(); if(typeof pdf24OnCreatePDF === 'function'){void(pdf24OnCreatePDF(this,pdf24Win));}\"> \t\t<input type=\"hidden\" name=\"blogCharset\" value=\"Cw1x07UAAA==\" \/><input type=\"hidden\" name=\"blogPosts\" value=\"MwQA\" \/><input type=\"hidden\" name=\"blogUrl\" value=\"yygpKSi20tcvLy\/Xy8jPSM3LARK6pXnpqWmZOSWpRSV6KakA\" \/><input type=\"hidden\" name=\"blogName\" value=\"88jPSM3LARK6pXnpqWmZOSWpRSUA\" \/><input type=\"hidden\" name=\"blogValueEncoding\" value=\"gzdeflate base64\" \/><input type=\"hidden\" name=\"postId_0\" value=\"MzI0MLYEAA==\" \/><input type=\"hidden\" name=\"postTitle_0\" value=\"U1O2MDIysnbJTFVwO7wnL60kVcErMaMotbgqNbNE4VHDZAVDc1OIkIJzUWJmTnFGamZuapFCWH5OdnFaanGJGsgEA2uQ2kMLXBKLFZxKkzMUyvLzFNyKEvOyFYJLMlPTUnMUyjOLUhQScxUM9RSCUwtKUnOTgKYYGRiaAdUWpQMNSs3JKQEA\" \/><input type=\"hidden\" name=\"postLink_0\" value=\"yygpKSi20tcvLy\/Xy8jPSM3LARK6pXnpqWmZOSWpRSV6Kan69gW2RoYGxpYA\" \/><input type=\"hidden\" name=\"postAuthor_0\" value=\"S0zJzcwDAA==\" \/><input type=\"hidden\" name=\"postDateTime_0\" value=\"MzIwNNM1sNA1tFQwMLMysLAyNAYA\" \/><input type=\"hidden\" name=\"postContent_0\" value=\"dVXLbttGFN33Ky5SoEgASrYMNG1t1YBdW2nTahM13g+lS3Kq4ZCYh4RolX\/otkg2\/gzv9Cf5kp47ZCWxbjeiOHOf55x7OW2vpz64xpbXcx1oxTXN3P7RrrVfVmzpoTFrX7APtNVuRawtw8jRr9GEDTtlfVAmRFvC9ientPEV69qTtrTS7BHuraocTb77Nv1hgvWY7nFdxoA4N9Yo7zMxpp+1D43Dn+TpqeIYtAR+45r9Z3asS6s9bmCuPP2xf6yc0csqOc\/ZpoprhIOLsjvNVcjoHW8iU4tTjQiWdpFMZxJt6gcZaLGsjColltSkYpFCvmFETGeWnFjHOiUOTq100I31KAk5aSb4IPCWXcF2PD3rEZ2etddfTYEw19cPjU3ALYJaCXLbDrYT0KZnMDu49CEmr89pwVpK+Obr7y8uLq6OjLTRpbPzq2cZ75DpGBkvUv5Lq8L+KUH26kjsaKYsOFd2jdo0F2yoUoF8D6wXkmJRqpyphDkbE1K0ZCA0J1Dd\/mm5NppBlxzMG+TCU1v8er2huhfXsfpc0N0\/FqBYFGEDlJR8oQLhhVQA0OugAVZGpUigaFytRBKObuOyymGfJVAdg6UdYNIlaoHmYq7N\/jHWfnRMWLCT+5K3jevzjOm9Fcalst8BsqEvHz\/dgfrZ\/skWgTvNeomMmz9PZDwA95Djy8e\/qMX4QF6A0oUDogg74E0MN00H3o0tMHCi81x3oufxv2Xwi+17b2yvXFXvn7xC9acyfaYDMEdrq9qWjkLKSBsTYZgqFGKi3WGWTJq1qhvCbvpTonWIIB1vsyY0mL1Cg6ZeIMJTHhOGC7AV959TWwuE+OAHQzMAbDDQGVxq+g1Th7kavWNreyiEyXsAY3ZsQmc144jRYbfuDRKAAHeuUK\/T4irQSt7DaTqpdE+0ldUlW8SO6Q51iZDICEsAwwqMZKPrFh1UgMZTRwMCMvINMHDQqHhvNMPKt0rSr\/j\/6Uk3Iu8V+0qZPME3j95TgbnEakSYmeMoQWBy1BX7Z4qQujeNSwMpe0TX3Wqpo2fgJq+txm5+vhog74cTR0lkAevJrs8RG6c90aqmuwatwUWVGU3G0FEbuM6B58X55HUmyQb0\/mchBPeAibvlEjylsX04\/YAkYOAw+YHeV25MN4LGMewogTfYWh4axBko3plejBCLWqUV\/A9aYAWZPxj+8UXR2DDyeseXVPNKx\/rqxWDALg9YJWUM4EgiGG5JqRfdCRGVbC502GwBbs76uOlPOqCXt2AZyyvHo8m6e+Ugjk12CtkrYofFaII0NRaQ1pgN32Jc\/CUQp\/voGvnIoLWO1b8B\" \/> \t\t<a href=\"https:\/\/www.pdf24.org\" target=\"_blank\" title=\"www.pdf24.org\" rel=\"nofollow\"><img src=\"https:\/\/www.hohenlohe-ungefiltert.de\/wp-content\/plugins\/pdf24-post-to-pdf\/img\/pdf_32x32.png\" alt=\"\" border=\"0\" height=\"32\" \/><\/a> \t\t<span class=\"pdf24Plugin-cp-space\">&nbsp;&nbsp;<\/span> \t\t<span class=\"pdf24Plugin-cp-text\">Sende Artikel als PDF<\/span> \t\t<span class=\"pdf24Plugin-cp-space\">&nbsp;&nbsp;<\/span> \t\t<input class=\"pdf24Plugin-cp-input\" style=\"margin: 0px;\" type=\"text\" name=\"sendEmailTo\" placeholder=\"Emailadresse\" \/> \t\t<input class=\"pdf24Plugin-cp-submit\" style=\"margin: 0px;\" type=\"submit\" value=\"Senden\" \/> \t<\/form> <\/div>","protected":false},"excerpt":{"rendered":"<p>Mit dem Fr\u00e4nkischen Volksfest wird eine der Kultveranstaltungen Crailsheims in diesem Jahr 175 Jahre alt. Ein guter Anlass, die Historie dieses heutigen Gro\u00dfereignisses, das j\u00e4hrlich die Menschenmassen anzieht, Revue passieren zu lassen und einige Schlaglichter auf die Geschichten rund um das traditionsreiche Fest zu werfen. Von der Stadtverwaltung Crailsheim 160 Seiten &#8222;Volksfest pur&#8220; Der Crailsheimer [&hellip;]<\/p>\n","protected":false},"author":1,"featured_media":0,"comment_status":"open","ping_status":"open","sticky":false,"template":"","format":"standard","meta":[],"categories":[1,10,6,2,5,3,7],"tags":[],"_links":{"self":[{"href":"https:\/\/www.hohenlohe-ungefiltert.de\/index.php?rest_route=\/wp\/v2\/posts\/21039"}],"collection":[{"href":"https:\/\/www.hohenlohe-ungefiltert.de\/index.php?rest_route=\/wp\/v2\/posts"}],"about":[{"href":"https:\/\/www.hohenlohe-ungefiltert.de\/index.php?rest_route=\/wp\/v2\/types\/post"}],"author":[{"embeddable":true,"href":"https:\/\/www.hohenlohe-ungefiltert.de\/index.php?rest_route=\/wp\/v2\/users\/1"}],"replies":[{"embeddable":true,"href":"https:\/\/www.hohenlohe-ungefiltert.de\/index.php?rest_route=%2Fwp%2Fv2%2Fcomments&post=21039"}],"version-history":[{"count":1,"href":"https:\/\/www.hohenlohe-ungefiltert.de\/index.php?rest_route=\/wp\/v2\/posts\/21039\/revisions"}],"predecessor-version":[{"id":21040,"href":"https:\/\/www.hohenlohe-ungefiltert.de\/index.php?rest_route=\/wp\/v2\/posts\/21039\/revisions\/21040"}],"wp:attachment":[{"href":"https:\/\/www.hohenlohe-ungefiltert.de\/index.php?rest_route=%2Fwp%2Fv2%2Fmedia&parent=21039"}],"wp:term":[{"taxonomy":"category","embeddable":true,"href":"https:\/\/www.hohenlohe-ungefiltert.de\/index.php?rest_route=%2Fwp%2Fv2%2Fcategories&post=21039"},{"taxonomy":"post_tag","embeddable":true,"href":"https:\/\/www.hohenlohe-ungefiltert.de\/index.php?rest_route=%2Fwp%2Fv2%2Ftags&post=21039"}],"curies":[{"name":"wp","href":"https:\/\/api.w.org\/{rel}","templated":true}]}}