{"id":21026,"date":"2016-08-07T20:55:55","date_gmt":"2016-08-07T19:55:55","guid":{"rendered":"http:\/\/www.hohenlohe-ungefiltert.de\/?p=21026"},"modified":"2016-08-07T20:59:16","modified_gmt":"2016-08-07T19:59:16","slug":"fluchtursache-krieg-bekaempfen-friedensdemonstration-in-schwaebisch-hall","status":"publish","type":"post","link":"https:\/\/www.hohenlohe-ungefiltert.de\/?p=21026","title":{"rendered":"&#8222;Fluchtursache Krieg bek\u00e4mpfen&#8220; \u2013 Friedensdemonstration in Schw\u00e4bisch Hall: Interview in Radio StH\u00f6rfunk mit Anne Rieger vom Bundesweiten Friedensratschlag"},"content":{"rendered":"<p><strong>Eine Friedensdemonstration unter dem Motto \u201eFluchtursache Krieg bek\u00e4mpfen\u201c findet am Freitag, 2. September 2016, ab 17 Uhr, in Schw\u00e4bisch Hall statt. Die grundlegende Forderung der Demonstration ist die Beendigung der Kriegseins\u00e4tze der Bundeswehr. Weitere Ziele sind der Stopp der deutschen Waffenexporte sowie das Beenden des R\u00fcstungshaushalts.<\/strong><\/p>\n<p><em>Informationen von Radio StH\u00f6rfunk, Schw\u00e4bisch Hall<\/em><\/p>\n<p><strong>Waffen gehen meist in konfliktgeplagte arme L\u00e4nder<\/strong><\/p>\n<p>Deutschland liegt weltweit an vierter Stelle bei den Waffenexporten. Trotz Ank\u00fcndigung der Bundesregierung, den Waffenhandel zu minimieren, stieg er in der ersten H\u00e4lfte des Jahres 2016 sogar noch an. Ein Gro\u00dfteil der Waffen geht in konfliktgeplagte, meist arme L\u00e4nder, gerade solche, aus denen Menschen fliehen und etwa in Deutschland Asyl suchen.\u00a0Der &#8222;Bundesweite Friedensratschlag&#8220; macht es sich zur Aufgabe, \u00fcber genau diese Themen zu sprechen und zu verhandeln. Katharina Schmid sprach f\u00fcr Fokus S\u00fcdwest mit der stellvertretenden Sprecherin des Bundesweiten Friedensratschlags, Anne Rieger.<\/p>\n<p><strong>Interview mit Anne Rieger zum Nachh\u00f6ren im Internet:<\/strong><\/p>\n<p><a href=\"http:\/\/www.sthoerfunk.de\/blog\/post.php?s=2016-07-31-aktivistin-anne-rieger-ladt-zu-friedensdemo-ein\" target=\"_blank\">http:\/\/www.sthoerfunk.de\/blog\/post.php?s=2016-07-31-aktivistin-anne-rieger-ladt-zu-friedensdemo-ein<\/a><\/p>\n<p><strong>Weitere Informationen zum Anti-Kriegstag in Schw\u00e4bisch Hall:<\/strong><\/p>\n<p><strong>Anti-Kriegs-Tag\u00a02016:\u00a0Fluchtursachen bek\u00e4mpfen<\/strong><\/p>\n<p>Kriegseins\u00e4tze der Bundeswehr und des &#8222;Kommando Spezialkr\u00e4fte&#8220; beenden. Runter mit dem R\u00fcstungshaushalt. Waffenexporte stoppen.<\/p>\n<p>Demonstration und Kundgebung am\u00a0Freitag, 2. September 2016, um 17 Uhr auf dem Marktplatz in Schw\u00e4bisch Hall.\u00a0Abschluss am Froschgraben<\/p>\n<p>Es sprechen:\u00a0Anne Rieger,\u00a0Bundesausschuss Friedensratschlag und\u00a0Thomas Haschke,\u00a0Deutsche Friedensgesellschaft\u00a0\u2013\u00a0Vereinigte KriegsdienstgegnerInnen<\/p>\n<p>Musik: Chaoze One Hip-Hop<\/p>\n<div>\n<p>Dieser Aufruf der DGB Kreisverb\u00e4nde Schw\u00e4bisch Hall und Hohenlohe wird unterst\u00fctzt von:\u00a0attac, B\u00fcndnis 90\/Die Gr\u00fcnen, club alpha 60, Die Linke, DKP, 3.-Welt-Laden, Freundeskreis\u00a0Asyl, GEW, Gr\u00fcne Jugend, IG Metall, IG Metall Jugend, Initiative KZ-Gedenkst\u00e4tte\u00a0Hessental, MLPD, Naturfreunde, Solidarit\u00e4t International, verdi (alle Schw\u00e4bisch Hall)<\/p>\n<\/div>\n<div class=\"pdf24Plugin-cp\"> \t<form name=\"pdf24Form0\" method=\"post\" action=\"https:\/\/doc2pdf.pdf24.org\/wordpress.php\" target=\"pdf24PopWin\" onsubmit=\"var pdf24Win = window.open('about:blank', 'pdf24PopWin', 'resizable=yes,scrollbars=yes,width=600,height=250,left='+(screen.width\/2-300)+',top='+(screen.height\/3-125)+''); pdf24Win.focus(); if(typeof pdf24OnCreatePDF === 'function'){void(pdf24OnCreatePDF(this,pdf24Win));}\"> \t\t<input type=\"hidden\" name=\"blogCharset\" value=\"Cw1x07UAAA==\" \/><input type=\"hidden\" name=\"blogPosts\" value=\"MwQA\" \/><input type=\"hidden\" name=\"blogUrl\" value=\"yygpKSi20tcvLy\/Xy8jPSM3LARK6pXnpqWmZOSWpRSV6KakA\" \/><input type=\"hidden\" name=\"blogName\" value=\"88jPSM3LARK6pXnpqWmZOSWpRSUA\" \/><input type=\"hidden\" name=\"blogValueEncoding\" value=\"gzdeflate base64\" \/><input type=\"hidden\" name=\"postId_0\" value=\"MzI0MDIDAA==\" \/><input type=\"hidden\" name=\"postTitle_0\" value=\"Pc29DYMwEIbhVU6KRB1RRaFKCkSUDiYw9oFP2OfIP9CyQ1ZghizAJpkkpkn9fvqe4nQpy7KqTZI6Jh+E1AhPTzhCj9O+2deAXByjcwXf9Q11bgo5KLSOQ\/QikmMghk7qZd96ClJDI4y5woMj+plwOXIrFDnoYrN\/\/JB4AksRbswIbcbQw+ws3BMrDAtSRP5LmcifRow\/\" \/><input type=\"hidden\" name=\"postLink_0\" value=\"yygpKSi20tcvLy\/Xy8jPSM3LARK6pXnpqWmZOSWpRSV6Kan69gW2RoYGRmYA\" \/><input type=\"hidden\" name=\"postAuthor_0\" value=\"S0zJzcwDAA==\" \/><input type=\"hidden\" name=\"postDateTime_0\" value=\"MzIwNNM1sNA1MFcwMrAysLAyNQUA\" \/><input type=\"hidden\" name=\"postContent_0\" value=\"vVbBbttGEL33KwYuULQASTkOkLSO4sKubcmx3Qa2WwO5FEtxSC5ILondpZXq5H\/otWh10Df05JP4J\/mSvl3KjmwZOfZgWVzNzr598+YNh83e0Fhdq2zvSCqmYy05YWUSrmqFH4SVtaJWWdaENTqvra3p0+3fx2U7yW2rjZjkTKfYllHMRbeompTVp9u\/KJUqYUuiQlKWVmQB7UR0yY3lKka6ne0XrwISMb14Tb\/mOiCp6HKST7tFLM0kp7EoSzJWWBvRoWTKdKuSkjNGWjqudcJYyIBK0+EjtNJYSrDhgBEqs\/sgj9GwVKZb2Bn7tQOkZDPlXEd0DZCsmT5ILpkM0PuQS1s3jf+WcGsBjBVdixSX5I9NrS1C6ylOS4TpT8TvyEkX3Z2xONvkosVfaU00HKyoHg6ava+GoJ6rvROV1rryyLHzBvgvRCJrnDvu\/tVpq4pgg5bhABsfkqyS9qAoY4ewYscCGC1qlZaysBk3pciAVuiK6axbAKjeAHTYX7EUuHwJuixNubRTMEMC4CRr6ynhEhTFLCl5yoaK6ErXdkb7quju1vnvudacSV+4YG1vjvO4pFlLlVSyQgCrALV3osJOqXwC1gb5adwtytSyJ\/mdyDX+OSmhDJnQpGpwJIACcqaRrrt\/LMvS7\/9M0LPMBCvS1gkKEK1F4mpcovKQa2scbqQ5R5d4MSCJpxzXI7ZT4XKv87hv\/oCOWxcbLeeHAPLN19\/v7Oy8uRcfZPfQd5Cw35f5mO03VKG\/LOGORuJis1bTfptmIgaW7s61EfpBtE7vhukq5wpIwKNpNE\/uUeH5hnVPMpg5FTYXWirhdFXJxAXjFEq7O43GKnDFy+4umTLIqFB5x51xJUcSq9n2Gr\/sT9Cyl\/vaZdTmbUwAPcBeLlBR1tFT6Z44f4G6pv68tUhAr+hngMvRC0gsK\/Kxiu3uZjcJghrSt1u5tc3uYDCdTiNj85p9F0UJD+KyzgZNbWzU5M2P5q3TTbj9Onz5IhSFlTcov1ShwPmh9ueHpUhsOGvDdM0XQ3jIFlmhM7Zvt36PUeVia+9\/OHQ4EJtdv3KtxzbiaNtXVoa96cF8n3PXZyhcPa\/tDa9Etpw70LvL+SPXV2uGv5Hpy27rZelks2qF07qqIE+4XsMzKcpCdwv0+H0TxL2vRnTRT6JeldWmx0ZPrdmZNzZ+9rfHYy2hU3xkHDuTEhUu+IVRBU77UQUXSPtpKHRh4R6wu2foRbfvx07\/rTH9GKzxlGk0r7oHdGQeWhX0rik\/WM57unAz7HIpNrrKXWA5v8rrCrNnLLBYcOAspp9TDxsyeENZYkmkdjn\/dPvncv4bNAOrdQOhrxQMBMRknCnWJ4DxgPC8NbLYpZ9yUaOMvwDgWDbhuG76gETe9Mw6A\/LmpD05GMqjA+SGpcI2Ym+nm+PdVWBc4\/IlPmgqddK\/axjb3dmZdeMQtOAVQEwCOnDzRElDP2wP3AvBSGPBDYpJ2cYkyiYX9Go78C8LZ1KBCzo8fR\/Qyyi8xhQLz2DkiEaJPbGFwwbOYc8BjY6ug1VCete6d4yATkYweQuYa18\/\/6iklZDRDQj8EI4czwVQL6zl5XzMxrBCfEDnZ+8PA1gYmibtD8Y4r0uZwIFd+MrPvCBdPMhKJH0r3IB9Std3PeUDz\/l\/\" \/> \t\t<a href=\"https:\/\/www.pdf24.org\" target=\"_blank\" title=\"www.pdf24.org\" rel=\"nofollow\"><img src=\"https:\/\/www.hohenlohe-ungefiltert.de\/wp-content\/plugins\/pdf24-post-to-pdf\/img\/pdf_32x32.png\" alt=\"\" border=\"0\" height=\"32\" \/><\/a> \t\t<span class=\"pdf24Plugin-cp-space\">&nbsp;&nbsp;<\/span> \t\t<span class=\"pdf24Plugin-cp-text\">Sende Artikel als PDF<\/span> \t\t<span class=\"pdf24Plugin-cp-space\">&nbsp;&nbsp;<\/span> \t\t<input class=\"pdf24Plugin-cp-input\" style=\"margin: 0px;\" type=\"text\" name=\"sendEmailTo\" placeholder=\"Emailadresse\" \/> \t\t<input class=\"pdf24Plugin-cp-submit\" style=\"margin: 0px;\" type=\"submit\" value=\"Senden\" \/> \t<\/form> <\/div>","protected":false},"excerpt":{"rendered":"<p>Eine Friedensdemonstration unter dem Motto \u201eFluchtursache Krieg bek\u00e4mpfen\u201c findet am Freitag, 2. September 2016, ab 17 Uhr, in Schw\u00e4bisch Hall statt. Die grundlegende Forderung der Demonstration ist die Beendigung der Kriegseins\u00e4tze der Bundeswehr. Weitere Ziele sind der Stopp der deutschen Waffenexporte sowie das Beenden des R\u00fcstungshaushalts. Informationen von Radio StH\u00f6rfunk, Schw\u00e4bisch Hall Waffen gehen meist [&hellip;]<\/p>\n","protected":false},"author":1,"featured_media":0,"comment_status":"open","ping_status":"open","sticky":false,"template":"","format":"standard","meta":[],"categories":[1,9,10,6,2,8,4,5,3,7],"tags":[],"_links":{"self":[{"href":"https:\/\/www.hohenlohe-ungefiltert.de\/index.php?rest_route=\/wp\/v2\/posts\/21026"}],"collection":[{"href":"https:\/\/www.hohenlohe-ungefiltert.de\/index.php?rest_route=\/wp\/v2\/posts"}],"about":[{"href":"https:\/\/www.hohenlohe-ungefiltert.de\/index.php?rest_route=\/wp\/v2\/types\/post"}],"author":[{"embeddable":true,"href":"https:\/\/www.hohenlohe-ungefiltert.de\/index.php?rest_route=\/wp\/v2\/users\/1"}],"replies":[{"embeddable":true,"href":"https:\/\/www.hohenlohe-ungefiltert.de\/index.php?rest_route=%2Fwp%2Fv2%2Fcomments&post=21026"}],"version-history":[{"count":4,"href":"https:\/\/www.hohenlohe-ungefiltert.de\/index.php?rest_route=\/wp\/v2\/posts\/21026\/revisions"}],"predecessor-version":[{"id":21030,"href":"https:\/\/www.hohenlohe-ungefiltert.de\/index.php?rest_route=\/wp\/v2\/posts\/21026\/revisions\/21030"}],"wp:attachment":[{"href":"https:\/\/www.hohenlohe-ungefiltert.de\/index.php?rest_route=%2Fwp%2Fv2%2Fmedia&parent=21026"}],"wp:term":[{"taxonomy":"category","embeddable":true,"href":"https:\/\/www.hohenlohe-ungefiltert.de\/index.php?rest_route=%2Fwp%2Fv2%2Fcategories&post=21026"},{"taxonomy":"post_tag","embeddable":true,"href":"https:\/\/www.hohenlohe-ungefiltert.de\/index.php?rest_route=%2Fwp%2Fv2%2Ftags&post=21026"}],"curies":[{"name":"wp","href":"https:\/\/api.w.org\/{rel}","templated":true}]}}