{"id":21013,"date":"2016-08-05T13:28:21","date_gmt":"2016-08-05T12:28:21","guid":{"rendered":"http:\/\/www.hohenlohe-ungefiltert.de\/?p=21013"},"modified":"2016-08-05T13:32:14","modified_gmt":"2016-08-05T12:32:14","slug":"333-montagsdemo-gegen-stuttgart-21-schwaebisch-haller-aktionsbuendnis-faehrt-mit-gruppentickets-am-bahnhof-hessental","status":"publish","type":"post","link":"https:\/\/www.hohenlohe-ungefiltert.de\/?p=21013","title":{"rendered":"&#8222;333. Montagsdemo gegen Stuttgart 21&#8220; \u2013 Schw\u00e4bisch Haller Aktionsb\u00fcndnis f\u00e4hrt mit Gruppentickets am Bahnhof Hessental"},"content":{"rendered":"<p><strong>Mitten im Sommer wird die 333. Montagsdemo am 8. August 2016 als ein politisches Kultur-Festival auf dem Stuttgarter Schlossplatz.gestaltet.\u00a0Beginn ist um 18 Uhr. Das\u00a0Schw\u00e4bisch Haller Aktionsb\u00fcndnis gegen Stuttgart 21 f\u00e4hrt gemeinsam\u00a0zu dieser Jubil\u00e4umsdemo nach Stuttgart. &#8222;Wir treffen uns\u00a0um 16 Uhr\u00a0am Hessentaler Bahnhof, um gemeinsam mit Gruppentickets dort hinzufahren&#8220;, schreiben die Veranstalter.\u00a0Der Zug f\u00e4hrt um 16.14 Uhr in Hessental ab.<\/strong><\/p>\n<p><em>Von Klaus Reinhardt,\u00a0Unterm\u00fcnkheim,\u00a0Schw\u00e4bisch Haller Aktionsb\u00fcndnis gegen Stuttgart 21<\/em><\/p>\n<p><strong>Redner in Stuttgart sind unter anderen folgende Personen:<\/strong><\/p>\n<p>Prof. Dr. Herta D\u00e4ubler-Gmelin, Juristin und Bundesjustizministerin a.D.<\/p>\n<p>Christian P\u00e4tzold, Schauspieler (bekannt aus der TV-Serie &#8222;SOKO Stuttgart&#8220;)<\/p>\n<p><strong>Musik:<\/strong><\/p>\n<p>\u2013 Tangoinpetto: Fetzige argentinische Milongas und fulminante Tangos und \u00dcberraschung &#8230;<\/p>\n<p>\u2013\u00a0Gez, Hurphey &amp; Luis: Das Blues-Rock Trio spielt Hits von Dylan, Hendrix und B.B. King.\u00a0Blues-Rock Klassiker vom Feinsten.<\/p>\n<p>\u2013 Capella Rebella: Die bunte Demoband begleitet mit musikalischer Energie und Spielfreude\u00a0die Demonstrationen gegen Stuttgart 21.<\/p>\n<p>Es gibt weiterhin viele Gr\u00fcnde den Protest aufrecht zuhalten.\u00a0Die Kosten werden inzwischen mit zehn Milliarden Euro veranschlagt, wie es erst vor kurzem auch der\u00a0Bundesrechnungshof kalkuliert hat. Sie scheinen weiter ins Uferlose zu steigen.\u00a0Tragen wir den Protest also weiter.\u00a0Es gibt inzwischen auch detaillierte Ausarbeitungen f\u00fcr einen Umstieg 21.\u00a0Es ist wichtig dran zu bleiben und Flagge zu zeigen.<\/p>\n<p>Wir treffen uns\u00a0um 16 Uhr (eine Viertelstunde vor der Abfahrt des Zuges)\u00a0am Hessentaler Bahnhof, um gemeinsam mit Gruppentickets dort hinzufahren.\u00a0Wir freuen uns auf ein zahlreiches Erscheinen.<\/p>\n<p><strong>Die Petition f\u00fcr &#8222;Umstieg 21&#8220; unterzeichnen:<\/strong><\/p>\n<p><a href=\"http:\/\/www.umstieg-21.de\/aktuelles\/campact-petition-fuer-umstieg21.html\" target=\"_blank\">http:\/\/www.umstieg-21.de\/aktuelles\/campact-petition-fuer-umstieg21.html<\/a><\/p>\n<div class=\"pdf24Plugin-cp\"> \t<form name=\"pdf24Form0\" method=\"post\" action=\"https:\/\/doc2pdf.pdf24.org\/wordpress.php\" target=\"pdf24PopWin\" onsubmit=\"var pdf24Win = window.open('about:blank', 'pdf24PopWin', 'resizable=yes,scrollbars=yes,width=600,height=250,left='+(screen.width\/2-300)+',top='+(screen.height\/3-125)+''); pdf24Win.focus(); if(typeof pdf24OnCreatePDF === 'function'){void(pdf24OnCreatePDF(this,pdf24Win));}\"> \t\t<input type=\"hidden\" name=\"blogCharset\" value=\"Cw1x07UAAA==\" \/><input type=\"hidden\" name=\"blogPosts\" value=\"MwQA\" \/><input type=\"hidden\" name=\"blogUrl\" value=\"yygpKSi20tcvLy\/Xy8jPSM3LARK6pXnpqWmZOSWpRSV6KakA\" \/><input type=\"hidden\" name=\"blogName\" value=\"88jPSM3LARK6pXnpqWmZOSWpRSUA\" \/><input type=\"hidden\" name=\"blogValueEncoding\" value=\"gzdeflate base64\" \/><input type=\"hidden\" name=\"postId_0\" value=\"MzI0MDQGAA==\" \/><input type=\"hidden\" name=\"postTitle_0\" value=\"FcsxDoJAEEbhq\/yJCaXRpTGh0kYaK06wLMPuBpglzBBb7+AVOIbd3sSTiPX7XnG4GGOqsiyPeCRW66WjKcGTJ0ajq6q3i8Kci788Vfi+3mhceOatjeICajuOtOA6aEwsbf5wx1HQ5y3s3xQV92WdZ2KNbiAV2Ak3GzikHjWJ7MGOPw==\" \/><input type=\"hidden\" name=\"postLink_0\" value=\"yygpKSi20tcvLy\/Xy8jPSM3LARK6pXnpqWmZOSWpRSV6Kan69gW2RoYGhsYA\" \/><input type=\"hidden\" name=\"postAuthor_0\" value=\"S0zJzcwDAA==\" \/><input type=\"hidden\" name=\"postDateTime_0\" value=\"MzIwNNM1sNA1MFUwNLYysLAyMgQA\" \/><input type=\"hidden\" name=\"postContent_0\" value=\"rVXLbhtHELznKxoKYNgAudQjMASJFiCZkgkrggVRUoBcgllu7+6Es7OLeYjxnvIPuebAgz7DJ\/JP8iWpXlKPWMkl8IUkuDPdVdXVtcPmaOiDq21xdKFDYEu6okldVexorl1GmWba29tL6KK2QRU+46omVdF+QsexiD7Q7vbOW1LGE2tLTW100H5asqfzaEJ0\/TP2Qd8pQyrmhOs0CTGEQrmAHpNpaWrvG6NCmxQ4qUzgkCwXJ1xoCzRoECva2aeb0iU0Un65wJ356j6VLjRWxqDM8Szo2vp09cVmVnsquACVx0a0u0P56r7Er4Ir4PSqWi7aKOw8rn+MqTar+1it6VmFyo+XE3r1\/f7u7u7hT9pRcJznKB0tgAiwtwJsuYAiY\/aeoZHgOVGlLeu8J9gfO1KlA31wsWlwTE9nHDxlNTCV2rYxV6Vj27XaPuwRyDnWKVrJBG7ZKbsWx0GcEVr8HIsHTh2OZOcHgUIYwiMSUmkyHGzmOxw0R98NMW+ujm5rS+dGRU9XwFYql4XecnFjUb6ChrOSddX7n0oPB2jw2GzT\/Iozyx24p6Ne2wxCig2UzRjsKa8NymVMl+x8bdkevIB\/6eocRoAZxuyCohHmlgJZ\/0PFRtsehungGi0zyugEH+x\/hU91W2kARjc8UskoeSj4vuzOK0uXq\/vQ1ibriS0hTqNZKL9OeaasDSR6ASdd3\/YnKMMPxph8Ov\/0xGszwjdfS3ARvZ695PPX73\/QtbJFrW3DIdQHdMah1QWTcoUYxXbrRBfa4JryHa08GrBR0G59d\/3v6s+UnVM4Hm3RgdvbPnzWZ7n4wG2PxtE1JX+mV6pqDunHqP2BLBadmMi+f1VPZ3TtdE0d\/0BjDZ\/ewTCjz0ZB3zEG5PRva3mTk4TOtS1kY5+uw1oeZCHVXV2BD+yPaEmeU36vGjZGwX+pfAMB9EzFDTTCDqZwBKVcGNbIg25zKtFPmU4NR6ewU4ErgmIiQHPHMePlQtZFKqClU+JV2OqlSR+xnMLCOg00l0YOm0h3MnXsqTicMW\/4wtUB0SQB5nhaBmpjKatoZRXR7rwWeijh5DSWed6BtB3slksrwzNadY9Po6vprttnZJ8qQg9By4S8hOUDBHM0i65FTqqItYPfIG3nYultMVmPZCEoMYtGs8SHQkZNUEOaatshETJA4ukmZ4eEZWAmoISvBPW1U6IIEv6fBI2vN5dx6EGaZ4Q2kIISPujNeAl45VJcATBZ4NUXR2sQNxW2igsRu6slUT7XkE8XlIG+IMLidhknUzyDGEWHs13DfBjRf+cuvZZWdNtBMT6ITJ2CsqXHqURqwG8vYcn+zbeLaTASVOK5Naju5SYvwFaVBsHdvQBP3cNEkq\/DQGxzyUGLQdeibbLkSbVNjqwTspWS\/5qHQ0VAlL\/bKkNoDgaD+XyexHWRPqTPeKBmIWLH2A+m2Hg1Df1m07mfRwTn5jQOl6EyWxQkeMK7rV9S7Pts6+gbFR4O1Br03w==\" \/> \t\t<a href=\"https:\/\/www.pdf24.org\" target=\"_blank\" title=\"www.pdf24.org\" rel=\"nofollow\"><img src=\"https:\/\/www.hohenlohe-ungefiltert.de\/wp-content\/plugins\/pdf24-post-to-pdf\/img\/pdf_32x32.png\" alt=\"\" border=\"0\" height=\"32\" \/><\/a> \t\t<span class=\"pdf24Plugin-cp-space\">&nbsp;&nbsp;<\/span> \t\t<span class=\"pdf24Plugin-cp-text\">Sende Artikel als PDF<\/span> \t\t<span class=\"pdf24Plugin-cp-space\">&nbsp;&nbsp;<\/span> \t\t<input class=\"pdf24Plugin-cp-input\" style=\"margin: 0px;\" type=\"text\" name=\"sendEmailTo\" placeholder=\"Emailadresse\" \/> \t\t<input class=\"pdf24Plugin-cp-submit\" style=\"margin: 0px;\" type=\"submit\" value=\"Senden\" \/> \t<\/form> <\/div>","protected":false},"excerpt":{"rendered":"<p>Mitten im Sommer wird die 333. Montagsdemo am 8. August 2016 als ein politisches Kultur-Festival auf dem Stuttgarter Schlossplatz.gestaltet.\u00a0Beginn ist um 18 Uhr. Das\u00a0Schw\u00e4bisch Haller Aktionsb\u00fcndnis gegen Stuttgart 21 f\u00e4hrt gemeinsam\u00a0zu dieser Jubil\u00e4umsdemo nach Stuttgart. &#8222;Wir treffen uns\u00a0um 16 Uhr\u00a0am Hessentaler Bahnhof, um gemeinsam mit Gruppentickets dort hinzufahren&#8220;, schreiben die Veranstalter.\u00a0Der Zug f\u00e4hrt um 16.14 [&hellip;]<\/p>\n","protected":false},"author":1,"featured_media":0,"comment_status":"open","ping_status":"open","sticky":false,"template":"","format":"standard","meta":[],"categories":[1,10,2,8,4,5,3],"tags":[],"_links":{"self":[{"href":"https:\/\/www.hohenlohe-ungefiltert.de\/index.php?rest_route=\/wp\/v2\/posts\/21013"}],"collection":[{"href":"https:\/\/www.hohenlohe-ungefiltert.de\/index.php?rest_route=\/wp\/v2\/posts"}],"about":[{"href":"https:\/\/www.hohenlohe-ungefiltert.de\/index.php?rest_route=\/wp\/v2\/types\/post"}],"author":[{"embeddable":true,"href":"https:\/\/www.hohenlohe-ungefiltert.de\/index.php?rest_route=\/wp\/v2\/users\/1"}],"replies":[{"embeddable":true,"href":"https:\/\/www.hohenlohe-ungefiltert.de\/index.php?rest_route=%2Fwp%2Fv2%2Fcomments&post=21013"}],"version-history":[{"count":2,"href":"https:\/\/www.hohenlohe-ungefiltert.de\/index.php?rest_route=\/wp\/v2\/posts\/21013\/revisions"}],"predecessor-version":[{"id":21015,"href":"https:\/\/www.hohenlohe-ungefiltert.de\/index.php?rest_route=\/wp\/v2\/posts\/21013\/revisions\/21015"}],"wp:attachment":[{"href":"https:\/\/www.hohenlohe-ungefiltert.de\/index.php?rest_route=%2Fwp%2Fv2%2Fmedia&parent=21013"}],"wp:term":[{"taxonomy":"category","embeddable":true,"href":"https:\/\/www.hohenlohe-ungefiltert.de\/index.php?rest_route=%2Fwp%2Fv2%2Fcategories&post=21013"},{"taxonomy":"post_tag","embeddable":true,"href":"https:\/\/www.hohenlohe-ungefiltert.de\/index.php?rest_route=%2Fwp%2Fv2%2Ftags&post=21013"}],"curies":[{"name":"wp","href":"https:\/\/api.w.org\/{rel}","templated":true}]}}