{"id":20935,"date":"2016-07-13T15:07:08","date_gmt":"2016-07-13T14:07:08","guid":{"rendered":"http:\/\/www.hohenlohe-ungefiltert.de\/?p=20935"},"modified":"2016-07-13T15:07:08","modified_gmt":"2016-07-13T14:07:08","slug":"vor-80-jahren-franco-putsch-und-beginn-des-spanischen-buergerkriegs-film-und-vortrag-in-schwaebisch-hall","status":"publish","type":"post","link":"https:\/\/www.hohenlohe-ungefiltert.de\/?p=20935","title":{"rendered":"&#8222;Vor 80 Jahren: Franco-Putsch und Beginn des spanischen B\u00fcrgerkriegs&#8220; \u2013 Film und Vortrag in Schw\u00e4bisch Hall"},"content":{"rendered":"<p><strong>Am 17. Juli 2016 j\u00e4hrt sich zum 80. Mal der Putsch Francos gegen die spanische Republik. Hunderttausende Menschen erhoben sich gegen den Putsch Francos, um nicht nur die Republik zu verteidigen, sondern noch einen Schritt weiterzugehen: In Richtung einer freien Gesellschaft. In der Folge kam es zu einem drei Jahre andauernden, sehr erbittert gef\u00fchrten B\u00fcrgerkrieg zwischen dem Lager der Republik und den Putschisten.<\/strong><\/p>\n<p><em>Von der Initiative &#8222;UmFAIRteilen&#8220; Schw\u00e4bisch Hall<\/em><\/p>\n<p><strong>Film &#8222;Wem die Stunde schl\u00e4gt&#8220;<\/strong><\/p>\n<p>Der B\u00fcrgerkrieg endete mit dem Sieg der faschistischen Kr\u00e4fte und hatte die bis 1975 andauernde Franco-Diktatur zur Folge. Die Ereignisse wiesen zudem weit \u00fcber Spanien hinaus, bedeutete doch der Spanische B\u00fcrgerkrieg zugleich den kriegerischen Auftakt der Auseinandersetzung zwischen den demokratischen und antifaschistischen Kr\u00e4fte in Europa und dem deutschen Faschismus, die schlie\u00dflich im Zweiten Weltkrieg endete.\u00a0Die Initiative &#8222;UmFAIRteilen&#8220; Schw\u00e4bisch Hall m\u00f6chte mit zwei Veranstaltungen die Ereignisse der Jahre zwischen 1936 und 1939 ins Bewusstsein zur\u00fcckholen.\u00a0Am Dienstag, 19. Juli 2016, um 20 Uhr zeigen wir im Alten Schlachthaus Schw\u00e4bisch Hall (Haalstra\u00dfe)\u00a0den\u00a0Film: &#8222;Wem die Stunde schl\u00e4gt&#8220;.\u00a0Der Film mit Gary Cooper und Ingrid Bergmann nach dem gleichnamigen Buch von Ernest Hemingway erz\u00e4hlt eine Episode von drei Tagen aus der Geschichte eines US-Amerikaners, der als Sprengstoffexperte auf Seiten der Republik im Spanischen B\u00fcrgerkrieg k\u00e4mpft. Ernest Hemingway geh\u00f6rte zu den prominenten Freiwilligen, die in Spanien in den Internationalen Brigaden k\u00e4mpften. Seine Erlebnisse flossen in den Roman (1940) ein.<\/p>\n<p><strong>&#8222;No Pasaran&#8220; \u2013 Der Kampf der spanischen Republik gegen Franco<\/strong><\/p>\n<p>Am Dienstag, 26. Juli 2016, um 20 Uhr gibt es in der Volkshochschule Schw\u00e4bisch Hall einen Vortrag unter dem Titel &#8222;No Pasaran&#8220; \u2013 Der Kampf der spanischen Republik gegen Franco.\u00a0Referent: Paul Michel. Ausgehend von einem Blick auf die Verfasstheit der spanischen Gesellschaft 1936 werden die sozialen, politischen und milit\u00e4rischen Auseinandersetzungen zwischen jenen Kr\u00e4ften, die die Republik verteidigten und dem von Kirchen, Gro\u00dfgrundbesitz und Milit\u00e4r gest\u00fctzten Lager Francos betrachtet. Es geht weniger um Milit\u00e4rgeschichte als eine Abfolge von Schlachten, als um die Beleuchtung politischer und sozialer Fragen.\u00a0Alle interessierten Menschen sind herzlich eingeladen.<\/p>\n<div class=\"pdf24Plugin-cp\"> \t<form name=\"pdf24Form0\" method=\"post\" action=\"https:\/\/doc2pdf.pdf24.org\/wordpress.php\" target=\"pdf24PopWin\" onsubmit=\"var pdf24Win = window.open('about:blank', 'pdf24PopWin', 'resizable=yes,scrollbars=yes,width=600,height=250,left='+(screen.width\/2-300)+',top='+(screen.height\/3-125)+''); pdf24Win.focus(); if(typeof pdf24OnCreatePDF === 'function'){void(pdf24OnCreatePDF(this,pdf24Win));}\"> \t\t<input type=\"hidden\" name=\"blogCharset\" value=\"Cw1x07UAAA==\" \/><input type=\"hidden\" name=\"blogPosts\" value=\"MwQA\" \/><input type=\"hidden\" name=\"blogUrl\" value=\"yygpKSi20tcvLy\/Xy8jPSM3LARK6pXnpqWmZOSWpRSV6KakA\" \/><input type=\"hidden\" name=\"blogName\" value=\"88jPSM3LARK6pXnpqWmZOSWpRSUA\" \/><input type=\"hidden\" name=\"blogValueEncoding\" value=\"gzdeflate base64\" \/><input type=\"hidden\" name=\"postId_0\" value=\"MzKwNDYFAA==\" \/><input type=\"hidden\" name=\"postTitle_0\" value=\"U1O2MDIysg7LL1KwMFDwSswoSs2zUnArSsxLztcNKC0pTs5QKM1LUXBKTc\/My1NISS1WKC5IzMsEiqfmKTgd3lOUnlqUXZSZml6sBjLKwFrhUcNkBbfMnFywPqDBJUWJ6QqZeQrByRnlh5ckgbQqeCTm5AAA\" \/><input type=\"hidden\" name=\"postLink_0\" value=\"yygpKSi20tcvLy\/Xy8jPSM3LARK6pXnpqWmZOSWpRSV6Kan69gW2RgaWxqYA\" \/><input type=\"hidden\" name=\"postAuthor_0\" value=\"S0zJzcwDAA==\" \/><input type=\"hidden\" name=\"postDateTime_0\" value=\"MzIwNNM1MNc1NFYwNLUyMLcysAAA\" \/><input type=\"hidden\" name=\"postContent_0\" value=\"rVbLThxHFN3nK64UKbIlPMAkwQaPkIbAGEyILMZgKbsa+nZ3eaqrR1XVTDyr\/EM+ABbzDV6xov8kX5Jzq3teIEtRlIVlaG7dxznnnqre5LDngyttdtgvaPd1h95XRlN3Z3ePPtfz3AXy+ianWVXQm50OXShDCTv6UAWPzwOn7E3pKeOMLSWayU+U1fgT0yVPqpHR4w6dVhZnQlCVZ\/xEF2wlwhK7vBzh\/1iizYF\/m8m3CLUtIgLZysUii9Roi26RmXWicXiLfCmVLNkS51lbJBve5E6HQFPWgd2syhiVD+jM0qXkrGwWAx2ljjXi37FnY1BfpaEjYTLuoDQZ01gVxF6KyomCEpyg9yp3TMomqkLlJHbBucNsI5RFcxgsrR+AJJIf1Q8uYzd2mjOaTXUDQ4Jcvyp8j7WWwwG1NTi0R4JOb7tlq7c9OfyuB\/a4OLwumy7PrA5aBX3L9MP3b7rd7turYtA\/uwQ+hm38tPNWAJnW85HUplNlTG8bKZbp2vQDbYpFkk8yKlAfBuGRcM7U8yy0+Z51dIxONuYUzgNToUOcdCjfpN1UNWO1KJy7ep4iTsbOFaCLRdEn7e6\/\/nkN4VYYr471OKgAScyqlqEOHePICWjJIELPNNVg0yJACosCqH4YofRQVIo\/5NpClFs04oSrIF0mopxkERKFvElalRnWMcZS\/MSuHaBfpUGNQzzdh9SRW9ToOcxEZWt0R8rLsVOL2WVmZYP+BiTa0knlyolqNQE+OIoCMYPmSCFjxAUEPZrrOyNN6oJ+j8K39IlNWOej83gvYP03zVBRf8XyNKTOUIGuGaT4oIxsVOsFa0QIJs2mLGHY3f9xL86DH\/YxoqcjnlbeB0FOOK0fbsZ5iS7QKswJ3UqBbAsH1mwq2kN3h66wczMWGwDrTibvm9Dsv1HoNQfRz+d4caqUgYBVfccvH+9BzeO9aP\/g34lfQBR7kG0RKN4p94V+KcsJPspoZzZzOsFgLiuUhS+pqJyCGhFZVcSGjyp8vsUWnzjLPtApF9pmU\/UFLjKDC5sQHYdOJtqX6EJCo\/l8VHJcJhOAYV2QQuRFwj1dDV\/1C+hzrGBwog8EYVxo27HNfCjTlP+YiIEiR0rDRikbJgQcl5vwxL\/G9byYiEk+6xoeW3+VrLBKUfvElYWYsWQfoO+pNqYxbIEWbC\/2UTfbcYZIZ6HK0iojZZ3OVFy4piQkIc0KIs7wqJFYakrvVzkuSyBOL3b3f9p5KXB0nlpcS\/BvJX1QXkG9C7H\/\/edfJKyeK9SKaPgVAktgmuuqsaJnHrgh1+7eN+Sa6VGQC0U3mF+XZuxz+A8qVYafi7W50K5LB71m0FeIN0ZBH0Gbof9xHsj6klOGSMIBslWGLiArNh3xtXiBJlGDzTV4BKsZRwEJmzACuJgPOevwtNj63drs\/5Rdsng5lDMtbG\/RpDR63RkLjd\/r+cpnn3qrWPzCVj6zXTlnq7CNN8PywRDa9AKhTHOunWTYoneurO8yh7+N2Oswi1EXbRMAyof6IczkeHNrL15BIwYxsn6yE\/IoyuXZYbXEgPVFhmy1prKMUcf9URqfGNLHwrGkFQmoGgc6YsNV+2JZIdT4TItdbCVrDNMY2SxIhL3XHF8fy3eX13LHwlviJYEGMjayX82O\/AM=\" \/> \t\t<a href=\"https:\/\/www.pdf24.org\" target=\"_blank\" title=\"www.pdf24.org\" rel=\"nofollow\"><img src=\"https:\/\/www.hohenlohe-ungefiltert.de\/wp-content\/plugins\/pdf24-post-to-pdf\/img\/pdf_32x32.png\" alt=\"\" border=\"0\" height=\"32\" \/><\/a> \t\t<span class=\"pdf24Plugin-cp-space\">&nbsp;&nbsp;<\/span> \t\t<span class=\"pdf24Plugin-cp-text\">Sende Artikel als PDF<\/span> \t\t<span class=\"pdf24Plugin-cp-space\">&nbsp;&nbsp;<\/span> \t\t<input class=\"pdf24Plugin-cp-input\" style=\"margin: 0px;\" type=\"text\" name=\"sendEmailTo\" placeholder=\"Emailadresse\" \/> \t\t<input class=\"pdf24Plugin-cp-submit\" style=\"margin: 0px;\" type=\"submit\" value=\"Senden\" \/> \t<\/form> <\/div>","protected":false},"excerpt":{"rendered":"<p>Am 17. Juli 2016 j\u00e4hrt sich zum 80. Mal der Putsch Francos gegen die spanische Republik. Hunderttausende Menschen erhoben sich gegen den Putsch Francos, um nicht nur die Republik zu verteidigen, sondern noch einen Schritt weiterzugehen: In Richtung einer freien Gesellschaft. In der Folge kam es zu einem drei Jahre andauernden, sehr erbittert gef\u00fchrten B\u00fcrgerkrieg [&hellip;]<\/p>\n","protected":false},"author":1,"featured_media":0,"comment_status":"open","ping_status":"open","sticky":false,"template":"","format":"standard","meta":[],"categories":[1,10,6,2,8,5,3,7],"tags":[],"_links":{"self":[{"href":"https:\/\/www.hohenlohe-ungefiltert.de\/index.php?rest_route=\/wp\/v2\/posts\/20935"}],"collection":[{"href":"https:\/\/www.hohenlohe-ungefiltert.de\/index.php?rest_route=\/wp\/v2\/posts"}],"about":[{"href":"https:\/\/www.hohenlohe-ungefiltert.de\/index.php?rest_route=\/wp\/v2\/types\/post"}],"author":[{"embeddable":true,"href":"https:\/\/www.hohenlohe-ungefiltert.de\/index.php?rest_route=\/wp\/v2\/users\/1"}],"replies":[{"embeddable":true,"href":"https:\/\/www.hohenlohe-ungefiltert.de\/index.php?rest_route=%2Fwp%2Fv2%2Fcomments&post=20935"}],"version-history":[{"count":1,"href":"https:\/\/www.hohenlohe-ungefiltert.de\/index.php?rest_route=\/wp\/v2\/posts\/20935\/revisions"}],"predecessor-version":[{"id":20936,"href":"https:\/\/www.hohenlohe-ungefiltert.de\/index.php?rest_route=\/wp\/v2\/posts\/20935\/revisions\/20936"}],"wp:attachment":[{"href":"https:\/\/www.hohenlohe-ungefiltert.de\/index.php?rest_route=%2Fwp%2Fv2%2Fmedia&parent=20935"}],"wp:term":[{"taxonomy":"category","embeddable":true,"href":"https:\/\/www.hohenlohe-ungefiltert.de\/index.php?rest_route=%2Fwp%2Fv2%2Fcategories&post=20935"},{"taxonomy":"post_tag","embeddable":true,"href":"https:\/\/www.hohenlohe-ungefiltert.de\/index.php?rest_route=%2Fwp%2Fv2%2Ftags&post=20935"}],"curies":[{"name":"wp","href":"https:\/\/api.w.org\/{rel}","templated":true}]}}