{"id":20866,"date":"2016-06-23T21:34:52","date_gmt":"2016-06-23T20:34:52","guid":{"rendered":"http:\/\/www.hohenlohe-ungefiltert.de\/?p=20866"},"modified":"2016-06-23T21:34:52","modified_gmt":"2016-06-23T20:34:52","slug":"fluchtursache-krieg-bekaempfen-kriegseinsaetze-sofort-beenden-vorbereitungstreffen-fuer-den-antikriegstag-2016-in-schwaebisch-hall","status":"publish","type":"post","link":"https:\/\/www.hohenlohe-ungefiltert.de\/?p=20866","title":{"rendered":"&#8222;Fluchtursache KRIEG bek\u00e4mpfen \u2013 Kriegseins\u00e4tze sofort beenden&#8220; \u2013 Vorbereitungstreffen f\u00fcr den Antikriegstag 2016 in Schw\u00e4bisch Hall"},"content":{"rendered":"<p><strong>Ein Vorbereitungstreffen f\u00fcr den\u00a0\u201eAntikriegstag 2016\u201c findet statt am Montag 27. Juni 2016, ab 18.30 Uhr im\u00a0Haus der Gewerkschaften,\u00a0Haller Strasse 37, Schw\u00e4bisch Hall-Hessental.<\/strong><\/p>\n<p><em>Vom\u00a0DGB Kreisvorstand Schw\u00e4bisch Hall<\/em><\/p>\n<p><strong>Demonstration und Kundgebung<\/strong><\/p>\n<p>Geplant ist f\u00fcr den Antikriegstag eine\u00a0Demonstration und Kundgebung zum Thema &#8222;Fluchtursache KRIEG bek\u00e4mpfen\u00a0\u2013\u00a0Kriegseins\u00e4tze sofort beenden&#8220;DGB Kreisvorstand Schw\u00e4bisch Hall.<\/p>\n<div class=\"pdf24Plugin-cp\"> \t<form name=\"pdf24Form0\" method=\"post\" action=\"https:\/\/doc2pdf.pdf24.org\/wordpress.php\" target=\"pdf24PopWin\" onsubmit=\"var pdf24Win = window.open('about:blank', 'pdf24PopWin', 'resizable=yes,scrollbars=yes,width=600,height=250,left='+(screen.width\/2-300)+',top='+(screen.height\/3-125)+''); pdf24Win.focus(); if(typeof pdf24OnCreatePDF === 'function'){void(pdf24OnCreatePDF(this,pdf24Win));}\"> \t\t<input type=\"hidden\" name=\"blogCharset\" value=\"Cw1x07UAAA==\" \/><input type=\"hidden\" name=\"blogPosts\" value=\"MwQA\" \/><input type=\"hidden\" name=\"blogUrl\" value=\"yygpKSi20tcvLy\/Xy8jPSM3LARK6pXnpqWmZOSWpRSV6KakA\" \/><input type=\"hidden\" name=\"blogName\" value=\"88jPSM3LARK6pXnpqWmZOSWpRSUA\" \/><input type=\"hidden\" name=\"blogValueEncoding\" value=\"gzdeflate base64\" \/><input type=\"hidden\" name=\"postId_0\" value=\"MzKwMDMDAA==\" \/><input type=\"hidden\" name=\"postTitle_0\" value=\"Hcw9CsIwFADgqzwQOtcMInRy8I9uCu5pfGlC60t5eUFw8g5eocdwy008iW33j69YbZVS1aFPxkniqI1DqC\/n\/REa7PL4GCwS\/N4fqNljG9FTzKO8EGKwgWVSSHekYn7KapG3wA0yeknURmG0c2Hzl2GCsCPx3XKJbkGV6w14gqtxzzw2PhoHJ933fw==\" \/><input type=\"hidden\" name=\"postLink_0\" value=\"yygpKSi20tcvLy\/Xy8jPSM3LARK6pXnpqWmZOSWpRSV6Kan69gW2RgYWZmYA\" \/><input type=\"hidden\" name=\"postAuthor_0\" value=\"S0zJzcwDAA==\" \/><input type=\"hidden\" name=\"postDateTime_0\" value=\"MzIwNNM1MNM1MlYwMrQyMLMyNQIA\" \/><input type=\"hidden\" name=\"postContent_0\" value=\"hVHBasJAEL33KwYKPdmoEapgCLRoYxt6qa33TZwki8ls2N1U8OQ\/9FqKBz+jJ\/MnfknHVIQitJdlmffmvZk3Xul7xmpFqT+WBDOlI9QobUUplzFJkCCpvzTMkXab\/frzlqxcaIkMixTcTvdmv\/6ARNIcLXDNWhAFPClq4L4DjxXJhtcCEUF34PQ68JppkMVuMxGVYWUNAS5RL0ycicQitQ5InnN9arUwBqHXb8E0zpb1NpLMggN8PUGG2Cd3vPZxB69d+hce74SFP1PsMAruIOSFzJvSPB3Nz2S8NnNPfUedERaK+C+sVAQVt4X8pBhxLmdmAZa5IAvS2FNW8DsnlIQ8zB+qsKoKeMmwEHB1OXBdd3ifV3FmK21EnCGEzw\/jACJc1NuiTH6O8b7bhI0Fy5t6a1cIRiVKW+YhH4Qapc7w\/xCcZpdv\" \/> \t\t<a href=\"https:\/\/www.pdf24.org\" target=\"_blank\" title=\"www.pdf24.org\" rel=\"nofollow\"><img src=\"https:\/\/www.hohenlohe-ungefiltert.de\/wp-content\/plugins\/pdf24-post-to-pdf\/img\/pdf_32x32.png\" alt=\"\" border=\"0\" height=\"32\" \/><\/a> \t\t<span class=\"pdf24Plugin-cp-space\">&nbsp;&nbsp;<\/span> \t\t<span class=\"pdf24Plugin-cp-text\">Sende Artikel als PDF<\/span> \t\t<span class=\"pdf24Plugin-cp-space\">&nbsp;&nbsp;<\/span> \t\t<input class=\"pdf24Plugin-cp-input\" style=\"margin: 0px;\" type=\"text\" name=\"sendEmailTo\" placeholder=\"Emailadresse\" \/> \t\t<input class=\"pdf24Plugin-cp-submit\" style=\"margin: 0px;\" type=\"submit\" value=\"Senden\" \/> \t<\/form> <\/div>","protected":false},"excerpt":{"rendered":"<p>Ein Vorbereitungstreffen f\u00fcr den\u00a0\u201eAntikriegstag 2016\u201c findet statt am Montag 27. Juni 2016, ab 18.30 Uhr im\u00a0Haus der Gewerkschaften,\u00a0Haller Strasse 37, Schw\u00e4bisch Hall-Hessental. Vom\u00a0DGB Kreisvorstand Schw\u00e4bisch Hall Demonstration und Kundgebung Geplant ist f\u00fcr den Antikriegstag eine\u00a0Demonstration und Kundgebung zum Thema &#8222;Fluchtursache KRIEG bek\u00e4mpfen\u00a0\u2013\u00a0Kriegseins\u00e4tze sofort beenden&#8220;DGB Kreisvorstand Schw\u00e4bisch Hall. &nbsp;&nbsp; Sende Artikel als PDF &nbsp;&nbsp;<\/p>\n","protected":false},"author":1,"featured_media":0,"comment_status":"open","ping_status":"open","sticky":false,"template":"","format":"standard","meta":[],"categories":[1,9,10,2,8,5,3,7],"tags":[],"_links":{"self":[{"href":"https:\/\/www.hohenlohe-ungefiltert.de\/index.php?rest_route=\/wp\/v2\/posts\/20866"}],"collection":[{"href":"https:\/\/www.hohenlohe-ungefiltert.de\/index.php?rest_route=\/wp\/v2\/posts"}],"about":[{"href":"https:\/\/www.hohenlohe-ungefiltert.de\/index.php?rest_route=\/wp\/v2\/types\/post"}],"author":[{"embeddable":true,"href":"https:\/\/www.hohenlohe-ungefiltert.de\/index.php?rest_route=\/wp\/v2\/users\/1"}],"replies":[{"embeddable":true,"href":"https:\/\/www.hohenlohe-ungefiltert.de\/index.php?rest_route=%2Fwp%2Fv2%2Fcomments&post=20866"}],"version-history":[{"count":1,"href":"https:\/\/www.hohenlohe-ungefiltert.de\/index.php?rest_route=\/wp\/v2\/posts\/20866\/revisions"}],"predecessor-version":[{"id":20867,"href":"https:\/\/www.hohenlohe-ungefiltert.de\/index.php?rest_route=\/wp\/v2\/posts\/20866\/revisions\/20867"}],"wp:attachment":[{"href":"https:\/\/www.hohenlohe-ungefiltert.de\/index.php?rest_route=%2Fwp%2Fv2%2Fmedia&parent=20866"}],"wp:term":[{"taxonomy":"category","embeddable":true,"href":"https:\/\/www.hohenlohe-ungefiltert.de\/index.php?rest_route=%2Fwp%2Fv2%2Fcategories&post=20866"},{"taxonomy":"post_tag","embeddable":true,"href":"https:\/\/www.hohenlohe-ungefiltert.de\/index.php?rest_route=%2Fwp%2Fv2%2Ftags&post=20866"}],"curies":[{"name":"wp","href":"https:\/\/api.w.org\/{rel}","templated":true}]}}