{"id":20767,"date":"2016-06-07T06:11:57","date_gmt":"2016-06-07T05:11:57","guid":{"rendered":"http:\/\/www.hohenlohe-ungefiltert.de\/?p=20767"},"modified":"2016-06-07T15:12:08","modified_gmt":"2016-06-07T14:12:08","slug":"die-folgen-des-klimawandels-erreichen-hohenlohe-podiumsdiskussion-elektromobilitaet-im-nahverkehr-findet-in-schwaebisch-hall-statt","status":"publish","type":"post","link":"https:\/\/www.hohenlohe-ungefiltert.de\/?p=20767","title":{"rendered":"&#8222;Die Folgen des Klimawandels erreichen Hohenlohe&#8220; \u2013\u00a0Podiumsdiskussion &#8222;Elektromobilit\u00e4t im Nahverkehr&#8220; findet in Schw\u00e4bisch Hall statt"},"content":{"rendered":"<p><strong>Eine Podiumsdiskussion &#8222;Elektromobilit\u00e4t im Nahverkehr&#8220; findet am\u00a0Dienstag, 14. Juni 2016, um 20 Uhr in der Volkshochschule (VHS) Schw\u00e4bisch Hall statt.<\/strong><\/p>\n<p><em>Von Peter Aichelin,\u00a0Verkehrsclub Deutschland e.V.,\u00a0Regionalverband Hall-Heilbronn-Hohenlohe<\/em><\/p>\n<p><strong>Hochkar\u00e4tig besetztes Podium<\/strong><\/p>\n<p>Auf dem Podium sind vertreten:\u00a0Ralf Arnold, Gesch\u00e4ftsf\u00fchrer der Abteilung &#8222;Automotive&#8220; der Firma Ziehl-Abegg,\u00a0Ingrid K\u00fchnel, Gesch\u00e4ftsf\u00fchrerin des Kreisverkehr Schw\u00e4bisch Hall, Dieter Wolfarth, Sprecher der Kreisverbandes des ADFC.\u00a0Moderation: Peter Aichelin, Mitglied des Regionalvorstandes des VCD.\u00a0Veranstalter sind der VCD, Regionalverband Hall-Heilbronn-Hohenlohe\u00a0und die VHS Schw\u00e4bisch Hall.<\/p>\n<p><strong>Die Folgen des Klimawandels erreichen Hohenlohe<\/strong><\/p>\n<p>Die Unwetter Ende Mai 2016 als direkte Folge des Klimawandels haben uns gezeigt, wie gef\u00e4hrlich unsere Lebensweise geworden ist: Aufgeheizte Luft hat sich mit Wasserdampf aus dem Mittelmeer vollgesaugt und dann direkt \u00fcber uns im Wortsinn die Schleusen ge\u00f6ffnet.\u00a0Dabei sind die Wege in eine andere Entwicklung klar erkennbar:\u00a0So ist durch den Beschluss der Bundesregierung, die Anschaffung von E-Mobilen direkt zu unterst\u00fctzen, die Elektromobilit\u00e4t wieder mehr ins \u00f6ffentliche Blickfeld geraten. Doch verhindern Preis, Reichweite und Gewicht noch immer den Durchbruch bei den E-PKWs.<\/p>\n<p><strong>Elektrofahrr\u00e4der werden immer wichtiger<\/strong><\/p>\n<p>Ein Bereich, in dem Elektromobilit\u00e4t aber bereits heute problemlos umsetzbar ist, spielt in der \u00f6ffentlichen Diskussion fast gar keine Rolle: Der Nahverkehr.\u00a0In den letzten Jahren hat die Anzahl der Elektro-Fahrr\u00e4der stark zugenommen. Politik und die Verkehrsplanung reagieren darauf bisher kaum. Immerhin ist Schw\u00e4bisch Hall inzwischen der Arbeitsgemeinschaft \u201eFahrradfreundliche Kommunen\u201c beigetreten. Denn inzwischen ist auch in unserer h\u00fcgeligen Gegend das Fahrrad als Verkehrsmittel immer wichtiger geworden.<\/p>\n<p><strong>Marktf\u00fchrer der Antriebstechnik ist in unserer Region<\/strong><\/p>\n<p>Auch ein anderer Bereich wird viel zu wenig beachtet: Der Busverkehr mit Elektrobussen. Dabei sitzt der Marktf\u00fchrer der Antriebstechnik in diesem Bereich in der Region. Endlich sind zur Landesgartenschau in \u00d6hringen die ersten E-Linienbusse hier in Betrieb genommen worden. Diese Themen sind Inhalt unserer Podiumsdiskussion\u00a0&#8222;Elektromobilit\u00e4t im Nahverkehr&#8220;. Diese findet am\u00a0Dienstag, 14. Juni 2016, um 20 Uhr in der Volkshochschule (VHS) Schw\u00e4bisch Hall statt.<b><br \/>\n<\/b><\/p>\n<div class=\"pdf24Plugin-cp\"> \t<form name=\"pdf24Form0\" method=\"post\" action=\"https:\/\/doc2pdf.pdf24.org\/wordpress.php\" target=\"pdf24PopWin\" onsubmit=\"var pdf24Win = window.open('about:blank', 'pdf24PopWin', 'resizable=yes,scrollbars=yes,width=600,height=250,left='+(screen.width\/2-300)+',top='+(screen.height\/3-125)+''); pdf24Win.focus(); if(typeof pdf24OnCreatePDF === 'function'){void(pdf24OnCreatePDF(this,pdf24Win));}\"> \t\t<input type=\"hidden\" name=\"blogCharset\" value=\"Cw1x07UAAA==\" \/><input type=\"hidden\" name=\"blogPosts\" value=\"MwQA\" \/><input type=\"hidden\" name=\"blogUrl\" value=\"yygpKSi20tcvLy\/Xy8jPSM3LARK6pXnpqWmZOSWpRSV6KakA\" \/><input type=\"hidden\" name=\"blogName\" value=\"88jPSM3LARK6pXnpqWmZOSWpRSUA\" \/><input type=\"hidden\" name=\"blogValueEncoding\" value=\"gzdeflate base64\" \/><input type=\"hidden\" name=\"postId_0\" value=\"MzIwNzMHAA==\" \/><input type=\"hidden\" name=\"postTitle_0\" value=\"NY3BCQIxEEVbGRBylpyEvaosCCJYQTYZzZBJApmse7UHG\/CwlbidWIkR8fIuj\/++Wm201t2WEPaZr5jAocCBKZrJJIcsgKUgWd9Unxu5QX1X6w7e98frecqOxiiOJIwilBOoX3THGGrJMQ\/EVJe5AkU4Gn\/DEtCXf+RC7ae5BGfrp2UeSKyH3jCDVFPrBw==\" \/><input type=\"hidden\" name=\"postLink_0\" value=\"yygpKSi20tcvLy\/Xy8jPSM3LARK6pXnpqWmZOSWpRSV6Kan69gW2RgbmZuYA\" \/><input type=\"hidden\" name=\"postAuthor_0\" value=\"S0zJzcwDAA==\" \/><input type=\"hidden\" name=\"postDateTime_0\" value=\"MzIwNNM1ACJzBQMzKyAyNQcA\" \/><input type=\"hidden\" name=\"postContent_0\" value=\"vVZNayNHEL3nVxQEQgKSvGtCCF5hkC35Y20Hs87KkFuPpmamUU+P6A8LdNpfsacQfPBvyMkn65\/sL8mrnpHWsQxJLjnYsme6q17Ve\/VKw8Xh0AfX2PJwoi3TdZPrWPtc+3n0XjeWvvv25\/39\/XcTw3Ocq5tMGx3WD4F0Tb+o6o7dnCuXTr15R4W2OQdS9dP9WLP1QZU9evvjgN5Hq2n\/zdufehRr\/EEfK0faUs6Opo2Z+6qZVX5WRcP0\/fTs5ge6mVXL9UOm8ZDOlDGEYCEMhnsd3uHe4vCbIfBzfTgF0GsOiDXSs4qNtr2n+2kLzc9MzGjMMSCSUTYnHkwHeP+BSxSoDErI5LEk6Z+xNhni2\/5ZU7E1+DXcQ4Ztti77GeDOlUMjdEkZew6rwL7r3w7GUSxQad29Jo8uEdIGB8z2AFCUKWjkbGPyHp0ygK4fiuCL9WPlUJQ0aZQFQIu23DAyigF0BH3Hm+bLsRPtakW\/aa5Mf5RxWaLQc1s6ndMFolk2ryRIPHi6cKx9R+hO+3sEQqXDt40plAtVj24WjtHtFt\/msrQSseRnND45HjzdXzV4rwJ6ffCSJLrSoTSa83R+S0jjwPU2zPR4PEhsKtGTkQCpgUk6x+Me\/Vsin+6jXNNMENhOgYOXFKNeOmlMyV13jK7VUmAZT+xQLoqw9EwmL0iX+x\/tkoMgnuAeXal2BkghRK4dRqpLsZuhUhmiR+up5BXrMvRoiYAlF+uHyhkkl5fsmC4ZJ\/0S7ZfXy8bluKh9OCDIruSKNaRJl7EICBrQO1ytdaBb5XE\/V\/WiIBV9Eij4CGxqBuK7xgCYV7EMlPqmrO1A0\/oxwwkBBxe4bVwAITZ1Fl01HD0QlLz+sygsB5A3RjG6Yw2HbhkVQ3QsliP1ooqJDUs9myeFz41yJDq0NlMO83HTSEGURwfsUt6RSNjAopIKjqKIxUEG7HC\/l5KMLI6oopCAd\/CHSf9KzIu3RawiKgA3Pqwfw4pte23X6NB2SVJzcixPUhbbIBQwHeFjXrDJUS9EznZAY1iDTHclXuhgTDIZolJcAEvgQtp5yii3CmTltK7rNEaWxlJi5iIeSsvk0aR\/fXHrd+TZAS1U5WBDgnDJLfUpWIquAWpHlzB69C\/pt9dacP1K1UoYzuRYgBjhnkwL12SGa9N4eLg4HsgRXnrkF5pN2Pj58wahoq+7pFAgscSleWL+AxTGB7Bm92yTDMSvUt0meaql96gQH6LdlteVqkxK1KHun3ztARzCzUEtprZBH0DHdYOK9Jy2s9+thQV2gWjDsRLdiC6UUzBqWIKY2lzFekDn0kwwmfS3s5K0XS3lP24LH7lM2lVyjfqS+gJ9+fRHgqfywjEwtLK5ALho2X759LvwXHK7CiAeaP55WEmrRA3advPuqFo\/lrBPMaZTTFKaTU9dluQtmxrrNM4vFbF1iR1NXaF54W9bxwanOfMBRm\/RRIHzDEnrvK+sOwBGC7rZdhu5AYLD4oNWZPiWbNPuVIDFodXBUdwuILGojuAM+knN6WwEukjo\/hluMiUPgW8QdBJtgQ\/ElpOVJmtaRUeXae9Ao2BDGIxyY\/25wo5MiwACEsdIY3mpLb7jJHBUQUKUBishoI3+qOu0bE8c+7VieZjSndsK22zby52vXk\/3\/+m71ybF\/\/AVLDscZo72wPVe1pL+Fw==\" \/> \t\t<a href=\"https:\/\/www.pdf24.org\" target=\"_blank\" title=\"www.pdf24.org\" rel=\"nofollow\"><img src=\"https:\/\/www.hohenlohe-ungefiltert.de\/wp-content\/plugins\/pdf24-post-to-pdf\/img\/pdf_32x32.png\" alt=\"\" border=\"0\" height=\"32\" \/><\/a> \t\t<span class=\"pdf24Plugin-cp-space\">&nbsp;&nbsp;<\/span> \t\t<span class=\"pdf24Plugin-cp-text\">Sende Artikel als PDF<\/span> \t\t<span class=\"pdf24Plugin-cp-space\">&nbsp;&nbsp;<\/span> \t\t<input class=\"pdf24Plugin-cp-input\" style=\"margin: 0px;\" type=\"text\" name=\"sendEmailTo\" placeholder=\"Emailadresse\" \/> \t\t<input class=\"pdf24Plugin-cp-submit\" style=\"margin: 0px;\" type=\"submit\" value=\"Senden\" \/> \t<\/form> <\/div>","protected":false},"excerpt":{"rendered":"<p>Eine Podiumsdiskussion &#8222;Elektromobilit\u00e4t im Nahverkehr&#8220; findet am\u00a0Dienstag, 14. Juni 2016, um 20 Uhr in der Volkshochschule (VHS) Schw\u00e4bisch Hall statt. Von Peter Aichelin,\u00a0Verkehrsclub Deutschland e.V.,\u00a0Regionalverband Hall-Heilbronn-Hohenlohe Hochkar\u00e4tig besetztes Podium Auf dem Podium sind vertreten:\u00a0Ralf Arnold, Gesch\u00e4ftsf\u00fchrer der Abteilung &#8222;Automotive&#8220; der Firma Ziehl-Abegg,\u00a0Ingrid K\u00fchnel, Gesch\u00e4ftsf\u00fchrerin des Kreisverkehr Schw\u00e4bisch Hall, Dieter Wolfarth, Sprecher der Kreisverbandes des ADFC.\u00a0Moderation: [&hellip;]<\/p>\n","protected":false},"author":1,"featured_media":0,"comment_status":"open","ping_status":"open","sticky":false,"template":"","format":"standard","meta":[],"categories":[1,9,2,4,5,3],"tags":[],"_links":{"self":[{"href":"https:\/\/www.hohenlohe-ungefiltert.de\/index.php?rest_route=\/wp\/v2\/posts\/20767"}],"collection":[{"href":"https:\/\/www.hohenlohe-ungefiltert.de\/index.php?rest_route=\/wp\/v2\/posts"}],"about":[{"href":"https:\/\/www.hohenlohe-ungefiltert.de\/index.php?rest_route=\/wp\/v2\/types\/post"}],"author":[{"embeddable":true,"href":"https:\/\/www.hohenlohe-ungefiltert.de\/index.php?rest_route=\/wp\/v2\/users\/1"}],"replies":[{"embeddable":true,"href":"https:\/\/www.hohenlohe-ungefiltert.de\/index.php?rest_route=%2Fwp%2Fv2%2Fcomments&post=20767"}],"version-history":[{"count":1,"href":"https:\/\/www.hohenlohe-ungefiltert.de\/index.php?rest_route=\/wp\/v2\/posts\/20767\/revisions"}],"predecessor-version":[{"id":20768,"href":"https:\/\/www.hohenlohe-ungefiltert.de\/index.php?rest_route=\/wp\/v2\/posts\/20767\/revisions\/20768"}],"wp:attachment":[{"href":"https:\/\/www.hohenlohe-ungefiltert.de\/index.php?rest_route=%2Fwp%2Fv2%2Fmedia&parent=20767"}],"wp:term":[{"taxonomy":"category","embeddable":true,"href":"https:\/\/www.hohenlohe-ungefiltert.de\/index.php?rest_route=%2Fwp%2Fv2%2Fcategories&post=20767"},{"taxonomy":"post_tag","embeddable":true,"href":"https:\/\/www.hohenlohe-ungefiltert.de\/index.php?rest_route=%2Fwp%2Fv2%2Ftags&post=20767"}],"curies":[{"name":"wp","href":"https:\/\/api.w.org\/{rel}","templated":true}]}}