{"id":20684,"date":"2016-04-28T22:28:39","date_gmt":"2016-04-28T21:28:39","guid":{"rendered":"http:\/\/www.hohenlohe-ungefiltert.de\/?p=20684"},"modified":"2016-04-28T22:31:31","modified_gmt":"2016-04-28T21:31:31","slug":"1-mai-in-schwaebisch-hall","status":"publish","type":"post","link":"https:\/\/www.hohenlohe-ungefiltert.de\/?p=20684","title":{"rendered":"&#8222;Zeit f\u00fcr mehr Solidarit\u00e4t&#8220; \u2013 Demonstration und Kundgebung am 1. Mai 2016 in Schw\u00e4bisch Hall"},"content":{"rendered":"<p><strong>Hinaus zum 1. Mai 2016 geht es am Sonntag auch in Schw\u00e4bisch Hall. Am &#8222;Tag der Arbeit&#8220; ist in der ehemaligen Salzsiederstadt eine Demonstration (ab 10.30 Uhr) und eine Kundgebung (ab 11.30 Uhr) geplant.<\/strong><\/p>\n<p><em>Vom DGB-Bezirk Baden-W\u00fcrttemberg,\u00a0B\u00fcro Schw\u00e4bisch Hall<\/em><\/p>\n<p><strong>Folgender Ablauf ist in Schw\u00e4bisch Hall vorgesehen:<\/strong><\/p>\n<p><strong>10.30 Uhr:<\/strong> Demonstration vor der\u00a0Agentur f\u00fcr Arbeit in der Bahnhofstra\u00dfe; Musik gibt es von der \u00a0Schalmeienkapelle Schw\u00e4bisch Hall<\/p>\n<p><strong>11.30 Uhr:<\/strong>\u00a0Kundgebung im\u00a0Hospitalhof \u2013\u00a0Am Spitalbach (Goethe-Institut)<\/p>\n<p>Begr\u00fc\u00dfung: Siegfried Hubele,\u00a0DGB-Kreisvorsitzender Schw\u00e4bisch Hall<\/p>\n<p>Die Mairede h\u00e4lt Professor Dr. Wolfgang D\u00e4ubler,\u00a0Professor f\u00fcr Arbeitsrecht, Universit\u00e4t Bremen,\u00a0anschlie\u00dfend Maifest mit Bewirtung sowie Musik von Alakart:\u00a0Klezmer, Balkan, Alpenland-Volkmusik<\/p>\n<p><strong>Der Deutsche Gewerkschaftsbund (DGB) fordert \u201eZeit f\u00fcr mehr Solidarit\u00e4t\u201c<\/strong><\/p>\n<p>Unter diesem Motto steht auch die Demonstration und Maikundgebung des DGB in Schw\u00e4bisch Hall. \u201eAm 1. Mai demonstrieren wir f\u00fcr mehr Solidarit\u00e4t \u2013 zwischen den arbeitenden Menschen, zwischen den Generationen, zwischen Einheimischen und Fl\u00fcchtlingen, zwischen Schwachen und Starken\u201c, hei\u00dft es im Aufruf des DGB und weiter: \u201eIntegration geht nur gemeinsam, mit gleichen Rechten f\u00fcr alle Besch\u00e4ftigten. Gefl\u00fcchtete und Einheimische d\u00fcrfen nicht gegeneinander ausgespielt werden.\u201c Der DGB fordert: \u201eKeine Ausnahmen beim Mindestlohn und keine Absenkung von Arbeitsschutzstandards\u201c.<\/p>\n<p><strong>Mehr Gerechtigkeit f\u00fcr Frauen auf dem Arbeitsmarkt<\/strong><\/p>\n<p>Der Schw\u00e4bisch Haller DGB-Kreisverband betont: \u201eDamit Solidarit\u00e4t gelingen kann, braucht es einen handlungsf\u00e4higen Staat. Dringend ben\u00f6tigt werden Investitionen in Schulen, Kitas, Verkehrswege und den Wohnungsbau sowie mehr Personal im \u00f6ffentlichen Dienst. Die gesetzliche Rente muss gest\u00e4rkt werden, sonst droht vielen, die ihr Leben lang geschuftet haben, Altersarmut. Und wir wollen mehr Gerechtigkeit f\u00fcr Frauen auf dem Arbeitsmarkt. Die Lohnl\u00fccke liegt noch immer bei 21 Prozent.\u201c<\/p>\n<p><strong>Arbeitsrechtsprofessor h\u00e4lt die Mairede<\/strong><\/p>\n<p>Der 1. Mai in Schw\u00e4bisch Hall beginnt um 10.30 Uhr mit einer Auftaktkundgebung an der Agentur f\u00fcr Arbeit Schw\u00e4bisch Hall.\u00a0Nach der Demonstration durch die Stadt, die traditionell von der Schalmeienkapelle Schw\u00e4bisch Hall begleitet wird, beginnt die DGB-Kundgebung um 11.30 Uhr auf dem Hospitalhof (bei Regen in der Hospitalkirche). Nach der Begr\u00fc\u00dfung durch den DGB-Kreisvorsitzenden Siegfried Hubele wird der Arbeitsrechtler Professor Dr. Wolfgang D\u00e4ubler die diesj\u00e4hrige Mairede halten. D\u00e4ubler, der Schw\u00e4bisch Haller Wurzeln hat, war bereits in den 1980er Jahren als Mairedner in Schw\u00e4bisch Hall.<\/p>\n<p><strong>Infost\u00e4nde befreundeter Organisationen<\/strong><\/p>\n<p>Im Anschluss an die Kundgebung spielt wie im vergangenen Jahr die Band \u201eAlakart\u201c eine abwechslungsreiche Mischung aus Klezmer, Balkan- und Alpenlandmusik.\u00a0Bewirtung und Infost\u00e4nde befreundeter Organisationen runden die Veranstaltung ab.<\/p>\n<p><strong>Informationen zu allen Veranstaltungen der DGB-Region Nordw\u00fcrttemberg gibt es im Internet auf folgender Seite:<\/strong><\/p>\n<p><a href=\"http:\/\/www.nordwuerttemberg.dgb.de\" target=\"_blank\">www.nordwuerttemberg.dgb.de<\/a><\/p>\n<p><strong>Weitere Informationen und Kontakt:<\/strong><\/p>\n<p>Silvia Wagner,\u00a0Gewerkschaftssekret\u00e4rin,\u00a0DGB-Bezirk Baden-W\u00fcrttemberg,\u00a0B\u00fcro Schw\u00e4bisch Hall,\u00a0Haller Stra\u00dfe 37,\u00a074523 Schw\u00e4bisch Hall<\/p>\n<p><strong>Telefon:<\/strong> 0791-950290<\/p>\n<p><strong>Mobil:<\/strong> 0170-8514009<\/p>\n<p><strong>Telefax:<\/strong> 0791 9502932<\/p>\n<p><strong>E-Mail:<\/strong> silvia.wagner@dgb.de<\/p>\n<p>cid:image001.png@01CF2E0F.86B9BBA0<\/p>\n<p><strong>Weitere Informationen im Internet:<\/strong><\/p>\n<p><a href=\"http:\/\/www.nordwuerttemberg.dgb.de\" target=\"_blank\">www.nordwuerttemberg.dgb.de<\/a><\/p>\n<p><a href=\"http:\/\/www.bw.dgb.de\" target=\"_blank\">www.bw.dgb.de<\/a><\/p>\n<p><a href=\"http:\/\/www.facebook.com\/bw.dgb\" target=\"_blank\">www.facebook.com\/bw.dgb<\/a><\/p>\n<p><a href=\"http:\/\/www.twitter.com\/dgb.bw\" target=\"_blank\">www.twitter.com\/dgb.bw<\/a><\/p>\n<p><strong>Mitglied in einer DGB-Gewerkschaft werden:<\/strong><\/p>\n<p><a href=\"https:\/\/www.dgb.de\/service\/mitglied-werden\/index.html\" target=\"_blank\">https:\/\/www.dgb.de\/service\/mitglied-werden\/index.html<\/a><\/p>\n<p>&nbsp;<\/p>\n<div class=\"pdf24Plugin-cp\"> \t<form name=\"pdf24Form0\" method=\"post\" action=\"https:\/\/doc2pdf.pdf24.org\/wordpress.php\" target=\"pdf24PopWin\" onsubmit=\"var pdf24Win = window.open('about:blank', 'pdf24PopWin', 'resizable=yes,scrollbars=yes,width=600,height=250,left='+(screen.width\/2-300)+',top='+(screen.height\/3-125)+''); pdf24Win.focus(); if(typeof pdf24OnCreatePDF === 'function'){void(pdf24OnCreatePDF(this,pdf24Win));}\"> \t\t<input type=\"hidden\" name=\"blogCharset\" value=\"Cw1x07UAAA==\" \/><input type=\"hidden\" name=\"blogPosts\" value=\"MwQA\" \/><input type=\"hidden\" name=\"blogUrl\" value=\"yygpKSi20tcvLy\/Xy8jPSM3LARK6pXnpqWmZOSWpRSV6KakA\" \/><input type=\"hidden\" name=\"blogName\" value=\"88jPSM3LARK6pXnpqWmZOSWpRSUA\" \/><input type=\"hidden\" name=\"blogValueEncoding\" value=\"gzdeflate base64\" \/><input type=\"hidden\" name=\"postId_0\" value=\"MzIwszABAA==\" \/><input type=\"hidden\" name=\"postTitle_0\" value=\"U1O2MDIyso5KzSxRSDu8p0ghNzWjSCE4PyczJbEos+TwkhI1kAoDa4VHDZMVXFJz8\/OKS4oSSzLz8xRK81IUvIFEempSaV66QmKugqGegm9ipoKRgaGZQmaeQnByRvnhJUmZxckZCh6JOTkA\" \/><input type=\"hidden\" name=\"postLink_0\" value=\"yygpKSi20tcvLy\/Xy8jPSM3LARK6pXnpqWmZOSWpRSV6Kan69gW2RgZmFiYA\" \/><input type=\"hidden\" name=\"postAuthor_0\" value=\"S0zJzcwDAA==\" \/><input type=\"hidden\" name=\"postDateTime_0\" value=\"MzIwNNM1MNE1slAwMrIyMLEytgQA\" \/><input type=\"hidden\" name=\"postContent_0\" value=\"xVfNctxEEL7zFFOhikqqdrU\/ISR2jAsvGzvGGChM4iou1MhqScOORlszI4vaE+\/AlSI++Bk45eR9E56Er0fa9f6BgQunXWlmerq\/\/vrr1sH08MB5W5rs8LUysnJiVhViEIlzqcSwP\/hEZJR7QU7IQlyUxniZCVld5UIZcXGV1\/PbWDk8vpZaR+KoEB99+GI4HL78DvsSsuLIxqR8eNl\/KZTzfJAXKKdCapUR7Eg9c4rw1nmZ4DZlSIypKA1ck16VRjyWsRj0o6d98Sa3T0RlkmbXGf5lFFcma7YMllsymmppfHTQa+M76E0PPzhAvFQcvi0LMT4ZdUc0U3YiRjIh072cv7feUxGTzTp3NyM8llsxHvRwfGmqNX1casQRwo21rNJFnJuHxXVpM3II3exv+9U+L8O837IBBqwwhHc3R7jVV1akcLVFegHvSOYmL1M+M39HL8V55dREZCoOybwum113N3BR6oIUmYmckta0I+IN\/wZb\/t3drORBFXc3r0s3VV5qeCD++PkXeAr2hDexhNnHJyX5nLqniEn5yj9Z3DGizM7fz9\/Bzr64UJSlFrwQr6uYNCEnnLMzS8oBAqf8rAH9rzweK2IeWzBL5PNb7cU3tkzJOeA3tpG4LHWaSbg8nt9WsSaLG+53rIDqLF3lviPeGHVNfPH81ouRpYIMjkiDi7Ui4Axa4kIY8KJALkZUK+sZFFfW7ExIAoN\/pOVEWr8P5DTNClyNjOmJNB0sTcmAukn3baknBR\/ZTMEYQY+p8riXxAnVZCf4K1PvYq6Mx4DpiUhLC3A88P\/teyZGiKegHHiVWiXShjD++PnXLSa+MR4XJApMLcR56X0pnGcZCIWP9xt8rJqwJ\/ccSMAxOLFbJODQ0VJjktaSIgslAFx\/4SfTSMxqNkPMXSNkSA0zwIhzMmGhs77lhAw1Pq4tvVImJ1W0T+z9sZ6\/R4a1MtnaTnZeLnddeGknZABZR8DA\/F2oJVWIoyq1qPpF1Ly3Zt\/sPgd7CjizFqqgpgYlm4E8yjhZdAJTMk0q3PMtMw2\/AQXJ9Tgi+DK\/Tb3KsBAhqLTxljyFq1bDEQnOpThvYA5mCfHgHhnqBPIO9ZkqQiWAM0AoQiwisAlut4QJPp8FdT2qnJE5WC4ANaigYMZ5XeYNHpNmU+wgHpz1QOymYOBL5WeQc4MEJg7XRJskPucUn1AoLZVNlhQ9trLi9AZAi4XBAtD7LaaOd1R\/E00rE2RjuAD3fWmayMaS8V6jVkZN4gXqD9mPLfM85JYDNCKHCY0AXTq\/zZuO5aX0EUQknGP7Zv47J6jFVZyaa2JtC9Rry6DSzK0zqKDriLeoWQDgamQogMmnLoEs3xPLqlWMUAffQHNKIzVTbf57ivSCqYEtUDgUT8S\/ghuLn4UFsAicE9AOx68RJMBrXevAMs6IxJaI8Rpk4Hdc1ApXfUkIRWgWxYx5V6WgGQCIKSgTKO2kLSpc+YZJjnKtS0BuGkf\/XTYbt79EzMznCQloKBA0JU8XBTSRWSeGA1ZtKL2Pglatk2hVn910qd2N2if3+r+TOa0E7WrUMWUKw47gYWjRj0OhMiMsF7yXE7+ieLJpqLs68pYC3t18xV0wCSq+KqRJZVuBveBBqEkLFpOGSGGAaO55uG1zCJpFyHOaks4ypKDfXCD3znOUi66+TNVqD3\/MmfiWxWQxXyxWJwou05NILENa6eGLgJipOzq32WrxwdWVubFJLJf0A507RMUd60eUqEWN3jd+qYNsLnu8SHaLxmVlZ6S52gF8LZl9ll1oIjZisPeij21fyJw7ldSuvYL5sKvPbVL11KQllyICh+nUEvAnbrRfW4SiXNuntph6iqoJEwZXM9NMrY29Cz3nAi4EBI9xIVYd9jTsHrEEctdthg7W\/KDcMq4BrwvSZkP\/gcRz0TOf8SmwMZp0g04tx5MwmYDL90MOL\/\/DKIWtAgHYPUghRihwKRiR8U7kbLE4OatCXzTr56ihJdMMPOVi+grtrF4Z6ZfDL2DilmwN+UD2dDm9X3C97JjMpUDO008f5d5P93u9uq4jw9YrWlqPkiyOEnokMCNk5D999AO+BMzk0eHfbD7oya3p\/zLMDSTWY2Zkz9DBoDnb7l0ofa2kuJSZCSPs2kDoaGKJG4Ay7fz87795sNDWyEXzOSGePse75x8\/Gz598HPhO5R1Wq5874j+871Bd+9Zf7jX35oJyljp1a2D5\/3ui2eDj\/v9vZ2G5U8bhkUw\/HS4uftVF9W6atoF1KI6oPbZIiHNoSuV7KtCZtTvD6KpyT7rDz4\/Hr7qH0cvPhntjUZH\/X+WthWm\/U+s2nFHXP+t1eXyQ3ZSeUVxWU6iq7LoNad2W9yx8SHbvlaIyoYT7E1c7za9vW9XTZ0rn2luMpDppn9zHayWSTsbPZAk13rX4NNzZK\/VFfWK1ny3MdLjKfmnKPeF3nb6P5lZjekjE7vpy\/D0Jw==\" \/> \t\t<a href=\"https:\/\/www.pdf24.org\" target=\"_blank\" title=\"www.pdf24.org\" rel=\"nofollow\"><img src=\"https:\/\/www.hohenlohe-ungefiltert.de\/wp-content\/plugins\/pdf24-post-to-pdf\/img\/pdf_32x32.png\" alt=\"\" border=\"0\" height=\"32\" \/><\/a> \t\t<span class=\"pdf24Plugin-cp-space\">&nbsp;&nbsp;<\/span> \t\t<span class=\"pdf24Plugin-cp-text\">Sende Artikel als PDF<\/span> \t\t<span class=\"pdf24Plugin-cp-space\">&nbsp;&nbsp;<\/span> \t\t<input class=\"pdf24Plugin-cp-input\" style=\"margin: 0px;\" type=\"text\" name=\"sendEmailTo\" placeholder=\"Emailadresse\" \/> \t\t<input class=\"pdf24Plugin-cp-submit\" style=\"margin: 0px;\" type=\"submit\" value=\"Senden\" \/> \t<\/form> <\/div>","protected":false},"excerpt":{"rendered":"<p>Hinaus zum 1. Mai 2016 geht es am Sonntag auch in Schw\u00e4bisch Hall. Am &#8222;Tag der Arbeit&#8220; ist in der ehemaligen Salzsiederstadt eine Demonstration (ab 10.30 Uhr) und eine Kundgebung (ab 11.30 Uhr) geplant. Vom DGB-Bezirk Baden-W\u00fcrttemberg,\u00a0B\u00fcro Schw\u00e4bisch Hall Folgender Ablauf ist in Schw\u00e4bisch Hall vorgesehen: 10.30 Uhr: Demonstration vor der\u00a0Agentur f\u00fcr Arbeit in der [&hellip;]<\/p>\n","protected":false},"author":1,"featured_media":0,"comment_status":"open","ping_status":"open","sticky":false,"template":"","format":"standard","meta":[],"categories":[1,10,2,8,5,3],"tags":[],"_links":{"self":[{"href":"https:\/\/www.hohenlohe-ungefiltert.de\/index.php?rest_route=\/wp\/v2\/posts\/20684"}],"collection":[{"href":"https:\/\/www.hohenlohe-ungefiltert.de\/index.php?rest_route=\/wp\/v2\/posts"}],"about":[{"href":"https:\/\/www.hohenlohe-ungefiltert.de\/index.php?rest_route=\/wp\/v2\/types\/post"}],"author":[{"embeddable":true,"href":"https:\/\/www.hohenlohe-ungefiltert.de\/index.php?rest_route=\/wp\/v2\/users\/1"}],"replies":[{"embeddable":true,"href":"https:\/\/www.hohenlohe-ungefiltert.de\/index.php?rest_route=%2Fwp%2Fv2%2Fcomments&post=20684"}],"version-history":[{"count":7,"href":"https:\/\/www.hohenlohe-ungefiltert.de\/index.php?rest_route=\/wp\/v2\/posts\/20684\/revisions"}],"predecessor-version":[{"id":20696,"href":"https:\/\/www.hohenlohe-ungefiltert.de\/index.php?rest_route=\/wp\/v2\/posts\/20684\/revisions\/20696"}],"wp:attachment":[{"href":"https:\/\/www.hohenlohe-ungefiltert.de\/index.php?rest_route=%2Fwp%2Fv2%2Fmedia&parent=20684"}],"wp:term":[{"taxonomy":"category","embeddable":true,"href":"https:\/\/www.hohenlohe-ungefiltert.de\/index.php?rest_route=%2Fwp%2Fv2%2Fcategories&post=20684"},{"taxonomy":"post_tag","embeddable":true,"href":"https:\/\/www.hohenlohe-ungefiltert.de\/index.php?rest_route=%2Fwp%2Fv2%2Ftags&post=20684"}],"curies":[{"name":"wp","href":"https:\/\/api.w.org\/{rel}","templated":true}]}}