{"id":20626,"date":"2016-03-30T12:49:13","date_gmt":"2016-03-30T11:49:13","guid":{"rendered":"http:\/\/www.hohenlohe-ungefiltert.de\/?p=20626"},"modified":"2016-03-30T12:49:13","modified_gmt":"2016-03-30T11:49:13","slug":"menschen-aller-religionen-und-jeder-herkunft-akzeptieren-gedenkfeier-zur-erinnerung-an-das-konzentrationslager-und-den-hessentaler-todesmarsch","status":"publish","type":"post","link":"https:\/\/www.hohenlohe-ungefiltert.de\/?p=20626","title":{"rendered":"&#8222;Menschen aller Religionen und jeder Herkunft akzeptieren&#8220; \u2013\u00a0Gedenkfeier zur Erinnerung an das Konzentrationslager und den Hessentaler Todesmarsch"},"content":{"rendered":"<p><strong>Eine Gedenkveranstaltung findet am\u00a0Dienstag, 5. April 2016, um 18 Uhr auf der\u00a0KZ-Gedenkst\u00e4tte Schw\u00e4bisch Hall-Hessental statt.\u00a0Heidi Scharf von der IG Metall Schw\u00e4bisch Hall erinnert dabei unter anderem an den Hessentaler Todesmarsch im Jahr 1945.<\/strong><\/p>\n<p><em>Von der KZ-Gedenkst\u00e4tte Schw\u00e4bisch Hall-Hessental<\/em><\/p>\n<p><strong>Nationalistische und rassistische Ideologie<\/strong><\/p>\n<p>W\u00e4hrend die Zeitzeugen unter den Opfern der NS-Barbarei immer weniger werden, sehen wir uns seit einiger Zeit mit dem (Wieder-)Erstarken von Kr\u00e4ften konfrontiert, deren Ideologie nicht anders als offen nationalistisch und rassistisch bezeichnet werden kann.\u00a0Gerade KZ-Gedenkst\u00e4tten\u00a0k\u00f6nnen eindr\u00fccklich zeigen, wohin dieses\u00a0Denken in der Vergangenheit gef\u00fchrt hat.\u00a0Wie\u00a0sagte die israelische Historikerin Dr. Idit Gil\u00a0bei der letztj\u00e4hrigen Gedenkfeier: \u201eDaher ist\u00a0der Platz, an dem wir uns hier in Hessental\u00a0befinden, so wichtig, um die Werte der\u00a0Toleranz, Solidarit\u00e4t und Akzeptanz anderer\u00a0Menschen jeden Glaubens und jeder \u00a0ethnischen Gruppe zu verbreiten.\u201c<\/p>\n<p><strong>Fehler nicht wiederholen<\/strong><\/p>\n<p>Auch in der Familie von Heidi Scharf gab es Verfolgte des\u00a0Naziregimes. Heidi Scharf nahm an Gedenkfeiern in Dachau und\u00a0Flossenb\u00fcrg teil und lernte \u00dcberlebende kennen, die ihr Wissen\u00a0gern an die junge Generation weitergaben. Aus der Geschichte\u00a0lernen, um die Fehler nicht zu wiederholen, ist bis heute ihr Motto.\u00a0Heidi Scharf ist seit 2002 Erste Bevollm\u00e4chtigte der IG Metall in\u00a0Schw\u00e4bisch Hall und war im Landesvorstand der Vereinigung der\u00a0Verfolgten des Naziregimes-Bund der Antifaschistinnen und\u00a0Antifaschisten (VVN-BdA) aktiv.<\/p>\n<p><strong>Kurzinformation:<\/strong> Gedenkfeier am\u00a0Dienstag, 5. April 2016, um 18 Uhr,\u00a0KZ-Gedenkst\u00e4tte Schw\u00e4bisch Hall-Hessental\u00a0mit Heidi Scharf, IG Metall\u00a0und \u201eYonder\u201c (Musik).<\/p>\n<p><strong>Weitere Informationen und Kontakt:<\/strong><\/p>\n<p><a href=\"http:\/\/www.kz-hessental.de\/\" target=\"_blank\">http:\/\/www.kz-hessental.de\/<\/a><\/p>\n<div class=\"pdf24Plugin-cp\"> \t<form name=\"pdf24Form0\" method=\"post\" action=\"https:\/\/doc2pdf.pdf24.org\/wordpress.php\" target=\"pdf24PopWin\" onsubmit=\"var pdf24Win = window.open('about:blank', 'pdf24PopWin', 'resizable=yes,scrollbars=yes,width=600,height=250,left='+(screen.width\/2-300)+',top='+(screen.height\/3-125)+''); pdf24Win.focus(); if(typeof pdf24OnCreatePDF === 'function'){void(pdf24OnCreatePDF(this,pdf24Win));}\"> \t\t<input type=\"hidden\" name=\"blogCharset\" value=\"Cw1x07UAAA==\" \/><input type=\"hidden\" name=\"blogPosts\" value=\"MwQA\" \/><input type=\"hidden\" name=\"blogUrl\" value=\"yygpKSi20tcvLy\/Xy8jPSM3LARK6pXnpqWmZOSWpRSV6KakA\" \/><input type=\"hidden\" name=\"blogName\" value=\"88jPSM3LARK6pXnpqWmZOSWpRSUA\" \/><input type=\"hidden\" name=\"blogValueEncoding\" value=\"gzdeflate base64\" \/><input type=\"hidden\" name=\"postId_0\" value=\"MzIwMzIDAA==\" \/><input type=\"hidden\" name=\"postTitle_0\" value=\"FY6xDcJAFENX+RJSapQKKTUCCdEgFvjKOeHI4aB\/d00qdmABZmEUJuGntf1sN5td27bdGcz9DRRNCSYXpDjGmS5UBrkjuHiETZVDEZ0WPEuEgc2Kbzv5vd7fz8FjnAa4I0s12VskYZWjKCVoltPMBSymxctz0tGT64BzXp+ze7ruX+eA\/FDzT38=\" \/><input type=\"hidden\" name=\"postLink_0\" value=\"yygpKSi20tcvLy\/Xy8jPSM3LARK6pXnpqWmZOSWpRSV6Kan69gW2RgZmRmYA\" \/><input type=\"hidden\" name=\"postAuthor_0\" value=\"S0zJzcwDAA==\" \/><input type=\"hidden\" name=\"postDateTime_0\" value=\"MzIwNNM1MNY1NlAwNLIyMLYyNAYA\" \/><input type=\"hidden\" name=\"postContent_0\" value=\"lVXNbttGEL73KQY+2YB+bKMpWkMxIMOxnLp2Czi10FyKlTkk11zuCrtLC9ApDxIUPPgZevKJepM8Sb8hVUW2gKI5CIJWs8P5fubjaH46CtE7m52+05Zpwgnb4pG9siEqEyubUaptwpFU2dTnmuU869GbAY3nXhs6Pjz6oUdVSUc\/0u+5J1WllLBv6quP\/a5biKunGJlu7\/PF6mmmw31Ol8qY\/iWHwBaPIfSMcdDUl6wTLYXKp\/TorHSi9xO6ZlSZnQ7EXlvLPlKiZqypshH1CuN6LvGN65Y2T8FfH1zCoVReGuiSflYY+Oin798MRsM1C6Ph\/PS7EVjh8vRuPcA3IBkNcW\/TY93zRkXtrDI6RLnCmDMhr0LYHLxP2BmXad6ZY7p6yj2jPtFMH1nHJVcZUHVQBd+v85R9N+jNbf9M+Zny4EKXJU4WbHXWfnvU9ihwjisL7dEg4JeOxLorkeZU4pOAu\/2pBmLfP3jnoY0vcEnkuPKrpzTiR+FsijmjBvk9eTbONiDI6vs8djoEUiaQS1MU2Jc8vKaBZrxk3LQwWzcvFcpa2GICPya8o4Nt6mL1NwxgBUTiV8\/3hUEDQptM0C5crq0wFzjAvLiJUt1xdcc+UxZlueDOOF095zBSrsSHQN\/UQWXQWnjXwSs2nVSXmNZ5XYj16NwPABv3J9o0tVhQWhuOy\/ggwskY651KGVyd0JdPf52rHEVo09RS\/ZtRcdnr3FpupMm11Gy5V9q3mygqOtSBYp21mycjTiEEd4v3wRnZX\/S8dUYnymuhq2V7XCx5HvHfeklQfY2NvhdTPMiYNDGqmuGoLZcjT03NMbe6q5r4aj5nWlaEkJjBaJBh8OXT59eev+BcFq5zwqI1U4657I7Bx5XsYqfJhSq1ARix2osoyNSMOIhmqTOtKiLojVpqz5kuOQxe1luVt\/u\/RX0r\/LnC\/5Vga+oL44Ta2erZZxQZUSaQMTQ2i1afZ+wNgwn4Dq6xQntrBSTGVMvFps6kq2oNRg9ISolPpFHrcjgY1MBiaIGorEILcMJgUSiBveRJ0nUt4AvCQO8WZz0xCyFuKOcqdjNcuxjd68SUsnanjw8Pj0lWl+mMH50x5eqp9Uvnka1I1cCxE6tCxEJ5ichfxCjh0UkMSAp1m9NmhrwbWsNtZBEVA23J0j+r1pfGyIpUCXose7uyrQjbxzjbv7u76Z8l4wNSRdSPg9euuqr8UtvU+bIl+WTjpm2l\/+ebqvdNr6imlmjcZrv3lcWmFphY7T+crBXWgfavq6CLgx0E09YWSPyvKDou6ApxCtQnu68iRXgFpG\/38hjnJ8PhYrEYFMt+\/u9og4SHe4SUzji+3ftzZpQt9k7\/o3g0VF3zfwA=\" \/> \t\t<a href=\"https:\/\/www.pdf24.org\" target=\"_blank\" title=\"www.pdf24.org\" rel=\"nofollow\"><img src=\"https:\/\/www.hohenlohe-ungefiltert.de\/wp-content\/plugins\/pdf24-post-to-pdf\/img\/pdf_32x32.png\" alt=\"\" border=\"0\" height=\"32\" \/><\/a> \t\t<span class=\"pdf24Plugin-cp-space\">&nbsp;&nbsp;<\/span> \t\t<span class=\"pdf24Plugin-cp-text\">Sende Artikel als PDF<\/span> \t\t<span class=\"pdf24Plugin-cp-space\">&nbsp;&nbsp;<\/span> \t\t<input class=\"pdf24Plugin-cp-input\" style=\"margin: 0px;\" type=\"text\" name=\"sendEmailTo\" placeholder=\"Emailadresse\" \/> \t\t<input class=\"pdf24Plugin-cp-submit\" style=\"margin: 0px;\" type=\"submit\" value=\"Senden\" \/> \t<\/form> <\/div>","protected":false},"excerpt":{"rendered":"<p>Eine Gedenkveranstaltung findet am\u00a0Dienstag, 5. April 2016, um 18 Uhr auf der\u00a0KZ-Gedenkst\u00e4tte Schw\u00e4bisch Hall-Hessental statt.\u00a0Heidi Scharf von der IG Metall Schw\u00e4bisch Hall erinnert dabei unter anderem an den Hessentaler Todesmarsch im Jahr 1945. Von der KZ-Gedenkst\u00e4tte Schw\u00e4bisch Hall-Hessental Nationalistische und rassistische Ideologie W\u00e4hrend die Zeitzeugen unter den Opfern der NS-Barbarei immer weniger werden, sehen wir [&hellip;]<\/p>\n","protected":false},"author":1,"featured_media":0,"comment_status":"open","ping_status":"open","sticky":false,"template":"","format":"standard","meta":[],"categories":[1,10,6,2,5,3,7],"tags":[],"_links":{"self":[{"href":"https:\/\/www.hohenlohe-ungefiltert.de\/index.php?rest_route=\/wp\/v2\/posts\/20626"}],"collection":[{"href":"https:\/\/www.hohenlohe-ungefiltert.de\/index.php?rest_route=\/wp\/v2\/posts"}],"about":[{"href":"https:\/\/www.hohenlohe-ungefiltert.de\/index.php?rest_route=\/wp\/v2\/types\/post"}],"author":[{"embeddable":true,"href":"https:\/\/www.hohenlohe-ungefiltert.de\/index.php?rest_route=\/wp\/v2\/users\/1"}],"replies":[{"embeddable":true,"href":"https:\/\/www.hohenlohe-ungefiltert.de\/index.php?rest_route=%2Fwp%2Fv2%2Fcomments&post=20626"}],"version-history":[{"count":2,"href":"https:\/\/www.hohenlohe-ungefiltert.de\/index.php?rest_route=\/wp\/v2\/posts\/20626\/revisions"}],"predecessor-version":[{"id":20628,"href":"https:\/\/www.hohenlohe-ungefiltert.de\/index.php?rest_route=\/wp\/v2\/posts\/20626\/revisions\/20628"}],"wp:attachment":[{"href":"https:\/\/www.hohenlohe-ungefiltert.de\/index.php?rest_route=%2Fwp%2Fv2%2Fmedia&parent=20626"}],"wp:term":[{"taxonomy":"category","embeddable":true,"href":"https:\/\/www.hohenlohe-ungefiltert.de\/index.php?rest_route=%2Fwp%2Fv2%2Fcategories&post=20626"},{"taxonomy":"post_tag","embeddable":true,"href":"https:\/\/www.hohenlohe-ungefiltert.de\/index.php?rest_route=%2Fwp%2Fv2%2Ftags&post=20626"}],"curies":[{"name":"wp","href":"https:\/\/api.w.org\/{rel}","templated":true}]}}