{"id":20538,"date":"2016-03-01T11:52:14","date_gmt":"2016-03-01T10:52:14","guid":{"rendered":"http:\/\/www.hohenlohe-ungefiltert.de\/?p=20538"},"modified":"2016-03-01T11:54:20","modified_gmt":"2016-03-01T10:54:20","slug":"bergblumen-kurdischer-film-laeuft-in-schwaebisch-hall-anschliessend-diskussion-mit-der-produzentin","status":"publish","type":"post","link":"https:\/\/www.hohenlohe-ungefiltert.de\/?p=20538","title":{"rendered":"&#8222;Bergblumen&#8220; \u2013 Kurdischer Film l\u00e4uft in Schw\u00e4bisch Hall \u2013\u00a0Anschlie\u00dfend Diskussion mit der Produzentin"},"content":{"rendered":"<p><strong>Solidarit\u00e4t International\u00a0zeigt den kurdischen Film &#8222;Bergblumen&#8220;\u00a0von und mit Ayg\u00fcl Aras am Dienstag,\u00a015. M\u00e4rz 2015 in der &#8222;Schwimmerei&#8220; Schw\u00e4bisch Hall, Auwiesenstra\u00dfe 3. Essen gibt es ab 18.30 Uhr. Der Film beginnt um\u00a019.30 Uhr.\u00a0Die Produzentin Ayg\u00fcl Aras diskutiert anschlie\u00dfend mit den BesucherInnen.<\/strong><\/p>\n<p><em>Von\u00a0Solidarit\u00e4t International<\/em><\/p>\n<p><strong>Kurdische Laiendarsteller<\/strong><\/p>\n<p>Die Waiblingerin Ayg\u00fcl Aras hat den 90-min\u00fctigen Spielfilm produziert. Mit kurdischen Laiendarstellern besetzt, folgt er\u00a0den Spuren ihrer Kindheit in Dersim\/Anatolien. Sie selbst spielt\u00a0die Gro\u00dfmutter eines M\u00e4dchens, das unbedingt zur Schule\u00a0gehen will, aber nicht darf. Die Gro\u00dfmutter bef\u00fcrchtet, dass\u00a0ihre Enkelin durch den Schulbesuch ihre kurdischen Wurzeln\u00a0verliert.\u00a0Als das M\u00e4dchen schlie\u00dflich doch die Schule besuchen darf,\u00a0erlebt es bittere Entt\u00e4uschungen.<\/p>\n<p><strong>&#8222;Das ist ganz gro\u00dfes Kino&#8220;<\/strong><\/p>\n<p>Der Film, gedreht vom kurdischen Regisseur Cancer Canerik,\u00a0wurde 2015 f\u00fcr das 26. Internationale Filmfestival nominiert.\u00a0Bei der Filmpremiere in Waiblingen waren die Zuschauer\u00a0begeistert: &#8222;Das ist ganz gro\u00dfes Kino&#8220;, sagte ein Zuschauer.\u00a0Die Produzentin Ayg\u00fcl Aras wird bei der Veranstaltung\u00a0anwesend sein und steht f\u00fcr die anschlie\u00dfende\u00a0Diskussion zur Verf\u00fcgung.<\/p>\n<p><strong>Weitere Informationen im Internet \u00fcber Solidarit\u00e4t International:<\/strong><\/p>\n<p><a href=\"http:\/\/www.solidaritaet-international.de\/index.php?id=3&amp;no_cache=1\" target=\"_blank\">http:\/\/www.solidaritaet-international.de\/index.php?id=3&amp;no_cache=1<\/a><\/p>\n<div class=\"pdf24Plugin-cp\"> \t<form name=\"pdf24Form0\" method=\"post\" action=\"https:\/\/doc2pdf.pdf24.org\/wordpress.php\" target=\"pdf24PopWin\" onsubmit=\"var pdf24Win = window.open('about:blank', 'pdf24PopWin', 'resizable=yes,scrollbars=yes,width=600,height=250,left='+(screen.width\/2-300)+',top='+(screen.height\/3-125)+''); pdf24Win.focus(); if(typeof pdf24OnCreatePDF === 'function'){void(pdf24OnCreatePDF(this,pdf24Win));}\"> \t\t<input type=\"hidden\" name=\"blogCharset\" value=\"Cw1x07UAAA==\" \/><input type=\"hidden\" name=\"blogPosts\" value=\"MwQA\" \/><input type=\"hidden\" name=\"blogUrl\" value=\"yygpKSi20tcvLy\/Xy8jPSM3LARK6pXnpqWmZOSWpRSV6KakA\" \/><input type=\"hidden\" name=\"blogName\" value=\"88jPSM3LARK6pXnpqWmZOSWpRSUA\" \/><input type=\"hidden\" name=\"blogValueEncoding\" value=\"gzdeflate base64\" \/><input type=\"hidden\" name=\"postId_0\" value=\"MzIwNbYAAA==\" \/><input type=\"hidden\" name=\"postTitle_0\" value=\"U1O2MDIysnZKLUpPyinNTc1TAwkYWCs8apis4F1alJJZnJyRWqTglpmTq5BzeElpWolCZp5CcHJG+eElSSBJBY\/EnByQ8kMLHPOA\/JzM1MPzU\/NSFFwyi7NLi4sz8\/MUcjNLFFKApgQU5aeUVqXmlWTmAQA=\" \/><input type=\"hidden\" name=\"postLink_0\" value=\"yygpKSi20tcvLy\/Xy8jPSM3LARK6pXnpqWmZOSWpRSV6Kan69gW2RgamxhYA\" \/><input type=\"hidden\" name=\"postAuthor_0\" value=\"S0zJzcwDAA==\" \/><input type=\"hidden\" name=\"postDateTime_0\" value=\"MzIwNNM1MNY1MFQwNLQyMLYyNAEA\" \/><input type=\"hidden\" name=\"postContent_0\" value=\"rVRNb9tGFLz3Vzw4QE4KZctIkdiyCrlOWyMpUNRIDPQSLMUn8kHLJbEfVqI\/Ex78M3wi\/1hnSSqVYwTtoRdRXO7Om5k3b+f1Yu68rUy+uKm0ZMqK7+49XRvP1igvlVG6bXYsuaeMDW2CzcStCvz9RXRJz5+9ms1m55ds81SHkk2\/cHzeNneVoWAyKsXT8nPePWhaWuVIlXQlbJxX+aRtTl4m9Ht3b3c0Oz55SWJQxe5Rb1bFVsqSLcsIS3Gpu08jBfpNaT2hZdgKuwhoVfeF6TShNw7vlEvqiVEwpZNXyekxvS9sQleA75mnnIsxnkIJFq\/339sG5OgPW2Vhx8aDzyF3SN8EL2w9KQMKWhglR5HRnkt2AebYa2PYJPPp6O18Wi9+mMNrLhcfKtM23zd7PsWer\/vH82\/3rtM7Be9w0nnWmu2TCpH9rZJUi8nZfkO\/UAPL18cvSjHdg5ccbze1sF5HS+pedpSHpkDRQbO\/qWtgn2O\/8xNaVxrZYNs2WQ8WLB5SWPj8VkxWMIDAA747KadL6IR2mEM3oOpYp86TixQ8ELD0q626L2Xw8IRYDBqIfGSRhJtQBhXBpJxBnqddsDEQQXPb5BxpbiVGQqU4a2RVQK6y6yQG7hFuyuvuweI7+x7TtU1kTG\/MhnXMYMDH3qoePu272os69OQ22B1rdPOOre5da5uldj3JPWfap0RLRKziD8gMrGkAxq5IE9MAHB5Cm0okGhl5ZCQAJaChMVKPkzFOyhVKCozMldlRHpUCA\/ZX49w8zck4BhPKObMMp+6q8lDcnxgPjBEc\/lmZFfcPBGoDllvs4mFeo4293tmPyeMccw+\/ZuflTmkyFRI3enTJ0k953FBbLiUKhetfc4s+qpii6NRfUbsKMV+YWIZIgJzRf9Q9IadyzzFI\/yD9y5BvxWbozMDxA1sV7yrt4X\/bKLONd02G4MpwvYEPzBt8AOija4FjIdwYzsGSPq2Aw9YcWE86eYtBiUZcm3Vly97FOEjlaCt76h5irr9\/dZw9vW8UIbPri6PC+\/psOt1ut4nbn1fsX8jh+STjKSaWPyV1Uf8k2cXpc1XW56b6uFLIxMXJEXllc\/YXRx9TrczmaPH\/4M6naqD8Nw==\" \/> \t\t<a href=\"https:\/\/www.pdf24.org\" target=\"_blank\" title=\"www.pdf24.org\" rel=\"nofollow\"><img src=\"https:\/\/www.hohenlohe-ungefiltert.de\/wp-content\/plugins\/pdf24-post-to-pdf\/img\/pdf_32x32.png\" alt=\"\" border=\"0\" height=\"32\" \/><\/a> \t\t<span class=\"pdf24Plugin-cp-space\">&nbsp;&nbsp;<\/span> \t\t<span class=\"pdf24Plugin-cp-text\">Sende Artikel als PDF<\/span> \t\t<span class=\"pdf24Plugin-cp-space\">&nbsp;&nbsp;<\/span> \t\t<input class=\"pdf24Plugin-cp-input\" style=\"margin: 0px;\" type=\"text\" name=\"sendEmailTo\" placeholder=\"Emailadresse\" \/> \t\t<input class=\"pdf24Plugin-cp-submit\" style=\"margin: 0px;\" type=\"submit\" value=\"Senden\" \/> \t<\/form> <\/div>","protected":false},"excerpt":{"rendered":"<p>Solidarit\u00e4t International\u00a0zeigt den kurdischen Film &#8222;Bergblumen&#8220;\u00a0von und mit Ayg\u00fcl Aras am Dienstag,\u00a015. M\u00e4rz 2015 in der &#8222;Schwimmerei&#8220; Schw\u00e4bisch Hall, Auwiesenstra\u00dfe 3. Essen gibt es ab 18.30 Uhr. Der Film beginnt um\u00a019.30 Uhr.\u00a0Die Produzentin Ayg\u00fcl Aras diskutiert anschlie\u00dfend mit den BesucherInnen. Von\u00a0Solidarit\u00e4t International Kurdische Laiendarsteller Die Waiblingerin Ayg\u00fcl Aras hat den 90-min\u00fctigen Spielfilm produziert. Mit kurdischen [&hellip;]<\/p>\n","protected":false},"author":1,"featured_media":0,"comment_status":"open","ping_status":"open","sticky":false,"template":"","format":"standard","meta":[],"categories":[1,10,6,2,8,5,3],"tags":[],"_links":{"self":[{"href":"https:\/\/www.hohenlohe-ungefiltert.de\/index.php?rest_route=\/wp\/v2\/posts\/20538"}],"collection":[{"href":"https:\/\/www.hohenlohe-ungefiltert.de\/index.php?rest_route=\/wp\/v2\/posts"}],"about":[{"href":"https:\/\/www.hohenlohe-ungefiltert.de\/index.php?rest_route=\/wp\/v2\/types\/post"}],"author":[{"embeddable":true,"href":"https:\/\/www.hohenlohe-ungefiltert.de\/index.php?rest_route=\/wp\/v2\/users\/1"}],"replies":[{"embeddable":true,"href":"https:\/\/www.hohenlohe-ungefiltert.de\/index.php?rest_route=%2Fwp%2Fv2%2Fcomments&post=20538"}],"version-history":[{"count":3,"href":"https:\/\/www.hohenlohe-ungefiltert.de\/index.php?rest_route=\/wp\/v2\/posts\/20538\/revisions"}],"predecessor-version":[{"id":20541,"href":"https:\/\/www.hohenlohe-ungefiltert.de\/index.php?rest_route=\/wp\/v2\/posts\/20538\/revisions\/20541"}],"wp:attachment":[{"href":"https:\/\/www.hohenlohe-ungefiltert.de\/index.php?rest_route=%2Fwp%2Fv2%2Fmedia&parent=20538"}],"wp:term":[{"taxonomy":"category","embeddable":true,"href":"https:\/\/www.hohenlohe-ungefiltert.de\/index.php?rest_route=%2Fwp%2Fv2%2Fcategories&post=20538"},{"taxonomy":"post_tag","embeddable":true,"href":"https:\/\/www.hohenlohe-ungefiltert.de\/index.php?rest_route=%2Fwp%2Fv2%2Ftags&post=20538"}],"curies":[{"name":"wp","href":"https:\/\/api.w.org\/{rel}","templated":true}]}}