{"id":20512,"date":"2016-02-24T19:40:34","date_gmt":"2016-02-24T18:40:34","guid":{"rendered":"http:\/\/www.hohenlohe-ungefiltert.de\/?p=20512"},"modified":"2016-02-24T19:40:34","modified_gmt":"2016-02-24T18:40:34","slug":"baden-wuerttemberg-plus-sozial-die-linke-in-den-landtag-jetzt-bodo-ramelow-linke-ministerpraesident-in-thueringen-kommt-nach-schwaebisch-hall","status":"publish","type":"post","link":"https:\/\/www.hohenlohe-ungefiltert.de\/?p=20512","title":{"rendered":"&#8222;Baden-W\u00fcrttemberg plus sozial! Die Linke in den Landtag \u2013 jetzt!&#8220; \u2013 Bodo Ramelow (Linke), Ministerpr\u00e4sident in Th\u00fcringen, kommt nach Schw\u00e4bisch Hall"},"content":{"rendered":"<p><strong>&#8222;Baden-W\u00fcrttemberg plus sozial!\u00a0Die Linke in den Landtag \u2013 jetzt!&#8220; lautet die Parole der Linken bei der Landtagswahl am 13. M\u00e4rz 2016 in Baden-W\u00fcrttemberg. Zur\u00a0Wahlveranstaltung der LINKEN kommt Bodo Ramelow, Ministerpr\u00e4sident und Regierungschef der rot-rot-gr\u00fcnen Regierung in Th\u00fcringen am\u00a0Samstag, 27. Februar 2016, um 16.30 Uhr nach Schw\u00e4bisch Hall. Ramelow spricht im Theatersaal der Kultbucht (ehemaliges Altes Schlachthaus).<\/strong><\/p>\n<p><em>Vom Kreisverband DIE LINKE Schw\u00e4bisch Hall\/Hohenlohe<\/em><\/p>\n<p><strong>Gute L\u00f6hne und mehr Personal in Gesundheit und Pflege<\/strong><\/p>\n<p>Die Umfragewerte der letzten Wochen zeigen, dass DIE LINKE\u00a0 so gute Chancen hat wie noch nie in den baden-w\u00fcrttembergischen Landtag zu kommen!\u00a0Angesichts der wachsenden Schere zwischen arm und reich, auch in Baden-W\u00fcrttemberg, bekommt das Anliegen der LINKEN, sich f\u00fcr mehr soziale Gerechtigkeit einzusetzen, immer gr\u00f6\u00dfere Bedeutung.\u00a0Wo immer mehr Menschen unsichere Arbeitsbedingungen haben, setzt sich die Linke f\u00fcr gute Arbeit ein: sie wollen Befristung und Leiharbeit stoppen. Die Abwertung\u00a0 sozialer Berufe durch niedrige L\u00f6hne und \u00dcberbelastung durch Personalmangel will die Linke bek\u00e4mpfen, denn gute L\u00f6hne und mehr Personal in Gesundheit und Pflege sind im Interesse der Besch\u00e4ftigten und der Patientinnen und Patienten.<\/p>\n<p><strong>Recht auf Bildung, Freizeitangebote und \u00f6ffentlichen Verkehr<\/strong><\/p>\n<p>Das Gemeinwohl ist der Linken wichtig. Deswegen sagt sie: Schluss mit dem Kaputtsparen in den Kommunen. Alle haben das Recht auf Bildung, Freizeitangebote und \u00f6ffentlichen Verkehr. So wollen sie zudem ein soziales Wohnungsbauprogramm durchsetzen und die Mietpreise bremsen. Sie wollen auch, dass Kinder l\u00e4nger gemeinsam lernen, um die unn\u00f6tige gesellschaftliche Spaltung zu verhindern. Und sie setzt ein klares Nein zur Hetze gegen Fl\u00fcchtlinge. Genauso sagen sie Nein zur Diskriminierung aller anderen sozial schw\u00e4cheren Gruppen, seien es \u00c4rmere, \u00c4ltere oder Minderheitengruppen.<\/p>\n<p><strong>Neoliberalen Kurswechsel verhindern<\/strong><\/p>\n<p>Die Linke sagt: weder der neoliberale Kurswechsel durch die CDU\/FDP noch rechte Angstmacherei der AfD bieten L\u00f6sungen f\u00fcr die Bev\u00f6lkerung. Eine starke linke Opposition im Landtag kann Druck machen und neue Perspektiven \u00f6ffnen!\u00a0Die Linke begr\u00fc\u00dft es sehr, den ersten linken Ministerpr\u00e4sidenten Deutschlands und Chef der rot-rot-gr\u00fcnen Regierung Th\u00fcringens am Samstag, 27. Februar 2016, in Schw\u00e4bisch Hall zu begr\u00fc\u00dfen. Im Theatersaal der Kultbucht wird er ab 16.30 Uhr \u00fcber seine Erfahrungen und die Bedeutung der Linken im Landtag sprechen.\u00a0Heidi Scharf, Sprecherin des Landesverbandes der Linken in Baden-W\u00fcrttemberg und Kai Bock, Landtagskandidat in Schw\u00e4bisch Hall werden ebenfalls anwesend sein.<\/p>\n<p><strong> Weitere Informationen und Kontakt:<\/strong><\/p>\n<p>Kreisverband DIE LINKE Schw\u00e4bisch Hall\/Hohenlohe<\/p>\n<p><a href=\"http:\/\/www.die-linke-sha.de\" target=\"_blank\"> www.die-linke-sha.de<\/a><\/p>\n<div class=\"pdf24Plugin-cp\"> \t<form name=\"pdf24Form0\" method=\"post\" action=\"https:\/\/doc2pdf.pdf24.org\/wordpress.php\" target=\"pdf24PopWin\" onsubmit=\"var pdf24Win = window.open('about:blank', 'pdf24PopWin', 'resizable=yes,scrollbars=yes,width=600,height=250,left='+(screen.width\/2-300)+',top='+(screen.height\/3-125)+''); pdf24Win.focus(); if(typeof pdf24OnCreatePDF === 'function'){void(pdf24OnCreatePDF(this,pdf24Win));}\"> \t\t<input type=\"hidden\" name=\"blogCharset\" value=\"Cw1x07UAAA==\" \/><input type=\"hidden\" name=\"blogPosts\" value=\"MwQA\" \/><input type=\"hidden\" name=\"blogUrl\" value=\"yygpKSi20tcvLy\/Xy8jPSM3LARK6pXnpqWmZOSWpRSV6KakA\" \/><input type=\"hidden\" name=\"blogName\" value=\"88jPSM3LARK6pXnpqWmZOSWpRSUA\" \/><input type=\"hidden\" name=\"blogValueEncoding\" value=\"gzdeflate base64\" \/><input type=\"hidden\" name=\"postId_0\" value=\"MzIwNTQCAA==\" \/><input type=\"hidden\" name=\"postTitle_0\" value=\"HY0xCoNAEEWvMhKQBAwEq4CdpEhhmiSQetVBJ+7Oyu4EwSp3yBU8RjpvkpNktft8\/ns\/3hzTNM1yVSPvH\/PXiaAp0TXQ65cHb0dSOoITIRTEHQIxhCkUimtRDfzeH3iijBLFi+mQrU1uawtXZVDbAbYruEvgQkxe0PVunjwFiyy2exteiRvkBDprjACrqoVb1Q7zVJIP+ay0\/gM=\" \/><input type=\"hidden\" name=\"postLink_0\" value=\"yygpKSi20tcvLy\/Xy8jPSM3LARK6pXnpqWmZOSWpRSV6Kan69gW2RgamhkYA\" \/><input type=\"hidden\" name=\"postAuthor_0\" value=\"S0zJzcwDAA==\" \/><input type=\"hidden\" name=\"postDateTime_0\" value=\"MzIwNNM1MNI1MlEwtLQyMLIyNgEA\" \/><input type=\"hidden\" name=\"postContent_0\" value=\"pVbBTiNHEL3nKypEihLJmF1W2kQsiwRrWJCBoCUsUi5Rm6mZ6binZ9TdsyP5lEP+INdIy4Fv4MSJ+ZN8SV512+CN0UZJDrbsma7qV++9qu7tZmfbB1fbYufrr77f3Nx8tacytuuX\/Z0LgasJu4Ia03ry9Uwr8+X99UgzHWs7ZdKWsJaOlc2CKujPX3+nXzjMwpcx1bNXZFQbOFCGiDPlasNY71KwpQnr9DeF+06VhlRFz18M6aS\/cTPafPb8pWyyCmlIP7Xu\/voSIR\/YKeuDMqG1RUp4dDreP6VpXVWB9uqspneqYlN3AzrRVvvArnH9jdfIGqi1Gb3jQrNDvL8qOY9JXB3W5VO4\/s4C7cMSAfRjCSzaFniuqvvrc1UBQDGgze+GdMAT1yoXwQ+oRT0vhy+e0UXpyKqrks6vyq6\/mWhsRYfKmOECHfnG6asykK6wASvA9EqZiGbcmjBp5eU3XHKljC7Y064J+EZCg8ShVK3\/dri9MZdze6PZ+WIb8nK1876uaOxYe5A1Ad00OtpPNK3A2TisS7YGX9sbiHzIMs\/6FoLScX9bWo7MVYy6zoC0toAKat6yx\/OSdWL2LDdc8Aoo8dBFlTtVcMcuJF8Y8Q4ovayhgqUZo0g7oEx5\/wj4\/hpOpEJgvCmVvcLCUgXqkNAijqx+8OUk2qZbso1UuWTYWRtNwhau3oWaXuj3EUsHRj1bSQOG2DHNunm0clUsDXxelQNSkOVpkw5g8WRClEC71mgWxzxadECyI+WISUSmHmOQ6BhQdDEVHlnbWetBjrChgdcRXHnbfxRYe5xxK9Yfoh3q+euY7IRtAtxa2UYW7zo0XfATzmDeNvq3VBNJK+lDgpM99HcEFqlOgYJkC4uYutoYBO9x7tBP0hXCyDHrUqWVPtRNw3ZIovTuRETGqiheLNEh1rU5hG9dUi1zkHvZWv0fIHHCRqUN0sKF1SoF9AayG7MEGHz3N1WTR9uwtQn8v7YrSsRvtOGRRROy98mfeww++5scuoRIaxYfn6mgMUi0tfOH8weo\/u\/d805UhWNy2tMmQ1UDOoCN4PQg9UzqMC\/9NkcNweio33t2U+BebSK46i1XEKWrMTohxPJ47XR0EBRg30XjeVWIxLwVR0aLrqq0hGA2qKYNwTfKYdm8e8ZwbmtFwl1onXwSjfy\/ihjSeb1wjxhp1sr+KGFhDI\/2L62M4olqG1cXTlVVEj+1QOIdoSeaQyNDDbo7rrxAPX\/0pvTlfHiMIafMl\/4G+ODoyJnHUQMfWvEKprRkbK3tb4PYELOAjYHcKk8F0HkzP2EwNDBFy5gSO14AjRSSGkgKmRrQ6OlUfs9aR4cCGxlFggPT34E9I2fHEOJZzOxahJnT8RA00n7qdIXjKh06mMxArmRTXnBFPs7u2Npwsmul46SV4T4Cgv43h2HAA\/ww4mOqhYWTiFwcz7ZIMSs+PeXaaHSfEiLHrYOBhH6zVPmTIz11ofhsizqW3eRjH7N9kix1tBD\/ZnSxcTA6SxM8jj4MDVggVCpWly4Ku\/mIJhBdJnh\/69P8ijNKcuzxh\/7WTCNdQ9rX6HgcyjAdmYjqh6apvQ66ttLZiyNgqjAlRq69mlLcK9nLcstxTDQ8DfoDnoqZbTwoRkvTRi4H\/ccgZHuYOw4dQphANKkNV28ceDjCyPZybNvMxw3f\/PO14\/HO4eWW9Jk7h7Yrp7q4dgFX+uToc1eMTruMxG2TpbtLfwcFxVvgdd\/lqnSJ\/0U3PpxDyzNoiWhcblj4xTF1yDrTAlG5fIDGii9cHDs+rufFPYX9J9meOmQjgLHSuOhdTQcPl0nomukMF4OnyMBpFIXCRMvxH3zajuW0j\/WtdANdSrOgf45sXrtKiYfmlY9rG9Q0bK10w3+4bc03VVQ6zl+vlSE0WxsbXdcNwe96tNO6L9Uw4zWCsQsOr9d+nsBD07UdemrZ9oZKeP4C\" \/> \t\t<a href=\"https:\/\/www.pdf24.org\" target=\"_blank\" title=\"www.pdf24.org\" rel=\"nofollow\"><img src=\"https:\/\/www.hohenlohe-ungefiltert.de\/wp-content\/plugins\/pdf24-post-to-pdf\/img\/pdf_32x32.png\" alt=\"\" border=\"0\" height=\"32\" \/><\/a> \t\t<span class=\"pdf24Plugin-cp-space\">&nbsp;&nbsp;<\/span> \t\t<span class=\"pdf24Plugin-cp-text\">Sende Artikel als PDF<\/span> \t\t<span class=\"pdf24Plugin-cp-space\">&nbsp;&nbsp;<\/span> \t\t<input class=\"pdf24Plugin-cp-input\" style=\"margin: 0px;\" type=\"text\" name=\"sendEmailTo\" placeholder=\"Emailadresse\" \/> \t\t<input class=\"pdf24Plugin-cp-submit\" style=\"margin: 0px;\" type=\"submit\" value=\"Senden\" \/> \t<\/form> <\/div>","protected":false},"excerpt":{"rendered":"<p>&#8222;Baden-W\u00fcrttemberg plus sozial!\u00a0Die Linke in den Landtag \u2013 jetzt!&#8220; lautet die Parole der Linken bei der Landtagswahl am 13. M\u00e4rz 2016 in Baden-W\u00fcrttemberg. Zur\u00a0Wahlveranstaltung der LINKEN kommt Bodo Ramelow, Ministerpr\u00e4sident und Regierungschef der rot-rot-gr\u00fcnen Regierung in Th\u00fcringen am\u00a0Samstag, 27. Februar 2016, um 16.30 Uhr nach Schw\u00e4bisch Hall. Ramelow spricht im Theatersaal der Kultbucht (ehemaliges Altes [&hellip;]<\/p>\n","protected":false},"author":1,"featured_media":0,"comment_status":"open","ping_status":"open","sticky":false,"template":"","format":"standard","meta":[],"categories":[1,2,8,5,3],"tags":[],"_links":{"self":[{"href":"https:\/\/www.hohenlohe-ungefiltert.de\/index.php?rest_route=\/wp\/v2\/posts\/20512"}],"collection":[{"href":"https:\/\/www.hohenlohe-ungefiltert.de\/index.php?rest_route=\/wp\/v2\/posts"}],"about":[{"href":"https:\/\/www.hohenlohe-ungefiltert.de\/index.php?rest_route=\/wp\/v2\/types\/post"}],"author":[{"embeddable":true,"href":"https:\/\/www.hohenlohe-ungefiltert.de\/index.php?rest_route=\/wp\/v2\/users\/1"}],"replies":[{"embeddable":true,"href":"https:\/\/www.hohenlohe-ungefiltert.de\/index.php?rest_route=%2Fwp%2Fv2%2Fcomments&post=20512"}],"version-history":[{"count":1,"href":"https:\/\/www.hohenlohe-ungefiltert.de\/index.php?rest_route=\/wp\/v2\/posts\/20512\/revisions"}],"predecessor-version":[{"id":20513,"href":"https:\/\/www.hohenlohe-ungefiltert.de\/index.php?rest_route=\/wp\/v2\/posts\/20512\/revisions\/20513"}],"wp:attachment":[{"href":"https:\/\/www.hohenlohe-ungefiltert.de\/index.php?rest_route=%2Fwp%2Fv2%2Fmedia&parent=20512"}],"wp:term":[{"taxonomy":"category","embeddable":true,"href":"https:\/\/www.hohenlohe-ungefiltert.de\/index.php?rest_route=%2Fwp%2Fv2%2Fcategories&post=20512"},{"taxonomy":"post_tag","embeddable":true,"href":"https:\/\/www.hohenlohe-ungefiltert.de\/index.php?rest_route=%2Fwp%2Fv2%2Ftags&post=20512"}],"curies":[{"name":"wp","href":"https:\/\/api.w.org\/{rel}","templated":true}]}}