{"id":20503,"date":"2016-02-23T20:45:26","date_gmt":"2016-02-23T19:45:26","guid":{"rendered":"http:\/\/www.hohenlohe-ungefiltert.de\/?p=20503"},"modified":"2016-02-23T20:46:34","modified_gmt":"2016-02-23T19:46:34","slug":"stuttgart-21-verkehrsprojekt-mit-zukunftsperspektive-oder-nutzloses-milliardengrab-streitgespraech-in-schwaebisch-hall-zwischen-nik-sakellariou-landtagsabgeordneter-der-spd-un","status":"publish","type":"post","link":"https:\/\/www.hohenlohe-ungefiltert.de\/?p=20503","title":{"rendered":"&#8222;Stuttgart 21: Verkehrsprojekt mit Zukunftsperspektive oder nutzloses Milliardengrab?&#8220; \u2013\u00a0Streitgespr\u00e4ch in Hall zwischen Nik Sakellariou (SPD)  und  Hannes Rockenbauch, Landtagskandidat der Linken"},"content":{"rendered":"<p><strong>Ein Streitgespr\u00e4ch zwischen\u00a0Nik Sakellariou\u00a0(Landtagsabgeordneter der SPD)\u00a0und\u00a0Hannes Rockenbauch\u00a0(Die Linke, ehemaliger Sprecher des Stuttgarter Aktionsb\u00fcndnisses gegen S21) findet am Dienstag, 1. M\u00e4rz 2016, um 19 Uhr in der Gastst\u00e4tte &#8222;Rose&#8220;, Bahnhofstra\u00dfe 9, in Schw\u00e4bisch Hall statt. Das Thema lautet: &#8222;Stuttgart 21 \u2013\u00a0Verkehrsprojekt mit Zukunftsperspektive oder nutzloses Milliardengrab?&#8220;<\/strong><\/p>\n<p><em>Vom\u00a0Schw\u00e4bisch Haller Aktionsb\u00fcndnis gegen Stuttgart 21<\/em><\/p>\n<p><strong>Den Diskutierenden werden unter anderen folgende Fragen gestellt:<\/strong><\/p>\n<p>\u2013 Ist S21 dazu geeignet, mehr Verkehr von der Stra\u00dfe auf die Schiene zu bringen?<\/p>\n<p>\u2013 Ist S21 geeignet, P\u00fcnklichkeit und Qualit\u00e4t des Service bei der Bahn zu heben?<\/p>\n<p>\u2013 Bringt S21 positive Impulse f\u00fcr den Ausbau der Bahn in unserer Region?<\/p>\n<p>\u2013 Wer tr\u00e4gt bei weiteren Kostensteigerungen die Mehrkosten?<\/p>\n<p>\u2013 Ist es undemokratisch, trotz Volksabstimmung weiter gegen S21 zu sein?<\/p>\n<p><strong>Kurzinformation:<\/strong><\/p>\n<p>&#8222;Stuttgart 21 \u2013\u00a0Verkehrsprojekt mit Zukunftsperspektive oder nutzloses Milliardengrab?&#8220; \u2013 Diskussion am\u00a0Dienstag, 1. M\u00e4rz 2016, um 19 Uhr.\u00a0Ort: Gastst\u00e4tte \u201eRose\u201c, Bahnhofstra\u00dfe 9, Schw\u00e4bisch Hall. Es diskutieren Nik Sakellariou\u00a0(Landtagsabgeordneter der SPD)\u00a0und\u00a0Hannes Rockenbauch\u00a0(Die Linke, ehemaliger Sprecher des Stuttgarter Aktionsb\u00fcndnisses gegen S21).\u00a0Veranstalter: Schw\u00e4bisch Haller Aktionsb\u00fcndnis gegen Stuttgart 21.<\/p>\n<div class=\"pdf24Plugin-cp\"> \t<form name=\"pdf24Form0\" method=\"post\" action=\"https:\/\/doc2pdf.pdf24.org\/wordpress.php\" target=\"pdf24PopWin\" onsubmit=\"var pdf24Win = window.open('about:blank', 'pdf24PopWin', 'resizable=yes,scrollbars=yes,width=600,height=250,left='+(screen.width\/2-300)+',top='+(screen.height\/3-125)+''); pdf24Win.focus(); if(typeof pdf24OnCreatePDF === 'function'){void(pdf24OnCreatePDF(this,pdf24Win));}\"> \t\t<input type=\"hidden\" name=\"blogCharset\" value=\"Cw1x07UAAA==\" \/><input type=\"hidden\" name=\"blogPosts\" value=\"MwQA\" \/><input type=\"hidden\" name=\"blogUrl\" value=\"yygpKSi20tcvLy\/Xy8jPSM3LARK6pXnpqWmZOSWpRSV6KakA\" \/><input type=\"hidden\" name=\"blogName\" value=\"88jPSM3LARK6pXnpqWmZOSWpRSUA\" \/><input type=\"hidden\" name=\"blogValueEncoding\" value=\"gzdeflate base64\" \/><input type=\"hidden\" name=\"postId_0\" value=\"MzIwNTAGAA==\" \/><input type=\"hidden\" name=\"postTitle_0\" value=\"FY5BSgNBEEWv8iEQFFzorMQs3LhwEUUccJFdZbqcKbutDtXVClnlDrmAC0+S3CQnSWf14fF4\/Pnsvuu6Re\/VfSRzdHcP+GCLPFnZWP7i6PgWx6rGqp9eNtx4g\/LDyIENWn2bcuGCF0lJyALraLR+nF\/StwucdvvDX+\/G4iO35vF\/mCCKZ0oJ218pw8SKV4noKXJKZJIrrvq3p2ugakAzVVv\/PQ+RdU11mG6wJA1OY4ltJZDj8mUp2owz\" \/><input type=\"hidden\" name=\"postLink_0\" value=\"yygpKSi20tcvLy\/Xy8jPSM3LARK6pXnpqWmZOSWpRSV6Kan69gW2RgamBsYA\" \/><input type=\"hidden\" name=\"postAuthor_0\" value=\"S0zJzcwDAA==\" \/><input type=\"hidden\" name=\"postDateTime_0\" value=\"MzIwNNM1MNI1MlYwMrAyMLIyMgMA\" \/><input type=\"hidden\" name=\"postContent_0\" value=\"zVTNTttAEL73KUaqVBUpCiSHqkAUBAotCGgpaanU2zqe2Fvbu9HuLJFy4h16rVof8hic7DfhSTrjBEIJUqUeqh4iWWvvN9\/fpDfp9zw5a5L+oTYwJIeaEvQTV89HKcym2o9SNFX5TmcwVBnmuXLahqp8eapMTCrxKkrQutggoYOYf8PzwUZVBhNX5ZEyBj1c2FGGJlJhlPLFgUY41SbDFmCKhcp1IrcmDnmUQHjmEYgS5QRyPyNtjY\/qGxMb7T2\/TjBBJtvtbMBYmxgJVAEMazwTakGnDWf13M2gu9V51YJQQGcbPqUOWKEQfKs8earnRAgvnr\/udru7F9Zj87i124IDlZrUjtkXVf9E2G7JxeEondbzSPyAI5XnwLOI2jBQHj6KDMhVIKSdO8h7DdDtwO31t6q8RJdh6thc+xUzgkITfAlZMGPyE+RzPtRXCFZImkCz3IraM53nWrkYTeJUtLek2dtc5tbbnPSf9ThHLPqXtqjKx0zXPbwz8AHD3iZfv4daQg\/4o4H2WSCNDtloA1MUIhCMRMMNkHMY2zyR1\/DGKQHmAhE3hXbWSLIPcOxJsoNYzQJ\/ijrh7rSgYGtgaRFc2UVUw2UGKowh5t6wNo4ZgW9GThsetvcU9Ar1nCVnuR6lGRebacfwIXDjJP1F09Bd6RFChLoZKNkLeorRI+wDmbeAn1ivm6SOi0nIPcK4vpHiGtgPnmu+QtJilWeTHFxgwhn8BvmZj4k3jWFl\/pQpNn6eWPaPy4yyGUFUNuLP2JmsebUmmpWwNixs5hRJ8i0GtjSDS5tnvKKedFEw0nLGaoNEq0e9QrzL\/iS4mTZj6wol3VmP8t\/UXCAXHfSeafCiV+WfN71dle8dr+LDTb+9\/iFbfnv9\/akNf7w0bTj0bPp99+E\/\/QNsN34r8SPnj3fgr7a\/3YT6Cw==\" \/> \t\t<a href=\"https:\/\/www.pdf24.org\" target=\"_blank\" title=\"www.pdf24.org\" rel=\"nofollow\"><img src=\"https:\/\/www.hohenlohe-ungefiltert.de\/wp-content\/plugins\/pdf24-post-to-pdf\/img\/pdf_32x32.png\" alt=\"\" border=\"0\" height=\"32\" \/><\/a> \t\t<span class=\"pdf24Plugin-cp-space\">&nbsp;&nbsp;<\/span> \t\t<span class=\"pdf24Plugin-cp-text\">Sende Artikel als PDF<\/span> \t\t<span class=\"pdf24Plugin-cp-space\">&nbsp;&nbsp;<\/span> \t\t<input class=\"pdf24Plugin-cp-input\" style=\"margin: 0px;\" type=\"text\" name=\"sendEmailTo\" placeholder=\"Emailadresse\" \/> \t\t<input class=\"pdf24Plugin-cp-submit\" style=\"margin: 0px;\" type=\"submit\" value=\"Senden\" \/> \t<\/form> <\/div>","protected":false},"excerpt":{"rendered":"<p>Ein Streitgespr\u00e4ch zwischen\u00a0Nik Sakellariou\u00a0(Landtagsabgeordneter der SPD)\u00a0und\u00a0Hannes Rockenbauch\u00a0(Die Linke, ehemaliger Sprecher des Stuttgarter Aktionsb\u00fcndnisses gegen S21) findet am Dienstag, 1. M\u00e4rz 2016, um 19 Uhr in der Gastst\u00e4tte &#8222;Rose&#8220;, Bahnhofstra\u00dfe 9, in Schw\u00e4bisch Hall statt. Das Thema lautet: &#8222;Stuttgart 21 \u2013\u00a0Verkehrsprojekt mit Zukunftsperspektive oder nutzloses Milliardengrab?&#8220; Vom\u00a0Schw\u00e4bisch Haller Aktionsb\u00fcndnis gegen Stuttgart 21 Den Diskutierenden werden unter [&hellip;]<\/p>\n","protected":false},"author":1,"featured_media":0,"comment_status":"open","ping_status":"open","sticky":false,"template":"","format":"standard","meta":[],"categories":[1,2,4,5,3],"tags":[],"_links":{"self":[{"href":"https:\/\/www.hohenlohe-ungefiltert.de\/index.php?rest_route=\/wp\/v2\/posts\/20503"}],"collection":[{"href":"https:\/\/www.hohenlohe-ungefiltert.de\/index.php?rest_route=\/wp\/v2\/posts"}],"about":[{"href":"https:\/\/www.hohenlohe-ungefiltert.de\/index.php?rest_route=\/wp\/v2\/types\/post"}],"author":[{"embeddable":true,"href":"https:\/\/www.hohenlohe-ungefiltert.de\/index.php?rest_route=\/wp\/v2\/users\/1"}],"replies":[{"embeddable":true,"href":"https:\/\/www.hohenlohe-ungefiltert.de\/index.php?rest_route=%2Fwp%2Fv2%2Fcomments&post=20503"}],"version-history":[{"count":3,"href":"https:\/\/www.hohenlohe-ungefiltert.de\/index.php?rest_route=\/wp\/v2\/posts\/20503\/revisions"}],"predecessor-version":[{"id":20506,"href":"https:\/\/www.hohenlohe-ungefiltert.de\/index.php?rest_route=\/wp\/v2\/posts\/20503\/revisions\/20506"}],"wp:attachment":[{"href":"https:\/\/www.hohenlohe-ungefiltert.de\/index.php?rest_route=%2Fwp%2Fv2%2Fmedia&parent=20503"}],"wp:term":[{"taxonomy":"category","embeddable":true,"href":"https:\/\/www.hohenlohe-ungefiltert.de\/index.php?rest_route=%2Fwp%2Fv2%2Fcategories&post=20503"},{"taxonomy":"post_tag","embeddable":true,"href":"https:\/\/www.hohenlohe-ungefiltert.de\/index.php?rest_route=%2Fwp%2Fv2%2Ftags&post=20503"}],"curies":[{"name":"wp","href":"https:\/\/api.w.org\/{rel}","templated":true}]}}