{"id":20444,"date":"2016-02-09T16:08:01","date_gmt":"2016-02-09T15:08:01","guid":{"rendered":"http:\/\/www.hohenlohe-ungefiltert.de\/?p=20444"},"modified":"2016-02-09T16:08:28","modified_gmt":"2016-02-09T15:08:28","slug":"20444","status":"publish","type":"post","link":"https:\/\/www.hohenlohe-ungefiltert.de\/?p=20444","title":{"rendered":"&#8222;K\u00f6nnen Gewerkschafter die AfD w\u00e4hlen?&#8220; \u2013 Veranstaltung in Schw\u00e4bisch Hall: Entwicklung, Akteure und Programmatik der Partei AfD"},"content":{"rendered":"<p><strong>Der DGB-Kreisverband Schw\u00e4bisch Hall befasst sich bei einer Veranstaltung mit der politischen Ausrichtung der AfD. DGB-Mitarbeiterin Andrea Schiele berichtet \u00fcber die Entwicklung und Ausrichtung der Partei. Sie wirft die Frage auf: K\u00f6nnen Gewerkschafter die AfD w\u00e4hlen? Die Veranstaltung findet am Mittwoch, 17. Februar 2016, ab 19.30 Uhr, im Gewerkschaftshaus in Schw\u00e4bisch Hall statt.<\/strong><\/p>\n<p><em>Von Siegfried Hubele, ehrenamtlicher Vorsitzender des DGB-Kreisverbands Schw\u00e4bisch Hall<\/em><\/p>\n<p><strong>AfD-Einzug in den Landtag scheint m\u00f6glich<\/strong><\/p>\n<p>Die Partei Alternative f\u00fcr Deutschland (AfD) hat seit ihrer Gr\u00fcndung im Fr\u00fchjahr 2013 erstaunliche Erfolge erzielt. Sie zieht in ein Parlament nach dem anderen ein. Auch in Baden-W\u00fcrttemberg ist nach den Prognosen ein Einzug in den Landtag m\u00f6glich. Wie ist der schnelle Aufstieg der AfD zu erkl\u00e4ren? Wer sind die AkteurInnen und was sind ihre Ziele? Sind ihre Inhalte und Ziele mit gewerkschaftlichen Positionen vereinbar?<\/p>\n<p><strong>Wahlprogramm genau anschauen<\/strong><\/p>\n<p>Themen wie der Mindestlohn, der Missbrauch von Werkvertr\u00e4gen oder die Gleichstellung von M\u00e4nnern und Frauen werden aufgegriffen. Eine Auseinandersetzung mit der Programmatik der AfD ist dringend erforderlich. Eine Veranstaltung des DGB Kreisverbandes Schw\u00e4bisch Hall. Die Fragen versucht Andrea Schiele, Fachkraft f\u00fcr Rechtsextremismuspr\u00e4vention und Besch\u00e4ftigte des DGB, anhand von Gegen\u00fcberstellungen im Wahlprogramm beantworten.<\/p>\n<div class=\"pdf24Plugin-cp\"> \t<form name=\"pdf24Form0\" method=\"post\" action=\"https:\/\/doc2pdf.pdf24.org\/wordpress.php\" target=\"pdf24PopWin\" onsubmit=\"var pdf24Win = window.open('about:blank', 'pdf24PopWin', 'resizable=yes,scrollbars=yes,width=600,height=250,left='+(screen.width\/2-300)+',top='+(screen.height\/3-125)+''); pdf24Win.focus(); if(typeof pdf24OnCreatePDF === 'function'){void(pdf24OnCreatePDF(this,pdf24Win));}\"> \t\t<input type=\"hidden\" name=\"blogCharset\" value=\"Cw1x07UAAA==\" \/><input type=\"hidden\" name=\"blogPosts\" value=\"MwQA\" \/><input type=\"hidden\" name=\"blogUrl\" value=\"yygpKSi20tcvLy\/Xy8jPSM3LARK6pXnpqWmZOSWpRSV6KakA\" \/><input type=\"hidden\" name=\"blogName\" value=\"88jPSM3LARK6pXnpqWmZOSWpRSUA\" \/><input type=\"hidden\" name=\"blogValueEncoding\" value=\"gzdeflate base64\" \/><input type=\"hidden\" name=\"postId_0\" value=\"MzIwMTEBAA==\" \/><input type=\"hidden\" name=\"postTitle_0\" value=\"Fc0xCsJAEEbhq\/wgpLKQVGIKCSgKNgHBfkwmybKbCUwmbOsdvIJn8AK5iSdx03+Pl232eZ4Xt+UrwoILR1Y\/1T21xorGMcr2hLh8+sByzFa9K\/B7vfFgJZmMgs3SwQnudZ\/c06UaVwrhgLNYdLUPCWxReuNZGbM0qHTslIaBzHk0aVSRGrv19Qc=\" \/><input type=\"hidden\" name=\"postLink_0\" value=\"yygpKSi20tcvLy\/Xy8jPSM3LARK6pXnpqWmZOSWpRSV6Kan69gW2RgYmJiYA\" \/><input type=\"hidden\" name=\"postAuthor_0\" value=\"S0zJzcwDAA==\" \/><input type=\"hidden\" name=\"postDateTime_0\" value=\"MzIwNNM1MNI1sFQwNLMyMLIyMAQA\" \/><input type=\"hidden\" name=\"postContent_0\" value=\"bVTNbttGEL73KebYAjIdN0CLFoING7aVIDUQJG0M9LY0h+RWy6UwO2sVeh49Q06+8cX6zUoybKs3cn9mvr\/Z+ep8nlTG2J1fs9D14urkk7BPjyy1iw19fejX07b26aGnDy4Eqrl1KSklj5WaPbGPuPiNxcWkLmiOHQ1eqcHqagxe7S5HusxJcKfs295le12VfndenaCSsngci42ws76eA6NDucRK0xO+qfFMN1HX\/mEZrFIGxreVPztR9hV9xdm1l1bLrVtxHZPL7e\/0afoeIyAteM2yBDzX6r42UBEI94HjBV1j4TWx1scGWNxAQK3r8aGf0dmvFd1yLdkJ\/fzu7JcZuZrOfqvev6O\/epmRH141Sr3LicD0SFp0Ua3mp3s\/5qer8x\/m8IeH829jNDpdK54b+pBraDMj7oWjGzSAvXkwSvK64WgiNJyO3ExHPeenKP7caN8YGpzc+LjJncFsINQfuKyuI3PSR6Vh+t5Z0yOspthOfroM0DQ69Y9M7fSEbHFWFAgWqx\/R4yfqHXIE48mDiNBCpqfYmMyQ7BY\/\/T+uL5q+Jxaok2NhSjfSjgFmsmwQEt05jc9eDTAQGobgBgbU6EC14YGcycJlu0JksIpzVw70Tu4BT5UHBAy90\/Ml1JGxi2PaXaP\/F+UgRkX3gGHXTX8wjRyQ4MvcJoV1h9DTJgP4MkxbsYzd21mkape+pXKWjyWcluy1S7tNE4j+tom4ANnDwsfYI5dcjpbNMnjdi7AVvUBjRDD8aGURBVCpnVy8tf3e9WEFvuKGAUWiy9DMymSOR0b\/2TPkxXhx4XVnc5E0jH2c7RdSqsWZzI\/ILlgu0Vll2qIyjc1+3BaBgTAplDLf7ejdtAV\/2QmAoc3WhsUUx\/B23IlvW4aHcMPURYBi8Taxbl4+Pp\/3XBDB5bP4xR68M0DRwIZ2RGHZuVfqvR73\/RDRyyHi4ymqyktRHpgicAJtffOSzegWoVoKTNmNwxfGocT\/qvDg05DTCuI8IrLwqXC\/YtSftq36TvkABY8LTMeuSbVgNCzv4kFB9MfsvHKyZof3csRMxqq49x8=\" \/> \t\t<a href=\"https:\/\/www.pdf24.org\" target=\"_blank\" title=\"www.pdf24.org\" rel=\"nofollow\"><img src=\"https:\/\/www.hohenlohe-ungefiltert.de\/wp-content\/plugins\/pdf24-post-to-pdf\/img\/pdf_32x32.png\" alt=\"\" border=\"0\" height=\"32\" \/><\/a> \t\t<span class=\"pdf24Plugin-cp-space\">&nbsp;&nbsp;<\/span> \t\t<span class=\"pdf24Plugin-cp-text\">Sende Artikel als PDF<\/span> \t\t<span class=\"pdf24Plugin-cp-space\">&nbsp;&nbsp;<\/span> \t\t<input class=\"pdf24Plugin-cp-input\" style=\"margin: 0px;\" type=\"text\" name=\"sendEmailTo\" placeholder=\"Emailadresse\" \/> \t\t<input class=\"pdf24Plugin-cp-submit\" style=\"margin: 0px;\" type=\"submit\" value=\"Senden\" \/> \t<\/form> <\/div>","protected":false},"excerpt":{"rendered":"<p>Der DGB-Kreisverband Schw\u00e4bisch Hall befasst sich bei einer Veranstaltung mit der politischen Ausrichtung der AfD. DGB-Mitarbeiterin Andrea Schiele berichtet \u00fcber die Entwicklung und Ausrichtung der Partei. Sie wirft die Frage auf: K\u00f6nnen Gewerkschafter die AfD w\u00e4hlen? Die Veranstaltung findet am Mittwoch, 17. Februar 2016, ab 19.30 Uhr, im Gewerkschaftshaus in Schw\u00e4bisch Hall statt. Von Siegfried [&hellip;]<\/p>\n","protected":false},"author":1,"featured_media":0,"comment_status":"open","ping_status":"open","sticky":false,"template":"","format":"standard","meta":[],"categories":[1,6,2,8,5,3,7],"tags":[],"_links":{"self":[{"href":"https:\/\/www.hohenlohe-ungefiltert.de\/index.php?rest_route=\/wp\/v2\/posts\/20444"}],"collection":[{"href":"https:\/\/www.hohenlohe-ungefiltert.de\/index.php?rest_route=\/wp\/v2\/posts"}],"about":[{"href":"https:\/\/www.hohenlohe-ungefiltert.de\/index.php?rest_route=\/wp\/v2\/types\/post"}],"author":[{"embeddable":true,"href":"https:\/\/www.hohenlohe-ungefiltert.de\/index.php?rest_route=\/wp\/v2\/users\/1"}],"replies":[{"embeddable":true,"href":"https:\/\/www.hohenlohe-ungefiltert.de\/index.php?rest_route=%2Fwp%2Fv2%2Fcomments&post=20444"}],"version-history":[{"count":2,"href":"https:\/\/www.hohenlohe-ungefiltert.de\/index.php?rest_route=\/wp\/v2\/posts\/20444\/revisions"}],"predecessor-version":[{"id":20446,"href":"https:\/\/www.hohenlohe-ungefiltert.de\/index.php?rest_route=\/wp\/v2\/posts\/20444\/revisions\/20446"}],"wp:attachment":[{"href":"https:\/\/www.hohenlohe-ungefiltert.de\/index.php?rest_route=%2Fwp%2Fv2%2Fmedia&parent=20444"}],"wp:term":[{"taxonomy":"category","embeddable":true,"href":"https:\/\/www.hohenlohe-ungefiltert.de\/index.php?rest_route=%2Fwp%2Fv2%2Fcategories&post=20444"},{"taxonomy":"post_tag","embeddable":true,"href":"https:\/\/www.hohenlohe-ungefiltert.de\/index.php?rest_route=%2Fwp%2Fv2%2Ftags&post=20444"}],"curies":[{"name":"wp","href":"https:\/\/api.w.org\/{rel}","templated":true}]}}