{"id":2040,"date":"2009-05-20T10:03:28","date_gmt":"2009-05-20T09:03:28","guid":{"rendered":"http:\/\/www.hohenlohe-ungefiltert.de\/?p=2040"},"modified":"2009-05-20T10:22:58","modified_gmt":"2009-05-20T09:22:58","slug":"spd-im-kreis-schwabisch-hall-will-mit-burgern-uber-erneuerbare-energien-in-hohenlohe-diskutieren-%e2%80%93%c2%a0termin-donnerstag-28-mai-2009-von-1430-bis-20-uhr","status":"publish","type":"post","link":"https:\/\/www.hohenlohe-ungefiltert.de\/?p=2040","title":{"rendered":"SPD im Landkreis Schw\u00e4bisch Hall will mit B\u00fcrgern \u00fcber &#8222;Erneuerbare Energien in Hohenlohe&#8220; diskutieren \u2013\u00a0Termin:  Donnerstag, 28. Mai 2009, von 14.30 bis 20 Uhr"},"content":{"rendered":"<p><strong>Der SPD Kreisverband Schw\u00e4bisch Hall sowie die \u00f6rtlichen SPD-Gemeinderats- und Kreistagskandidaten laden am Donnerstag, 28. Mai 2009, von 14.30 Uhr bis zirka 20 Uhr alle B\u00fcrgerinnen und B\u00fcrger zu einem Informations- und Meinungsaustausch zum Thema \u201eErneuerbare Energien in Hohenlohe\u201c ein.<\/strong><\/p>\n<p><em>Von Walter Leyh, Mitglied des SPD-Kreisvorstands Schw\u00e4bisch Hall<\/em><\/p>\n<p>An der Veranstaltung nehmen Thomas Knapp, energiepolitischer Sprecher der SPD-Landtagsfraktion und Landtagsabgeordneter aus dem Enzkreis (M\u00fchlacker) und Nik Sakellariou, Landtagsabgeordneter und Kreisvorsitzender der SPD, Schw\u00e4bisch Hall teil.<\/p>\n<p><strong>Das Programm:<\/strong><\/p>\n<p><strong>14.30 bis zirka 15.15 Uhr:<\/strong> Energie-Initiative Kirchberg\/Jagst \u2013 F\u00fchrung und Erl\u00e4uterungen durch Gerhard Kreutz. Treffpunkt am ersten (\u00e4ltesten) Kirchberger Windrad an der Autobahn bei Kleinallmerspann.<\/p>\n<p><strong>15.45 bis 17 Uhr:<\/strong> Biogas-Anlage Zink\/Gullmann GbR Rot am See-Buch. F\u00fchrung und Erl\u00e4uterungen durch Herrn A. Zink. Am Ortsausgang Richtung Rothenburg ob der Tauber auf der linken Seite.<\/p>\n<p><strong>17.30 bis 18 Uhr:<\/strong> S+K Haustechnik in Rot am See. Firmenpr\u00e4sentation durch Gesch\u00e4ftsf\u00fchrer Edwin Kraus. Schwerpunkt: Alternative regenerative Heizmaterialien &amp; Photovoltaik.<\/p>\n<p><strong>18 bis 20 Uhr:<\/strong> \u201eEntwicklungsstand, Struktur und Zukunftsaussichten der Alternativ-Energie-Branche in Hohenlohe\u201c, \u00d6ffentliches B\u00fcrgergespr\u00e4ch f\u00fcr Energiewirte, Anlagenbauer, Anteilseigner und Interessierte. Ort: Foyer der Firma S+K Haustechnik in Rot am See (neues Gewerbegebiet am Autobahnzubringer Richtung Kirchberg)<br \/>\n<strong><br \/>\nWeitere Ausk\u00fcnfte und Informationen<\/strong> gibt es beim SPD-Wahlkreisb\u00fcro von Nik Sakellariou, Telefon 0791\/8875 oder bei der SPD-Gesch\u00e4ftsstelle, Telefon 07951\/21004<\/p>\n<div class=\"pdf24Plugin-cp\"> \t<form name=\"pdf24Form0\" method=\"post\" action=\"https:\/\/doc2pdf.pdf24.org\/wordpress.php\" target=\"pdf24PopWin\" onsubmit=\"var pdf24Win = window.open('about:blank', 'pdf24PopWin', 'resizable=yes,scrollbars=yes,width=600,height=250,left='+(screen.width\/2-300)+',top='+(screen.height\/3-125)+''); pdf24Win.focus(); if(typeof pdf24OnCreatePDF === 'function'){void(pdf24OnCreatePDF(this,pdf24Win));}\"> \t\t<input type=\"hidden\" name=\"blogCharset\" value=\"Cw1x07UAAA==\" \/><input type=\"hidden\" name=\"blogPosts\" value=\"MwQA\" \/><input type=\"hidden\" name=\"blogUrl\" value=\"yygpKSi20tcvLy\/Xy8jPSM3LARK6pXnpqWmZOSWpRSV6KakA\" \/><input type=\"hidden\" name=\"blogName\" value=\"88jPSM3LARK6pXnpqWmZOSWpRSUA\" \/><input type=\"hidden\" name=\"blogValueEncoding\" value=\"gzdeflate base64\" \/><input type=\"hidden\" name=\"postId_0\" value=\"MzIwMQAA\" \/><input type=\"hidden\" name=\"postTitle_0\" value=\"HY4xCsJAFESvMiBYSVhXi2g6UbBQEKIH2CSf7MfkB36iab2DF7DwGKnMTTyJi80rZt7ApKctuMbBSXFV4hZp7vvxnXGbe+xdVaHngJo7bMZBS1LBOGSkmE5ia22yU6EbaeaUsBPSkknAgn3jSaqAv2cSFNxebx2Thv77eH5eZ9KaZQ1sGwnDtnPlDDaOcHQMa8xqhnsjmC+jhUE4FDJcvP4A\" \/><input type=\"hidden\" name=\"postLink_0\" value=\"yygpKSi20tcvLy\/Xy8jPSM3LARK6pXnpqWmZOSWpRSV6Kan69gW2RgYmBgA=\" \/><input type=\"hidden\" name=\"postAuthor_0\" value=\"AwA=\" \/><input type=\"hidden\" name=\"postDateTime_0\" value=\"MzIwsNQ1MNU1MlAwNLAyMLUysgAA\" \/><input type=\"hidden\" name=\"postContent_0\" value=\"jVVNTyNHEL3nV9QpAsUe2wQLllhIRrBAvCQIyCLtrcdTM9Oanm6rpxu0Pu1\/iJRTlBO\/ISdu\/if7S\/K6x2MnOIpysOX+qOp6r94rTxank8ZZo4vTc7Z0f3tOM8uyeWKbCp3R\/bx8Xr2kspmXdCWUosY8S6YMn9Wf1ik5L1mHsP4l1yx1xla4pk8esTGRE0VTIZPMhMNNJTJ8i5rOjdZsw3GPDo4TuhGSDobDdz16MppGh8n3Q\/qltISnaSltJXAaN1AE09nq1RZsJXLo+NZ6g5aeUAXXdK1zY2vhpNHrcm5w4HXRCI9XfQC09DU9lFwL+vrljwur2QfUlukCpRUSqaWmKwOECl9fv\/wecieTwZqwyWBx+s0EBHJ9+hFFPwrlUMIH\/lz26Ea6QknOKOMm8tPSagJknTU7xE4GyNJlnGqEWfoIMjXuK4e6SXNZo6SH0tSioZkWi0WPuK10YZR0IVfo4cJy\/JG1De1\/wIOhDbkVVeAjstFtirRgYzPNoXTQgqga+JdVKJf2blavpRLziu1+DPtJVnQvKlZKWGl879\/zbLof8Eq35KCLrp7erqgcS5Vs6Oz0CJS31hRW1PXJLunrdauUrUpG42Q0DkLZhnTt7F9rkARJPDHNpJ2XKbYHP6J4BwH8Su+B1QamQ\/kXVq1ePMBgA6xnHvfpkm0pbMTm3TKhB8t5vvC6ckHSQc64urd6gQ7Cz\/3tM4D+CHdYkZFomzv1zqSi1JSypJmCssBEjRwLofUOGYB1OI4wR0dv0J1JU4imP9VKFEyfpK4Glx6pkIYu0zu6M7G6e+b+mZ+Xyf\/AecXWapomMVtC05p+ti4YpxAIu4PpoyKRGd5IvS3IpBHUg\/Bp1FEelwrhYTywdLwL6ajr3Oj4DaT772YQBnwKIWsoDjbcogAAaeGEhV29NKxd9PimQdDU6iV3TR5AooSL7BnRM4tsSRQe29iwE5oGt+pWDpaL4KR2ccVyicmB8SJUGALfinrxA92Wxpkno5yQ1S6W4wikHVF\/AxLminbPcl6pMHqi96F\/Z33lfOuTT77yOo\/sNoFYXstjU12\/k+8ZpgGM\/XYo9Wj1W56DiDiMm24UFtwEhkAKqLCdB56lddyjViw6FZh4YRUM2LAs9Nq819ixjIIY15PQ\/RN6bz6vTRz4F\/\/dJNoL07RBQ0B4CnZTyfGsk\/3SpxjfwRcbOW3Msj9JLQ1AcOf5dvkYZITpPPVNtXoFZ7yudTPpWW+pL2TqCBXAXnUcg4+iVHGqpeDDxL+ZnWn2wIpzHAyP3o0Gx8dHYzIBcLBoN023EgNy\/Bf9I2g8GhyMhsPDqI+\/AA==\" \/> \t\t<a href=\"https:\/\/www.pdf24.org\" target=\"_blank\" title=\"www.pdf24.org\" rel=\"nofollow\"><img src=\"https:\/\/www.hohenlohe-ungefiltert.de\/wp-content\/plugins\/pdf24-post-to-pdf\/img\/pdf_32x32.png\" alt=\"\" border=\"0\" height=\"32\" \/><\/a> \t\t<span class=\"pdf24Plugin-cp-space\">&nbsp;&nbsp;<\/span> \t\t<span class=\"pdf24Plugin-cp-text\">Sende Artikel als PDF<\/span> \t\t<span class=\"pdf24Plugin-cp-space\">&nbsp;&nbsp;<\/span> \t\t<input class=\"pdf24Plugin-cp-input\" style=\"margin: 0px;\" type=\"text\" name=\"sendEmailTo\" placeholder=\"Emailadresse\" \/> \t\t<input class=\"pdf24Plugin-cp-submit\" style=\"margin: 0px;\" type=\"submit\" value=\"Senden\" \/> \t<\/form> <\/div>","protected":false},"excerpt":{"rendered":"<p>Der SPD Kreisverband Schw\u00e4bisch Hall sowie die \u00f6rtlichen SPD-Gemeinderats- und Kreistagskandidaten laden am Donnerstag, 28. Mai 2009, von 14.30 Uhr bis zirka 20 Uhr alle B\u00fcrgerinnen und B\u00fcrger zu einem Informations- und Meinungsaustausch zum Thema \u201eErneuerbare Energien in Hohenlohe\u201c ein. Von Walter Leyh, Mitglied des SPD-Kreisvorstands Schw\u00e4bisch Hall An der Veranstaltung nehmen Thomas Knapp, energiepolitischer [&hellip;]<\/p>\n","protected":false},"author":3,"featured_media":0,"comment_status":"open","ping_status":"open","sticky":false,"template":"","format":"standard","meta":[],"categories":[],"tags":[],"_links":{"self":[{"href":"https:\/\/www.hohenlohe-ungefiltert.de\/index.php?rest_route=\/wp\/v2\/posts\/2040"}],"collection":[{"href":"https:\/\/www.hohenlohe-ungefiltert.de\/index.php?rest_route=\/wp\/v2\/posts"}],"about":[{"href":"https:\/\/www.hohenlohe-ungefiltert.de\/index.php?rest_route=\/wp\/v2\/types\/post"}],"author":[{"embeddable":true,"href":"https:\/\/www.hohenlohe-ungefiltert.de\/index.php?rest_route=\/wp\/v2\/users\/3"}],"replies":[{"embeddable":true,"href":"https:\/\/www.hohenlohe-ungefiltert.de\/index.php?rest_route=%2Fwp%2Fv2%2Fcomments&post=2040"}],"version-history":[{"count":4,"href":"https:\/\/www.hohenlohe-ungefiltert.de\/index.php?rest_route=\/wp\/v2\/posts\/2040\/revisions"}],"predecessor-version":[{"id":2044,"href":"https:\/\/www.hohenlohe-ungefiltert.de\/index.php?rest_route=\/wp\/v2\/posts\/2040\/revisions\/2044"}],"wp:attachment":[{"href":"https:\/\/www.hohenlohe-ungefiltert.de\/index.php?rest_route=%2Fwp%2Fv2%2Fmedia&parent=2040"}],"wp:term":[{"taxonomy":"category","embeddable":true,"href":"https:\/\/www.hohenlohe-ungefiltert.de\/index.php?rest_route=%2Fwp%2Fv2%2Fcategories&post=2040"},{"taxonomy":"post_tag","embeddable":true,"href":"https:\/\/www.hohenlohe-ungefiltert.de\/index.php?rest_route=%2Fwp%2Fv2%2Ftags&post=2040"}],"curies":[{"name":"wp","href":"https:\/\/api.w.org\/{rel}","templated":true}]}}