{"id":20368,"date":"2016-01-19T15:23:26","date_gmt":"2016-01-19T14:23:26","guid":{"rendered":"http:\/\/www.hohenlohe-ungefiltert.de\/?p=20368"},"modified":"2016-01-19T15:28:59","modified_gmt":"2016-01-19T14:28:59","slug":"fuer-die-baeuerliche-landwirtschaft-gutes-essen-ohne-gift-und-gentechnik-kommentar-des-bundestagsabgeordneten-harald-ebner-gruene-zur-wir-haben-es-satt-demo-in-berlin","status":"publish","type":"post","link":"https:\/\/www.hohenlohe-ungefiltert.de\/?p=20368","title":{"rendered":"&#8222;F\u00fcr die b\u00e4uerliche Landwirtschaft, gutes Essen ohne Gift und Gentechnik&#8220; \u2013 Kommentar des Bundestagsabgeordneten Harald Ebner (Gr\u00fcne) zur &#8222;Wir haben es satt&#8220;-Demo in Berlin"},"content":{"rendered":"<p><strong>Bei der &#8222;Wir haben es satt&#8220;-Demo in Berlin war vor einigen Tagen auch der Bundestagsabgeordnete Harald Ebner in der ersten Reihe dabei. Laut einer Meldung der Deutschen Presseagentur (dpa) demonstrierten am Samstag etwa 13500 f\u00fcr eine b\u00e4uerliche Landwirtschaft und gegen Agrarindustrie.<\/strong><\/p>\n<p><em>Kommentar von Harald Ebner,\u00a0Bundestagsabgeordneter von B\u00fcndnis90\/Die Gr\u00fcnen, Wahlkreis Schw\u00e4bisch Hall-Hohenlohe<\/em><\/p>\n<p><strong>Statement von Harald Ebner zur Demo:<\/strong><\/p>\n<p>&#8222;Wir haben am Samstag in Berlin nicht gegen Bauern demonstriert, sondern zusammen mit vielen Bauern und tausenden B\u00fcrgern f\u00fcr die b\u00e4uerliche Landwirtschaft, gutes Essen ohne Gift und Gentechnik, eine bessere Agrarpolitik und gegen ein TTIP, das Bauern und Verbraucher gleicherma\u00dfen bedroht.&#8220;<\/p>\n<p><strong>dpa-Meldung vom 16. Januar 2016 zur Demo:<\/strong><\/p>\n<p><strong>Tausende demonstrieren f\u00fcr \u00d6ko-Landbau \u2013 Schmidt: Balance halten<\/strong><\/p>\n<p>Zur Gr\u00fcnen Woche haben Bauern und Umweltsch\u00fctzer f\u00fcr und gegen die\u00a0konventionelle Landwirtschaft demonstriert. Der Protest fiel in\u00a0beiden F\u00e4llen aber kleiner aus als gedacht.<\/p>\n<p>Berlin (dpa) &#8211; Am Rande der Gr\u00fcnen Wochen haben in Berlin Tausende\u00a0Menschen gegen konventionelle Landwirtschaft demonstriert. Unter dem\u00a0Motto \u00abWir haben es satt\u00bb zogen laut Polizei zun\u00e4chst 5000 Teilnehmer\u00a0vom Potsdamer Platz zum Bundeskanzleramt. Sp\u00e4ter erh\u00f6hte sich die\u00a0Zahl der Demonstranten auf bis zu 13 500. Angef\u00fchrt wurde der Protest\u00a0von 109 Traktoren, die f\u00fcr eine Zwischenkundgebung am\u00a0Landwirtschaftsministerium Station machten. Agrarminister Christian\u00a0Schmidt (CSU) betonte, intensive Landwirtschaft bleibe unverzichtbar.<\/p>\n<p>(Anmerkung von Hohenlohe-ungefiltert: Die Veranstalter sprechen von 23.000 Demo-Teilnehmern und 130 Traktoren)<\/p>\n<p><strong>Agrarpolitik zielt nur auf eine Steigerung der Exporte<\/strong><\/p>\n<p>\u00abWir machen uns f\u00fcr eine \u00f6kologische Landwirtschaft stark, die\u00a0Agrarindustrie haben wir satt\u00bb, sagte der Gesch\u00e4ftsf\u00fchrer der\u00a0Arbeitsgemeinschaft b\u00e4uerliche Landwirtschaft (AbL), Georg Jan\u00dfen.\u00a0\u00abDie aktuelle Agrarpolitik zielt nur auf eine Steigerung der Exporte,\u00a0dadurch sinken die Preise.\u00bb Das bedrohe die Existenz vieler Bauern.\u00a0Schmidt entgegnete, man m\u00fcsse bei aller Kritik die Ern\u00e4hrung der\u00a0wachsenden Weltbev\u00f6lkerung im Blick behalten. Wer diesen Punkt\u00a0ausblende, betreibe Realit\u00e4tsverweigerung, sagte er mit Blick auf die\u00a0Demonstration gegen Massentierhaltung und Umweltsch\u00e4den. Dies hei\u00dfe\u00a0ja nicht, dass \u00f6kologische Aspekte missachtet werden m\u00fcssten.<\/p>\n<p><strong>Gegen Freihandelsabkommen TTIP<\/strong><\/p>\n<p>Dem Protest schlossen sich neben Landwirten Vertreter zahlreicher\u00a0Verb\u00e4nde, Umwelt- und Tierschutzorganisationen an \u2013\u00a0darunter unter\u00a0anderem die Jugendgruppe des BUND, die globalisierungskritische\u00a0Gruppe Attac sowie der Nabu. Sie wandten sich auch gegen das geplante\u00a0EU-Freihandelsabkommen TTIP mit den USA, bei dem Kritiker eine\u00a0Absenkung der Lebensmittelstandards bef\u00fcrchten.<\/p>\n<p><strong>Schmidt: &#8222;Agrarfabriken gibt es nicht&#8220;<\/strong><\/p>\n<p>Am Vormittag hatten rund 500 Gegendemonstranten am Washingtonplatz\u00a0eine Kundgebung gehalten, wie eine Polizeisprecherin sagte. Gem\u00e4\u00df dem\u00a0Motto \u00abWir machen Euch satt\u00bb wehrten sie sich gegen die Kritik von\u00a0Tierschutzverb\u00e4nden und Naturschutzorganisationen. \u00abWir wollen zu\u00a0einem sachlichen Dialog zur\u00fcckkehren\u00bb, sagte Bauer Klaus-Peter Lucht.\u00a0\u00abWir haben in Deutschland immer noch eine b\u00e4uerliche Landwirtschaft,\u00a0die angeprangerten Agrarfabriken gibt es nicht.\u00bb\u00a0Schmidt verwies darauf, dass er Vertreter der Demonstranten und der\u00a0parallelen Kundgebung der Landwirte an einem Tisch zusammengebracht\u00a0habe. Die Bereitschaft sei deutlich geworden, miteinander zu reden.<\/p>\n<p><strong>Agrarminister-Gipfel\u00a0\u00fcber die Weltern\u00e4hrung<\/strong><\/p>\n<p>Zu beiden Demos kamen deutlich weniger Teilnehmer als angek\u00fcndigt.\u00a0Die Organisatoren von \u00abWir machen Euch satt\u00bb hatten mit 1500\u00a0Demonstranten gerechnet, zum Protestzug durch die Berliner Innenstadt\u00a0waren sogar 20 000 Menschen angemeldet.\u00a0Parallel zu den Aktionen berieten im Ausw\u00e4rtigen Amt\u00a0Regierungsvertreter aus rund 70 L\u00e4ndern beim Agrarminister-Gipfel\u00a0\u00fcber die Weltern\u00e4hrung. Dabei ging es vor allem darum, wie Menschen\u00a0in wachsenden St\u00e4dten mit Lebensmitteln versorgt werden k\u00f6nnen.<\/p>\n<p><strong>Weitere Informationen im Internet:<\/strong><\/p>\n<p>&#8211; [Demonstration &#8222;Wir haben es satt&#8220;] (<a href=\"http:\/\/dpaq.de\/cR90b\" target=\"_blank\">http:\/\/dpaq.de\/cR90b<\/a>)<\/p>\n<p>&#8211; [Demonstration &#8222;Wir machen Euch satt&#8220;] (<a href=\"http:\/\/dpaq.de\/EKkzM\" target=\"_blank\">http:\/\/dpaq.de\/EKkzM<\/a>)<\/p>\n<p>&#8211; [Pressemitteilungen Gr\u00fcne Woche] (<a href=\"http:\/\/dpaq.de\/mxKWE\" target=\"_blank\">http:\/\/dpaq.de\/mxKWE<\/a>)<\/p>\n<p>&#8211; [Agrarministergipfel] (<a href=\"http:\/\/dpaq.de\/lwLCx\" target=\"_blank\">http:\/\/dpaq.de\/lwLCx<\/a>)<\/p>\n<p>&#8211; [Pressetermine Gr\u00fcne Woche] (<a href=\"http:\/\/dpaq.de\/Kb887\" target=\"_blank\">http:\/\/dpaq.de\/Kb887<\/a>)<\/p>\n<p>&#8211; [Lageplan Messegel\u00e4nde] (<a href=\"http:\/\/dpaq.de\/oJs3e\" target=\"_blank\">http:\/\/dpaq.de\/oJs3e<\/a>)<\/p>\n<div class=\"pdf24Plugin-cp\"> \t<form name=\"pdf24Form0\" method=\"post\" action=\"https:\/\/doc2pdf.pdf24.org\/wordpress.php\" target=\"pdf24PopWin\" onsubmit=\"var pdf24Win = window.open('about:blank', 'pdf24PopWin', 'resizable=yes,scrollbars=yes,width=600,height=250,left='+(screen.width\/2-300)+',top='+(screen.height\/3-125)+''); pdf24Win.focus(); if(typeof pdf24OnCreatePDF === 'function'){void(pdf24OnCreatePDF(this,pdf24Win));}\"> \t\t<input type=\"hidden\" name=\"blogCharset\" value=\"Cw1x07UAAA==\" \/><input type=\"hidden\" name=\"blogPosts\" value=\"MwQA\" \/><input type=\"hidden\" name=\"blogUrl\" value=\"yygpKSi20tcvLy\/Xy8jPSM3LARK6pXnpqWmZOSWpRSV6KakA\" \/><input type=\"hidden\" name=\"blogName\" value=\"88jPSM3LARK6pXnpqWmZOSWpRSUA\" \/><input type=\"hidden\" name=\"blogValueEncoding\" value=\"gzdeflate base64\" \/><input type=\"hidden\" name=\"postId_0\" value=\"MzIwNrMAAA==\" \/><input type=\"hidden\" name=\"postTitle_0\" value=\"LY5BCsJAEAS\/0iAEBQXJSfAW1Ah69zzJjtlFM4HZCYIn\/+AXfIa3\/MSXuEHPXV3d2WSV5\/l6N7wVLjCq4dWzXkPtGUcSdwtqsfZ0tjma3jhiGyMLOi+MMpwNvTiULMa1l3DJRt9yjc\/jiUPXtimgZE69IoEcjZpIVcOdOmFLoj0pXR22lbBiWurwFp7h3iuy37VTUHiqEpokkcz+E4sNtx2CoBj\/yhc=\" \/><input type=\"hidden\" name=\"postLink_0\" value=\"yygpKSi20tcvLy\/Xy8jPSM3LARK6pXnpqWmZOSWpRSV6Kan69gW2RgbGZhYA\" \/><input type=\"hidden\" name=\"postAuthor_0\" value=\"S0zJzcwDAA==\" \/><input type=\"hidden\" name=\"postDateTime_0\" value=\"MzIwNNM1MNQ1tFQwNLUyMLQyMgMA\" \/><input type=\"hidden\" name=\"postContent_0\" value=\"nVhNbxvJEb3nVzQcIJABkqJk7K4\/tAIoS6u1JTuCPlaAgyDo0bRmOjPTw3T3iAZP+Q8L7HV50G3vvkQn8p\/kl+RVdQ8\/RFnazUW25WZX1av3XlVzZ7i747ytTba7p7RIlRV\/+fPL7e3tN5failwmygjlhJPe8+\/7b7r7qqqFNmJP2RJ\/jKQVN7UVShud4fS5pJ+yucr5tr3GpMp5mTmZZKq2qVFeiR+llWUqDhKDI7iETirrPD55qnSuRIrIuieOZePpZvz3B1Wmjcn46L5qvLvKcfrEKucUhfSNFRvpUD7Hiao2KEorSxfKSpzJilIQyo+k2HrxTb8vrmd3nLMSyey2oVJwH+KZdKQtXS6vvUDuIlNUzyCz0mqTNnxvb2czgrazOdz90w5AVNXuUV1VyIPxMCsldqaTB3EIJ\/dmdyY12r3qb+5rJQ4t\/q1MR1zKvCys0k6cXeWj2W2ikRbuLcvujzWKL\/FjZxOB50nEpM689IpSWUtEjBtCr6pfr1Ww1vYl3BbdNoDJR0z2JHAzK3B3hKtRJ347bpwkOESlkYZW5eIDhKqXjVM4ydXbjH7NHUn1Yw3piKzxoOMBem5EnaN7hzr26RD1qqvc6KIT+0rMsCq0bliX2utiqaM4I87P3510wDW3nNpPyiaW+Au4slJRGraSs1\/xmUSlts59L0rhPu5gX7el6U1dia1ve+K9NA0Ysd3f+vYR8NsbziMsy6CqCM3sl6LuEh6JbMR\/\/\/0zsaLSqX+N5EtprhT6VoLwa5d\/QthIKnFZE6qhwUs1X1QjVRLIszs\/Rt0ccIEVujKdFLW5Aca6Nqos16SyzIIeqrSQZo1eeXGN5oNB0wkUTQ3\/YXZbEhuQgxVFGdSNuoUsHeKlEgzrtblH2gVhE+xbW2\/EoBKnMqB0rzITS1sQtkV0OvmgTPCMUNMfKefCkFbxO9xSe1+L6W9r9jj9jxjXdHFJnnUCvo1hqOPGzG6vcsAA0+mLc6VLo\/JK2emEGHJSe5fKitAqpR\/jeBUds5BmXCorK4Q\/G85uPTtkPvuSwz6dJnelpnyCR0RLDAlLw57XXAvYBe6D3VHonhiYTKGtufVi1NgIXuwRJWPEVv+VOLey8LUl+yEpLlzy00gzegWyy1RCFJeAYxU2V2EIwMWtRh3kQkBXVNRQZXpBiO0J8Ta3+IuWIEYksth4e3bxHCLzNYrooIn4mNM3a81JQJpEgZ83yo7JkBJp54zZGBjgWQQNwv1ap+w2BICGQiwkQ0YLoUtARqKxwg2tYnbQh7Zf9KhbhGl30bIgla0X\/QVKz+8LeMVsxmC+F6ax3A+G8cwrTEnbDrKDz8MaQ2pNsoFfhJyiqG6pEbMvRV3WGXfjPjAoxhadwIzViRW5irORrHBqmfkoIUXKv0X\/mCBMdRB0YKFY7zKMEm1a6L8+LDcGyfHzDi6rbUa2R47Zm06mvxHWwKthnf1\/AGGApjJtLGjvtCmCJdHw1071oLx9WHgwZ8X\/c\/CZSGbGYfLYaHW9BdWgfNgAzeAOYAZJZ3eYFrhDw4boE0eWM+TLLDSctylNJyO0JQ6vS+SfqJvZl7IIOWvoF+gUuCm4cQ9neKzRxDppTAGxwZJAYVzQIbJbJvOpksAEOncg9ajFoO0SrqA5Gq4mrLjFc82zzoKtfZA0Gz18i+JTSqv+fptSTmiJE7nS6NF08k8ZxjpPQrdKsIEbqgIJVNo51jHcQ1kqnRGjAu9L4JDz+AFl5WTSJRaegjcjHrdrVEcR81GBkGXNs50dzijibEsz\/BWKBVwk1zF8z4bZPJ3QxJ7dMp6h0C4XfQ4QcGPjx2CkhO0wTuSOhuYnUQoY0238E32h1QXpUNPfN6gizWwzHJJIsCFcfNwPppiVdYJmOc0tcgUxhcCaTg7D8YH38gqb0EgHfX2USQMXx79GCOHb8nhHjgNW0ugbluTe08nBRfdr8DENCP6Ls0GH6YqpFMmqgkNAuIljow4SOiYU4cze4zKPO6VNSS1kKcGZ1\/bHdrGIOyFr9lomVpPyMp14GnrMmfkmdK+rGNE\/1ZaCYn3M4Tj4oKWm0O7NDElXB1aFddfl2mQw\/yHNwumE\/eBoMW+yKKmOIGD5f+OYjeYNuwt66SFENbud\/bo+s6OnHhD2cWyPVG5DU+JknS89rQtgJkwnCzrdtHwLE+GjxNvjIaL1YsxRzQvPuAk1VYKkxB5qoEQJsdFqOLu7KgqkoszCndm3xBFWCtc9YeIfN7Qeka0uNhCUHV9EIFAKD6KFwmAfeuqBQ7ZK5ozJOLT0k3F4pN3w2oWHklGRj4BQsKToHoi8UOn6YkJ4sYkO6VVS8rNgqcXM11bvpNOA1zm\/fNonBc5a8qLphMpnM6Ntj2ZVHIMsi8aXoZmjmgyrQ9LBdSxyWoysSh\/g\/sqS0j3Uw2tVTiezuyS4ODu+mg+EB3ZtEddcqtuJQpJy58mMFD2S7dIeyFsvQV\/QK1Bn1Fsq6K8tk2jN4KXkq\/yN8iJn2IK8luYCQ4549C5S8HdaL6PXjhugzQM1DfCVvIe\/M+AtXCL1NOcotKszfr8I2ojmOzRlXOGpoyjfk9hLQpVKHxTRaAGaVpQDxuKgcXjDWs9fEgwq3H+qsmihN3PG0DuAfeK7vjhmjVm6hj7\/hxoDVtA3CGAvWAWO0jcUlGNFbG2qYCFtNdMJf48xn+pnmMNpC+myfRrivIPI51OwmH0hxNZodAk20uPznbmGDbaDB2W8o1GDZjz8AKfXzd9Wx\/oTX8f8XWzsSAHXuP7+We798PXmJt5K\/+qlavPq9FU\/eYanNt7X\/vtn\/0jgDsWz3YdO7WzK3ee\/P5H7JHw6l4OjYvzhyVz41MO5hC96uA26pFXexJdfePg9Err6fHR58GRoPvVw6BXmZUy8R8KVo+O3n58Mx6ceqxShKjLv31nkUfLy5XdPRuVTD0c9lmH\/gCgQPVMli++RiPV790I9GZFPLSL+Dw==\" \/> \t\t<a href=\"https:\/\/www.pdf24.org\" target=\"_blank\" title=\"www.pdf24.org\" rel=\"nofollow\"><img src=\"https:\/\/www.hohenlohe-ungefiltert.de\/wp-content\/plugins\/pdf24-post-to-pdf\/img\/pdf_32x32.png\" alt=\"\" border=\"0\" height=\"32\" \/><\/a> \t\t<span class=\"pdf24Plugin-cp-space\">&nbsp;&nbsp;<\/span> \t\t<span class=\"pdf24Plugin-cp-text\">Sende Artikel als PDF<\/span> \t\t<span class=\"pdf24Plugin-cp-space\">&nbsp;&nbsp;<\/span> \t\t<input class=\"pdf24Plugin-cp-input\" style=\"margin: 0px;\" type=\"text\" name=\"sendEmailTo\" placeholder=\"Emailadresse\" \/> \t\t<input class=\"pdf24Plugin-cp-submit\" style=\"margin: 0px;\" type=\"submit\" value=\"Senden\" \/> \t<\/form> <\/div>","protected":false},"excerpt":{"rendered":"<p>Bei der &#8222;Wir haben es satt&#8220;-Demo in Berlin war vor einigen Tagen auch der Bundestagsabgeordnete Harald Ebner in der ersten Reihe dabei. Laut einer Meldung der Deutschen Presseagentur (dpa) demonstrierten am Samstag etwa 13500 f\u00fcr eine b\u00e4uerliche Landwirtschaft und gegen Agrarindustrie. Kommentar von Harald Ebner,\u00a0Bundestagsabgeordneter von B\u00fcndnis90\/Die Gr\u00fcnen, Wahlkreis Schw\u00e4bisch Hall-Hohenlohe Statement von Harald Ebner [&hellip;]<\/p>\n","protected":false},"author":1,"featured_media":0,"comment_status":"open","ping_status":"open","sticky":false,"template":"","format":"standard","meta":[],"categories":[1,9,6,2,4,3],"tags":[],"_links":{"self":[{"href":"https:\/\/www.hohenlohe-ungefiltert.de\/index.php?rest_route=\/wp\/v2\/posts\/20368"}],"collection":[{"href":"https:\/\/www.hohenlohe-ungefiltert.de\/index.php?rest_route=\/wp\/v2\/posts"}],"about":[{"href":"https:\/\/www.hohenlohe-ungefiltert.de\/index.php?rest_route=\/wp\/v2\/types\/post"}],"author":[{"embeddable":true,"href":"https:\/\/www.hohenlohe-ungefiltert.de\/index.php?rest_route=\/wp\/v2\/users\/1"}],"replies":[{"embeddable":true,"href":"https:\/\/www.hohenlohe-ungefiltert.de\/index.php?rest_route=%2Fwp%2Fv2%2Fcomments&post=20368"}],"version-history":[{"count":4,"href":"https:\/\/www.hohenlohe-ungefiltert.de\/index.php?rest_route=\/wp\/v2\/posts\/20368\/revisions"}],"predecessor-version":[{"id":20372,"href":"https:\/\/www.hohenlohe-ungefiltert.de\/index.php?rest_route=\/wp\/v2\/posts\/20368\/revisions\/20372"}],"wp:attachment":[{"href":"https:\/\/www.hohenlohe-ungefiltert.de\/index.php?rest_route=%2Fwp%2Fv2%2Fmedia&parent=20368"}],"wp:term":[{"taxonomy":"category","embeddable":true,"href":"https:\/\/www.hohenlohe-ungefiltert.de\/index.php?rest_route=%2Fwp%2Fv2%2Fcategories&post=20368"},{"taxonomy":"post_tag","embeddable":true,"href":"https:\/\/www.hohenlohe-ungefiltert.de\/index.php?rest_route=%2Fwp%2Fv2%2Ftags&post=20368"}],"curies":[{"name":"wp","href":"https:\/\/api.w.org\/{rel}","templated":true}]}}