{"id":20208,"date":"2015-12-02T14:13:52","date_gmt":"2015-12-02T13:13:52","guid":{"rendered":"http:\/\/www.hohenlohe-ungefiltert.de\/?p=20208"},"modified":"2015-12-02T14:13:52","modified_gmt":"2015-12-02T13:13:52","slug":"kein-platz-fuer-menschenfeindliche-propaganda-aufruf-zur-demonstration-in-oehringen","status":"publish","type":"post","link":"https:\/\/www.hohenlohe-ungefiltert.de\/?p=20208","title":{"rendered":"&#8222;Kein Platz f\u00fcr menschenfeindliche Propaganda&#8220; \u2013\u00a0Aufruf zur Demonstration in \u00d6hringen"},"content":{"rendered":"<p><strong>Seit dem 10. Oktober 2015 finden in \u00d6hringen jeden Samstag rassistische und\u00a0fl\u00fcchtlingsfeindliche Kundgebungen statt. Die Kundgebungen sollen bis\u00a0zu den Landtagswahlen im M\u00e4rz 2016 jede Woche stattfinden.\u00a0Wir rufen dazu auf samstags nach \u00d6hringen zu kommen und den Rassisten\u00a0entgegenzutreten. Diese treffen sich zu ihren Kundgebungen an der alten Turnhalle in \u00d6hringen.<\/strong><\/p>\n<p><em>Von der &#8222;Antifaschistischen Aktion Schw\u00e4bisch Hall&#8220;<\/em><\/p>\n<p><strong>Gegen Hetze und Angstmacherei<\/strong><\/p>\n<p>N\u00e4chstes Treffen zur Gegendemonstration ist am Samstag, 5. Dezember 2015, um 13.30 Uhr in \u00a0\u00d6hringen. Bei den\u00a0Kundgebungen der Ausl\u00e4nderfeinde versammelt sich Woche f\u00fcr Woche eine Mischung aus\u00a0&#8222;besorgten B\u00fcrgernInnen&#8220;, MitgliederInnen der rechtspopulistischen\u00a0AfD, der rechtsextremen NPD und Neonazis aus gewaltbereiten\u00a0Kameradschaften.\u00a0Auf den Kundgebungen wird im Stil von Pegida gegen Fl\u00fcchtlinge\u00a0gehetzt, werden \u00c4ngste gesch\u00fcrt und Verschw\u00f6rungstheorien verbreitet.<\/p>\n<p><strong>Kein Platz f\u00fcr rassistische Hetze<\/strong><\/p>\n<p>Die Vergangenheit hat uns gezeigt: Wir d\u00fcrfen nicht wegschauen, wenn\u00a0der rassistische Mob auf die Stra\u00dfe geht.\u00a0Niemals d\u00fcrfen wir vergessen: Rassismus t\u00f6tet!\u00a0Es ist richtig und wichtig, laut und deutlich zu zeigen: Fl\u00fcchtlinge\u00a0sind willkommen, Rassisten sind es nicht! F\u00fcr rassistische Hetzte gibt\u00a0es keinen Platz!\u00a0Wir rufen dazu auf, gemeinsam auf die Sta\u00dfe zu gehen und dem\u00a0rassistischen Mob entgegenzutreten.<\/p>\n<p>Unten steht ein Aufruf der Organisierten Linken\u00a0Heilbronn und anderer Gruppen aus der Region f\u00fcr diesen Samstag,\u00a05. Dezember 2015.\u00a0Bitte verbreitet ihn weiter und kommt am Samstag nach \u00d6hringen.\u00a0Wenn ihr diesen Aufruf als Gruppe oder Einzelperson unterst\u00fctzen\u00a0m\u00f6chtet, lasst es uns wissen.<\/p>\n<p>Mit solidarischen Gr\u00fc\u00dfen<\/p>\n<p>Antifaschistische Aktion Schw\u00e4bisch Hall<\/p>\n<p><strong>&#8222;Kein Platz f\u00fcr Rassismus und rechte Hetze in \u00d6hringen&#8220;<\/strong><\/p>\n<p>Woche f\u00fcr Woche finden in \u00d6hringen Kundgebungen gegen die Aufnahme von\u00a0gefl\u00fcchteten Menschen statt. Jeden Samstag versammeln sich die bis zu\u00a0300 Demonstrantinnen und Demonstranten vor der Alten Turnhalle. Im\u00a0Laufe der Zeit wurde deutlich, dass es sich bei den Teilnehmenden\u00a0nicht um \u201ebesorgte B\u00fcrgerInnen\u201c handelt, sondern um Rassistinnen und\u00a0Rassisten. Unter ihnen tummeln sich Anh\u00e4ngerInnen der Nazi-Partei NPD\u00a0und ihrer Jugendorganisation JN, rechtspopulistische AfD-Mitglieder\u00a0und rechte Verschw\u00f6rungstheoretikerInnen aus dem gesamten Umland.<\/p>\n<p><strong>Islamfeindlicher Blogger<\/strong><\/p>\n<p>F\u00fcr den 14. November 2015 wurde mit dem islamfeindlichen Blogger\u00a0Michael Mannheimer ein bundes- und europaweit bekannter rechter Redner\u00a0eingeladen. Dieser hatte in der Vergangenheit schon \u00f6ffentlich zum\u00a0bewaffneten Kampf aufgerufen. Im Anschluss an diese Kundgebung\u00a0demonstrierten die Rechten mitten durch die \u00d6hringer Innenstadt.<\/p>\n<p><strong>Rassistische Stimmungsmache<\/strong><\/p>\n<p>Mit ihrer Hetze gegen Menschen, die vor Krieg und Elend aus ihrer\u00a0Heimat fliehen m\u00fcssen, versuchen sie das gesellschaftliche Klima zu\u00a0vergiften und \u00c4ngste in der Bev\u00f6lkerung zu sch\u00fcren. Wie gef\u00e4hrlich\u00a0rassistische Stimmungsmache ist, zeigen die Ereignisse der letzten\u00a0Monate: Beinahe jeden Tag werden Gefl\u00fcchtete oder ihre\u00a0Unterst\u00fctzerInnen verbal oder k\u00f6rperlich angegriffen und angefeindet.\u00a0Immer wieder erreichen uns Meldungen von Brandanschl\u00e4gen auf\u00a0Fl\u00fcchtlingsunterk\u00fcnfte.<\/p>\n<p><strong>Nicht unwidersprochen\u00a0hinnehmen<\/strong><\/p>\n<p>In den vergangenen Wochen boten nur wenige Menschen den rassistischen\u00a0Protesten in \u00d6hringen die Stirn. Das gab den HetzerInnen die\u00a0M\u00f6glichkeit, ihren Protest ungest\u00f6rt auf die Stra\u00dfe zu tragen und ihre\u00a0Aktivit\u00e4ten auszubauen. Mittlerweile wird aber immer mehr Menschen\u00a0klar: Die rechte Stimmungsmache wird nicht von alleine aufh\u00f6ren. Sie\u00a0kann und darf nicht weiter ignoriert, verharmlost oder unwidersprochen\u00a0hingenommen werden. Die Demonstrationen sind ein\u00a0m\u00f6glicher Ausgangspunkt f\u00fcr gewaltt\u00e4tige \u00dcbergriffe auf Gefl\u00fcchtete\u00a0und st\u00e4rken extrem rechte Kr\u00e4fte in der Region. Nur durch unseren\u00a0kreativen, lautstarken und bunten Protest k\u00f6nnen wir verhindern, dass\u00a0sich \u00d6hringen zum Anlaufpunkt f\u00fcr Nazis und rechte Politprominenz aus\u00a0ganz Baden-W\u00fcrttemberg entwickelt.<\/p>\n<p><strong>F\u00fcr eine offene Gesellschaft<\/strong><\/p>\n<p>Gemeinsam und solidarisch werden wir am Samstag, 5. Dezember 2015, ab 13.30 Uhr, in \u00d6hringen\u00a0der rassistischen Hetze unsere Visionen einer offenen, vielf\u00e4ltigen\u00a0Gesellschaft entgegensetzen und uns an die Seite der Gefl\u00fcchteten\u00a0stellen. Lasst uns gemeinsam zeigen, dass in \u00d6hringen kein Platz f\u00fcr\u00a0menschenfeindliche Propaganda und Angriffe auf ein friedliches\u00a0Miteinander ist.<\/p>\n<p>Refugees welcome!\u00a0Kein Platz f\u00fcr Rassismus in \u00d6hringen!<\/p>\n<p>Kommt am Samstag, 5. Dezember 2015, um 13.30 Uhr nach \u00d6hringen.<\/p>\n<p>5. Dezember 2015 | 13:30 Uhr | \u00d6hringen<\/p>\n<p><strong>Unterst\u00fctzerInnen:<\/strong><\/p>\n<p>Antifaschistische Aktion Schw\u00e4bisch Hall,\u00a0B\u00fcndnis 90\/Die Gr\u00fcnen Kreisverband Heilbronn,\u00a0Die Linke Kreisverband Heilbronn-Unterland,\u00a0Fraktion UNS\/ Die Gr\u00fcnen \u00d6hringen,\u00a0Gr\u00fcne Jugend Hohenlohe, \u00a0Jusos Heilbronn,\u00a0Mergentheim Gegen Rechts, Organisierte Linke Heilbronn (OL),\u00a0ver.di Jugend Heilbronn-Neckar-Franken<\/p>\n<div class=\"pdf24Plugin-cp\"> \t<form name=\"pdf24Form0\" method=\"post\" action=\"https:\/\/doc2pdf.pdf24.org\/wordpress.php\" target=\"pdf24PopWin\" onsubmit=\"var pdf24Win = window.open('about:blank', 'pdf24PopWin', 'resizable=yes,scrollbars=yes,width=600,height=250,left='+(screen.width\/2-300)+',top='+(screen.height\/3-125)+''); pdf24Win.focus(); if(typeof pdf24OnCreatePDF === 'function'){void(pdf24OnCreatePDF(this,pdf24Win));}\"> \t\t<input type=\"hidden\" name=\"blogCharset\" value=\"Cw1x07UAAA==\" \/><input type=\"hidden\" name=\"blogPosts\" value=\"MwQA\" \/><input type=\"hidden\" name=\"blogUrl\" value=\"yygpKSi20tcvLy\/Xy8jPSM3LARK6pXnpqWmZOSWpRSV6KakA\" \/><input type=\"hidden\" name=\"blogName\" value=\"88jPSM3LARK6pXnpqWmZOSWpRSUA\" \/><input type=\"hidden\" name=\"blogValueEncoding\" value=\"gzdeflate base64\" \/><input type=\"hidden\" name=\"postId_0\" value=\"MzIwMrAAAA==\" \/><input type=\"hidden\" name=\"postTitle_0\" value=\"U1O2MDIysvZOzcxTCMhJLKlSSDu8p0ghNzWvODkjNS8NKJ6SkwlkKgQU5RckpifmpSSqgfQYWCs8aph8aIFjaVpRaZpCVWmRgktqbn5ecUlRYklmfp4C0MDD0zKKMvPSU\/MA\" \/><input type=\"hidden\" name=\"postLink_0\" value=\"yygpKSi20tcvLy\/Xy8jPSM3LARK6pXnpqWmZOSWpRSV6Kan69gW2RgZGBhYA\" \/><input type=\"hidden\" name=\"postAuthor_0\" value=\"S0zJzcwDAA==\" \/><input type=\"hidden\" name=\"postDateTime_0\" value=\"MzIwNNU1NNI1MFIwNLEyNLIyNQIA\" \/><input type=\"hidden\" name=\"postContent_0\" value=\"jVhNb9vKFd33V0xQoGgBWXaSvqL1MwLYyJfjWDHiOAG6G1lDcipyKAyHViG8xVv0N3T10Grh3+CVV+I\/eb+k59whJUpy2m4SWRzemXvuuefc0cns1UkVfOnSV9fGBjUxhXp+NFSfpqEcG69eHD3\/QSXWTYxT1qnmn5m3LsUffzP86loXVdCp8rqqbBVsdZsZVbvJapnkzeNtFnKsrhKDALnlsws8TM24lhh4NYShem13vy\/zHP+NbbVaLmrFjT5qN8FG1VxnfGQLddnc+wXP9yc5i\/pWMr6EjOcdrpbfrFe+TvDCRCOQrhNVxRNXyunbrJcPHk\/LosAnnES2\/BxzMm61NC6kBqsWdfAG38iZK6PwV8LoFXJjBJt5\/LWVi8bewFHneE19qb3LNJLbwnJ4ctiW4ORw9uo3JyiJKV59LeObv\/vtn1+8ePHjqQs20cC3g9mp02mwWHR9m82b+zG\/VO8RXF44+vHkEEHWAdsN3jEL9d6EhZRJnaI6oQASxhu7d4xRc3+bAYFKfWkTXdReSQzwpHRYruUIOJPSRceGgfoBAJmFKToGDVQNWr0cvjxSN5ln8qvlJn11ZiwRXy23kGPyp3WVN\/fYzQuHjLozHhUsTB4i6LHqSfPo249YZtQlwUAUVBwUahEcm6r0KctwhuWp8e7cOeNauAZ4KaS5BZW8fC\/7ewMOV7NyVudr3FfL0+T1oPfY\/B08IHNGV68F1ZEpnV7Yitur1MxR\/DEBFi5d6MJ4PUEonQRh6SloOdnlzdz6CWl+HWyu7oDxlUntRCvhoXq76S6zWqYmQ0XDQM2NZ6DmHyyrwVrsglyDnOoroCNVHnzNx5kpvcViIDqWs4XhLlsuAKa6ynVYRIS3ulxItEcZ9jI2SjWTyKgomeb2xGFhbBqOFZtygnDkk0MNA46dEo7aOKbgAJKA29\/tshxL+04Q\/xq0a\/7N9LIA+EbWFDqv1jGBHJNC8pVxx20bF6hEaB6Q5bPV8k0ljPXc3KYCzjx+Hqhc16GVgDrkbV\/z5Iy1DXtl5cU8j8Ix2CiGkkfoG8nvmXr7JHqskB0HyEulpuRtC\/azp4RrgHQLLAL7e0AIDlhABnTKVayW\/a2cYLenYF3BbpycNwBL9g46LvHCR68+sYy2ssZzyUfrpuTve2PzMWoet9PsTax95+vZjHIHnPnuZ7AVpBXaTKiVa68YrJa78oAintkQTI+LkFJUkh+97EOI+xqzI9\/UehCHAtxt1yZCZsTDqZIHe2PdwuQz9ELJDBC\/Cs0jqIzUiuYB5TKBLKhAENSFzJ1bMmmNGHSCDoVm9C3A73zziEK4bsWeVn9PqncbrlWq3b7bUJhQiOi0\/bflI2vh3+nJPY18ys+3xCeKDCkGFJ3OCkMJotC0tk4KqUvjYv6tj3\/YGgnWSt3aI6Mhc7B1tXx5dAQGtA4CsERvmVvvS0pT6aMLbJvnUJ2D4x\/RBUYe\/5UyM68hfeumhTwDMxZQ9h5Hg1FfwF1nkI4Tu4nqA2v69ed\/de7QmYN4wK8\/\/wL9wuIcnABhsJvj+rbR1+deLdetP1TsKE\/+4lmoewicugxelvb9ZQSbOLjSaDBL91gtCQKnCK8+1LTZMvZgtNkPo8FTjqTgRwcb94pBWpY8Ifom2Gl3htiuBZ1CFwT5psiR754TnFe5LjZjnFdneZkikz2uidIR6ud\/HKpRebdp8rZCRTtk2u2Irou4Wl7ib21ydakdHQRuKcIEak5MdSA0MbUvZ5rygNJOsS50ZizSM3GMY0jsXE\/W45qnFwXpGWK\/bVNACQg3DxxzOt0Hy8Zw7yRxwnc49yyh+OKY1GbyEEXFm3kNsmkXpafXSjSySOhWRNkEn+WcjkjIV7Vvu6NrRq+kOOiiyb4nf+67CIaDomBhZYTbKwaVKpIpikVs665tB7Ipe+wCx4s2+AbD9URYIe+J2hcw8ATUYpGK5pFaOJDurmPzIwiajRQyeR7HmnbWz\/Gu9Dvt2HLakU268aStw5m5ax5yUJIDG7wsziyE95vlmZPmPvOMuO1rO8nT0QetUUtib2AkqaN0yy65GC6a\/hKzWTDHHDqhbKa9yHyBYrXT07ueyEXPIBar5U3PLNr2oV\/pPC6aosdgK0Id0ir1Vkbm6JJIQwZYDiznBTk9l2ZVxuOct9G9K9Qmn0QJ5sh3Bh2caCFYcy+XiTpZLXtDSCUGNm0eHcDdo8ooypubW2xUzXwZp9eMskUN3OPLuZPWvesaA5\/FMNB8JYvnMP1jPgPEG+3nC1vjxmp55bFaxqAth4kTi\/VsR\/JFj+VloWYniRY4XzYPKVHESISKxitVG1IRG5TgASPt7jQI5uBT2iIeS0bbvbOhuQ9R6xb1mFPmkLN+yI2HguAuJqO2pk5ZqUxhMEV0Ca6W01z7Y7mktpq6Qzx5PVoJi0aH4h0E58twUO52zbQoU3FC0z5ZD74y4ICnpSiE9FWmfZGXSFZo9VT5kGS8qkbGxhv06\/6NbD2C2jjWpK1s4z7F0laz2k1DHAni\/YQYsa7NL8AhUlcQ7jdDNBbAf+8xCap47elAufDNfbJp6jj\/wQJAmahwoDcmReLpDc54RxXhsA2Zk3CMPa7F97tqo6WEFu1En1kx4OjtHL93LvAUY0RMesmN5BrW88MrDG4BWBYctxfxfghEFuqMRnHwjbelIKaVcmbGtWAK899rLbE5KXPJJjfAaaN+e331bj25C4Cb2bGTHCb43+\/PaJb1\/Xmw1Vf7l6XNBZ+Iq68Y4YURPK9vD0wJtyaHtuasO6L0M1hfFyoGirWhPOm2i0lbKXOfHoiBpucvN0P1UebneO3rco\/a3E5mW8ow3Z53wdi2+Xo\/HF3R8VPqYffDxYakfD1BA8WlFUeIQHV3It7VpnyfTYKpClPh3OS3ZWFw0\/r+rN0\/4rMuwsXOPeR\/\/taxc0\/p4uy+pX7CO8ftOz9tXtgl3r4JHe\/R7f++fuAqhmnXTeCS6i9Hh1QRXmXIlQu4UiX2BrDXVz68wEVyFfzOkgM5IYdILH7rddz5ZnR9qPrx1wliVfyuHXjV+xKFz\/HPQK2WH+qqrLb2v+TN3gUOhvGXqDhPVYOt62p7xM1d9fefPv5hIIPIcGLXW60PPTK3U+0PcF5ecgXI\/wA=\" \/> \t\t<a href=\"https:\/\/www.pdf24.org\" target=\"_blank\" title=\"www.pdf24.org\" rel=\"nofollow\"><img src=\"https:\/\/www.hohenlohe-ungefiltert.de\/wp-content\/plugins\/pdf24-post-to-pdf\/img\/pdf_32x32.png\" alt=\"\" border=\"0\" height=\"32\" \/><\/a> \t\t<span class=\"pdf24Plugin-cp-space\">&nbsp;&nbsp;<\/span> \t\t<span class=\"pdf24Plugin-cp-text\">Sende Artikel als PDF<\/span> \t\t<span class=\"pdf24Plugin-cp-space\">&nbsp;&nbsp;<\/span> \t\t<input class=\"pdf24Plugin-cp-input\" style=\"margin: 0px;\" type=\"text\" name=\"sendEmailTo\" placeholder=\"Emailadresse\" \/> \t\t<input class=\"pdf24Plugin-cp-submit\" style=\"margin: 0px;\" type=\"submit\" value=\"Senden\" \/> \t<\/form> <\/div>","protected":false},"excerpt":{"rendered":"<p>Seit dem 10. Oktober 2015 finden in \u00d6hringen jeden Samstag rassistische und\u00a0fl\u00fcchtlingsfeindliche Kundgebungen statt. Die Kundgebungen sollen bis\u00a0zu den Landtagswahlen im M\u00e4rz 2016 jede Woche stattfinden.\u00a0Wir rufen dazu auf samstags nach \u00d6hringen zu kommen und den Rassisten\u00a0entgegenzutreten. Diese treffen sich zu ihren Kundgebungen an der alten Turnhalle in \u00d6hringen. Von der &#8222;Antifaschistischen Aktion Schw\u00e4bisch Hall&#8220; [&hellip;]<\/p>\n","protected":false},"author":1,"featured_media":0,"comment_status":"open","ping_status":"open","sticky":false,"template":"","format":"standard","meta":[],"categories":[1,10,6,2,5,3,7],"tags":[],"_links":{"self":[{"href":"https:\/\/www.hohenlohe-ungefiltert.de\/index.php?rest_route=\/wp\/v2\/posts\/20208"}],"collection":[{"href":"https:\/\/www.hohenlohe-ungefiltert.de\/index.php?rest_route=\/wp\/v2\/posts"}],"about":[{"href":"https:\/\/www.hohenlohe-ungefiltert.de\/index.php?rest_route=\/wp\/v2\/types\/post"}],"author":[{"embeddable":true,"href":"https:\/\/www.hohenlohe-ungefiltert.de\/index.php?rest_route=\/wp\/v2\/users\/1"}],"replies":[{"embeddable":true,"href":"https:\/\/www.hohenlohe-ungefiltert.de\/index.php?rest_route=%2Fwp%2Fv2%2Fcomments&post=20208"}],"version-history":[{"count":3,"href":"https:\/\/www.hohenlohe-ungefiltert.de\/index.php?rest_route=\/wp\/v2\/posts\/20208\/revisions"}],"predecessor-version":[{"id":20211,"href":"https:\/\/www.hohenlohe-ungefiltert.de\/index.php?rest_route=\/wp\/v2\/posts\/20208\/revisions\/20211"}],"wp:attachment":[{"href":"https:\/\/www.hohenlohe-ungefiltert.de\/index.php?rest_route=%2Fwp%2Fv2%2Fmedia&parent=20208"}],"wp:term":[{"taxonomy":"category","embeddable":true,"href":"https:\/\/www.hohenlohe-ungefiltert.de\/index.php?rest_route=%2Fwp%2Fv2%2Fcategories&post=20208"},{"taxonomy":"post_tag","embeddable":true,"href":"https:\/\/www.hohenlohe-ungefiltert.de\/index.php?rest_route=%2Fwp%2Fv2%2Ftags&post=20208"}],"curies":[{"name":"wp","href":"https:\/\/api.w.org\/{rel}","templated":true}]}}