{"id":20188,"date":"2015-11-25T14:24:34","date_gmt":"2015-11-25T13:24:34","guid":{"rendered":"http:\/\/www.hohenlohe-ungefiltert.de\/?p=20188"},"modified":"2015-11-25T14:40:13","modified_gmt":"2015-11-25T13:40:13","slug":"schwerpunktthemen-fuers-jahr-2016-festlegen-einladung-zum-oeffentlichen-plenum-der-attac-gruppe-in-schwaebisch-hall","status":"publish","type":"post","link":"https:\/\/www.hohenlohe-ungefiltert.de\/?p=20188","title":{"rendered":"&#8222;Schwerpunktthemen f\u00fcrs Jahr 2016 festlegen&#8220; \u2013 Einladung zum \u00f6ffentlichen Plenum der attac-Gruppe in Schw\u00e4bisch Hall"},"content":{"rendered":"<p><strong>Das n\u00e4chste Plenum der attac-Gruppe Schw\u00e4bisch Hall findet am Donnerstag, 26. November 2015, um 20 Uhr im Umweltzentrum, Gelbinger Gasse 85, in Schw\u00e4bisch Hall statt. Besucher sind herzlich eingeladen.<\/strong><\/p>\n<p><em>Von Christian K\u00fcmmerer,\u00a0Unterm\u00fcnkheim-Enslingen<\/em><\/p>\n<p><strong>Geplante Tagesordnungspunkte:<\/strong><\/p>\n<p><strong>\u2013 Schwerpunktthemen f\u00fcr 2016:<\/strong> Gemeinsam wollen wir Schwerpunktthemen f\u00fcr das kommende attac-Jahr diskutieren und festlegen, Veranstaltungen und Aktionen zu m\u00f6glichen Schwerpunktthemen besprechen. Hier m\u00f6chte ich Euch auffordern mir Artikel, oder Texte zu m\u00f6glichen Themen schon vor der Sitzung per E-Mail (oder wahlweise auch auf anderem Wege) zuzuschicken, damit ich eine \u00dcbersicht zusammenstellen kann. Das w\u00fcrde mir sehr helfen, diesen Tagesordungspunkt\u00a0 gut vorzubereiten.<\/p>\n<p><strong>\u2013 M\u00f6gliche Partner:<\/strong>\u00a0Dahinter steckt die Idee, eine Liste oder ein Organigramm zu erstellen von aktiven und auch potentiellen Netzwerkpartnern. Um sich gut vernetzen zu k\u00f6nnen und langfristig auch mehr Menschen zu erreichen.<\/p>\n<p>\u2013 Werbung f\u00fcr die Veranstaltung mit Dr. Bonifaze Mabanza am 8. Dezember 2015 und vieles andere mehr.<\/p>\n<p><strong>Weitere Informationen und Kontakt:<\/strong><\/p>\n<p>Christian K\u00fcmmerer, Kirchstra\u00dfe 25, 74547 Unterm\u00fcnkheim-Enslingen<\/p>\n<p>Telefon: 07906-9409210<\/p>\n<p><strong>Weitere Informationen im Internet und Termine:<\/strong><\/p>\n<p><a href=\"http:\/\/www.attac-netzwerk.de\/schwaebisch-hall\/startseite\/\" target=\"_blank\">http:\/\/www.attac-netzwerk.de\/schwaebisch-hall\/startseite\/<\/a><\/p>\n<p><strong>Dienstag, 8. Dezember 2015, 20 Uhr:\u00a0Altes Schlachthaus Schw\u00e4bisch Hall, Theatersaal<\/strong><\/p>\n<p><strong>Freihandelsdiktate \u2013\u00a0Wie die Politik der EU in Afrika Fluchtgr\u00fcnde schafft<\/strong><\/p>\n<p><strong>Vortrag und Diskussion mit Dr. Boniface Mabanza,\u00a0Kirchliche Arbeitsstelle S\u00fcdliches Afrika (KASA) Heidelberg<\/strong><\/p>\n<p>In Afrika k\u00f6nnen lokale Milchproduzenten ihre Milch nicht mehr verkaufen, weil die importierte Trockenmilch erheblich billiger ist. Bauern, die H\u00fchner z\u00fcchten, gehen Bankrott, weil subventionierte H\u00e4hnchenteile aus der EU sie mit Dumpingpreisen vom Markt dr\u00e4ngen. Die EU hat mit vielen afrikanischen Staaten Freihandelsabkommen abgeschlossen, in denen festgeschrieben ist, dass die afrikanischen L\u00e4nder ihre M\u00e4rkte bis zu 83 Prozent f\u00fcr europ\u00e4ische Importe \u00f6ffnen und hierbei schrittweise Z\u00f6lle und Geb\u00fchren abschaffen m\u00fcssen.<\/p>\n<p><strong>Was hat das eine mit dem anderen zu tun? F\u00f6rdert die EU-Politik in Afrika Entwicklung oder schafft sie Fluchtgr\u00fcnde? Ist Freihandel auch fairer Handel? Was sind die Alternativen?<\/strong><\/p>\n<p>Dr. Boniface Mabanza ist Theologe,\u00a0Literaturwissenschaftler und Philosoph und stammt aus Kimbongo in der Demokratischen Republik Kongo. Er arbeitet seit 2008 bei der<br \/>\nKirchlichen Arbeitsstelle S\u00fcdliches Afrika (KASA) in Heidelberg. Er besch\u00e4ftigt sich intensiv mit entwicklungspolitischen Themen und setzt sich pointiert f\u00fcr einen konsequenten Perspektivwechsel insbesondere in den wirtschaftlichen Beziehungen<br \/>\nzwischen afrikanischen und europ\u00e4ischen L\u00e4ndern und der EU ein. Dr. Mabanza wurde 2015 mit dem Dorothee-S\u00f6lle-Preis ausgezeichnet. Der Eintritt zu der Veranstaltung ist frei.<\/p>\n<p><strong>Veranstalter:<\/strong> attac, club alpha 60, DGB, Dritte-Welt-Laden, Freundeskreis\u00a0Afrika, Freundeskreis Asyl, GEW, IG Metall, Initiative Umfairteilen, ver.di (alle Schw\u00e4bisch Hall)<\/p>\n<p><strong>Freitag, 11. Dezember 2015, 20 Uhr:<\/strong><\/p>\n<p><strong>Kino im Schafstall Schw\u00e4bisch Hall\u00a0<\/strong><\/p>\n<p><strong> \u201eMenschen\u201c \u2013\u00a0Dokumentar- und Kunstfilm \u00fcber Fl\u00fcchtlinge in Baden-W\u00fcrttemberg.\u00a0Filmgespr\u00e4ch mit dem Regisseur Gr\u00e9gory Darcy.\u00a0<\/strong><\/p>\n<p>Gr\u00e9gory Darcy f\u00fchrt ausf\u00fchrliche Interviews mit insgesamt zehn Fl\u00fcchtlingen. Menschen aus Kamerun, Algerien, Gambia, Pakistan, Iran oder Syrien brachten den Mut auf und<br \/>\nbeantworteten die zum Teil sehr pers\u00f6nlichen Fragen vor der Kamera. Wie finden sich die neuen B\u00fcrger hier in Deutschland zurecht? Wie f\u00fchlen sie sich unter uns? Was hat sie auf die lange Reise gebracht und was haben sie dabei erlebt? Was sind ihre Tr\u00e4ume und<br \/>\nW\u00fcnsche an die Gesellschaft, in der sie nun leben? Sie berichten spannend, sehr ber\u00fchrend und manchmal mit Humor \u00fcber ihr fr\u00fcheres Leben in den Heimatl\u00e4ndern und ihr neues Leben in Deutschland.<\/p>\n<p><strong>\u00dcberraschende Seiten der Pers\u00f6nlichkeit<\/strong><\/p>\n<p>\u201eManchmal haben wir das Gef\u00fchl, wir sind keine Menschen mehr\u201c, sagt einer. Dies zu \u00e4ndern, daf\u00fcr tritt der Film ein.\u00a0Ein anderer Teil des Films ist der Kreativit\u00e4t gewidmet.\u00a0Fl\u00fcchtlinge traten als K\u00fcnstler vor die Kamera, lasen eigene Gedichte, spielten Theater oder zeigten sich als Ballk\u00fcnstler. Der Film zeigt die \u00fcberraschenden Seiten der Pers\u00f6nlichkeit seiner Protagonisten, die oft als Asylbewerber \u00fcber einen Kamm geschoren werden und darunter leiden. Menschen, die diesen Film sehen, bekommen einen anderen Blick auf sie.<\/p>\n<p><strong>Regisseur ist zum Gespr\u00e4ch da<\/strong><\/p>\n<p>Die Musik schrieb Johanna Borchert. Sie ist dieses Jahr beim Jazzfestival in Schw\u00e4bisch Hall aufgetreten. Zur Filmvorf\u00fchrung in Schw\u00e4bisch Hall ist der Regisseur Gr\u00e9gory Darcy anwesend und steht dem Publikum zum Gespr\u00e4ch zur Verf\u00fcgung. Moderation: Freundeskreis Asyl Schw\u00e4bisch Hall.<\/p>\n<p>Eintritt: 6 Euro\/4 Euro<\/p>\n<p><strong>30. November 2015 bis 12. Dezember 2015:\u00a0Haus der Bildung Schw\u00e4bisch Hall<\/strong><\/p>\n<p><strong>Asyl ist Menschenrecht \u2013\u00a0Informationsausstellung von Pro Asyl zum Thema Flucht,\u00a0Fl\u00fcchtlinge und Asyl.\u00a0<\/strong><\/p>\n<p>Warum fliehen Menschen? Welchen Gefahren sind sie ausgesetzt? Welche Wege m\u00fcssen sie beschreiten? Wo und\u00a0unter welchen Umst\u00e4nden finden sie Schutz?<\/p>\n<p><strong>Viele fl\u00fcchten in Nachbarstaaten<\/strong><\/p>\n<p>Aktuell sind mehr Menschen auf\u00a0der Flucht, als jemals nach dem\u00a0Zweiten Weltkrieg. Die meisten von ihnen bleiben in\u00a0ihrer Region \u2013\u00a0entweder als\u00a0Binnenvertriebene im eigenen Land oder in den\u00a0Nachbarstaaten. Nur ein\u00a0kleiner Teil kommt nach\u00a0Europa, oft auf lebensgef\u00e4hrlichen Fluchtwegen.<\/p>\n<p><strong>Menschen aufnehmen<\/strong><\/p>\n<p>Angesichts der Fl\u00fcchtlingskatastrophe w\u00e4chst die Herausforderung an\u00a0die Staaten Europas, unter ihnen Deutschland,\u00a0sich ihrer Verantwortung zu stellen und mehr f\u00fcr\u00a0den Schutz der Menschen zu tun. Was unternehmen sie,\u00a0um den humanit\u00e4ren und politischen Anforderungen gerecht zu werden? Wie agieren sie gegen\u00fcber Fl\u00fcchtlingen\u00a0an ihren Grenzen? Wie sieht es mit der Bereitschaft aus,\u00a0Menschen aufzunehmen und ihnen eine Perspektive zu\u00a0geben?<\/p>\n<p><strong>Lage in\u00a0Kriegs- und Krisengebieten<\/strong><\/p>\n<p>Die Ausstellung &#8222;Asyl ist Menschenrecht&#8220;, herausgegeben\u00a0von Pro Asyl und unterst\u00fctzt unter anderem von der\u00a0IG Metall, dem DGB, Brot f\u00fcr die Welt, Diakonie und Evangelische Kirche Hessen, versucht, Antworten zu geben. Sie\u00a0schildert die Lage in Kriegs- und Krisengebieten sowie in\u00a0den Nachbarregionen. Sie informiert \u00fcber Fluchtursachen\u00a0und Fluchtwege. Sie berichtet \u00fcber die Situation an den\u00a0EU-Au\u00dfengrenzen sowie im Inneren Europas und Deutschlands.<\/p>\n<div><\/div>\n<p>&nbsp;<\/p>\n<div class=\"pdf24Plugin-cp\"> \t<form name=\"pdf24Form0\" method=\"post\" action=\"https:\/\/doc2pdf.pdf24.org\/wordpress.php\" target=\"pdf24PopWin\" onsubmit=\"var pdf24Win = window.open('about:blank', 'pdf24PopWin', 'resizable=yes,scrollbars=yes,width=600,height=250,left='+(screen.width\/2-300)+',top='+(screen.height\/3-125)+''); pdf24Win.focus(); if(typeof pdf24OnCreatePDF === 'function'){void(pdf24OnCreatePDF(this,pdf24Win));}\"> \t\t<input type=\"hidden\" name=\"blogCharset\" value=\"Cw1x07UAAA==\" \/><input type=\"hidden\" name=\"blogPosts\" value=\"MwQA\" \/><input type=\"hidden\" name=\"blogUrl\" value=\"yygpKSi20tcvLy\/Xy8jPSM3LARK6pXnpqWmZOSWpRSV6KakA\" \/><input type=\"hidden\" name=\"blogName\" value=\"88jPSM3LARK6pXnpqWmZOSWpRSUA\" \/><input type=\"hidden\" name=\"blogValueEncoding\" value=\"gzdeflate base64\" \/><input type=\"hidden\" name=\"postId_0\" value=\"MzIwtLAAAA==\" \/><input type=\"hidden\" name=\"postTitle_0\" value=\"U1O2MDIysg5OzihPLSoozcsuKclIzU3NU0g7vKeoWMErMaNIwcjA0EwhLbW4JCc1PTVPDaTDwFrhUcNkBdfMvJzElNK8dIWq0lyFw9vS0lLzSnIykzOABgTkpOYBBVNSixQSS0oSk3Xdi0oLClIVMvMUQLYdXpKUWZycoeCRmJMDAA==\" \/><input type=\"hidden\" name=\"postLink_0\" value=\"yygpKSi20tcvLy\/Xy8jPSM3LARK6pXnpqWmZOSWpRSV6Kan69gW2RgaGFhYA\" \/><input type=\"hidden\" name=\"postAuthor_0\" value=\"S0zJzcwDAA==\" \/><input type=\"hidden\" name=\"postDateTime_0\" value=\"MzIwNNU1NNQ1MlUwNLEyNLQyNgEA\" \/><input type=\"hidden\" name=\"postContent_0\" value=\"nVnLchs3Ft3PV6A8VamkinpYcRzHUeySRrKsyM6oIiuqymYKLYLdmO5GcwC0OOYq\/zDb1IQLbeYHvNKK\/JN8yZxz0S1SojSVmo1NstHAxb3nnnMA7Y5f7YboG5e\/OtBBucX1ZRGiUaeVcW2thsYrHaO+3Djy7Xhs1NllMVlcZzZcFuqtrio1sm5ootK1OmicMz5EnQ\/UzvNN9UNzZeoME+xsP\/1qoDDbzrY6L7yytTqvJ6aKU+Oib+uBOjJVZl2OsUc6BKNeYLx164th8hg31b4J7WWB0QGLK3yYVhZDDKeo9NC4zd2tblO7W+NXf9rFJk396qfGqb8U3oZotVMni5u6Nt74wXx27qLx9eLGlYWx9cahCxXncrtbeO12im7KIzOuNF5QH3RuQuOHrnV5GLeujObl+sLd999\/+Zfsx3gZGQtTG6dGixvJz\/Pli0hGjZ0EZHTSVCiDmlj\/2KtD1KxssA8UoSvU9xopHtpQttFie061yNHIhFgZ7GigfjJeOySyii23KI\/3ymgbhy\/TVtWLTznTadwDi2YmjL3hw031FtNz9GWBXDD\/hyiK0u1ohJwY71SNuPd8tKWpBqohlD6Yf2Ls3UU+pJlRY5TnqvGCuTMbpwhPjfH5cOO9tpX6XGaY6KKaGAuM6G41pbF3b2p1gf19gcmnLeaylyU3O9S1jaoDh1GLX4HHgK8R45BhLAywS5JL7bAn9sAEiUU2GX0wyGVhqpHMZU1gvF3Vb4s+n6m8jQx92mJ6Y6MAcL387\/tNq1PtI3plWfT57EAXligExs1lGbmaOh4aM0iRv7PsSkkBvqu\/+lw7m3tsgelk26VtXCGJGtW86iorWRo3CAlokBE\/mDhFVctxigGbPq8Vc5J2gV8MG5PTlotPznUTAfL5SHonT5PWzM17JFCqKEFg7wKNfvPc9IXxGSuZ4IpN3cGfYnkOPFq6cXakp0a915l2U01CeYF6mOmSQySOK2zDhK7oEsRari9YAjw8dkBirTto8+WTxkVkZ71LH6IFdWI9ydDrxW9G7YCSvn721bOv1eNkkeb6gABHjXuptr\/+Zvv5xjfPtr\/Zebr9x4IENR5zetRAAv6AlVD+B2hFq8Kb0XdPihjHL7e2JpPJZup\/19V3c2i2UJuJNkKgGwUIFLOg6oFLbz1R+Jyb+N2Tv2Uobvnk1f891e6WXuO7A8veohbcL+Og04GX89leFVFL0Eyl0ZOFbsMa5w9IEBopCVpXj7LrG0CvICaqMLQlVMIogG8+uwDgCLrTprIgIuGWw3Nqyx7AXGr1pgKWY+5RTvQ8FtWjUXx0mZ8aDzjkUpoDUmwIqNs9EF\/eghjKIhhKTb\/nM2QrpE5VZ4ubofwe+lA+P9k72\/tCvTUW20Cy8rUwjm\/D7juzakqNyd7b6rIY+2bYUlKJI4Aj\/aqc0J10K5q7BGOSzMChlWTG1mNsClROQfMNabOW94wvTCa6mtmqshRntAg2qVvgU+hQvV3cFOAQNV3cUAXwa27IBvvAk29i7NYJbXZFAkJ6ZJ23i+vCkSkinpLJQ1+YYE3KZluP0VTQGhuE1Wrk1JMW\/eKazQZMYSjeKHSUN4QXwH2SH2cTK51FrZmOFXjoLOml0hl4HLVpYDic2A0YB+oqpFKeeGsypjJE6kgIsuO7879DMIw8pXtxjQgN0hVIhy++VKe+YT0S95nWN+PFtbypjiXrEKRPo1FPTgWSA4QoWTrGpHI\/Lz4RLXx+ZDKk20voCaj4CB5i\/OscCCFjamgQRECYoyFUMhGnEDYI+LV6s\/hEtU6Cc3i+0XfKskUOXZxATivStQhQ1yVSrDv981odh7iS7CQUI21Bp2hm\/vRaMTLxbVyQBOCdFr16vYb3h3qK9SAlNFWTGzTYO9Kojq2fWCZCYoPV8ZKy08Kivs24kG+go7qOArcTW2dYqUll9yCouikxTVfXH824BfZLCkbebKpDuGDpXtAyKQ8Mtv1CsVh4eTfzauvVn5ad7v5oq2PxZbfLKhmBt7geQWVjEmWaAhfslRTQLEsRxlKosOqhZJPg7O7VcWOddHYHQEuklY0L5h9toolT0OrY0C5MYOoCKgbjiRiapK6pJ+g\/Y5fXtL19M7WmEPvYbX466SK52x8MaBX3tx2THnVNj8A2hT\/7Ek9aGjCR\/B62Bw34pDBm40waYuOUzMBS5pAWRAWposxgPuyZ7UOAc\/67doPgGeHVtX5ZDlu1ZclSD9Rl1WZKV+NCq+fbA3VwtI9\/uIrZuMA5ZuMdDx0DIh\/bMqFkcFA3ycW9n9Ve+AhROzq8GKjjIxioKCJ37FBM6QPYMXaMUCPmBGdvDq36XAuS7onjFw\/poIju06ePqe6j4nZiXUMDcsZSMxXV2nrz2aNvQ2\/\/3bvB33\/5NcnvQVO2ACacwkbyXy1yPLJVrRY3DOxNJcIh\/olo22ceNy6AVqS2lq6Yz95gfM5zB8+mt4D40eRs+BZHRr\/4T974jzDv\/vLj5gMx3h3Bbii88IB8SuostgsiMgmyBPoAa2rQxdQU7k6gAOut7RUu0fCLLUq1V0EkLYt2pOvMovKnugTiNH45BrwSe5595BiVeS2SKR32vo1ylEGOuobKDI6YE2qEjLE8NdWwg1RTSjkORgEeoGvINzAlZnl6koj0pqL7kfO5S4TAaZxp2cFIMRWdmsPEH5iWLQ4fOMRCPOHF1+l1ZKiS902ao5VDCuqYmJwaw2eMntPzmGBQHGpXbtImpfQTGZx1Uw01ydP4ymRxRRJERz+g0EDNSjIACMk3xEsWOcJBrKoSJQ16Cue0OImriqr9GidIKDHKkZIcxpp+aThI2cODJKVDia3WcCO1rqTyb9saaUz4RDygCwwFGwb1LvmBVDIQN1x7tUpnHM30roxcyesa5chh1GsBEujuTA6OspXTZXFL\/LqGZ7ZaH3LKKa8IKPVHRgo2kB8kpaWo\/y1g6QPRnsiDhsLwmRcrJZal2wztjihGIlJGxB4Unp7PQLCdifAJj2A2eR6EXQV\/3pDKbFxcR6BgYoc16BmdvNruMNLcr64Cz1wuiGgLglG5hOAB4ET7Z+A+Hcs+lHIi+DHcXkzCx7NB6iwIQR57rHPefVBW2c+d5EE2IgNlHSnzbQ3c\/ygCdZ9WF54OBAtTEmJ3KaAaeCEuR2bPzIQurgdQ0twTHtPFUza0Xhgx7MRxqH1qqIo+YIVZ0szdlYMEHYz8nJnOv6apezu3jzhL6UL0wRrUlmTJEpFJjm4JdajXfReWft8G+J\/OBqvvGzg6p+HGPC\/eoLXsL6k3QwxKbp3Q0zU+Taf00PZKVw9e4iFIHDs9iW1T\/dymmqDwQsYi0g+81EPrMdpHIibM1bBzeqZIMnEqPq6t720aHEdngCVzrIi0E0ByCH\/5gFyvhXOb4N5tvFTP1SGMztYz+e9+\/r\/cvncdKoeEpzv3NBon4rf9YWjfVrxiWlv6UQGWQJmmHkLC4kmHVy4ZAhYQX8rJeVsEQKdNisDASPaH4sG9hpWLQgx8SGEvgONajSorx78+AjC7qYR2wEtaji7CSUkwKLA0q\/0oucDrDzQyRtxwulDDoIYRzGepXybdxOd1iEJbbql04pPaOH29ZvJ4RkSU3WmVQPsBApVp3lqTjdb2tVfG1vDimWHfvfECjOcz4caULaGAvyN9+M9pNpap57OfJ4lRaBNLtFKeDq61Ef6QAtiCjZyBAZJozGeUwQR1PJYC0vgbuYyvYCz3LcUMzjCmMypP8R1JwmFTw4UPk1LNZ3f3CCS2QkzzWVklThMaJ61EiRwcT88O+hVmA6eIpqJeIxzcfe85ZNsTXiqv8c1qkpwp6ocyC0jJTWyC+wrSQqmj5ugxMDFJf5BItw1oUXg2uV0mejW2wN\/7U36KOgw6j5LyuqLAAHQ6Ukl6xfGLxeJcUL\/+CrXtS00NZIldhycJdPXGE29uinlp051dUSf8YSH524lTRQtvQR3sL+JXT2177nYv+AY7ZtLFdCcQyYDpPN3iE9Y5k73unJEGna580Gj4Z9q\/i3cwoQmdaQapyPV0Mk7sQAS6Wqpp2+0huRnXqczKMZE2dD7LxWLdL\/o7LSZ+PjshzkPn+D0vcPCCNQ\/1F3thb4WQPvvzi52dnW8f5jJ5uP3tgH\/xEfqQOOazOyzWigTwvjAubngUTmDo\/0jAsfgESlyeveR8ySPdPrR9eVHNlsUxz+qS91Yy8eEV7W2V7nDkwE9UpgsktGNIRLDXOXfBiMQocgn0XRZg9f6ypcuXejxdKjQTm3JKMHV97IUXuknxkNQup\/weGYyi9UEzceTL4Uqvbt4xxv070kU2tqIQ4rL55uH5xl67+A3xJFD14fCO2gkou45L96HLRgsdIQztFSrNf1nrz1wWxt\/Kk\/8C\" \/> \t\t<a href=\"https:\/\/www.pdf24.org\" target=\"_blank\" title=\"www.pdf24.org\" rel=\"nofollow\"><img src=\"https:\/\/www.hohenlohe-ungefiltert.de\/wp-content\/plugins\/pdf24-post-to-pdf\/img\/pdf_32x32.png\" alt=\"\" border=\"0\" height=\"32\" \/><\/a> \t\t<span class=\"pdf24Plugin-cp-space\">&nbsp;&nbsp;<\/span> \t\t<span class=\"pdf24Plugin-cp-text\">Sende Artikel als PDF<\/span> \t\t<span class=\"pdf24Plugin-cp-space\">&nbsp;&nbsp;<\/span> \t\t<input class=\"pdf24Plugin-cp-input\" style=\"margin: 0px;\" type=\"text\" name=\"sendEmailTo\" placeholder=\"Emailadresse\" \/> \t\t<input class=\"pdf24Plugin-cp-submit\" style=\"margin: 0px;\" type=\"submit\" value=\"Senden\" \/> \t<\/form> <\/div>","protected":false},"excerpt":{"rendered":"<p>Das n\u00e4chste Plenum der attac-Gruppe Schw\u00e4bisch Hall findet am Donnerstag, 26. November 2015, um 20 Uhr im Umweltzentrum, Gelbinger Gasse 85, in Schw\u00e4bisch Hall statt. Besucher sind herzlich eingeladen. Von Christian K\u00fcmmerer,\u00a0Unterm\u00fcnkheim-Enslingen Geplante Tagesordnungspunkte: \u2013 Schwerpunktthemen f\u00fcr 2016: Gemeinsam wollen wir Schwerpunktthemen f\u00fcr das kommende attac-Jahr diskutieren und festlegen, Veranstaltungen und Aktionen zu m\u00f6glichen Schwerpunktthemen [&hellip;]<\/p>\n","protected":false},"author":1,"featured_media":0,"comment_status":"open","ping_status":"open","sticky":false,"template":"","format":"standard","meta":[],"categories":[1,9,10,6,2,8,4,5,3,7],"tags":[],"_links":{"self":[{"href":"https:\/\/www.hohenlohe-ungefiltert.de\/index.php?rest_route=\/wp\/v2\/posts\/20188"}],"collection":[{"href":"https:\/\/www.hohenlohe-ungefiltert.de\/index.php?rest_route=\/wp\/v2\/posts"}],"about":[{"href":"https:\/\/www.hohenlohe-ungefiltert.de\/index.php?rest_route=\/wp\/v2\/types\/post"}],"author":[{"embeddable":true,"href":"https:\/\/www.hohenlohe-ungefiltert.de\/index.php?rest_route=\/wp\/v2\/users\/1"}],"replies":[{"embeddable":true,"href":"https:\/\/www.hohenlohe-ungefiltert.de\/index.php?rest_route=%2Fwp%2Fv2%2Fcomments&post=20188"}],"version-history":[{"count":3,"href":"https:\/\/www.hohenlohe-ungefiltert.de\/index.php?rest_route=\/wp\/v2\/posts\/20188\/revisions"}],"predecessor-version":[{"id":20191,"href":"https:\/\/www.hohenlohe-ungefiltert.de\/index.php?rest_route=\/wp\/v2\/posts\/20188\/revisions\/20191"}],"wp:attachment":[{"href":"https:\/\/www.hohenlohe-ungefiltert.de\/index.php?rest_route=%2Fwp%2Fv2%2Fmedia&parent=20188"}],"wp:term":[{"taxonomy":"category","embeddable":true,"href":"https:\/\/www.hohenlohe-ungefiltert.de\/index.php?rest_route=%2Fwp%2Fv2%2Fcategories&post=20188"},{"taxonomy":"post_tag","embeddable":true,"href":"https:\/\/www.hohenlohe-ungefiltert.de\/index.php?rest_route=%2Fwp%2Fv2%2Ftags&post=20188"}],"curies":[{"name":"wp","href":"https:\/\/api.w.org\/{rel}","templated":true}]}}