{"id":20070,"date":"2015-10-28T11:57:14","date_gmt":"2015-10-28T10:57:14","guid":{"rendered":"http:\/\/www.hohenlohe-ungefiltert.de\/?p=20070"},"modified":"2015-10-28T12:19:46","modified_gmt":"2015-10-28T11:19:46","slug":"euro-und-asylkrise-europa-ist-nicht-mehr-fuer-seine-buerger-da-vortrag-von-bernd-koelmel-im-schwaebisch-haller-sudhaus","status":"publish","type":"post","link":"https:\/\/www.hohenlohe-ungefiltert.de\/?p=20070","title":{"rendered":"&#8222;Euro-und Asylkrise \u2013 Europa ist nicht mehr f\u00fcr seine B\u00fcrger da&#8220; \u2013 Vortrag von Bernd K\u00f6lmel im Schw\u00e4bisch Haller Sudhaus"},"content":{"rendered":"<p><strong>Bernd K\u00f6lmel,\u00a0Landeschef von ALFA (Ableger der Bernd Lucke-Partei in Baden-W\u00fcrttemberg) und stellvertretender Bundesvorsitzender, spricht am\u00a0Donnerstag, 29. Oktober 2015, um 19 Uhr\u00a0im Sudhaus an der Kunsthalle W\u00fcrth in der Lange Stra\u00dfe 35\/1 in Schw\u00e4bisch Hall.\u00a0Der Eintritt ist frei.\u00a0<\/strong><\/p>\n<p><em>Informationen zugesandt von einem Hohenlohe-ungefiltert-Leser aus Schw\u00e4bisch Hall<\/em><\/p>\n<p><strong>Antirassisten m\u00fcssen mehr tun<\/strong><\/p>\n<p>K\u00f6lmels Thema in Schw\u00e4bisch Hall lautet &#8222;Euro-und Asylkrise \u2013 Europa ist nicht mehr f\u00fcr seine B\u00fcrger da.&#8220; Seine Rede wird gewiss kein Beitrag zur &#8222;Willkommenskultur&#8220; sein.\u00a0&#8222;Es wird h\u00f6chste Zeit, dass sich in Schw\u00e4bisch Hall die antirassistische Gemeinde \u00a0zusammentut und politisch sichtbar wird&#8220;, fordert ein Gegner K\u00f6lmels und der ALFA-Partei.<\/p>\n<p><strong>Wer sich einen Eindruck von Bernd K\u00f6lmel verschaffen will, kann sich im Internet folgende Seite\u00a0anschauen:<\/strong><\/p>\n<p><a href=\"http:\/\/bernd-koelmel.de\/tag\/alfa\/\" target=\"_blank\"> http:\/\/bernd-koelmel.de\/tag\/alfa\/<\/a><\/p>\n<p><strong>Hier einige Daten zu Bernd K\u00f6lmel aus Wikipedia:<\/strong><\/p>\n<p>&#8222;K\u00f6lmel war Mitglied der CDU<br \/>\n&lt;https:\/\/de.wikipedia.org\/wiki\/Christlich_Demokratische_Union_Deutschlands&gt;.<br \/>\nEr trat der Partei 1982 bei und engagierte sich zun\u00e4chst in der Jungen<br \/>\nUnion &lt;https:\/\/de.wikipedia.org\/wiki\/Junge_Union&gt;. Sp\u00e4ter wurde er<br \/>\nCDU-Ortsvorsitzender in \u00d6tigheim<br \/>\n&lt;https:\/\/de.wikipedia.org\/wiki\/%C3%96tigheim&gt;. Bei der Kommunalwahl<br \/>\n&lt;https:\/\/de.wikipedia.org\/wiki\/Kommunalwahl&gt; in 2004 wurde er in den<br \/>\nGemeinderat<br \/>\n&lt;https:\/\/de.wikipedia.org\/wiki\/Gemeinderat_%28Deutschland%29&gt; gew\u00e4hlt.<br \/>\nIm Sommer 2012 trat er wegen politischer Differenzen, insbesondere<br \/>\ninfolge der Eurokrise &lt;https:\/\/de.wikipedia.org\/wiki\/Eurokrise&gt;, aus der<br \/>\nPartei aus. Er trat im Fr\u00fchling 2013 in die Alternative f\u00fcr Deutschland<br \/>\n&lt;https:\/\/de.wikipedia.org\/wiki\/Alternative_f%C3%BCr_Deutschland&gt; (AfD)<br \/>\nein, baute den Landesverband<br \/>\n&lt;https:\/\/de.wikipedia.org\/wiki\/Landesverband&gt; Baden-W\u00fcrttemberg<br \/>\n&lt;https:\/\/de.wikipedia.org\/wiki\/Baden-W%C3%BCrttemberg&gt; mit auf und wurde<br \/>\nzum ersten Landessprecher gew\u00e4hlt.^[1]<br \/>\n&lt;https:\/\/de.wikipedia.org\/wiki\/Bernd_K%C3%B6lmel#cite_note-SZ-1&gt; Er war<br \/>\nDirektkandidat &lt;https:\/\/de.wikipedia.org\/wiki\/Direktkandidat&gt; im<br \/>\nBundestagswahlkreis Rastatt<br \/>\n&lt;https:\/\/de.wikipedia.org\/wiki\/Bundestagswahlkreis_Rastatt&gt; und<br \/>\nSpitzenkandidat auf der Landesliste der AfD bei den Bundestagswahlen<br \/>\n2013 &lt;https:\/\/de.wikipedia.org\/wiki\/Bundestagswahlen_2013&gt;.^[3]<br \/>\n&lt;https:\/\/de.wikipedia.org\/wiki\/Bernd_K%C3%B6lmel#cite_note-3&gt; Auf dem<br \/>\nLandesparteitag in Pforzheim &lt;https:\/\/de.wikipedia.org\/wiki\/Pforzheim&gt;<br \/>\nwurde er im November 2013 als Landessprecher best\u00e4tigt.^[4]<br \/>\n&lt;https:\/\/de.wikipedia.org\/wiki\/Bernd_K%C3%B6lmel#cite_note-4&gt; Im Januar<br \/>\n2014 w\u00e4hlte ihn der Bundesparteitag<br \/>\n&lt;https:\/\/de.wikipedia.org\/wiki\/Bundesparteitag&gt; in Aschaffenburg<br \/>\n&lt;https:\/\/de.wikipedia.org\/wiki\/Aschaffenburg&gt; auf den dritten<br \/>\nListenplatz f\u00fcr die Europawahl<br \/>\n&lt;https:\/\/de.wikipedia.org\/wiki\/Europawahl_in_Deutschland_2014&gt; 2014.^[5]<br \/>\n&lt;https:\/\/de.wikipedia.org\/wiki\/Bernd_K%C3%B6lmel#cite_note-5&gt;<\/p>\n<p>Von 2013 bis 2015 war er einer von zwei Landessprechern der AfD<br \/>\n&lt;https:\/\/de.wikipedia.org\/wiki\/Alternative_f%C3%BCr_Deutschland&gt; in<br \/>\nBaden-W\u00fcrttemberg<br \/>\n&lt;https:\/\/de.wikipedia.org\/wiki\/Baden-W%C3%BCrttemberg&gt;. Nach seinem<br \/>\nAustritt 2015 war er Gr\u00fcndungsmitglied der Partei ALFA<br \/>\n&lt;https:\/\/de.wikipedia.org\/wiki\/Allianz_f%C3%BCr_Fortschritt_und_Aufbruch&gt; und<br \/>\nwurde deren stellvertretender Bundesvorsitzender. Am 23. August 2015<br \/>\nwurde er zudem zum Vorsitzenden des Landesverbandes von<br \/>\nBaden-W\u00fcrttemberg gew\u00e4hlt.&#8220;<\/p>\n<p>Es wird h\u00f6chste Zeit, dass in Hall die antirassistische Gemeinde sich<br \/>\nzusammentut und politisch sichtbar wird!<\/p>\n<p>Gru\u00df<\/p>\n<p>Paul<\/p>\n<p>Wer sich einen Eindruck von ihm verschaffen will, m\u00f6ge sich folgenden<br \/>\nLink anschauen http:\/\/bernd-koelmel.de\/tag\/alfa\/<\/p>\n<p>Hier in aller K\u00fcrze ein paar Daten aus Wikipedia zu K\u00f6lmel:<\/p>\n<p>&#8222;K\u00f6lmel war Mitglied der CDU<br \/>\n&lt;https:\/\/de.wikipedia.org\/wiki\/Christlich_Demokratische_Union_Deutschlands&gt;.<br \/>\nEr trat der Partei 1982 bei und engagierte sich zun\u00e4chst in der Jungen<br \/>\nUnion &lt;https:\/\/de.wikipedia.org\/wiki\/Junge_Union&gt;. Sp\u00e4ter wurde er<br \/>\nCDU-Ortsvorsitzender in \u00d6tigheim<br \/>\n&lt;https:\/\/de.wikipedia.org\/wiki\/%C3%96tigheim&gt;. Bei der Kommunalwahl<br \/>\n&lt;https:\/\/de.wikipedia.org\/wiki\/Kommunalwahl&gt; in 2004 wurde er in den<br \/>\nGemeinderat<br \/>\n&lt;https:\/\/de.wikipedia.org\/wiki\/Gemeinderat_%28Deutschland%29&gt; gew\u00e4hlt.<br \/>\nIm Sommer 2012 trat er wegen politischer Differenzen, insbesondere<br \/>\ninfolge der Eurokrise &lt;https:\/\/de.wikipedia.org\/wiki\/Eurokrise&gt;, aus der<br \/>\nPartei aus. Er trat im Fr\u00fchling 2013 in die Alternative f\u00fcr Deutschland<br \/>\n&lt;https:\/\/de.wikipedia.org\/wiki\/Alternative_f%C3%BCr_Deutschland&gt; (AfD)<br \/>\nein, baute den Landesverband<br \/>\n&lt;https:\/\/de.wikipedia.org\/wiki\/Landesverband&gt; Baden-W\u00fcrttemberg<br \/>\n&lt;https:\/\/de.wikipedia.org\/wiki\/Baden-W%C3%BCrttemberg&gt; mit auf und wurde<br \/>\nzum ersten Landessprecher gew\u00e4hlt.^[1]<br \/>\n&lt;https:\/\/de.wikipedia.org\/wiki\/Bernd_K%C3%B6lmel#cite_note-SZ-1&gt; Er war<br \/>\nDirektkandidat &lt;https:\/\/de.wikipedia.org\/wiki\/Direktkandidat&gt; im<br \/>\nBundestagswahlkreis Rastatt<br \/>\n&lt;https:\/\/de.wikipedia.org\/wiki\/Bundestagswahlkreis_Rastatt&gt; und<br \/>\nSpitzenkandidat auf der Landesliste der AfD bei den Bundestagswahlen<br \/>\n2013 &lt;https:\/\/de.wikipedia.org\/wiki\/Bundestagswahlen_2013&gt;.^[3]<br \/>\n&lt;https:\/\/de.wikipedia.org\/wiki\/Bernd_K%C3%B6lmel#cite_note-3&gt; Auf dem<br \/>\nLandesparteitag in Pforzheim &lt;https:\/\/de.wikipedia.org\/wiki\/Pforzheim&gt;<br \/>\nwurde er im November 2013 als Landessprecher best\u00e4tigt.^[4]<br \/>\n&lt;https:\/\/de.wikipedia.org\/wiki\/Bernd_K%C3%B6lmel#cite_note-4&gt; Im Januar<br \/>\n2014 w\u00e4hlte ihn der Bundesparteitag<br \/>\n&lt;https:\/\/de.wikipedia.org\/wiki\/Bundesparteitag&gt; in Aschaffenburg<br \/>\n&lt;https:\/\/de.wikipedia.org\/wiki\/Aschaffenburg&gt; auf den dritten<br \/>\nListenplatz f\u00fcr die Europawahl<br \/>\n&lt;https:\/\/de.wikipedia.org\/wiki\/Europawahl_in_Deutschland_2014&gt; 2014.^[5]<br \/>\n&lt;https:\/\/de.wikipedia.org\/wiki\/Bernd_K%C3%B6lmel#cite_note-5&gt;<\/p>\n<p>Von 2013 bis 2015 war er einer von zwei Landessprechern der AfD<br \/>\n&lt;https:\/\/de.wikipedia.org\/wiki\/Alternative_f%C3%BCr_Deutschland&gt; in<br \/>\nBaden-W\u00fcrttemberg<br \/>\n&lt;https:\/\/de.wikipedia.org\/wiki\/Baden-W%C3%BCrttemberg&gt;. Nach seinem<br \/>\nAustritt 2015 war er Gr\u00fcndungsmitglied der Partei ALFA<br \/>\n&lt;https:\/\/de.wikipedia.org\/wiki\/Allianz_f%C3%BCr_Fortschritt_und_Aufbruch&gt; und<br \/>\nwurde deren stellvertretender Bundesvorsitzender. Am 23. August 2015<br \/>\nwurde er zudem zum Vorsitzenden des Landesverbandes von<br \/>\nBaden-W\u00fcrttemberg gew\u00e4hlt.&#8220;<\/p>\n<p>Es wird h\u00f6chste Zeit, dass in Hall die antirassistische Gemeinde sich<br \/>\nzusammentut und politisch sichtbar wird!<\/p>\n<p>Gru\u00df<\/p>\n<p>Paul<\/p>\n<div class=\"pdf24Plugin-cp\"> \t<form name=\"pdf24Form0\" method=\"post\" action=\"https:\/\/doc2pdf.pdf24.org\/wordpress.php\" target=\"pdf24PopWin\" onsubmit=\"var pdf24Win = window.open('about:blank', 'pdf24PopWin', 'resizable=yes,scrollbars=yes,width=600,height=250,left='+(screen.width\/2-300)+',top='+(screen.height\/3-125)+''); pdf24Win.focus(); if(typeof pdf24OnCreatePDF === 'function'){void(pdf24OnCreatePDF(this,pdf24Win));}\"> \t\t<input type=\"hidden\" name=\"blogCharset\" value=\"Cw1x07UAAA==\" \/><input type=\"hidden\" name=\"blogPosts\" value=\"MwQA\" \/><input type=\"hidden\" name=\"blogUrl\" value=\"yygpKSi20tcvLy\/Xy8jPSM3LARK6pXnpqWmZOSWpRSV6KakA\" \/><input type=\"hidden\" name=\"blogName\" value=\"88jPSM3LARK6pXnpqWmZOSWpRSUA\" \/><input type=\"hidden\" name=\"blogValueEncoding\" value=\"gzdeflate base64\" \/><input type=\"hidden\" name=\"postId_0\" value=\"MzIwMDcAAA==\" \/><input type=\"hidden\" name=\"postTitle_0\" value=\"HYw9CgIxFAav8oGwnSCphK1cEATLBfuYPDfB\/MhLoth5B6\/gGazschNPYtZuGJjpFmshRL8tHJclaGzS3Z3ZJsL38cSsLxI2ZQSrTIYnwzjVDyORDYSh4UQMLbt5tOr\/2SFyZjnhGgMG4rbd17fz5GA9RmVu9XW0SRnspHOtHos2sqQf\" \/><input type=\"hidden\" name=\"postLink_0\" value=\"yygpKSi20tcvLy\/Xy8jPSM3LARK6pXnpqWmZOSWpRSV6Kan69gW2RgYG5gYA\" \/><input type=\"hidden\" name=\"postAuthor_0\" value=\"S0zJzcwDAA==\" \/><input type=\"hidden\" name=\"postDateTime_0\" value=\"MzIwNNU1NNA1slAwNLQyNLAyNAEA\" \/><input type=\"hidden\" name=\"postContent_0\" value=\"7VjNThtJEL7vU9QSESWSf8CEKAQHycT5Z5MobIKUaGO1mfJMyzM9Vv9grU\/7DivtNRx4hpw44TfZJ9mq7pnBBjYYiT2s5AP2eGbq\/\/uqq2iPdtrG6lzFO7uoVQRvpt\/TDNPa2fGeUBGawwQHcJQr6Ow978C9Tj\/FGDVE9BcE9tzhEOvvhbYoQSrYFRGq+sH0VFuLWR91fB8cvWcspukRaqvRovLyjg0c5dpIO\/G3amBGWh4mFkR2dtzNlUJtrIhr0NpqwLuhzUkftNbWN2vgMljfgo+JPjuWGey7KBHOgFDetTdOGZuINEXwniTsGT+goGKEfavF9BvCxmZznZ\/sHybj6UlfUrTwkqQaZJxefiaV1dJakMbCQKOk++1mka52c7TzU5vSh9nOKzXIdSaszBUqmLgYDSXP+ryhVJjByzxBldJH3ZEDA5laykR9Dw2ZYb8vetBuktrKRGGyo6zUwhhyh8xk01Nj+BsTDdapS54VpTTwa4KZuCpOSIWzaOHunUetVmv7mdN5nWvVMb+nQy0Nwt9\/\/Al8eyR8EpQvjrc4oLyC4ehgly49KETDa1rbhn3\/4ANGCGOpI4hxLI2BITJCUFL+Y8qTLi0fyDQd5lmGygxdap0u9bABynrpoAnakun3w4SSAJ9JVY3skmpDrl0ZYySRYFFljh8gvMCMNJN3Z8cTZwRbts56oI7yVPq3vErbF9obLTyqAZWakGS5sKQmVgy3MtMszzBjshScaFys4gE9985yihSDLNLEIQ+WOQ4CsYXcEIMBvTamDNVgKJQqIs3glSIQKSrfIE9j5g9n3eLZsVAs5lA9voxWAYnGwZOVxNrR42azzwbrwxzZYCPCJrGtKdKBaK6AFVRV+2Sl10+FGq7swLUy7aa4BNqXkuKlUCXxrius58eFOJkAB3IoRxhJcdnnovjl22MqyC\/SxqnEkOyn3Y\/tvobmzk93U7vNThryMsLGuNTZyHXc5F\/NpwnB2qaUwV4Xs3yoRQBE76Mi8tI9Z+knxRuZu7HdbhSKnxHD6FVvrmh161uPWtCnC645qljEFChB0ldn4tT0hCFa9p3XTHtVaPO24HpnvVDwzDsD+6PpCdUcxo4gCKgLfZSA+jtt51opG57+ZWWcoMwWTs\/q043VrYeFVLBJbA0tlejplEjHIkkX1jcrxOrYq9ba2oMqgpCfMjElKynVC5uYkemtth7NVHC1teVtUu+ZniSpLYv5io4L7jX+JGmFwnJS6WBT5+ynO11J1NOoKKM1ctT00eRsCQtFUnnm+fRwkwwt83qXq3fZvZqHf1QVs4AX3WxACTsi+3M9PU1SqWJ2esOnjfpah88RRRg+wtCQZ8JfOIMzSnoDRsDuUz3LBJ\/Ee51B936hkvJdgz4fHVw7CIMCNav+TazOSXkTlyeHhZUVooXzpbjXmkmaJtzA09SjrlA6oQGCp4sqABo90Je9wsvXL+u\/Le4Ct7TeG+\/CQ25Udw6pGfdUbrG+\/7m+7p2hglL7KnR2pcahpZYeyYiKfL2JeYHAp5LbYZiiTmyYa0MaVgx8EHTDLk6lK3T0Ch3emKvKuz\/yfabynRNcjFekIeUBJZyDg67vkQyTee0V5z2cb+obqh7L+Q719cvG7VTJq4OOD6VMawho5DlJxpl372kAmHB\/XMDr6l1WXag8b30ZvM2PPFQDqQVNEBewSC3HUs+XMaPxwe3E+cDHSV3wtVCuQiN5QG3ZAx9BJuHYClmvwr8hkiq5svV3ynGm725A7jkpryrAjVzk6bxC0p6fi0epsJPQDLlDhuH1RofWuUhPzo0EjLmQPL6ggmzeTkE2PTqKaedTrgIaaIT1q44feMIMRZ88JU7GRKl5oKiSbrfb9WWZ2\/+kNzfgreAx269Ihb6OM2Hnmg39BR1+KqJpyGSzg19xVPKwfYOwUynU5Dzk57nmkNlmj1DbI\/73aR5PLnS8wFo+\/NVCq2wDOhm0NujLxRSSD+diA5g4ajTAB9Gnc0mupJk\/U+k3lf1fK3F+YBU7SgmlH61LxMYFtiMeZqvzcqE16efS+Avtpt\/KH++FS8vrH+0\/Msmu2Hqy6fe4GKzLVeec82oI1b6zyIYSnPBbCeWA\/0XA+9upnqDf6EaCAgl7ytxawltLsYE8Xi4my8VkuZgsF5PlYrJcTJaLyXIxWS4my8VkuZj8vxeTfwA=\" \/> \t\t<a href=\"https:\/\/www.pdf24.org\" target=\"_blank\" title=\"www.pdf24.org\" rel=\"nofollow\"><img src=\"https:\/\/www.hohenlohe-ungefiltert.de\/wp-content\/plugins\/pdf24-post-to-pdf\/img\/pdf_32x32.png\" alt=\"\" border=\"0\" height=\"32\" \/><\/a> \t\t<span class=\"pdf24Plugin-cp-space\">&nbsp;&nbsp;<\/span> \t\t<span class=\"pdf24Plugin-cp-text\">Sende Artikel als PDF<\/span> \t\t<span class=\"pdf24Plugin-cp-space\">&nbsp;&nbsp;<\/span> \t\t<input class=\"pdf24Plugin-cp-input\" style=\"margin: 0px;\" type=\"text\" name=\"sendEmailTo\" placeholder=\"Emailadresse\" \/> \t\t<input class=\"pdf24Plugin-cp-submit\" style=\"margin: 0px;\" type=\"submit\" value=\"Senden\" \/> \t<\/form> <\/div>","protected":false},"excerpt":{"rendered":"<p>Bernd K\u00f6lmel,\u00a0Landeschef von ALFA (Ableger der Bernd Lucke-Partei in Baden-W\u00fcrttemberg) und stellvertretender Bundesvorsitzender, spricht am\u00a0Donnerstag, 29. Oktober 2015, um 19 Uhr\u00a0im Sudhaus an der Kunsthalle W\u00fcrth in der Lange Stra\u00dfe 35\/1 in Schw\u00e4bisch Hall.\u00a0Der Eintritt ist frei.\u00a0 Informationen zugesandt von einem Hohenlohe-ungefiltert-Leser aus Schw\u00e4bisch Hall Antirassisten m\u00fcssen mehr tun K\u00f6lmels Thema in Schw\u00e4bisch Hall lautet [&hellip;]<\/p>\n","protected":false},"author":1,"featured_media":0,"comment_status":"open","ping_status":"open","sticky":false,"template":"","format":"standard","meta":[],"categories":[1,10,2,8,5,3,7],"tags":[],"_links":{"self":[{"href":"https:\/\/www.hohenlohe-ungefiltert.de\/index.php?rest_route=\/wp\/v2\/posts\/20070"}],"collection":[{"href":"https:\/\/www.hohenlohe-ungefiltert.de\/index.php?rest_route=\/wp\/v2\/posts"}],"about":[{"href":"https:\/\/www.hohenlohe-ungefiltert.de\/index.php?rest_route=\/wp\/v2\/types\/post"}],"author":[{"embeddable":true,"href":"https:\/\/www.hohenlohe-ungefiltert.de\/index.php?rest_route=\/wp\/v2\/users\/1"}],"replies":[{"embeddable":true,"href":"https:\/\/www.hohenlohe-ungefiltert.de\/index.php?rest_route=%2Fwp%2Fv2%2Fcomments&post=20070"}],"version-history":[{"count":5,"href":"https:\/\/www.hohenlohe-ungefiltert.de\/index.php?rest_route=\/wp\/v2\/posts\/20070\/revisions"}],"predecessor-version":[{"id":20076,"href":"https:\/\/www.hohenlohe-ungefiltert.de\/index.php?rest_route=\/wp\/v2\/posts\/20070\/revisions\/20076"}],"wp:attachment":[{"href":"https:\/\/www.hohenlohe-ungefiltert.de\/index.php?rest_route=%2Fwp%2Fv2%2Fmedia&parent=20070"}],"wp:term":[{"taxonomy":"category","embeddable":true,"href":"https:\/\/www.hohenlohe-ungefiltert.de\/index.php?rest_route=%2Fwp%2Fv2%2Fcategories&post=20070"},{"taxonomy":"post_tag","embeddable":true,"href":"https:\/\/www.hohenlohe-ungefiltert.de\/index.php?rest_route=%2Fwp%2Fv2%2Ftags&post=20070"}],"curies":[{"name":"wp","href":"https:\/\/api.w.org\/{rel}","templated":true}]}}