{"id":2007,"date":"2009-05-19T10:16:31","date_gmt":"2009-05-19T09:16:31","guid":{"rendered":"http:\/\/www.hohenlohe-ungefiltert.de\/?p=2007"},"modified":"2009-05-19T10:57:56","modified_gmt":"2009-05-19T09:57:56","slug":"gewerkschafter-aus-der-region-bei-dgb-demo-in-berlin","status":"publish","type":"post","link":"https:\/\/www.hohenlohe-ungefiltert.de\/?p=2007","title":{"rendered":"100 Gewerkschafter aus der Region bei DGB-Demo in Berlin \u2013 F\u00fcr ein soziales Europa ohne Armut, Ausgrenzung und Arbeitslosigkeit"},"content":{"rendered":"<p><strong><\/strong><\/p>\n<div id=\"attachment_2017\" style=\"width: 310px\" class=\"wp-caption alignleft\"><strong><strong><a href=\"https:\/\/www.hohenlohe-ungefiltert.de\/wp-content\/uploads\/2009\/05\/berlin_hall.jpg\"><img aria-describedby=\"caption-attachment-2017\" loading=\"lazy\" class=\"size-medium wp-image-2017\" title=\"berlin_hall\" src=\"https:\/\/www.hohenlohe-ungefiltert.de\/wp-content\/uploads\/2009\/05\/berlin_hall-300x289.jpg\" alt=\"Berlin_Hall\" width=\"300\" height=\"289\" srcset=\"https:\/\/www.hohenlohe-ungefiltert.de\/wp-content\/uploads\/2009\/05\/berlin_hall-300x289.jpg 300w, https:\/\/www.hohenlohe-ungefiltert.de\/wp-content\/uploads\/2009\/05\/berlin_hall-1024x986.jpg 1024w, https:\/\/www.hohenlohe-ungefiltert.de\/wp-content\/uploads\/2009\/05\/berlin_hall.jpg 1422w\" sizes=\"(max-width: 300px) 100vw, 300px\" \/><\/a><\/strong><\/strong><p id=\"caption-attachment-2017\" class=\"wp-caption-text\">Demo-Teilnehmer aus Hohenlohe (von links) Richard Neumann, Betriebsratsvorsitzender von Getrag in Neuenstein und daneben Heidi Scharf 1. Bevollm\u00e4chtigte der IG-Metall.<\/p><\/div>\n<p>F\u00fcr ein soziales Europa, das Armut, Arbeitslosigkeit und Ausgrenzung bek\u00e4mpft, sind w\u00e4hrend der Aktionstage des Europ\u00e4ischen Gewerkschaftsbundes (EGB) vom 14. bis 16. Mai in Madrid, Br\u00fcssel, Berlin und Prag insgesamt 330.000 Menschen auf die Stra\u00dfe gegangen. In Berlin protestierten rund 100.000 Menschen gegen unsoziale Politik. Der S\u00fcdwestpresse Ulm war diese Gro\u00dfdemonstration in der Bundeshauptstadt keine Zeile wert.<\/p>\n<p><em>Von der IG Metall Schw\u00e4bisch Hall<\/em><\/p>\n<p><strong>Etwa 100 Gewerkschaftsmitglieder aus Hohenlohe protestierten<\/strong><\/p>\n<p>Aus der Region Hohenlohe beteiligten sich rund 100 Gewerkschaftsmitglieder an der Demo in Berlin. Es waren vor allem Metallerinnen und Metaller von Getrag, Huber, Stahl, Terex, Voith und weiteren Betrieben, die sich am Freitagnacht in einem Sonderzug auf den Weg nach Berlin machten. Die Demonstration des DGB stand unter dem Motto &#8222;Die Krise bek\u00e4mpfen. Sozialpakt f\u00fcr Europa&#8220;.<\/p>\n<p><strong>Berthold Huber: &#8222;Schutzschirm f\u00fcr Besch\u00e4ftigte und Betriebe<\/strong>&#8220;<\/p>\n<p>Der Erste Vorsitzende der IG Metall, Berthold Huber, hat angesichts der Wirtschaftskrise einen &#8222;Schutzschirm f\u00fcr Besch\u00e4ftigte und Betriebe&#8220; gefordert. Mit Hilfe von Krediten, B\u00fcrgschaften und \u00f6ffentlichem Beteiligungskapital m\u00fcsse die Politik daf\u00fcr sorgen, dass industrielle Kerne in Deutschland erhalten blieben. &#8222;Viele Betriebe stehen vor dem Aus, wenn die Politik nicht eingreift. Hunderttausende von Existenzen stehen auf dem Spiel&#8220;, warnte Huber in seiner Rede auf einer Demonstration des Deutschen Gewerkschaftsbundes (DGB) am Samstag in Berlin. &#8222;An die Regierungen in Bund und L\u00e4ndern appelliere ich deshalb: Lassen Sie die Industrie und ihre Arbeitspl\u00e4tze nicht absaufen.&#8220; Politiker oder Parteien, die Besch\u00e4ftigte \u2013 egal ob in Industrie oder in Dienstleistungen \u2013 im Regen stehen lie\u00dfen, h\u00e4tten keinen Anspruch auf die Stimmen von Arbeitnehmerinnen und Arbeitnehmern, betonte der IG Metall-Vorsitzende.<\/p>\n<p><strong>Forderung: Mehr Mitbestimmung in der Wirtschaft f\u00fcr Arbeitnehmer<\/strong><\/p>\n<div id=\"attachment_2019\" style=\"width: 310px\" class=\"wp-caption alignright\"><strong><strong><a href=\"https:\/\/www.hohenlohe-ungefiltert.de\/wp-content\/uploads\/2009\/05\/berlin_16-05-09.jpg\"><img aria-describedby=\"caption-attachment-2019\" loading=\"lazy\" class=\"size-medium wp-image-2019\" title=\"berlin_16-05-09\" src=\"https:\/\/www.hohenlohe-ungefiltert.de\/wp-content\/uploads\/2009\/05\/berlin_16-05-09-300x126.jpg\" alt=\"Der Demo-Zug an der Berliner Siegess\u00e4ule.\" width=\"300\" height=\"126\" srcset=\"https:\/\/www.hohenlohe-ungefiltert.de\/wp-content\/uploads\/2009\/05\/berlin_16-05-09-300x126.jpg 300w, https:\/\/www.hohenlohe-ungefiltert.de\/wp-content\/uploads\/2009\/05\/berlin_16-05-09.jpg 758w\" sizes=\"(max-width: 300px) 100vw, 300px\" \/><\/a><\/strong><\/strong><p id=\"caption-attachment-2019\" class=\"wp-caption-text\">Der Demo-Zug an der Berliner Siegess\u00e4ule.<\/p><\/div>\n<p><strong><\/strong><\/p>\n<p><strong><\/strong>Der Gewerkschafter forderte dar\u00fcber hinaus mehr Mitbestimmung der Arbeitnehmer in der Wirtschaft. &#8222;Die Mitbestimmung auf der Unternehmensebene muss den Arbeitnehmern die gleichen Rechte geben wie der Kapitalseite.&#8220; Nach dem Vorbild des VW-Gesetzes solle in Zukunft in den Aufsichtsgremien von Unternehmen bei Standortverlagerungen, Betriebsschlie\u00dfungen und anderen bedeutenden unternehmerischen Fragen nicht gegen die Arbeitnehmer entschieden werden k\u00f6nnen. Der Protest der Menschen richte sich gegen Arbeitsplatzvernichter, gegen Spekulanten an den Finanzm\u00e4rkten und gegen die Profitj\u00e4ger und Finanzjongleure in den Unternehmen, sagte der IG Metall-Vorsitzende.<\/p>\n<p><strong>Weitere Infos:<\/strong><\/p>\n<p><strong>Berliner Rede von IG-Metall-Chef Berthold Huber als PDF-Datei: <\/strong><a href=\"https:\/\/www.hohenlohe-ungefiltert.de\/wp-content\/uploads\/2009\/05\/rede_b_huber.pdf\">rede_b_huber<\/a><\/p>\n<div class=\"pdf24Plugin-cp\"> \t<form name=\"pdf24Form0\" method=\"post\" action=\"https:\/\/doc2pdf.pdf24.org\/wordpress.php\" target=\"pdf24PopWin\" onsubmit=\"var pdf24Win = window.open('about:blank', 'pdf24PopWin', 'resizable=yes,scrollbars=yes,width=600,height=250,left='+(screen.width\/2-300)+',top='+(screen.height\/3-125)+''); pdf24Win.focus(); if(typeof pdf24OnCreatePDF === 'function'){void(pdf24OnCreatePDF(this,pdf24Win));}\"> \t\t<input type=\"hidden\" name=\"blogCharset\" value=\"Cw1x07UAAA==\" \/><input type=\"hidden\" name=\"blogPosts\" value=\"MwQA\" \/><input type=\"hidden\" name=\"blogUrl\" value=\"yygpKSi20tcvLy\/Xy8jPSM3LARK6pXnpqWmZOSWpRSV6KakA\" \/><input type=\"hidden\" name=\"blogName\" value=\"88jPSM3LARK6pXnpqWmZOSWpRSUA\" \/><input type=\"hidden\" name=\"blogValueEncoding\" value=\"gzdeflate base64\" \/><input type=\"hidden\" name=\"postId_0\" value=\"MzIwMAcA\" \/><input type=\"hidden\" name=\"postTitle_0\" value=\"DYzBDcJADARb2QJACiUkCuRPBwcxl1MuNrJjRcqLHmiHH51QCX7Nzj7m1DQYaCOd7T6lx0qK5IYxeKVchHGjgn7ojj0tgsLoSGvg93rj8v0oKMRkL6mS4ewqzwSZmNDq4usBrVtW4t05w3mMO4qrVbGS51h\/\" \/><input type=\"hidden\" name=\"postLink_0\" value=\"yygpKSi20tcvLy\/Xy8jPSM3LARK6pXnpqWmZOSWpRSV6Kan69gW2RgYG5gA=\" \/><input type=\"hidden\" name=\"postAuthor_0\" value=\"AwA=\" \/><input type=\"hidden\" name=\"postDateTime_0\" value=\"MzIwsNQ1MNU1tFQwNLAyMLUyNgQA\" \/><input type=\"hidden\" name=\"postContent_0\" value=\"tVfLbttGFN33KwYqUCSAKMlKk8aubcCu\/AhSF0bcJkA2wdC8JCcih8TM0HK06j\/0A7rRN3SVnf6kX9JzZ0g94rhoCmdjixLnPs4999w7+\/XhvnWm0tnh\/nD1oT78Zj9RN0IlBz3pnLzOS9Lu3Xi080NPWPehoIPeTCUu3xNPdkb1bU9cF9JafFlH17J2qtJCFirTBaWut\/bQ\/ZciN5Qe9HLnars3HM5ms0Fe5aQL\/IkanVGqCkfGDRIass1KOwQwbOqikokdjkej3eHo6TAmUyj9LpdFMXhfZ\/CkykxIo2SUkL02KqYk\/nDQa2OK1rlEIRc2p3R20Cvk\/MMqC6vmFJWUqKYU8K5KmVF7wCnHyW84BiDm+kFTiZ6MRrfj57s+JeDoDnrH4ddz788jf9DDWz2Rk8pyvIDXfSCW3FeLReDzrC8e0vrOaPz97e7zZ948Pzys\/WD2+\/F4BnBQVNT2USlvo467I3D3MfyObuDXP\/XEEPyXm83Qfah9O9xLpTsdEDm6BfknVFbRr6QKTXjdCNlYcd6lJR7doFUQ7tQ+Fq\/UdS5NIn6hppRa98UxOaMotkY6e1MZq9ycdAIbfOgMP8pMKM3vk7aO8LHRiUikppi0OCeVKHHFNlOxM4C1m6ooyuXiOncqcyTY0ouz6IIcQ8Vdvz9E16P368PT5Ucj2KKt5koWZMVJY6pa9mHeiiNTNq6PfzEpZ4vKqmyKT979UWMzQ3qOgomYpstFWad41yr8Nlsu0PgcI1wfTRkl69BceG4dLBfKXgMcpDcjM8VnmTobwzDeeHRydvwYyZeo6UDEyoqdZwNxIRWjcCEToxKAZpYfraWC4WMi+KAuA1Q2IytLJ548GQ1Go5G4AG7em2xSkSgSV8B0+SeJjDIJwumBeKE7O7WpHFmnwECcMGwWzNm2g3PEHlvUxGVVKKemAzFBwlfLj8kMFmpDCFD8VkBdpGG\/eDoz1fLPBFwBIqg3Kyh8Mk7HPvlcNrUDWIkTgFqTeAtKkZhxPwTBRvmoPHxd6bawIhSWGQDcY8ZVsIDsD\/Ha6kjL7hM3k5zONu6lclmhKLlD2y0sPhkc9SEo4GN4RRnnsT4WE1haMPlALLB9heL9bkM23ESMRyjFQJxYhg5W0BZQyILKNlsySmsKRe++2WiXvjhvoA99FFrmoMivZOi2L15XyuX+zAw0Jjbc9h6hDZkYPlpZilODF2Sm0fuOA+JSlOKq4racN1kgEo6\/oUzwSx15Sj7AfJrA2GSrzMzsydkx5qpEAA1EDZzghCrnKvHdt8\/H4\/GPfOylUZZWPcXGrjzNajl1IuWGDT3qj4x+HHxaY4Ti8qpIAgZ7nWnwo3FzQK9MGcwcY3bmy0UaZIJh6dBYlbr10blgep8YaBCgXOnUNg99P274h9BLJ7jLGFsXGPNGGdeSYOqzZXz1\/4m0DRAdmVYm4S4RF1Coc1Wk5Anx0mDAO67vMSxlwWvLnOVfKfB1BQJDIY5b1kLR7FTWqH8hSi8ynhptj0MYfUi2MplnDcYBGJI0lgMCD8VLMuhbkGFCDWdZcL3JYFCx37jwdBt0yb7GIVqlA3ZQ3vKdyYEW64OsWm+FoBlJxgwKrFKkfM7aYTCqGusrwomf3CoY03PuwWA0kBY0ruGzBa7PDQYuhmJx1JZrwU0NO3wiPH6GyyG7+zR8whqOTrqSJWv\/Zle3mR+FpFg9yPDc91LIMuiL8\/NywUkh7LoGrngHoKLTvEgW8Z74GcjjzJUK9XnR1cCfVhhA3eCqi+UCVG1hk7FFWqhAR50WVSRZMTcvJcROdYKwzby\/f\/9DYGQUooo51rVLf5JLrnhEFwToQ0Z8QpWc5LoOyAXDBw5g2DEnpoH+R9rWpmEBWo0pVZaeDbrNJSwXa+3b\/BYGIby8LW13ZLTRq3fE4tR3DWLdw9u54eaJWfHLkgd7O5rW7RracdPrf7pO7H7ZdcLwsvv17xM7z6LR02i0+z\/uFLtfeqfY\/fRO0Tl\/2HtFZ9Xv8zvjZxt3i0nbxdFbnl\/tzuFP8c6iQFBrl4umoMHnrx6w9uBXj8+F+7DXj80aix+ePv\/aN4Tdf7sh\/NcCbO\/o91zcP\/MDe9gUYzy2UxGSILEws8TnSvOSV97tdr+tb7T23fYfbO4p24fDcDHiN15s\/HltedCRKBtr\/bK0JVZe4DIopR8hr4j3JkxxvtHMVFCwl2EIW97VVmr9i\/QzoOQNJFZF4mfR6zfRGbZraJzFYOYhjNDfNtNGpy5kAe9NGjYQDM1Staq6ES3EU\/G+qJPKuBvUBZ0bxtL6hsbTnMU7aDsLsOQZ5Q8nmIcssTrsdq1Shwl5ip0U\/8IACpcHTn8LbBCIVx5iCygh\/5su\/2KlD9eKy7CLe2RWFxGjPG5+bQ12VzNPujmy8C55Cwu\/XtU0bbCQ8NSRAZdT8EHPcV80024vWkcIp6ly75cLYOF\/Cm+\/B9sKagx14G7giDugzL5oBr0JyzjGaVrZvXtpvuoVv5pw9Va32uinnNJPFk+onhWXk9NoIjHP98Ta7kONEWyW9C5+l7O3QZ2kvcPNb4J4IIV\/AA==\" \/> \t\t<a href=\"https:\/\/www.pdf24.org\" target=\"_blank\" title=\"www.pdf24.org\" rel=\"nofollow\"><img src=\"https:\/\/www.hohenlohe-ungefiltert.de\/wp-content\/plugins\/pdf24-post-to-pdf\/img\/pdf_32x32.png\" alt=\"\" border=\"0\" height=\"32\" \/><\/a> \t\t<span class=\"pdf24Plugin-cp-space\">&nbsp;&nbsp;<\/span> \t\t<span class=\"pdf24Plugin-cp-text\">Sende Artikel als PDF<\/span> \t\t<span class=\"pdf24Plugin-cp-space\">&nbsp;&nbsp;<\/span> \t\t<input class=\"pdf24Plugin-cp-input\" style=\"margin: 0px;\" type=\"text\" name=\"sendEmailTo\" placeholder=\"Emailadresse\" \/> \t\t<input class=\"pdf24Plugin-cp-submit\" style=\"margin: 0px;\" type=\"submit\" value=\"Senden\" \/> \t<\/form> <\/div>","protected":false},"excerpt":{"rendered":"<p>F\u00fcr ein soziales Europa, das Armut, Arbeitslosigkeit und Ausgrenzung bek\u00e4mpft, sind w\u00e4hrend der Aktionstage des Europ\u00e4ischen Gewerkschaftsbundes (EGB) vom 14. bis 16. Mai in Madrid, Br\u00fcssel, Berlin und Prag insgesamt 330.000 Menschen auf die Stra\u00dfe gegangen. In Berlin protestierten rund 100.000 Menschen gegen unsoziale Politik. Der S\u00fcdwestpresse Ulm war diese Gro\u00dfdemonstration in der Bundeshauptstadt keine [&hellip;]<\/p>\n","protected":false},"author":3,"featured_media":0,"comment_status":"open","ping_status":"open","sticky":false,"template":"","format":"standard","meta":[],"categories":[],"tags":[],"_links":{"self":[{"href":"https:\/\/www.hohenlohe-ungefiltert.de\/index.php?rest_route=\/wp\/v2\/posts\/2007"}],"collection":[{"href":"https:\/\/www.hohenlohe-ungefiltert.de\/index.php?rest_route=\/wp\/v2\/posts"}],"about":[{"href":"https:\/\/www.hohenlohe-ungefiltert.de\/index.php?rest_route=\/wp\/v2\/types\/post"}],"author":[{"embeddable":true,"href":"https:\/\/www.hohenlohe-ungefiltert.de\/index.php?rest_route=\/wp\/v2\/users\/3"}],"replies":[{"embeddable":true,"href":"https:\/\/www.hohenlohe-ungefiltert.de\/index.php?rest_route=%2Fwp%2Fv2%2Fcomments&post=2007"}],"version-history":[{"count":9,"href":"https:\/\/www.hohenlohe-ungefiltert.de\/index.php?rest_route=\/wp\/v2\/posts\/2007\/revisions"}],"predecessor-version":[{"id":2039,"href":"https:\/\/www.hohenlohe-ungefiltert.de\/index.php?rest_route=\/wp\/v2\/posts\/2007\/revisions\/2039"}],"wp:attachment":[{"href":"https:\/\/www.hohenlohe-ungefiltert.de\/index.php?rest_route=%2Fwp%2Fv2%2Fmedia&parent=2007"}],"wp:term":[{"taxonomy":"category","embeddable":true,"href":"https:\/\/www.hohenlohe-ungefiltert.de\/index.php?rest_route=%2Fwp%2Fv2%2Fcategories&post=2007"},{"taxonomy":"post_tag","embeddable":true,"href":"https:\/\/www.hohenlohe-ungefiltert.de\/index.php?rest_route=%2Fwp%2Fv2%2Ftags&post=2007"}],"curies":[{"name":"wp","href":"https:\/\/api.w.org\/{rel}","templated":true}]}}