{"id":20063,"date":"2015-10-27T11:41:16","date_gmt":"2015-10-27T10:41:16","guid":{"rendered":"http:\/\/www.hohenlohe-ungefiltert.de\/?p=20063"},"modified":"2015-10-27T11:49:42","modified_gmt":"2015-10-27T10:49:42","slug":"frauke-petry-in-heilbronn-kein-platz-fuer-rechtspopulistische-propaganda","status":"publish","type":"post","link":"https:\/\/www.hohenlohe-ungefiltert.de\/?p=20063","title":{"rendered":"&#8222;Frauke Petry in Heilbronn \u2013 Gegendemonstration: Kein Platz f\u00fcr rechtspopulistische Propaganda&#8220;"},"content":{"rendered":"<p><strong>Die Bundesvorsitzende der \u201eAlternative f\u00fcr Deutschland\u201c (AfD), Frauke Petry, kommt am Freitag, 30. Oktober 2015, auf Einladung des Heilbronner AfD-Kreisverbandes, nach Heilbronn. Sie spricht ab 19 Uhr im Schie\u00dfhaus. Das B\u00fcndnis Heilbronn stellt sich quer ruft zu einer Gegenkundgebung um 18 Uhr vor dem Schie\u00dfhaus (Frankfurter Stra\u00dfe 65, 74072 Heilbronn, N\u00e4he Bahnhof) auf.<\/strong><\/p>\n<p><em>Informationen zugesandt von Jochen D\u00fcrr, Schw\u00e4bisch Hall<\/em><\/p>\n<p><strong>Den Aufruf zur Gegendemonstration finden Sie hier:<\/strong><\/p>\n<p><a href=\"https:\/\/linksunten.indymedia.org\/de\/node\/156532\" target=\"_blank\">https:\/\/linksunten.indymedia.org\/de\/node\/156532<\/a><\/p>\n<p><strong>Menschenverachtende Aussagen<\/strong><\/p>\n<p>Leider werden im Rahmen des Zuzugs vieler Fl\u00fcchtlinge und Asylbewerber die Stimmen der Rechtspopulisten, der \u201ebesorgten B\u00fcrger\u201c und der Faschisten immer lauter und sch\u00e4rfer in ihren menschenverachtenden Aussagen gegen\u00fcber den Menschen, die hier Schutz suchen.\u00a0Es ist wichtig, sich hier klar und deutlich abzugrenzen und zu zeigen, dass die Mehrheit der Bev\u00f6lkerung die Aussagen von Petry nicht unterst\u00fctzt.<\/p>\n<p><strong>Der Aufruf von &#8222;Heilbronn stellt sich quer \u2013 Aktionsb\u00fcndnis gegen Rassismus und Faschismus&#8220;:<\/strong><\/p>\n<p><strong>Heilbronn:\u00a0Refugees welcome \u2013 Kein Platz f\u00fcr rechtspopulistische Propaganda<\/strong><\/p>\n<p><strong>Datum: Freitag, 30. Oktober 2015 \u2013\u00a018 Uhr<\/strong><\/p>\n<p>F\u00fcr den 30. Oktober 2015 (Freitag) plant der Heilbronner Kreisverband der rechtspopulistischen \u201eAlternative f\u00fcr Deutschland\u201c eine Veranstaltung mit Frauke Petry, Bundesvorsitzende der AfD und deren Landesvorsitzende in Sachsen. Ab 19 Uhr will die Rechtspopulistin bei einem Vortrag mit anschlie\u00dfender Diskussionsrunde im Heilbronner Schie\u00dfhaus ein weiteres Mal ihre reaktion\u00e4ren Inhalte in die \u00d6ffentlichkeit tragen.<\/p>\n<p><strong>Weit nach rechts ger\u00fcckt<\/strong><\/p>\n<p>Petry gilt als pr\u00e4sentables Gesicht und rechte Hardlinerin innerhalb der Partei. Sie war ma\u00dfgeblich f\u00fcr den Erfolg des rechtskonservativen Fl\u00fcgels im parteiinternen Machtkampf verantwortlich. Mit der Abspaltung des neoliberalen Fl\u00fcgels um den bisherigen Bundesvorsitzenden Bernd Lucke im Sommer dieses Jahres und der Neugr\u00fcndung der \u201eAllianz f\u00fcr Fortschritt und Aufbruch\u201c r\u00fcckte die AfD schlussendlich weit nach rechts und Petry wurde Bundesvorsitzende.<\/p>\n<p><strong>Populistische Posts<\/strong><\/p>\n<p>Auch innerhalb der Heilbronner AfD setzte sich der rechtskonservative, reaktion\u00e4re Fl\u00fcgel gegen die nationalliberale Anh\u00e4ngerInnenschaft Bernd Luckes durch. Alle beiden Heilbronner AfD-Gemeinder\u00e4tInnen verlie\u00dfen im Zuge dieses Machtkampfes die Partei und schlossen sich teilweise anderen Fraktionen an. \u00dcbrig blieb eine Gruppe rechtskonservativer Hardliner, die seitdem versucht, sich mit Infost\u00e4nden und Vortragsveranstaltungen eine Verankerung in der Stadt zu erarbeiten. Auch zu reaktion\u00e4ren Massenbewegungen auf der Stra\u00dfe wie der \u201eDemo f\u00fcr Alle\u201c in Stuttgart zeigte die AfD dabei keine Ber\u00fchrungs\u00e4ngste. Auf seiner facebook-Seite versucht der Heilbronner Kreisverband zudem durch populistische Posts die aktuelle Debatte um die Aufnahme von Gefl\u00fcchteten aufzuheizen.<\/p>\n<p><strong>Klar rassistisch<\/strong><\/p>\n<p>Auch die neue Bundesvorsitzende der Partei positioniert sich klar rassistisch. Frauke Petry steht hinter Statements wie \u201eMit Mut zu Deutschland das Asylchaos unter Kontrolle bringen\u201c. Auch an konkreten Vorschl\u00e4gen mangelt es der AfD nicht: So fordert sie, Asylantr\u00e4ge innerhalb von 48 Stunden zu entscheiden und eine Visumpflicht f\u00fcr die L\u00e4nder des Westbalkans wieder einzuf\u00fchren. Antr\u00e4ge von Gefl\u00fcchteten ohne Papiere sollen nach dem Willen der AfD grunds\u00e4tzlich abgewiesen werden. Dies gipfelt in der Forderung aus dem \u201eSofortprogramm\u201c der AfD, \u201edas Recht in Deutschland Asyl zu beantragen (&#8230;) aufzuheben\u201c.<\/p>\n<p><strong>N\u00e4he zu Pegida<\/strong><\/p>\n<p>Immer wieder sucht Petry mit solchen Parolen die N\u00e4he zu rassistischen Massenbewegungen auf der Stra\u00dfe. So erkl\u00e4rte sie \u00f6ffentlich die Pegida-Bewegung halte sie nicht f\u00fcr eine \u201erechtsextremistische Str\u00f6mung\u201c und sieht \u201eSchnittmengen\u201c der RassistInnen mit der eigenen Partei.<\/p>\n<p><strong>N\u00e4hrboden f\u00fcr Brandanschl\u00e4ge<\/strong><\/p>\n<p>Parteien wie die AfD und insbesondere Reaktion\u00e4rInnen wie Frauke Petry schaffen ein gesellschaftliches Klima des Hasses gegen Gefl\u00fcchtete, Andersdenkende und Homosexuelle. Sie schaffen mit ihrer rassistischen, rechtspopulistischen Propaganda den N\u00e4hrboden auf dem Demonstrationen gegen Gefl\u00fcchtete und Brandanschl\u00e4ge auf Asylbewerberunterk\u00fcnfte erst gedeihen k\u00f6nnen.<\/p>\n<p><strong>Kein Platz f\u00fcr rechte Propaganda<\/strong><\/p>\n<p>Wir stellen uns gegen die Verbreitung rassistischer Weltbilder und reaktion\u00e4rer L\u00f6sungsstrategien f\u00fcr schwerwiegende Fragen in unserer Stadt. Am 30. Oktober 2015 werden wir zeigen, dass in Heilbronn kein Platz f\u00fcr rechte Propaganda ist! Wir werden gemeinsam gegen die AfD-Veranstaltung auf die Stra\u00dfe gehen und ihrer Politik der sozialen Spaltung unsere Visionen einer solidarischen Gesellschaft entgegenstellen.<\/p>\n<p>Kommt zur Kundgebung am Freitag, 30. Oktober 2015, um 18 Uhr am Heilbronner Schie\u00dfhaus.<\/p>\n<p>Heilbronn stellt sich quer \u2013 Aktionsb\u00fcndnis gegen Rassismus und Faschismus<\/p>\n<div class=\"pdf24Plugin-cp\"> \t<form name=\"pdf24Form0\" method=\"post\" action=\"https:\/\/doc2pdf.pdf24.org\/wordpress.php\" target=\"pdf24PopWin\" onsubmit=\"var pdf24Win = window.open('about:blank', 'pdf24PopWin', 'resizable=yes,scrollbars=yes,width=600,height=250,left='+(screen.width\/2-300)+',top='+(screen.height\/3-125)+''); pdf24Win.focus(); if(typeof pdf24OnCreatePDF === 'function'){void(pdf24OnCreatePDF(this,pdf24Win));}\"> \t\t<input type=\"hidden\" name=\"blogCharset\" value=\"Cw1x07UAAA==\" \/><input type=\"hidden\" name=\"blogPosts\" value=\"MwQA\" \/><input type=\"hidden\" name=\"blogUrl\" value=\"yygpKSi20tcvLy\/Xy8jPSM3LARK6pXnpqWmZOSWpRSV6KakA\" \/><input type=\"hidden\" name=\"blogName\" value=\"88jPSM3LARK6pXnpqWmZOSWpRSUA\" \/><input type=\"hidden\" name=\"blogValueEncoding\" value=\"gzdeflate base64\" \/><input type=\"hidden\" name=\"postId_0\" value=\"MzIwMDMGAA==\" \/><input type=\"hidden\" name=\"postTitle_0\" value=\"U1O2MDIysnYrSizNTlUISC0pqlTIzFPwSM3MSSrKz8tTeNQwWcE9NT01LyU1Nz+vuKQosSQzP89KwTsVqCwgJ7GkSiHt8J4ihaLU5IyS4oL8gtKczOKSzOLkDKBxRfkFiemJeSmJaiBrDKwB\" \/><input type=\"hidden\" name=\"postLink_0\" value=\"yygpKSi20tcvLy\/Xy8jPSM3LARK6pXnpqWmZOSWpRSV6Kan69gW2RgYGZsYA\" \/><input type=\"hidden\" name=\"postAuthor_0\" value=\"S0zJzcwDAA==\" \/><input type=\"hidden\" name=\"postDateTime_0\" value=\"MzIwNNU1NNA1MlcwNLQyNLAyNAMA\" \/><input type=\"hidden\" name=\"postContent_0\" value=\"rVjLbtzIFd3nKyoOENhAu2XL4xlH1hiQIEvjkTURLGQMzCYoqotkgWSxU1VUx73yPwTIapDxQt\/glVfuP\/GX5Jxb7G62WhYmQDaCmo\/7OPfcc29xf\/piP0TfuuLFkTXqsHMTE65aH2ycG\/yvJsarL+\/\/c1BH452O9sqofPHJqyPTxXBZ1tpNvrz\/Vd0\/yI8ejNSx111l1LmJ\/t1IVW3TRKUbXDY26mKknjwaq79Wsc1gdffR46cjpbtcvbSu1pPOFfAW1A\/G1hkicngGVh+e4uVwZXymGdtIOX1Zrh8aqwvEHabeXpbwlanHf1F\/K72yjbq4LK1Z\/FbqLozVkQ7qcPHJTZwduFAhmrqOKuBt9Y8OHn2XRzXvlLH0f2IK4yqAUpiM8XWNevxM7AMjRLvhRN1H+q7KOw+s1EX0evGbUd8iye++efTd7trrSP20uC6Bti5d2eYPCMJ4f6evw\/7O9MUf9lEX07x45fLWN4C9dcYhrMIEoBDh3akf28sSF49QDT9iHLPFdWYDwdF1vb+D11emliXG8wddjhxhq88OSbQO98WJyi0uOMEUefm97ai0Kr3Jv79XxjgNezs7tXVV6Fw0box33zVmYvW49cXOxOy4Fn8eP\/326ZPdeypqX5j4\/b2\/ZyBNde\/F\/2hgf0dv5XNmXCAIYAdIEYWwB10IGnltRf7aWJJ5ZjwzBD\/e6LLBf+TcLx2wDerKmhqPHNeLTzCHwAqjUHx1EN7VmcGb5O0E2FxE26R3vXpj8GyYttOutqATqtv3TGYC0sAVEg+5ezYKzfH+sUbk8ryiKa9q3ZE2vI87i2uf45fFXcDtVLOdqVulqgoWcvFJosPPJSwjiZV1JD26OFeh4\/Xx5w8vg4JzNWPXWDSmNIA8WdXa91F2gACXdQZwEAQEQW6gO+bGFmJfhyBOzkzpSzS55HZorhYf68p4aWm7ronwVsRBOelXlt2HuPgU53G8zVa\/ZCvf+\/Ofnu3u7j6\/o3e\/vP+XOqjI45AtW12gQalDsKFBjzKBHnv8FJuPnt9C8\/73ytve5w9vTI4GBFtmpr5sGyP+TiEU6rzWAFd00W+wge0IOfTtVBdoXP1VP0c6ds3e14WSvj5\/SNqzZeSYjln4rbfu9wYfqCmaLlVnqK9DbZWbt4Tvfo\/+Uy7VzyAnpETXkYVvwIbNeXD7dIHGL7sCvl7rm88A3wtwPoC36mCl7zNb18KtzfbDw5mxEk6jfm49dC1FotkSNaWaRhG\/DRVYSa74Ttw0G8gMdZ0lngFHBBjUma6lJwGVFq6hVRH3K1cib4mWUS3+nefGSf9UbAvGgQRulv0t78lAS8CDrh7aU8WtGqeuKSwIr+ugpn5xDUSizmrEdGJC306TZMhgBvhJzRlGCWFGCC8TvM815pNNc3OGXm8wpjDepNXzJZNe+ryt0zxOkVUAyvgrYYAThSwM4gBqU7Fn2ckcUmfUp0o3U3Qt+RBnqAKNj9VZrw8HWZj2JKEDZ9ragrK6HlrGqGUgmGglkmATb9EHl+Bzol53l5UU8KIVKUUBAuz+qEsWbKm4PxmoGGUh+e3Xmtpq17fuMQIFSbyNCUloT+YhmOR3qopJagbCkkygD6IQ3GY368j3U8lmHebNduxbVDjflIw2xLBFggNEc6OaN7YlFQyk1CRRXDf0sHqjDeYuAe+Fkvk5WQWwQ\/RFUQcO8wiz0L+CG\/aRxo40gB4joPMsMOA07D+W5uYad2Iaw+UCxI1ih\/ToG5K1+wXauqzcmkMmjZfE2eVwrFsin3LE5RroB6MoHOxEaE7VL0wakrH4NQN9FPhtsiRTJ76bTs0tyPh116TRGVBWLnm4xckZ+zlJPeFmhsF1LTRkXL3YhKuhCOLeWhn7gWjT2nAR9SRtml5jr7BR9I0FxrVNbTnTzJcLSJFscmmeDHbMmV0t6kdY5xKdWQxSl\/oZuxgLYCiDe0DjiaZaVhLjIaWnZIiB1cZ0ZTw5QWANc31psratHl4w1hUkd4+UeUf4hB1quk1wiQOZdobEOTKZjjDNzpelIXfc0GT4n5g8LWUmpvznHdaN+S2Sesr9xcu8F1e3N5Hw3HRfO\/H0fJu2uIoyYC\/q94zqhvXxxojjSgJIShFDVjiC9A55skAoDgXwrJOqD+YntyhZMdFYbUg7kTptHcKWfvLcQx1K2fNDO5ysXOUFCtCOZhbX5EWj8SQmBLum1wPZs\/agjAoniUnKAxJAd9Bmz\/cGikKov3lGvgivyU7HMFNLk+aJzjZ0aM5ahk6aGUjwtXSDF01\/a0LMdF2hFZg8L+PNeZeTYsL0pfPt6ralY8dPgTpakBi4pK3k0lsrv5fpFRze4Guc96tqYWbUENfv+Tj44SfmJqQEwPS9dyxQsBk53mkWxblogVCc+rbwumnYOb2TEe+yRrJq0MaweESSQGWGeMqWe59r5ZNHzx8siZql8t2kajoF4t1zU9hblsNXMs16+FK3JZpRgACMLGegalv3yr0yOGDo79CPMelhfAUWeZkd2F8+rvaXJMAS4cPD3oZKyw6fdGsSCDeAVVJW88\/oTbNqePhafGzw7vIUhJfxIoG\/LB1mLjol0TydqlIGaVI0\/eIgp46UM1eY2\/D0WUuqSjyHnju3W\/bH9k4lZsgVu5ZEhmZxgMDhTQYKqr7S4hQNn97sek7EPGk95miAmqUhSfjAvtPaNjp922AlloeSIevRkfQWEHslKsQwfmibFjCKOvbfOZaeiAi3UL9Z6tHtC\/z6ACI71QCnxIRGHQ2\/AixPlBsRSkQ3EJXXh4dj0a4KS1aOF3iyg6GJsYyhWnwkett6fdsB6s4z01vr09lPJCkMNheM2YwHHjJ0iIuHHtUxs\/WkP2EP56uHcH0MHHuSP4i+5A9eRVoot3wmYc3pyIpX45czHFrWbJ+8+s8MM8S6cVi2g81IBu+dufOQ\/kfFhHt7hWxRQTeDrLldbR69pKrymSLtB4Upe\/lOnDnHwh1tJT0V2rmVzftiuZOn7CjyiQtp\/kNvoAC+Z9TJgOWcERJNX5RViU\/l+x+\/NJ2uP6Hd\/Tlw\/YFNf\/U8trL\/f\/0UIEb\/Cw==\" \/> \t\t<a href=\"https:\/\/www.pdf24.org\" target=\"_blank\" title=\"www.pdf24.org\" rel=\"nofollow\"><img src=\"https:\/\/www.hohenlohe-ungefiltert.de\/wp-content\/plugins\/pdf24-post-to-pdf\/img\/pdf_32x32.png\" alt=\"\" border=\"0\" height=\"32\" \/><\/a> \t\t<span class=\"pdf24Plugin-cp-space\">&nbsp;&nbsp;<\/span> \t\t<span class=\"pdf24Plugin-cp-text\">Sende Artikel als PDF<\/span> \t\t<span class=\"pdf24Plugin-cp-space\">&nbsp;&nbsp;<\/span> \t\t<input class=\"pdf24Plugin-cp-input\" style=\"margin: 0px;\" type=\"text\" name=\"sendEmailTo\" placeholder=\"Emailadresse\" \/> \t\t<input class=\"pdf24Plugin-cp-submit\" style=\"margin: 0px;\" type=\"submit\" value=\"Senden\" \/> \t<\/form> <\/div>","protected":false},"excerpt":{"rendered":"<p>Die Bundesvorsitzende der \u201eAlternative f\u00fcr Deutschland\u201c (AfD), Frauke Petry, kommt am Freitag, 30. Oktober 2015, auf Einladung des Heilbronner AfD-Kreisverbandes, nach Heilbronn. Sie spricht ab 19 Uhr im Schie\u00dfhaus. Das B\u00fcndnis Heilbronn stellt sich quer ruft zu einer Gegenkundgebung um 18 Uhr vor dem Schie\u00dfhaus (Frankfurter Stra\u00dfe 65, 74072 Heilbronn, N\u00e4he Bahnhof) auf. Informationen zugesandt [&hellip;]<\/p>\n","protected":false},"author":1,"featured_media":0,"comment_status":"open","ping_status":"open","sticky":false,"template":"","format":"standard","meta":[],"categories":[1,10,6,2,8,5,3],"tags":[],"_links":{"self":[{"href":"https:\/\/www.hohenlohe-ungefiltert.de\/index.php?rest_route=\/wp\/v2\/posts\/20063"}],"collection":[{"href":"https:\/\/www.hohenlohe-ungefiltert.de\/index.php?rest_route=\/wp\/v2\/posts"}],"about":[{"href":"https:\/\/www.hohenlohe-ungefiltert.de\/index.php?rest_route=\/wp\/v2\/types\/post"}],"author":[{"embeddable":true,"href":"https:\/\/www.hohenlohe-ungefiltert.de\/index.php?rest_route=\/wp\/v2\/users\/1"}],"replies":[{"embeddable":true,"href":"https:\/\/www.hohenlohe-ungefiltert.de\/index.php?rest_route=%2Fwp%2Fv2%2Fcomments&post=20063"}],"version-history":[{"count":2,"href":"https:\/\/www.hohenlohe-ungefiltert.de\/index.php?rest_route=\/wp\/v2\/posts\/20063\/revisions"}],"predecessor-version":[{"id":20065,"href":"https:\/\/www.hohenlohe-ungefiltert.de\/index.php?rest_route=\/wp\/v2\/posts\/20063\/revisions\/20065"}],"wp:attachment":[{"href":"https:\/\/www.hohenlohe-ungefiltert.de\/index.php?rest_route=%2Fwp%2Fv2%2Fmedia&parent=20063"}],"wp:term":[{"taxonomy":"category","embeddable":true,"href":"https:\/\/www.hohenlohe-ungefiltert.de\/index.php?rest_route=%2Fwp%2Fv2%2Fcategories&post=20063"},{"taxonomy":"post_tag","embeddable":true,"href":"https:\/\/www.hohenlohe-ungefiltert.de\/index.php?rest_route=%2Fwp%2Fv2%2Ftags&post=20063"}],"curies":[{"name":"wp","href":"https:\/\/api.w.org\/{rel}","templated":true}]}}