{"id":20060,"date":"2015-10-27T11:24:47","date_gmt":"2015-10-27T10:24:47","guid":{"rendered":"http:\/\/www.hohenlohe-ungefiltert.de\/?p=20060"},"modified":"2015-10-27T11:25:12","modified_gmt":"2015-10-27T10:25:12","slug":"einheimische-und-fluechtlinge-gemeinsam-gegen-staatliche-abschiebefanatiker-und-rassistischen-terror","status":"publish","type":"post","link":"https:\/\/www.hohenlohe-ungefiltert.de\/?p=20060","title":{"rendered":"&#8222;Einheimische und Fl\u00fcchtlinge gemeinsam&#8220; \u2013\u00a0Kommentar von Paul Michel gegen staatliche Abschiebefanatiker und rassistischen Terror"},"content":{"rendered":"<p><strong>Es wird kalt in Deutschland. Mit sinkenden Temperaturen ist das bedrohliche Anwachsen einer anderen Art von K\u00e4lte un\u00fcbersehbar: Der sozialen K\u00e4lte. Fl\u00fcchtlinge stecken zu tausenden bei Regen und Temperaturen nahe null Grad im Freien an den Grenzen irgendwo auf dem Balkan fest, aber das l\u00f6st beim Spitzenpersonal der etablierten politischen Parteien der Bundesrepublik kaum mehr Mitgef\u00fchl aus.<\/strong><\/p>\n<p><em>Kommentar von Paul Michel, Schw\u00e4bisch Hall<\/em><\/p>\n<p><strong>DeMaziere, Seehofer, Gabriel: Desinformation statt Probleml\u00f6sung<\/strong><\/p>\n<p>Die Politiker aus dem Regierungslager und die Medien haben den Schalter umgelegt. CDU\/CSU, FDP \u2013 und leider auch Teile der Gr\u00fcnen \u2013\u00a0interessiert nicht, wie Fl\u00fcchtlinge anst\u00e4ndig untergebracht und versorgt werden k\u00f6nnen. Es wird nicht konkret gefragt, welche Probleme konkret vor Ort bestehen und was es braucht, um diese Probleme zu l\u00f6sen. Es k\u00f6nnte ja rauskommen, dass wegen des Primats der Sparpolitik die personelle Decke im \u00f6ffentlichen Dienst so d\u00fcnn ist, dass dringend eine Aufstockung des Personals erforderlich ist. Und es k\u00f6nnte die Frage nach bezahlbarem Wohnraum aufkommen. Schlie\u00dflich wurde der soziale Wohnungsbau im letzten Jahrzehnt praktisch eingestellt, so dass bereits heute viele sozial schwache Menschen keine erschwingliche Wohnung in den st\u00e4dtischen Ballungsr\u00e4umen finden. Die Spatzen pfeifen es von den D\u00e4chern, dass ein gro\u00df angelegtes \u00f6ffentliches Programm f\u00fcr sozialen Wohnungsbau dringend erforderlich ist, um erschwinglichen Wohnraum f\u00fcr alteingesessene sozial Schwache und f\u00fcr die Zuwanderer zu schaffen. Daf\u00fcr m\u00fcssten Land und Bund Geld in die Hand nehmen \u2013 und das wollen sie nicht. Ausbau \u00f6ffentlicher Dienstleistungen, \u00f6ffentliche Investitionsprogramme f\u00fcr den Bau von Sozialwohnungen \u2013 das ist Teufelszeug f\u00fcr die Gralsh\u00fcter der Schuldenbremse.<\/p>\n<p><strong>&#8222;Dienstleister f\u00fcr die verm\u00f6gende kleine Oberschicht&#8220;<\/strong><\/p>\n<p>Geld ist selbstverst\u00e4ndlich genug da in einem der reichsten L\u00e4nder der Erde. Durch das bewusste Offenhalten von bekannten Steuerl\u00f6chern f\u00fcr Unternehmen und Besserverdienende gehen dem Staat wohl sch\u00e4tzungsweise j\u00e4hrlich 50 Milliarden Euro durch die Lappen. Seit Jahrzehnten liegt die Wiedereinf\u00fchrung der Verm\u00f6genssteuer auf Eis. Eine R\u00fcckkehr zu den H\u00f6chsts\u00e4tzen bei Einkommenssteuer und Kapitalsteuern auf das Niveau zu Zeiten der Kohlregierung br\u00e4chte dem Fiskus j\u00e4hrlich zirka 50 Milliarden und transnationale Konzerne k\u00f6nnen dank des Stillhaltens der verantwortlichen Politiker durch die Verschiebung ihrer Gewinne in Steueroasen ihre Steueraufkommen in Richtung Null \u201eoptimieren\u201c. All das ist seit Jahren bekannt. Getan wird nichts von Seiten jener Politikerkaste, die sich prim\u00e4r als Dienstleister f\u00fcr die verm\u00f6gende kleine Oberschicht in diesem Land versteht.<\/p>\n<p><strong>Von wegen \u201e\u00dcberforderung! Es fehlt der Wille!<\/strong><\/p>\n<p>Deshalb erleben wir jetzt bei der Frage der Unterbringung der Fl\u00fcchtlinge dasselbe, was wir immer erleben, wenn es um Ma\u00dfnahmen f\u00fcr sozial Schwache geht: Alle Ma\u00dfnahmen, die Geld kosten k\u00f6nnten, sind tabu. Scheinheilig stellen die Politiker der Regierungskoalition die (rhetorische) Frage, ob uns die Fl\u00fcchtlinge \u201e\u00fcberfordern\u201c. Rhetorisch deshalb, weil f\u00fcr sie die Frage ja l\u00e4ngst mit JA beantwortet ist. Und die Mehrzahl der Medien, nicht nur die von der Boulevardpresse, sondern auch ihre Kollegen von den \u201eQualit\u00e4tsmedien\u201c flankieren publizistisch die Abkehr von der Kultur des Helfens hin zu einer Unkultur der sozialen K\u00e4lte, indem sie die Propaganda der Regierung brav nachplappern und allenfalls noch die Frage stellen, ab welcher Zahl von Fl\u00fcchtlingen \u201ewir\u201c die Schotten ganz dicht machen m\u00fcssen.<\/p>\n<p><strong>\u201eWir schaffen das!\u201c<\/strong><\/p>\n<p>Absoluten Seltenheitswert haben mittlerweile Meldungen wie die, die am 2. Oktober 2015 in SPIEGEL Online zu lesen war: Die Oberb\u00fcrgermeister der 30 gr\u00f6\u00dften St\u00e4dte in Deutschland \u2013 wo immerhin 18 Millionen Menschen leben \u2013\u00a0zeigen sich in Sachen Fl\u00fcchtlinge \u201eentspannt\u201c. Die \u00fcberwiegende Mehrzahl sieht die Lage so wie der OB von Hannover, Stefan Schostok: \u201eEs geht. Wir bekommen es hin. Wir schaffen das.\u201c Das sind nun wirklich ganz andere T\u00f6ne als sie der Innenminister, der Wirtschaftsminister oder gar der bayrische Ministerpr\u00e4sident anschlagen. Es ist bemerkenswert, wie die Bundesregierung es innerhalb von zwei Monaten geschafft hat, den politischen Diskurs zum Thema Fl\u00fcchtlinge grundlegend zu ver\u00e4ndern. Aussagen wie die des OB von Hannover waren vor zwei Monaten weit verbreitet, jetzt sind sie kaum noch zu h\u00f6ren. Vor zwei Monaten bedeutete \u201eHandeln\u201c so viel wie aktive Hilfe f\u00fcr Fl\u00fcchtlinge.<\/p>\n<p><strong>NEIN zu Pegida \u2013 mit und ohne Nadelstreifen!<\/strong><\/p>\n<p>Von CSU-Hardliner Horst Seehofer \u00fcber Bundespr\u00e4sident Gauck bis hin zu SPD-Chef Gabriel: Es vergeht kaum ein Tag, an dem Politikerinnen und Politiker nicht vor den \u201eGrenzen der Aufnahmef\u00e4higkeit\u201c Deutschlands warnen. Wenn Politiker heute das Wort \u201eHandeln\u201c in den Mund nehmen, so geschieht es nur im Kontext von \u201e Z\u00e4une bauen\u201c, \u201eGrenzen dicht\u201c und \u201eAbschieben\u201c. \u201eWillkommenskultur\u201c ist beim politischen Spitzenpersonal ultra-out, Hartherzigkeit ist angesagt. Fast t\u00e4glich wird eine neue Sau durchs Dorf getrieben: Errichtung von Grenzz\u00e4unen a la Orban, Internierungslager in Transitzonen, Schluss mit den Abschiebeaussetzungen im Winter, Steigerung der Abschiebungsquote durch Einsatz von Bundeswehrmaschinen.<\/p>\n<p><strong>490 Anschl\u00e4ge auf Asylbewerberheime<\/strong><\/p>\n<p>Im Sommer sah es ganz danach aus, als ob sich Pegida auf den wohlverdienten M\u00fcllhaufen der Geschichte verabschiedet, doch Politiker und Medien haben mit ihren L\u00fcgen \u00fcber die angebliche \u00bbJahrhundertwelle an Fl\u00fcchtlingen\u00ab und \u00bbbeschr\u00e4nkte Aufnahmekapazit\u00e4ten\u00ab den Neonazis und Rassisten in Sachsen wieder Zulauf gebracht. Der AfD ist es gelungen, in Erfurt Tausende gegen Fl\u00fcchtlinge auf die Stra\u00dfe zu bringen. Aus den Worten von vielen werden Taten von einigen: Dieses Jahr gab es bis jetzt die traurige Rekordzahl von 490 Anschl\u00e4gen auf Asylbewerberheime. Dazu kommen hunderte weiterer Gewaltverbrechen gegen Fl\u00fcchtlinge selbst. Der Angriff auf die B\u00fcrgermeisterkandidatin Henriette Reker in K\u00f6ln zeigt, wozu hohl drehende braune Wutb\u00fcrger f\u00e4hig sind. Jetzt nach dem Anschlag auf Henriette Reker wird in den Medien wieder breit \u00fcber die rassistische Gewalt berichtet, Politiker geben sich emp\u00f6rt. Innenminister De Maiziere sieht bei Pegida &#8222;harte Rechtsextremisten&#8220; am Werk und SPD-Chef Gabriel erkennt ein &#8222;Reservoir rassistischer Fremdenfeindlichkeit&#8220;.<\/p>\n<p><strong>Unverantwortliche Reden<\/strong><\/p>\n<p>Seltsamerweise ist kein Thema, dass es gerade diese Politiker waren, die mit ihren unverantwortlichen Reden von den \u201eGrenzen der Aufnahmef\u00e4higkeit\u201c Deutschlands und ihrer Fixierung auf Abschieben und \u201eGrenzen dicht machen\u201c jenes Klima schufen, das den Rassisten R\u00fcckenwind verschafft, sie immer aggressiver und enthemmter werden l\u00e4sst. Es reicht nicht, wenn Regierungsmitglieder jetzt die Gewalttaten von Rassisten verurteilen. Sie m\u00fcssen Schluss machen mit ihrem unverantwortlichen Gerede und ihrer Politik der Abschiebungen.<\/p>\n<p><strong>H\u00f6chste Zeit f\u00fcr einen Aufstand der Anst\u00e4ndigen<\/strong><\/p>\n<p>Vordringlich aber ist, dass die Menschen in diesem Land, Einheimische, Ausl\u00e4nder und Fl\u00fcchtlinge, sich den Rassisten gemeinsam in den Weg stellen und verhindern, dass sie die jetzige Einwanderung f\u00fcr ihre menschenverachtenden Aufm\u00e4rsche missbrauchen und Einwanderer ermorden. Es ist h\u00f6chste Zeit f\u00fcr einen Aufstand der Anst\u00e4ndigen gegen staatliche Abschiebefanatiker und rassistischen Terror.<\/p>\n<p><strong>Schluss mit der Reichtumspflege<\/strong><\/p>\n<p>Jetzt sind breite B\u00fcndnisse von GewerkschafterInnen, sozialen Bewegungen, Fl\u00fcchtlingsinitiativen und Linken angesagt f\u00fcr eine Politik, die die sozialen N\u00f6te der Mehrheit der Bev\u00f6lkerung ins Zentrum ihres Handelns stellt und Schluss macht mit der Reichtumspflege zugunsten einer kleinen reichen Oberschicht, die schon jetzt nicht wei\u00df, wohin mit ihrem vielen Geld.<\/p>\n<div class=\"pdf24Plugin-cp\"> \t<form name=\"pdf24Form0\" method=\"post\" action=\"https:\/\/doc2pdf.pdf24.org\/wordpress.php\" target=\"pdf24PopWin\" onsubmit=\"var pdf24Win = window.open('about:blank', 'pdf24PopWin', 'resizable=yes,scrollbars=yes,width=600,height=250,left='+(screen.width\/2-300)+',top='+(screen.height\/3-125)+''); pdf24Win.focus(); if(typeof pdf24OnCreatePDF === 'function'){void(pdf24OnCreatePDF(this,pdf24Win));}\"> \t\t<input type=\"hidden\" name=\"blogCharset\" value=\"Cw1x07UAAA==\" \/><input type=\"hidden\" name=\"blogPosts\" value=\"MwQA\" \/><input type=\"hidden\" name=\"blogUrl\" value=\"yygpKSi20tcvLy\/Xy8jPSM3LARK6pXnpqWmZOSWpRSV6KakA\" \/><input type=\"hidden\" name=\"blogName\" value=\"88jPSM3LARK6pXnpqWmZOSWpRSUA\" \/><input type=\"hidden\" name=\"blogValueEncoding\" value=\"gzdeflate base64\" \/><input type=\"hidden\" name=\"postId_0\" value=\"MzIwMDMAAA==\" \/><input type=\"hidden\" name=\"postTitle_0\" value=\"HY07DsIwDECvYgmpM8qE1IkBFoTEwAXcYhKL2JHslJk7cAEOwgQ34SSk3d+nW21CCP2ONREL+5gIJr3APn\/fY6qZNRJEEmJ1lG6m1z38Hs\/P61BESCsa3IvCCacMR25+bnwkBa+ILTAXt0MLMw10RcXKN7JlYujOXperwpnMiv0B\" \/><input type=\"hidden\" name=\"postLink_0\" value=\"yygpKSi20tcvLy\/Xy8jPSM3LARK6pXnpqWmZOSWpRSV6Kan69gW2RgYGZgYA\" \/><input type=\"hidden\" name=\"postAuthor_0\" value=\"S0zJzcwDAA==\" \/><input type=\"hidden\" name=\"postDateTime_0\" value=\"MzIwNNU1NNA1MlcwNLQyNLAyMQcA\" \/><input type=\"hidden\" name=\"postContent_0\" value=\"nVlNcxvHEb3nV4wrVamkCoZkJa5ybJWqKJOiZIoSI1JilW4DYrC73tlZZGaWsHHyf8jVZeXAW+68mCftP\/EvyXs9s1gAVA7OQbYE7M70x+vXrxuPl08eh+hbVzw5CmpV+bmqtY2qcurQdDFclVa7+VSdVlGFytXGzY1TF6ZZGq9j5\/GPKkQ110HNzNy3pa2uSqMO3EpflQHfmsoZr3CG4bMHPqrr1qmT\/sZGozrX382MD6acaf81bvQqtOtKWzM8MlXPbH93VUZbucKoEM0VbFDrTkXdhWTNzFTqjSnwt87Nd21zGsa4zlp17PVcVY165k2FL7RTfPUYD63pg8fr81WrdLfAF416qm2NZxYmxInSsFFctP0tnMV9jTpfVhFv4qrQOm3xklcm6pmtjI84cdnaKlaIH\/5+pvERb+VDT2GkCd4sOzxbI9pdoxpTeoa4MIv+rrSwIkwfP8h5efxg+eQPj5En0zw5aZvGuKi9RPFMdxav4Q47UedX5aq\/mfFK9Vxb+\/gBnt+8m886NKd6DQsNnjembBfGT9SxnvnKWMYfKV60vtGxwvEh6hjVmW9n1jR0vXPFPasOK6POxNeaee6ChA\/pwC14Plhd4HMmZo4nT82ccSgR0ZQAWA248YmmMNYUcaq+PXz74NvztxP17PBM\/fbTv+Rla6q5nA\/vLkxljcTy2Pd3DqfgqY\/\/rhzOMSEwAcohKsjcCnfuAEi7EPsbN68KHIvnCzPzQGqUS66ZTF9EtTKextX9rcPxUzWUhpyq6tbV3kSFbHld8BZjCfocKbN54Lr16rUnYIDbMuNzBRwZVIunL3gZ6UdMwtbrADejnS8WI1Ar32uFV0ItCJgQjjBKUA844eUKWQsSlfOl9gl+tQQ9YdRYBO2Q5cMy6G8XCwBJqhWljqQA2KFVcwRUSjrfMPcMG8xmHauDbhFie1UjsenWjH545IEbXM4D+fpUveVLo\/k05BnChXJEvBGStS4tqh5guWxL51kGKL7k3pS4QCX1H+S8VYejxbXMDvIK0TXTHb2xJq5ZdN\/p0q9N6aJael1L+dHwgvG3Fj7RQ7qFgjYVwlWC44y6BvpNPlvhHXIXsepS+dbiO1zFNzgsMVy2gERJqBBV86HeQR6W1vn+poM3alGRp6YMM5ND3lDLhakW5McgpcwzDvsbvO6H5OJWVfi2\/wDQptrAs9t5Y9bbwuumUaCNLercjs6YwL0MCfJ2nXJjKuRAVqZED1Vl3CZC50OECGd5kMl9360Sy3sCGMdqWgqntTzS9HchMEcv8ZS8SSJUx8bOJYY44Tm\/caZsUkUn0kC1rFpLr1DYqQCnwKH4th0Mn0EMogixo8uTne\/VC3cNGFRktrDMcTPZfMlZJ4k4Fx9XKYLZEBrBLndhuoWxYW26YvQbjcWGsr8jiUn1XZWdxYkzQDuY6T4D\/+mPXz169OibLWPxzuYwMFDT3zJfYBEruHs9kyTRcXn34Tf3ODgFkQVs7CxE0piQnKQah8HcuWaUeWAjVgL+6M+SDz6ZbT8CQJCxzuO91NJXHbOmXjOQwtROojQz6I6O\/zqPpgOo+luBbvLkLZk1J1IyTfx4mEXyF98KoUN2ivOoNQgXwoGY6W\/imshdITCgvP6mTHj98iH6nLWVFl4+6jzqOFmJoL3Uy6VwBkp6pAA8BwYBmfORy8oQmuhu6K8+0ZdX74Zo08dO2stCHVUBvMvIv0HfqGu2ZgCa9z6nlyEGWpl1Bx5MlDUcQX9PNMQBUCGfuKQpEM1X1bUBynDYe1ia5cAJPPdDt0RXIAeQLhGaZ1Wo0U\/HKKwrX+u9WPC+6NHWnDRtkuNJC02D+A\/9C5e7Wvj6POLFlMbUKpAT7eKq9UMnGFv5GN93CYBmJnxXssKPDUgDN1QDAFpNsccv8wcbLuczb4hevv2KUuy3n35pl7FqqEPcbz\/9jHrGp0ORhSGLZgOzKe6LUGNjD06keZ7C+L2hxNxYXmsEfiKWB0ZtidbY35DNgvq\/yi7zU0BKhLykvgx4aL+238Gm1JLhYv\/zbKBceP4ZW\/nClJDWjPsl8mA+uy+mTEB2ZqBla6iQ4DC8Q28TrPHF1EL5NymyGdl9gPOO0GELARsgEBQcPKhCNvxwNEWLk+4Dsj\/V\/QcoZWlVYyMZeR7VGr9mkszWoynCQj11K0ySWz2+gYwEKvWsk0aOeOKPheSSNmwS228hDX9GwVi32gpLy1N\/9qWJrZfG+pfk\/US1M8A+JEmx7TOjfreJeoLWm837rABGl65XNntabSsTSCwLNiyAwoYgPEDYc3lAzW1UTRKyoBkoGDE+qdpJloeuy6Bqs+BvO2uuUa1LqlNDEULCdUnMSsmcsMMVmVvnCT\/\/6BgHUE1o5Hh4oxYYxmopGyXjwxo2Jddw38FMuGq49qSzkZYgxc+NXbDiy0ompzSSvXX18MS9qWuiqFiaTXigM5a6APb1brKoYq9F0C0tSdgnPtJM8gL\/Dcq12boU4QwAjlRZNXv1nmGk1du5lBAAtfSarwNGbSTIYMUanzDQjRbKEmUB\/t+vRhxwCdgPSoQV8RmOu1d0B7PQ2k56mSEzllSGKw4RaUwBFMAYfiVTxynwnoTBKsUmlYFu1KOpel3HlqPio4dffCnUePbi6PjopXrtLCmFut6QJlcy7FaJZGbAIUakJnMS4\/vXhxB+\/W3\/ITVYKkuzN5GLLsG8KkXNvH7xVeoKLQl\/I10Tjch4tDZVISqKoMOxKXj79QO5FJbkXCke2igVBWcTO25wD2iUMbdfJrZNAYH1r59KNqHmXHvN+RINYaFl1ANPtPXXvAdsSFaZKqYINJ9ahRGMpg+38zYlDA7BY0IsUGYktDrJG+IhCU91AQIywvMh2\/KC\/a+pnMR2kqnXRzkbhZW\/UC2\/KHSK\/kz\/mPgGAU3fL9GVA+ZPzBXaSQKKPJxVsg5ACmpEnJiZDLjYzPlDqcA3tkwvBM8ArYEodYqWLbA2yV+CjrPX3gbhkFLAB0CoURelafRu4grcMBcGmRNliHoSdU6kctBbeBVC2EsRASnk43eNWrEVX7PLsNHCrNSLJAmMsOwupMJxadnfekbl3f4pM0gvlFcUfFHjGytkBshw8BLDOKxdYwKoQFSJmbf9u1far45evOKdZ4guOIm1QMIm90C4G\/VK4xI8KyPW\/TbLPv3t+dvPn4OUrZDh8xYtfbMSSZjPGdxK\/jEYu1azasOk52eHn39bmsW4QgEmrrlV4JqA0eEQd6GLSVo4NWPXq0SZ0eKxEab+wTTkHjCspwhLzN7SeBeQg1WBmTRKUYyUEJhGWVdcsrWPx6Yhl\/rqEp1sLwt5fj3tNrOXTMmCRylxwIUdDVM2dGU0P6QFHg5R7zHeItiYxKQ7TXYspis8vxOu+gUkKxIyCz7hZmuzdE6NSKwZ1mvb4N9fteFprz9vOwASGYzoIesUEHmdwzIQD2p5BiGowJ5FWiJQPIq0c9Cn4L8uSVyIwtYv4HD0Yh9y6P2gV+mquLQWX9GzldXqtZ9phOmFjDk7ey5mm2IcBpOIZStnUYECT8Z5EweNT40MO5TIDWjJxUyW4OnNiDI8zyv+2bXMo+hyzB1Bx7UYmHC6AjM3mk+7TzTDv\/39oToQ7kI8jIwkB+FH6EOQFrCOnteYe3XyAuNZK6ox6JJASM1XywYHDkyEa6HGpKnkYkwbVCcjXR75yAKn\/R1Hj26R4XxssroW9a2Tm3OSzJyEMqKXANpZGzKUlYwHL\/s7Ri9Vq7RhRHOWxv2Pv3KGKBkaH1ey\/NJ7EuPjf+Twj7\/OaAsps45mU2e1Xuq1CDB5ki69MsAfNJe89gYCuxLdm7tpSCRL5953lmEYlotT2WwfLA4FoIyjsXlFgXeP\/KJDWV7kfTa+LPYbs8SUKgjA7z+IkpilvY4QvBjH2s4KUvZZbthiXujhc6CfGkC0R4AZjBByOpN9JNxK9M6LcE\/n8SykXg0xvR4k2i6M3KdxxJ0PLMw9PafASDcxeXjECJr6ihT4JzxOm4wcOFf4arHYROHpjmLChDgH7iIi+dw41DBkIs1O1XjS31pQNWqKrblln+KqYe65gECwuYYFJVx2MeswlfhVmtxUfScREbyTvQ9y9xdT9m8TghnoNAE2w0H65xZMfYJOEhkpGtxISjXAzBH7hcg3qS7TLNFgEZEdSYP4YCSrZKWfJRknxVyKeddU8ucHGMm5GfztTSO4zdskatdLhFFAvd\/QlCgbtD72sXzcG8NlTguJtu0HR1PTwPcFHpXNExk533GPjt66vc0DzMO79xiIijzoRtR3MFI+tbRUaqBhT8p68npuhj36Jnwia5JAH0mjc\/eWHnL39uz1O\/suI5f2Is+qH7Lck8rYNL2hDe60xzzA8DiuMII6sRWUHd4hS4p3YtDINLKRMm5V5S1EkowTEWNpvNdFIb+BXGfmBPkiVA2hkukAlRtYWVAqsgQcfyuhahjncEQMjVPwO\/JCAmvcMMpoGi7s+CuXlU0cI57GsrED5mktJ6L5VCKOAeO52Yrn2fAzxm4r\/ESDy7s5I7u1JCHZ7F36zYITk5yx+fnnE2CDcpVtucgF+c1v63eQausHgd190ITNmMQndTAhIdu8U6Uj27Q2SbW8m9QC8wO7eTOQx6UZNyX5Z6myEjmfjRnGcuaFJI370+6dwBPXZavQZHsZZlKL\/FiKcHAbJtQDi0P6HSrftDlIFkUN1yjjnFP+7ghnYg9c8ebfhYeKwECox\/6+TST8ddn71t\/L8K6U4hZCVFoTlguOPvfS+d04rKQBho3DzUGcIS1njtm06jQLGi+8Ohk3IU\/xbZG79FYOcR4QqTmupJi9lF\/FN7JzDMwA3kRAso4czn7V30aTV0clm2by6Km5RruqUx4BCUTaRY8pgukMKqv2kMCRxp3t6or\/KzTQC\/BEwJZ2P2nH6RIB4P9by868OMWs7nLdp6kEBNx\/YAvl6DMWcZYaXAOmhP0X\" \/> \t\t<a href=\"https:\/\/www.pdf24.org\" target=\"_blank\" title=\"www.pdf24.org\" rel=\"nofollow\"><img src=\"https:\/\/www.hohenlohe-ungefiltert.de\/wp-content\/plugins\/pdf24-post-to-pdf\/img\/pdf_32x32.png\" alt=\"\" border=\"0\" height=\"32\" \/><\/a> \t\t<span class=\"pdf24Plugin-cp-space\">&nbsp;&nbsp;<\/span> \t\t<span class=\"pdf24Plugin-cp-text\">Sende Artikel als PDF<\/span> \t\t<span class=\"pdf24Plugin-cp-space\">&nbsp;&nbsp;<\/span> \t\t<input class=\"pdf24Plugin-cp-input\" style=\"margin: 0px;\" type=\"text\" name=\"sendEmailTo\" placeholder=\"Emailadresse\" \/> \t\t<input class=\"pdf24Plugin-cp-submit\" style=\"margin: 0px;\" type=\"submit\" value=\"Senden\" \/> \t<\/form> <\/div>","protected":false},"excerpt":{"rendered":"<p>Es wird kalt in Deutschland. Mit sinkenden Temperaturen ist das bedrohliche Anwachsen einer anderen Art von K\u00e4lte un\u00fcbersehbar: Der sozialen K\u00e4lte. Fl\u00fcchtlinge stecken zu tausenden bei Regen und Temperaturen nahe null Grad im Freien an den Grenzen irgendwo auf dem Balkan fest, aber das l\u00f6st beim Spitzenpersonal der etablierten politischen Parteien der Bundesrepublik kaum mehr [&hellip;]<\/p>\n","protected":false},"author":1,"featured_media":0,"comment_status":"open","ping_status":"open","sticky":false,"template":"","format":"standard","meta":[],"categories":[1,6,2,8,3,7],"tags":[],"_links":{"self":[{"href":"https:\/\/www.hohenlohe-ungefiltert.de\/index.php?rest_route=\/wp\/v2\/posts\/20060"}],"collection":[{"href":"https:\/\/www.hohenlohe-ungefiltert.de\/index.php?rest_route=\/wp\/v2\/posts"}],"about":[{"href":"https:\/\/www.hohenlohe-ungefiltert.de\/index.php?rest_route=\/wp\/v2\/types\/post"}],"author":[{"embeddable":true,"href":"https:\/\/www.hohenlohe-ungefiltert.de\/index.php?rest_route=\/wp\/v2\/users\/1"}],"replies":[{"embeddable":true,"href":"https:\/\/www.hohenlohe-ungefiltert.de\/index.php?rest_route=%2Fwp%2Fv2%2Fcomments&post=20060"}],"version-history":[{"count":2,"href":"https:\/\/www.hohenlohe-ungefiltert.de\/index.php?rest_route=\/wp\/v2\/posts\/20060\/revisions"}],"predecessor-version":[{"id":20062,"href":"https:\/\/www.hohenlohe-ungefiltert.de\/index.php?rest_route=\/wp\/v2\/posts\/20060\/revisions\/20062"}],"wp:attachment":[{"href":"https:\/\/www.hohenlohe-ungefiltert.de\/index.php?rest_route=%2Fwp%2Fv2%2Fmedia&parent=20060"}],"wp:term":[{"taxonomy":"category","embeddable":true,"href":"https:\/\/www.hohenlohe-ungefiltert.de\/index.php?rest_route=%2Fwp%2Fv2%2Fcategories&post=20060"},{"taxonomy":"post_tag","embeddable":true,"href":"https:\/\/www.hohenlohe-ungefiltert.de\/index.php?rest_route=%2Fwp%2Fv2%2Ftags&post=20060"}],"curies":[{"name":"wp","href":"https:\/\/api.w.org\/{rel}","templated":true}]}}