{"id":19997,"date":"2015-10-05T20:40:51","date_gmt":"2015-10-05T19:40:51","guid":{"rendered":"http:\/\/www.hohenlohe-ungefiltert.de\/?p=19997"},"modified":"2015-10-05T21:05:43","modified_gmt":"2015-10-05T20:05:43","slug":"asylbewerberunterbringung-appell-des-kirchberger-gemeinderats","status":"publish","type":"post","link":"https:\/\/www.hohenlohe-ungefiltert.de\/?p=19997","title":{"rendered":"&#8222;Asylbewerberunterbringung&#8220; \u2013\u00a0Appell des Kirchberger Gemeinderats f\u00fcr eine gerechtere Verteilung im Landkreis Hall"},"content":{"rendered":"<p><strong>Zum Thema Asylbewerberunterbringung hat der Kirchberger Gemeinderat neben dem am Montag, 28. September 2015, bekannt gegebenen Beschluss zur verdichteten Belegung des Adelheidstifts mit 4,5 Quadratmeter je Asylbewerber (bisher 7 Quadratmeter) bis einschlie\u00dflich M\u00e4rz 2017 auch einen Appell beschlossen, der an das Landratsamt und Lokalzeitungen gesandt wurde.<\/strong><\/p>\n<p><em>Pressemitteilung der Stadtverwaltung Kirchberg an der Jagst<\/em><\/p>\n<p><strong>Appell des Gemeinderats der Stadt Kirchberg an der Jagst:<\/strong><\/p>\n<p>Momentan stehen wir einer der gr\u00f6\u00dften humanit\u00e4ren Herausforderungen der letzten Jahrzehnte in Europa gegen\u00fcber. Hunderttausende von Fl\u00fcchtlingen aus Kriegs- und Elendsgebieten brauchen unsere Hilfe. Tod und Leid sind f\u00fcr diese Menschen ein t\u00e4glicher Wegbegleiter. Als eines der reichsten L\u00e4nder dieser Erde sind wir besonders in der Pflicht, diese Menschen in ihrer nahezu aussichtlosen Situation zu unterst\u00fctzen.<\/p>\n<p>Die B\u00fcrgerinnen und B\u00fcrger Kirchbergs stellen sich dieser Verantwortung und Herausforderung in besonderem Ma\u00dfe. Wir wollen angesichts der offenkundigen Not bewusst an die Grenzen des f\u00fcr unsere Gemeinde Machbaren gehen. Die Nachrichten und Bilder in den Medien f\u00fchren uns die Notwendigkeit daf\u00fcr t\u00e4glich vor Augen.<\/p>\n<p>Wir, der Gemeinderat der Stadt Kirchberg an der Jagst, m\u00f6chten dringend darauf aufmerksam machen, dass sich in einem der wohlhabendsten Landkreise Baden-W\u00fcrttembergs und Deutschlands immer noch Gemeinden befinden, die sich dieser Verantwortung f\u00fcr Menschen in Not noch nicht oder nur in geringem Umfang stellen. Dass f\u00fcnf der drei\u00dfig Kommunen im Landkreis mehr als 75 Prozent der Asylbewerber unterbringen, darf kein Dauerzustand sein!<\/p>\n<p>Wir fordern das Landratsamt Schw\u00e4bisch Hall und die Gemeinden im Landkreis Schw\u00e4bisch Hall auf: handeln Sie jetzt und nutzen Sie alle Ihre zur Verf\u00fcgung stehenden M\u00f6glichkeiten! Tun Sie alles daf\u00fcr, mehr Unterk\u00fcnfte in allen Gemeinden zur Bew\u00e4ltigung dieser humanit\u00e4ren Herausforderung zur Verf\u00fcgung zu stellen!<\/p>\n<div class=\"pdf24Plugin-cp\"> \t<form name=\"pdf24Form0\" method=\"post\" action=\"https:\/\/doc2pdf.pdf24.org\/wordpress.php\" target=\"pdf24PopWin\" onsubmit=\"var pdf24Win = window.open('about:blank', 'pdf24PopWin', 'resizable=yes,scrollbars=yes,width=600,height=250,left='+(screen.width\/2-300)+',top='+(screen.height\/3-125)+''); pdf24Win.focus(); if(typeof pdf24OnCreatePDF === 'function'){void(pdf24OnCreatePDF(this,pdf24Win));}\"> \t\t<input type=\"hidden\" name=\"blogCharset\" value=\"Cw1x07UAAA==\" \/><input type=\"hidden\" name=\"blogPosts\" value=\"MwQA\" \/><input type=\"hidden\" name=\"blogUrl\" value=\"yygpKSi20tcvLy\/Xy8jPSM3LARK6pXnpqWmZOSWpRSV6KakA\" \/><input type=\"hidden\" name=\"blogName\" value=\"88jPSM3LARK6pXnpqWmZOSWpRSUA\" \/><input type=\"hidden\" name=\"blogValueEncoding\" value=\"gzdeflate base64\" \/><input type=\"hidden\" name=\"postId_0\" value=\"M7S0tDQHAA==\" \/><input type=\"hidden\" name=\"postTitle_0\" value=\"FYwxCsJAEEWvMiCklq2EVKkUtLbfZL+bwckQZjcEO+\/gBTyIld7EkzhWn897vGazCyG0XblJjxXWwxatvsaaF83Nn29b+t4f72c3zxChhEJHtmF0OcNojwmsCRZrocvnZeQX5AjD6C3QGVbB4j3iiU5R09XAhQ5R5Ac=\" \/><input type=\"hidden\" name=\"postLink_0\" value=\"yygpKSi20tcvLy\/Xy8jPSM3LARK6pXnpqWmZOSWpRSV6Kan69gW2hpaWluYA\" \/><input type=\"hidden\" name=\"postAuthor_0\" value=\"S0zJzcwDAA==\" \/><input type=\"hidden\" name=\"postDateTime_0\" value=\"MzIwNNU1NNA1MFUwMrAyNLAyNQQA\" \/><input type=\"hidden\" name=\"postContent_0\" value=\"hVXLbhtHELznK9q3BKCpxIhgwyAESJBixZYMBZIjILehtnd3wplZYh4mwp\/RRd+gk277Y6nuIU09EOfE5U5Pd3VVde9seTBLOQ6hO\/ireLrq2Rs6TP+4Oa84zjmWkPEbbehK6Kg3mRqO9MnGmx6nHZ4\/sGcb8BZngeccEOHJeDofQjbdhN68m9IlLzN73KA3P\/+yP6E5L0wImTru5AouHXG66V1JidYl0leOjb3pM2c9cqzlG0502LDr2TYp2zYn8jbTr5N9+qOYBgg8LkT6m5\/0QD\/Oberx+\/ZJ2E+E1wTsUtjyeOtQkc7Hu7gWlG\/JFPzHOSAcLpfsHGBL7JASh4kSYdCtSXRmgqRNxmcqoaGzYWHcmm0GatzuOCEg06rEhqezvQ3js73lwQ8zKMD+4CIysqKbzNbVXiNdZtNkULEyTjLtaNe6CPhoupRne7j\/Ldcm9wawMPZIoLRL+x\/J3r9Adz54hpCBUuYezaxsVFKiXurieD\/eikp98SbYDPrw5xTVSmoH9BsrBxLsOK8l9KPp45p7WItsoJMSh6VRK4TxAYimdFoEb87IwXiir0Og39z4AEc4q+lwQp+i5S69VsZPHAITzGTVMvMo4uGhhMSR6dS6lqd0NTRVHxiIEkihdnxAI5YT0zmLE3AH3RH66MQPQH3N3Zw7BzUF2qFTz3ClMjJiklQ8G+8Ec80V6QSd1wrCF3wzyGmSfiXqopXkefK8NI5tHxEQTM\/rIm0mCYTncHoJQ5lsQQaOdDJTHh\/ymsN0q9axZTpCT5hMG4IS0Gxf7CRPIqYDZSTZt5j\/hGghr4aoZpOLz2QUeNtWMOPnZrwFqddocDVoNgNtFG9lZ2hbDgsksiLZ5yHj9godZbUckH6AV9ZqjlSV2Mi1tSxKALCJOkPgZ0rS32e8jLodNu1ZJ9WU2gAukTlIuj5WA2gpVF+xIFlASAytltuqDINFOizdIyLRVR3xx\/vt\/6ZnQn68r8CaqEZtUAoctlCy9RwXWBHkjWg9kc2RqgBWTQdKJdNq6F1v5uJnNRZWxwI+g02ODBp8fQ3kuW5TCCkEHHPJspgQCYd5L\/4ZkHYLXVRr9UEN9x3RlZXHbhTRNFcQwmkQgKEo2WqxDqC\/+BbCby0FjaQvZAqt9tMA\/Hhrsb4G74t40vpdV+S5xx7FVL3dp4s4wA6V5ycbfPcZqsTFlhYypsemcFyXhP2EgcabV4\/0o2rclyv68qZfjXfY\/ujr1GBNConqx2+EPYH4Ih5ivsfHEJFOppLxxcFm0zShyDzqS0Qy\/Q4X6icNRIMT\/Y7VTapmHe\/VgGJKDq\/oquyupo1LJ5WiL0LBQlita9PoxO0QS40jBk6Xbf1aVoG\/t5efA8Na2ahYefwX\" \/> \t\t<a href=\"https:\/\/www.pdf24.org\" target=\"_blank\" title=\"www.pdf24.org\" rel=\"nofollow\"><img src=\"https:\/\/www.hohenlohe-ungefiltert.de\/wp-content\/plugins\/pdf24-post-to-pdf\/img\/pdf_32x32.png\" alt=\"\" border=\"0\" height=\"32\" \/><\/a> \t\t<span class=\"pdf24Plugin-cp-space\">&nbsp;&nbsp;<\/span> \t\t<span class=\"pdf24Plugin-cp-text\">Sende Artikel als PDF<\/span> \t\t<span class=\"pdf24Plugin-cp-space\">&nbsp;&nbsp;<\/span> \t\t<input class=\"pdf24Plugin-cp-input\" style=\"margin: 0px;\" type=\"text\" name=\"sendEmailTo\" placeholder=\"Emailadresse\" \/> \t\t<input class=\"pdf24Plugin-cp-submit\" style=\"margin: 0px;\" type=\"submit\" value=\"Senden\" \/> \t<\/form> <\/div>","protected":false},"excerpt":{"rendered":"<p>Zum Thema Asylbewerberunterbringung hat der Kirchberger Gemeinderat neben dem am Montag, 28. September 2015, bekannt gegebenen Beschluss zur verdichteten Belegung des Adelheidstifts mit 4,5 Quadratmeter je Asylbewerber (bisher 7 Quadratmeter) bis einschlie\u00dflich M\u00e4rz 2017 auch einen Appell beschlossen, der an das Landratsamt und Lokalzeitungen gesandt wurde. Pressemitteilung der Stadtverwaltung Kirchberg an der Jagst Appell des [&hellip;]<\/p>\n","protected":false},"author":1,"featured_media":0,"comment_status":"open","ping_status":"open","sticky":false,"template":"","format":"standard","meta":[],"categories":[1,2,8,3],"tags":[],"_links":{"self":[{"href":"https:\/\/www.hohenlohe-ungefiltert.de\/index.php?rest_route=\/wp\/v2\/posts\/19997"}],"collection":[{"href":"https:\/\/www.hohenlohe-ungefiltert.de\/index.php?rest_route=\/wp\/v2\/posts"}],"about":[{"href":"https:\/\/www.hohenlohe-ungefiltert.de\/index.php?rest_route=\/wp\/v2\/types\/post"}],"author":[{"embeddable":true,"href":"https:\/\/www.hohenlohe-ungefiltert.de\/index.php?rest_route=\/wp\/v2\/users\/1"}],"replies":[{"embeddable":true,"href":"https:\/\/www.hohenlohe-ungefiltert.de\/index.php?rest_route=%2Fwp%2Fv2%2Fcomments&post=19997"}],"version-history":[{"count":6,"href":"https:\/\/www.hohenlohe-ungefiltert.de\/index.php?rest_route=\/wp\/v2\/posts\/19997\/revisions"}],"predecessor-version":[{"id":20020,"href":"https:\/\/www.hohenlohe-ungefiltert.de\/index.php?rest_route=\/wp\/v2\/posts\/19997\/revisions\/20020"}],"wp:attachment":[{"href":"https:\/\/www.hohenlohe-ungefiltert.de\/index.php?rest_route=%2Fwp%2Fv2%2Fmedia&parent=19997"}],"wp:term":[{"taxonomy":"category","embeddable":true,"href":"https:\/\/www.hohenlohe-ungefiltert.de\/index.php?rest_route=%2Fwp%2Fv2%2Fcategories&post=19997"},{"taxonomy":"post_tag","embeddable":true,"href":"https:\/\/www.hohenlohe-ungefiltert.de\/index.php?rest_route=%2Fwp%2Fv2%2Ftags&post=19997"}],"curies":[{"name":"wp","href":"https:\/\/api.w.org\/{rel}","templated":true}]}}