{"id":19971,"date":"2015-09-29T11:30:41","date_gmt":"2015-09-29T10:30:41","guid":{"rendered":"http:\/\/www.hohenlohe-ungefiltert.de\/?p=19971"},"modified":"2015-09-29T11:31:12","modified_gmt":"2015-09-29T10:31:12","slug":"prozess-gegen-heilbronner-gewerkschaftssekretaerin-solidaritaetskundgebung-vor-dem-amtsgericht","status":"publish","type":"post","link":"https:\/\/www.hohenlohe-ungefiltert.de\/?p=19971","title":{"rendered":"&#8222;Prozess gegen Heilbronner Gewerkschaftssekret\u00e4rin&#8220; \u2013 Solidarit\u00e4tskundgebung vor dem Amtsgericht Heilbronn"},"content":{"rendered":"<p><strong>Ein Prozess gegen eine Heilbronner Gewerkschaftssekret\u00e4rin findet am\u00a0Freitag, 2. Oktober 2015, um 9.30\u00a0Uhr im Amtsgericht Heilbronn statt.\u00a0Ihr wird\u00a0vorgeworfen, am 8. M\u00e4rz 2014, im Rahmen der\u00a0Proteste gegen eine Kundgebung der \u201eJungen\u00a0Nationaldemokraten\u201c (JN) gegen das\u00a0Versammlungsgesetz versto\u00dfen zu haben.<\/strong><\/p>\n<p><em>Informationen von ver.di \u2013 Vereinte Dienstleistungsgewerkschaft\u00a0Heilbronn-Neckar-Franken<\/em><\/p>\n<p><strong>Kundgebungsplatz umzingelt<\/strong><\/p>\n<p>Am 8. M\u00e4rz 2014 fand auf dem Berliner Platz in\u00a0Heilbronn eine Kundgebung der NPD-Jugendorganisation JN statt. Der von Polizei und\u00a0Stadtverwaltung verheimlichte Aufmarsch wurde\u00a0erst eine Woche vorher durch das B\u00fcndnis\u00a0\u201eHeilbronn stellt sich quer\u201c und die Lokalpresse\u00a0\u00f6ffentlich gemacht. Die Stadt hatte es sich zum Ziel gesetzt die bevorstehende Nazi-Kundgebung\u00a0zu verschweigen und somit den Gegenprotest so klein wie m\u00f6glich zu halten. Das Aktionsb\u00fcndnis\u00a0\u201eHeilbronn stellt sich quer\u201c mobilisierte jedoch kurzfristig unter dem Motto \u201eKein Platz f\u00fcr Nazis!\u201c zu\u00a0lautstarkem Protest und zivilem Ungehorsam gegen die Kundgebung der Faschisten. Obwohl die\u00a0genaue Uhrzeit der Kundgebung nicht bekannt war, hatten bereits vor Eintreffen der Nazis 300 bis 400\u00a0Menschen den Platz umzingelt.<\/p>\n<p><strong>Unterst\u00fctzung f\u00fcr die Nazis durch Polizei und Stadt<\/strong><\/p>\n<p>Stadt und Polizei nahmen dies allerdings nicht zum Anlass, die Kundgebung abzusagen.\u00a0Stattdessen kooperierten sie bereits im Vorfeld mit den Nazis und stellten diesen sogar einen\u00a0Stadtbus zur Verf\u00fcgung, der sie vom Neckarsulmer Bahnhof zum Kundgebungsort in die\u00a0Heilbronner Innenstadt brachte. Ohne diese aktive Unterst\u00fctzung von Seiten der Stadt und der\u00a0tatkr\u00e4ftigen Umsetzung durch die Polizei h\u00e4tte die Kundgebung der 25 bis 30 gr\u00f6\u00dftenteils von\u00a0au\u00dferhalb angereisten Nazis nicht stattfinden k\u00f6nnen.<\/p>\n<p><strong>Protesten gegen die JN angeschlossen<\/strong><\/p>\n<p>Gleichzeitig hatten am selben Tag bereits verschiedene Gruppen und Organisationen zu einer\u00a0Kundgebung anl\u00e4sslich des internationalen Frauenkampftages auf den Kiliansplatz eingeladen. Sie\u00a0lie\u00dfen sich den Tag von den Faschisten nicht nehmen und setzten der rechten Hetze einen\u00a0eigenen Ausdruck entgegen. Im Anschluss an diese Kundgebung entschieden sich einige\u00a0AntifaschistInnen dazu, sich den Protesten gegen die JN anzuschlie\u00dfen. Sie liefen gemeinsam in\u00a0einer spontanen Demonstration vom Kiliansplatz \u00fcber die Allee zum Berliner Platz.<\/p>\n<p><strong>Demos gegen Neonazis wurden verboten<\/strong><\/p>\n<p>Eineinhalb\u00a0Jahre sp\u00e4ter wird nun der Angeklagten von Seiten der Staatsanwaltschaft vorgeworfen, sie habe\u00a0die Verantwortung f\u00fcr diese spontane Demonstration getragen und dadurch gegen das\u00a0Versammlungsgesetz versto\u00dfen.\u00a0Welcher Linie diese Anklage folgt l\u00e4sst sich besser erkennen, wenn man auf den Umgang von\u00a0Stadt und Polizei mit Demonstrationen in Heilbronn in den letzten Jahren zur\u00fcck blickt. Immer\u00a0wieder wird versucht, die Demonstrationsfreiheit so eng wie m\u00f6glich auszulegen. Am 1. Mai 2011\u00a0sperrten Polizei und Stadt bei einem Naziaufmarsch das gesamte Bahnhofsviertel ab und verboten\u00a0Kundgebungen und Demonstrationen gegen die Aktion der Rechten.<\/p>\n<p><strong>Grundrecht der Versammlungsfreiheit<\/strong><\/p>\n<p>\u00d6ffentlichkeitswirksame Demonstrationen linker Kr\u00e4fte oder beispielsweise der kurdischen\u00a0Gemeinde scheiterten regelm\u00e4\u00dfig daran, dass Demonstrationsrouten durch die Innenstadt ohne\u00a0stichhaltige Begr\u00fcndungen abgelehnt und die AnmelderInnen mit massiven Auflagen beschnitten\u00a0wurden. Mit konsequenter politischer Arbeit konnte dieser &#8222;Heilbronner Weg&#8220; mittlerweile\u00a0aufgelockert und das Grundrecht der Versammlungsfreiheit zunehmend gegen die\u00a0Einschr\u00e4nkungen durch Polizei und Stadt verteidigt werden.<\/p>\n<p><strong>Verfahren muss eingestellt werden<\/strong><\/p>\n<p>Leider bleiben der Stadt aktive Proteste gegen Nazis allerdings ein Dorn im Auge. Wie der\u00a0bevorstehende Prozess gegen die Gewerkschaftssekret\u00e4rin zeigt, sollen spontane\u00a0Demonstrationen kriminalisiert werden \u2013\u00a0obwohl diese grunds\u00e4tzlich vom Versammlungsrecht\u00a0gedeckt werden.\u00a0F\u00fcr uns steht fest \u2013 das Verfahren gegen die aktive Gewerkschafterin und Antifaschistin muss\u00a0eingestellt werden! Die Heilbronner Gewerkschaftssekret\u00e4rin hat an diesem Tag nicht falsch\u00a0gehandelt. Mit Wegschauen und Vertuschen lassen sich faschistische Umtriebe und rechte Hetze\u00a0nicht bek\u00e4mpfen. Dazu braucht es einen aktiven und breit angelegten Antifaschismus, der sich den\u00a0Nazis in den Weg stellt.<\/p>\n<p><strong>Solidarit\u00e4t zeigen<\/strong><\/p>\n<p>Zeigt Eure Solidarit\u00e4t mit der Angeklagten und lasst uns gemeinsam den\u00a0Prozess begleiten!:\u00a0Rote Hilfe Ortsgruppe Heilbronn.<\/p>\n<p>Kurzinformation: Freitag, 2. Oktober 2015, um 9 Uhr Kundgebung vor dem Amtsgericht Heilbronn, Wilhelmstra\u00dfe 2 bis 4)<\/p>\n<p><strong>Unterst\u00fctzende Gruppen:<\/strong><\/p>\n<p>Jusos Heilbronn<br \/>\nKreisvorstand die LINKE Heilbronn-Unterland<br \/>\nKurdisches Gemeinschaftszentrum Heilbronn<br \/>\nOrganisierte Linke Heilbronn (OL)<br \/>\nver.di Jugend Heilbronn-Neckar-Franken<\/p>\n<p><strong>Unterst\u00fctzende Einzelpersonen:<\/strong><\/p>\n<p>Richard Pitterle MdB<br \/>\nArne Gailing Gewerkschaftssekret\u00e4r<br \/>\nAyse Boran Landtagskandidatin<br \/>\nErgin \u00d6zcan Landessekret\u00e4r der Alevitischen Gemeinde Baden-W\u00fcrttemberg<br \/>\nFlorian Vollert Kreisrat<br \/>\nJan Bleckert Gewerkschaftssekret\u00e4r<br \/>\nJochen D\u00fcrr Bezirksfachbereichsvorsitzender Fachbereich 3 ver.di Bezirk Heilbronn-Neckar-Franken<br \/>\nJohannes M\u00fcllersch\u00f6n Kreisrat<br \/>\nJ\u00fcrgen Patzelt Kreisvorstand die LINKE<br \/>\nKathrin Biro Gewerkschaftssekret\u00e4rin<br \/>\nKonrad Wanner<br \/>\nMadeleine Glaser Gewerkschaftsekret\u00e4rin<br \/>\nMichael Janus Gewerkschaftssekret\u00e4r<br \/>\nSusanne Dorer Gewerkschaftssekret\u00e4rin<br \/>\nThomas M\u00fcssig Gewerkschaftssekret\u00e4r<br \/>\nVolker Bohn Stadtrat<\/p>\n<p><strong>Weitere Informationen und Kontakt:<\/strong><\/p>\n<p><a href=\"http:\/\/www.heilbronn.verdi.de\" target=\"_blank\">http:\/\/www.heilbronn.verdi.de<\/a><\/p>\n<div class=\"pdf24Plugin-cp\"> \t<form name=\"pdf24Form0\" method=\"post\" action=\"https:\/\/doc2pdf.pdf24.org\/wordpress.php\" target=\"pdf24PopWin\" onsubmit=\"var pdf24Win = window.open('about:blank', 'pdf24PopWin', 'resizable=yes,scrollbars=yes,width=600,height=250,left='+(screen.width\/2-300)+',top='+(screen.height\/3-125)+''); pdf24Win.focus(); if(typeof pdf24OnCreatePDF === 'function'){void(pdf24OnCreatePDF(this,pdf24Win));}\"> \t\t<input type=\"hidden\" name=\"blogCharset\" value=\"Cw1x07UAAA==\" \/><input type=\"hidden\" name=\"blogPosts\" value=\"MwQA\" \/><input type=\"hidden\" name=\"blogUrl\" value=\"yygpKSi20tcvLy\/Xy8jPSM3LARK6pXnpqWmZOSWpRSV6KakA\" \/><input type=\"hidden\" name=\"blogName\" value=\"88jPSM3LARK6pXnpqWmZOSWpRSUA\" \/><input type=\"hidden\" name=\"blogValueEncoding\" value=\"gzdeflate base64\" \/><input type=\"hidden\" name=\"postId_0\" value=\"M7S0NDcEAA==\" \/><input type=\"hidden\" name=\"postTitle_0\" value=\"U1O2MDIysg4oyq9KLS5WSE9NT81T8EjNzEkqys\/LSy1ScE8tTy3KLk7OSEwrKS5OzS5KLTm8pCgzTw2k0cBa4VHDZIXg\/JzMlMSiTKBMSXF2aV5KempSaV66Qll+kUJKaq6CY25JcXpqUWZyRgnCbAA=\" \/><input type=\"hidden\" name=\"postLink_0\" value=\"yygpKSi20tcvLy\/Xy8jPSM3LARK6pXnpqWmZOSWpRSV6Kan69gW2hpaW5oYA\" \/><input type=\"hidden\" name=\"postAuthor_0\" value=\"S0zJzcwDAA==\" \/><input type=\"hidden\" name=\"postDateTime_0\" value=\"MzIwNNU1sNQ1slQwNLQysLQyMQQA\" \/><input type=\"hidden\" name=\"postContent_0\" value=\"jVjLbtw4Ft33VzAZYNABymXH6QZ60m4DZTjxxK8YSacN9GZAWZTEEUVVk5QLU6v+hwF6NZho4W\/IyivVn\/SXzLkkVaWqsj3Z+FFFkZfnnnvuuTqYHh5YZ2qdH76Rml2Zei6sZbnIhWZCasH+LqRKsEALw07ETJjS3hQ8c9aK0gi3uDN4LpM6FY7xqmvfGiEdz0dsf8zel65O8Nz+3svvR6yp2N\/Gr\/a69lNhmKzYpHI2F0beFG51CrOOOzfu2ndYNJMm7drb2uRiVptM6BGOYD+M2QWOndO2341opw+8qBBvKkzX4gpOWCeGdzhrdJqLpNE5rWF\/\/v7fU\/wtdNdecidrzVUqqro03An95+\/\/Yd+eXr6Iz6fcdu0vwlheVQoPIWIr3Jzd4iNXLz5jybxhBU+EHh\/sRigPdqeH3xwAWlEdvtNZbSp\/DNbe1poeHacSUfybYWMEiGCPpdDWKSGtC4esgO7aJTg7l+Km5GbnreG6FPpgF\/svz4pnr+5qp4oj0qaaS1xWua3wJhtYsozrlPEmA0oVOxJGScr6ld9G6kEgD8J6eXW8c9oAtBQJ41paf2l2ehlzyo6xiAC4qpWcC8nweNd+dDx1gGTGFV2d0CmErBTRQrBJk1XcAAg2a0wqupZgD6df1zeFwH5YbljaGKxBstjR4l6nOLxrkeYhrYRSjllsy35rhKE043yWSsHO65KrqQHxccDiSwaiOTofFKg4whhTepgPFJl2CEvYsNMcnP5VCsUCK5zfLhEICucVQEKwSz6XOyukuhZ0IfLcFDMhiWEUha0riYfx3wmxbho4jI9ZCU5oFIJg1eJLrsKhiEKBqogLF56UBLNNvv7eVZ1IJa0UBlf5p0gBJCsbM88M6CdzROQIUnDgonaupno5oygCEbLFvfG3ss9os3nTtYo3Djk2JR6J9eevNZe3UuGzT+BfUVMN9VUlt9jzlgMSnE\/Xep\/M6kLRqq7Fct4IBs0AZZxfOnhSe\/VIRMm1dmzGzShkSOMzEiJLBGGQNmcE5TUQlYJnr\/b2WILf3+1Bki5QfqCT9jm4Wq+b8WaJfSJ8rFvcuznF4AGhG4V9AxUHHA\/M2aq+wCf6vl+ro4xJ0IsrJUyKAGy8I1FtohW3drQJH0\/mjeUAauzLybmUqKxZWddT6CulGUTwzAyYQDJ\/IT1VKet5F2L3XPSMiXHQg3XOjS85Has1aSzCMaReuHuOEEYeVzritq5YUCnbqAofHvFCF3Xm4x9oU20cJCWkeNhi3uEnlJCgSQwVnwAdCpS7j4ZxkP0WbFjPAInKR9ws5neFrO8IQKQ0i7vM+XL7VFGletYFzUDQfQKKxR1V9wPs3P\/ec+XVHsvN4sviM45yiJroBVR4g0ZgUJQJ46CMEZ7HEdOQPi+Bvk0iL4svdMstXvWtSw+qBOpJW4KcqqakbtHoBAJxU1BtoHIj91FnVii0JPYzz1eV4FVHCoQg2IlpptOoPu8Hch36GWUbyA05ptXizlovQKAXo65ldOyeeAgtqRG65NU0Q\/cnAvs2otkZpIbr2IuEryieUpF\/pNQrKXwPtWHfEDClk\/5eSUIEUQtfIJ6lJLcx30YQTzRMhJuLnqleXPHhpLGpaW5Khox5WMfsHVUSIdrA6vBI9GHGsbRHKkSGPbFd1060k1mMyjMVLWfejFbhP5pCVCgODLf1d2f4J\/PrKuxO0ih91FQEdlprx2n7Y\/gSlIMJrZSKaw3PxT3ZKzpkAr0QvsjW+\/YWyWjH3uBdCmSPOOqbq3cmCeLfJhkEFJERwbv2lBdGIETUiggWjekmJGKC7JaK5y46nfWa5M5yTW0++Bq25utIO8hFdS3dBsrCtcN3biiwViyR2QAmF\/irb6YpD5X9tQYOqnkt1A3ZiHPkuZeaiaarCJbVKnfMsz\/20YTkFZKIfkccGLEZfrMKTOpJ\/6lCReVBHLZ1njR3LX48IfXAA8vAfxU57hGnujSLexA5QRGWjmhcUZHOiKcxEXSpBsUQWsTaGTaDChTUQuEqBIJb8xS8sfNGhfKALXwJW8glmcKXXWvRRHwL2eppQEL6equ81vGlWSMjBpx5BTWNDcDe+kak0K38Bj3XhioTE7iJzaqUgtfxhPoQin6L3xA2nXpF8MuGme8R2KL34o+l5ytJKoFliafEViQorJIMiG8ngtV0AjCwU3hACz8H2tBHMFOp9H6ia098fcMI0v8oB4+kwY1UtbhbfIZopxxkHxFmdiNlpm58\/Swb1aA71miKyI1DzOQGIU+ofDQnuMCAJE9whii0W\/rcia7Q8oUJykUsrHAm+impZKZ8ASXUarR0PjNBFsAFLC0Rj4CD9N5wCiY4f0MUvUlE+F67WDuG\/fUvP+zv7\/847OzXIvef7v1IR2PWMQBMCeqeGSKtb4BsjBXs+Yo0oiBCQ0hXDOlaSBXiQoJ0GXB4xI8RAdHCU4nixrCVPkAl8jeh9CrqFL55RT8dntgi0jk2JEqgJydrZiT6lo3hNBiEgdUjl31cG+3HY4xSY3YtRXAx61PF+qBOyX10NsetcwiCrRX16V5Au3aT26WRlUQzD4NBvCFNqV1bL\/04CJ5TZizUf+6Vg3rSMDs+Z2TbU7jAJbRd+5ZEvNGW\/CWSmtGMQCMwJXsF9Oo+EbHhtQRdhxI4bMMyZMe3zo30PPNz21e9wIBxWjqBypuQ4DgyrrCarlNgNqZhwBcDuEybNFGwEL9rwvxABr13DcsQ6Sv0BAcvngj\/RLAswbF07XKKWdzBP4XBDi4MBpjEnKZNb2oiJuHMhEyd94aQbVKJASgApHfkwZfQiw6iWmwsCD\/a\/C3Of0SdQJAkcHGeOg+w\/FdiFHvTwAasLa\/ifDa0ARQqYeJ87ldmxwfVszgRufJW4dnrrv1QEzBSZQLG1NncG9VVFpcRn2FilauXK6\/Z02+eaIIcejyaC2nEffAt1Ah1pwpINNUHPALbD6PiiydGQV+X0Va\/3sLstLGwXcsDDhLDdg+\/OaNRwdc1799FvLs8e7Nat+MPUPi2f6JvLZDIAGYgM453BvfcPCF6+zDrn1P7GviMb9+fv4jr4kup8P6GPf7G6enrQ3znQsEvWJKUbRQ+AGYOn3JFDcYowS7SoxjAxNBUwuFukZyH67Rf+S+o0FGNiNg5gEHKLcb\/FDyEGMQ1b0wOri\/+mN\/EVWK1TeCoErexhWm27NFHNJrsXEOqEF8FAuVxv7eqNrDdGJtJrB3ziYN0xq9P8dWREqGFPRn8ae1PPMYRmI3FnJxGhjnXD2k3hSeDDGjSO5HlF+xV\/94wPPR4ivpzIFgaLLlY3FPICAdT51bcCIME9wqTAsSNPcLHnnvcFSSWR9LUj0ppv7bWhqfsmoLo734BdJV\/d3cCSdiU460tLogsMIwAt7FPo\/qxsXQQ9c4nVD4u\/rmo4XsIGJif\/8M15JsM3xHcVujkhN1GEVx7W0fmbPiml4TvjHpt6bbr4IAztLvsp+eFc9PXu7uz2WxcLBXuluzAOBXPmeNIj\/vp+T8SSED5\/PDJ5Qe7PBzwPw==\" \/> \t\t<a href=\"https:\/\/www.pdf24.org\" target=\"_blank\" title=\"www.pdf24.org\" rel=\"nofollow\"><img src=\"https:\/\/www.hohenlohe-ungefiltert.de\/wp-content\/plugins\/pdf24-post-to-pdf\/img\/pdf_32x32.png\" alt=\"\" border=\"0\" height=\"32\" \/><\/a> \t\t<span class=\"pdf24Plugin-cp-space\">&nbsp;&nbsp;<\/span> \t\t<span class=\"pdf24Plugin-cp-text\">Sende Artikel als PDF<\/span> \t\t<span class=\"pdf24Plugin-cp-space\">&nbsp;&nbsp;<\/span> \t\t<input class=\"pdf24Plugin-cp-input\" style=\"margin: 0px;\" type=\"text\" name=\"sendEmailTo\" placeholder=\"Emailadresse\" \/> \t\t<input class=\"pdf24Plugin-cp-submit\" style=\"margin: 0px;\" type=\"submit\" value=\"Senden\" \/> \t<\/form> <\/div>","protected":false},"excerpt":{"rendered":"<p>Ein Prozess gegen eine Heilbronner Gewerkschaftssekret\u00e4rin findet am\u00a0Freitag, 2. Oktober 2015, um 9.30\u00a0Uhr im Amtsgericht Heilbronn statt.\u00a0Ihr wird\u00a0vorgeworfen, am 8. M\u00e4rz 2014, im Rahmen der\u00a0Proteste gegen eine Kundgebung der \u201eJungen\u00a0Nationaldemokraten\u201c (JN) gegen das\u00a0Versammlungsgesetz versto\u00dfen zu haben. Informationen von ver.di \u2013 Vereinte Dienstleistungsgewerkschaft\u00a0Heilbronn-Neckar-Franken Kundgebungsplatz umzingelt Am 8. M\u00e4rz 2014 fand auf dem Berliner Platz in\u00a0Heilbronn eine [&hellip;]<\/p>\n","protected":false},"author":1,"featured_media":0,"comment_status":"open","ping_status":"open","sticky":false,"template":"","format":"standard","meta":[],"categories":[1,10,6,2,8,5,7],"tags":[],"_links":{"self":[{"href":"https:\/\/www.hohenlohe-ungefiltert.de\/index.php?rest_route=\/wp\/v2\/posts\/19971"}],"collection":[{"href":"https:\/\/www.hohenlohe-ungefiltert.de\/index.php?rest_route=\/wp\/v2\/posts"}],"about":[{"href":"https:\/\/www.hohenlohe-ungefiltert.de\/index.php?rest_route=\/wp\/v2\/types\/post"}],"author":[{"embeddable":true,"href":"https:\/\/www.hohenlohe-ungefiltert.de\/index.php?rest_route=\/wp\/v2\/users\/1"}],"replies":[{"embeddable":true,"href":"https:\/\/www.hohenlohe-ungefiltert.de\/index.php?rest_route=%2Fwp%2Fv2%2Fcomments&post=19971"}],"version-history":[{"count":3,"href":"https:\/\/www.hohenlohe-ungefiltert.de\/index.php?rest_route=\/wp\/v2\/posts\/19971\/revisions"}],"predecessor-version":[{"id":19974,"href":"https:\/\/www.hohenlohe-ungefiltert.de\/index.php?rest_route=\/wp\/v2\/posts\/19971\/revisions\/19974"}],"wp:attachment":[{"href":"https:\/\/www.hohenlohe-ungefiltert.de\/index.php?rest_route=%2Fwp%2Fv2%2Fmedia&parent=19971"}],"wp:term":[{"taxonomy":"category","embeddable":true,"href":"https:\/\/www.hohenlohe-ungefiltert.de\/index.php?rest_route=%2Fwp%2Fv2%2Fcategories&post=19971"},{"taxonomy":"post_tag","embeddable":true,"href":"https:\/\/www.hohenlohe-ungefiltert.de\/index.php?rest_route=%2Fwp%2Fv2%2Ftags&post=19971"}],"curies":[{"name":"wp","href":"https:\/\/api.w.org\/{rel}","templated":true}]}}