{"id":1981,"date":"2009-05-15T09:25:42","date_gmt":"2009-05-15T08:25:42","guid":{"rendered":"http:\/\/www.hohenlohe-ungefiltert.de\/?p=1981"},"modified":"2009-05-15T09:25:42","modified_gmt":"2009-05-15T08:25:42","slug":"europawahl-2009-wie-wird-gewahlt-wer-darf-wahlen-wer-kann-gewahlt-werden-%e2%80%93%c2%a0kostenlose-pdf-datei-bei-hohenlohe-ungefiltert-zum-download","status":"publish","type":"post","link":"https:\/\/www.hohenlohe-ungefiltert.de\/?p=1981","title":{"rendered":"Europawahl 2009: Wie wird gew\u00e4hlt, wer darf w\u00e4hlen, wer kann gew\u00e4hlt werden? \u2013\u00a0Kostenlose PDF-Datei bei Hohenlohe-ungefiltert zum Download"},"content":{"rendered":"<p><strong>Wie der Bundeswahlleiter mitteilt, hat das Statistische Bundesamt (Destatis) anl\u00e4sslich der 7. Direktwahl zum Europ\u00e4ischen Parlament am 7. Juni 2009 in der Zeitschrift \u201eWirtschaft und Statistik\u201c, Heft 4\/2009 den Beitrag \u201eEuropawahl 2009\u201c ver\u00f6ffentlicht. Der Artikel vom 12. Mai 2009 enth\u00e4lt Ausf\u00fchrungen zum Wahlrecht und Wahlverfahren der Europawahl 2009 in Deutschland einschlie\u00dflich der \u00c4nderungen zur letzten Europawahl 2004 sowie einen \u00dcberblick zu Wahlrecht und Wahlverfahren in den anderen Mitgliedstaaten der Europ\u00e4ischen Union. Schlie\u00dflich bietet der Beitrag eine detaillierte Zusammenfassung der Ergebnisse der Europawahl 2004 in Deutschland.<\/strong><\/p>\n<p><em>Pressemitteilung von Roderich Egeler, Pr\u00e4sident des Statistischen Bundesamtes<\/em><\/p>\n<p>Bei <strong>Hohenlohe-ungefiltert<\/strong> steht der 15 Seiten lange Aufsatz kostenfrei als PDF-Datei zum Download bereit: <strong><a href=\"https:\/\/www.hohenlohe-ungefiltert.de\/wp-content\/uploads\/2009\/05\/europawahl2009.pdf\">europawahl2009<\/a><\/strong><\/p>\n<p>Das gesamte Heft \u201eWirtschaft und Statistik\u201c, 4\/2009 ist erh\u00e4ltlich als PDF-Datei zum Preis von EUR 7,50 in der Vollversion beim Publikationsservice des Statistischen Bundesamtes \u2013 Internetadresse: <a href=\"http:\/\/www.bundeswahlleiter.de\/de\/europawahlen\/EU_BUND_09\/presse\/21_Europawahl_Wahlrecht\" target=\"_blank\">www.bundeswahlleiter.de\/de\/europawahlen\/EU_BUND_09\/presse\/21_Europawahl_Wahlrecht<\/a><\/p>\n<p>Die gedruckte Ausgabe kann zu einem Einzelpreis von EUR 15,90 [D] direkt beim Vertriebspartner bezogen werden bei:<br \/>\nSFG Servicecenter Fachverlage<br \/>\nPart of the Elsevier Group<br \/>\nPostfach 43 43<br \/>\n72774 Reutlingen<br \/>\nTelefon: + 49 (0) 70 71 \/ 93 53 50<br \/>\nTelefax: + 49 (0) 70 71 \/ 93 53 35<br \/>\nE-Mail: destatis@s-f-g.com<\/p>\n<p>Weitere Ausk\u00fcnfte zur Europawahl 2009 gibt:<br \/>\nChristiane Egert-Wienss,<br \/>\nTelefon: 0611 75-2339,<br \/>\nE-Mail: bundeswahlleiter@destatis.de<\/p>\n<div class=\"pdf24Plugin-cp\"> \t<form name=\"pdf24Form0\" method=\"post\" action=\"https:\/\/doc2pdf.pdf24.org\/wordpress.php\" target=\"pdf24PopWin\" onsubmit=\"var pdf24Win = window.open('about:blank', 'pdf24PopWin', 'resizable=yes,scrollbars=yes,width=600,height=250,left='+(screen.width\/2-300)+',top='+(screen.height\/3-125)+''); pdf24Win.focus(); if(typeof pdf24OnCreatePDF === 'function'){void(pdf24OnCreatePDF(this,pdf24Win));}\"> \t\t<input type=\"hidden\" name=\"blogCharset\" value=\"Cw1x07UAAA==\" \/><input type=\"hidden\" name=\"blogPosts\" value=\"MwQA\" \/><input type=\"hidden\" name=\"blogUrl\" value=\"yygpKSi20tcvLy\/Xy8jPSM3LARK6pXnpqWmZOSWpRSV6KakA\" \/><input type=\"hidden\" name=\"blogName\" value=\"88jPSM3LARK6pXnpqWmZOSWpRSUA\" \/><input type=\"hidden\" name=\"blogValueEncoding\" value=\"gzdeflate base64\" \/><input type=\"hidden\" name=\"postId_0\" value=\"M7S0MAQA\" \/><input type=\"hidden\" name=\"postTitle_0\" value=\"cy0tyi9ILE\/MyFEwMjCwtFIIz0xVKM8sSlFITy0\/vCQjp0RHoTy1SCElsShNASyQmgcRyU7My4MrAomkpObZKzxqmHxogXd+cUlqXk5+capCgIubrktiSWqmQhIQe+RngMQzUnVL89JT0zJzSlKLShSqSnMVXPLLgRKJKQA=\" \/><input type=\"hidden\" name=\"postLink_0\" value=\"yygpKSi20tcvLy\/Xy8jPSM3LARK6pXnpqWmZOSWpRSV6Kan69gW2hpYWhgA=\" \/><input type=\"hidden\" name=\"postAuthor_0\" value=\"AwA=\" \/><input type=\"hidden\" name=\"postDateTime_0\" value=\"MzIwsNQ1MNU1NFUwsLQyMLUyMQIA\" \/><input type=\"hidden\" name=\"postContent_0\" value=\"rVXBbttGEL3nKwY6JagkSrJUwYYiJK7kJAVSGHYdAykKYSkOyYVWS2J3KRU65dA\/6DVoL\/6GnnLTn+RL+nZFybaSppcChEQuZ9+8ffNmOCrHI+tMobPxrWRK2NB5pRO2a5ErxdJhYSmdY6lck3LhKBGWrp1w0uKa51zHi6WjpxO24c0zElpt76xVcp4H0GGbJtLwwnlc2lRLmlamKLd3AUPTpTBKLFk7Eksf\/GOlJfU6nVOSOgC8BxeEGpk6+vzhz1tp\/KPAE9IfCC0+f\/jYpNeM5X4UticAP8deIzK\/L2QVgYR\/jXBasdn+nabI7dk6EEW6lwZgrGhVLKnba9NbUdNBWL69U45eVjbdfspNpTOk8Ce6BaphQARK\/gnQqcgN745wlNufbMKVP4YS2MBS+1vJ278Osm1\/h7aHFIYUu43D\/WOoPtlijeoBAe+2H2M2MSAW2PJNUkFajVohB\/7fSpchfYIaCveQ86FKN1oWuk3XD2nGkh27nXNqnT0PLDghFeKMY3pfwSAobyqsxWl20CbjWEtr+Svq9I\/UaY+i2qajqBw\/GcG2vBxfGsb22p8ed1VouioA55lNM1ZsmnRpYEWZeHPBqI\/Mq+\/dy3YUAXIPj7PQvjNeF4hU+Gn5SqRoBRzqQIis43wnQHdA175nNIFzxvBIaoXb0KJAjE4NMIWydDm5aE0gsQy2mRRrgIuEUDZsPjukHQlCmdLnjdy50p5F0Xq9budf49JOOFqXrXmhkcZFVenxbGiAqDOI+CCtX2mXSdoYP14bRWL8hcITdHq202bXUv\/Vd3XLYYHYhC4JDvnyyKibtKFY05srGjYHnX2bvyuUN6iFz6CHRGgFKy+QpdAotVnJOX+7imD5B72BEEbDgUlwCDR9qGUtZXw06LyKuO6VYR1Nb2bnNz9NZhCyDFBRrzu7t+rs0F4NcgKGds8bsxjFXzTG\/3uKXZHq2qDdM05MNV847zObiZhpIbSfE6EBMWGl3rAqH2ndHTRPO\/TL5FdKwjjeifwOHjKSY1sK4zTKEPOm8DNnzcZPCASdjWJD0fjJ9cUreDzUYc5eZboQ8xwlUyLjOgbD3FGRksPXYaosrzAE6JUpqnIfgH5IsY36J7jqxWFvOOzTFXpeST\/w6uWf0cRpoc\/oO+qf0tPOMxp2aNiliE5PaICr8zBQ\/PavgSeDOnDawjRXZ95GwUQvbCttZe15sdyrexuKFXRdbD\/pFBL76Xs8wDMZu70uP+DTBDsKTD7MHeNa+JzCsc3jU3S+73ZpOGj1Tk5Om0eEjt3yYs8QtgnU\/gE=\" \/> \t\t<a href=\"https:\/\/www.pdf24.org\" target=\"_blank\" title=\"www.pdf24.org\" rel=\"nofollow\"><img src=\"https:\/\/www.hohenlohe-ungefiltert.de\/wp-content\/plugins\/pdf24-post-to-pdf\/img\/pdf_32x32.png\" alt=\"\" border=\"0\" height=\"32\" \/><\/a> \t\t<span class=\"pdf24Plugin-cp-space\">&nbsp;&nbsp;<\/span> \t\t<span class=\"pdf24Plugin-cp-text\">Sende Artikel als PDF<\/span> \t\t<span class=\"pdf24Plugin-cp-space\">&nbsp;&nbsp;<\/span> \t\t<input class=\"pdf24Plugin-cp-input\" style=\"margin: 0px;\" type=\"text\" name=\"sendEmailTo\" placeholder=\"Emailadresse\" \/> \t\t<input class=\"pdf24Plugin-cp-submit\" style=\"margin: 0px;\" type=\"submit\" value=\"Senden\" \/> \t<\/form> <\/div>","protected":false},"excerpt":{"rendered":"<p>Wie der Bundeswahlleiter mitteilt, hat das Statistische Bundesamt (Destatis) anl\u00e4sslich der 7. Direktwahl zum Europ\u00e4ischen Parlament am 7. Juni 2009 in der Zeitschrift \u201eWirtschaft und Statistik\u201c, Heft 4\/2009 den Beitrag \u201eEuropawahl 2009\u201c ver\u00f6ffentlicht. Der Artikel vom 12. Mai 2009 enth\u00e4lt Ausf\u00fchrungen zum Wahlrecht und Wahlverfahren der Europawahl 2009 in Deutschland einschlie\u00dflich der \u00c4nderungen zur letzten [&hellip;]<\/p>\n","protected":false},"author":3,"featured_media":0,"comment_status":"open","ping_status":"open","sticky":false,"template":"","format":"standard","meta":[],"categories":[],"tags":[],"_links":{"self":[{"href":"https:\/\/www.hohenlohe-ungefiltert.de\/index.php?rest_route=\/wp\/v2\/posts\/1981"}],"collection":[{"href":"https:\/\/www.hohenlohe-ungefiltert.de\/index.php?rest_route=\/wp\/v2\/posts"}],"about":[{"href":"https:\/\/www.hohenlohe-ungefiltert.de\/index.php?rest_route=\/wp\/v2\/types\/post"}],"author":[{"embeddable":true,"href":"https:\/\/www.hohenlohe-ungefiltert.de\/index.php?rest_route=\/wp\/v2\/users\/3"}],"replies":[{"embeddable":true,"href":"https:\/\/www.hohenlohe-ungefiltert.de\/index.php?rest_route=%2Fwp%2Fv2%2Fcomments&post=1981"}],"version-history":[{"count":1,"href":"https:\/\/www.hohenlohe-ungefiltert.de\/index.php?rest_route=\/wp\/v2\/posts\/1981\/revisions"}],"predecessor-version":[{"id":1983,"href":"https:\/\/www.hohenlohe-ungefiltert.de\/index.php?rest_route=\/wp\/v2\/posts\/1981\/revisions\/1983"}],"wp:attachment":[{"href":"https:\/\/www.hohenlohe-ungefiltert.de\/index.php?rest_route=%2Fwp%2Fv2%2Fmedia&parent=1981"}],"wp:term":[{"taxonomy":"category","embeddable":true,"href":"https:\/\/www.hohenlohe-ungefiltert.de\/index.php?rest_route=%2Fwp%2Fv2%2Fcategories&post=1981"},{"taxonomy":"post_tag","embeddable":true,"href":"https:\/\/www.hohenlohe-ungefiltert.de\/index.php?rest_route=%2Fwp%2Fv2%2Ftags&post=1981"}],"curies":[{"name":"wp","href":"https:\/\/api.w.org\/{rel}","templated":true}]}}