{"id":1974,"date":"2009-05-14T14:23:13","date_gmt":"2009-05-14T13:23:13","guid":{"rendered":"http:\/\/www.hohenlohe-ungefiltert.de\/?p=1974"},"modified":"2009-05-15T08:57:31","modified_gmt":"2009-05-15T07:57:31","slug":"der-crailsheimer-rechtsextremist-alexander-neidlein-hat-auch-bei-der-jn-demo-im-bayerischen-neu-ulm-federfuhrend-mitgewirkt","status":"publish","type":"post","link":"https:\/\/www.hohenlohe-ungefiltert.de\/?p=1974","title":{"rendered":"Der Crailsheimer Rechtsextremist Alexander Neidlein hat auch bei der JN-Demo im bayerischen Neu-Ulm federf\u00fchrend mitgewirkt \u2013 Der 34-j\u00e4hrige Hohenloher war Versammlungsleiter"},"content":{"rendered":"<p><strong>Der Rechtsextremist Alexander Neidlein aus Crailsheim, baden-w\u00fcrttembergischer Landesgesch\u00e4ftsf\u00fchrer der Jungen Nationaldemokraten (JN) und Vorsitzender des NPD-Kreisverbands Schw\u00e4bisch Hall\/Main-Tauber, hat am 1. Mai 2009, auch bei der JN-Demonstration im bayerischen Neu-Ulm als Versammlungsleiter federf\u00fchrend mitgewirkt. Im benachbarten Ulm auf baden-w\u00fcrttembergischer Seite der Donau hatte Neidlein die JN-Demonstration selbst angemeldet. In Ulm kam es zu gewaltt\u00e4tigen Auseinandersetzungen mit linken Gegendemonstranten. Siehe auch: <\/strong><a href=\"https:\/\/www.hohenlohe-ungefiltert.de\/wp-admin\/post.php?action=edit&amp;post=1934\" target=\"_blank\">www.hohenlohe-ungefiltert.de\/wp-admin\/post.php?action=edit&amp;post=1934<\/a><strong><br \/>\n<\/strong><\/p>\n<p><em>Von Ralf Garmatter, Hohenlohe-ungefiltert<\/em><\/p>\n<p><strong>Philipp Hassebach meldete JN-Demo in Neu-Ulm an<\/strong><\/p>\n<p>&#8222;Die Demonstration der Rechten in der Neu-Ulmer Innenstadt hat der 21-j\u00e4hrige Philipp Hasselbach, ein polizeibekannter Protagonist aus der bayerischen Kameradschaftsszene und Ex-Gesch\u00e4ftsf\u00fchrer und Ex-Schatzmeister im bayerischen Landesvorstand der &#8222;Jungen Nationaldemokraten&#8220; (JN), angemeldet. Hasselbach benannte Alexander Neidlein als Versammlungsleiter in Neu-Ulm. Sowohl Hasselbach als auch Neidlein haben au\u00dfer der Demo am 1. Mai bisher keine weitere Versammlung beim zust\u00e4ndigen Landratsamt Neu-Ulm angemeldet&#8220;, teilte die Beh\u00f6rde auf Nachfrage von Hohenlohe-ungefiltert mit.<\/p>\n<p>Weitere Informationen zu Alexander Neidlein, einem der f\u00fchrenden Personen der Neonazi-Szene in Hohenlohe, Baden-W\u00fcrttemberg und auch Sachsen gibt es im Internet unter anderem auf den Seiten <a href=\"http:\/\/www.taz.de\/index.php?id=archivseite&amp;dig=2005\/09\/07\/a0144 \" target=\"_blank\">www.roteshall.antifa.net\/aktuelles.html<\/a> \/\u00a0 <a href=\"http:\/\/de.wikipedia.org\/wiki\/Alexander_Neidlein\" target=\"_blank\">de.wikipedia.org\/wiki\/Alexander_Neidlein<\/a> \/ <a href=\"http:\/\/www.taz.de\/index.php?id=archivseite&amp;dig=2005\/09\/07\/a0144 \" target=\"_blank\">www.taz.de\/index.php?id=archivseite&amp;dig=2005\/09\/07\/a0144<br \/>\n<\/a><\/p>\n<p><strong>Im Landkreis Neu-Ulm gab es seit 2003 drei Neonazi-Aufm\u00e4rsche<\/strong><\/p>\n<p>Im Landkreis Neu-Ulm fanden nach Angaben des dortigen Landratsamts in den vergangenen Jahren insgesamt drei rechtsextremistische Aufm\u00e4rsche statt:<\/p>\n<p>Neo-Nazi-Aufm\u00e4rsche in Ulm und Neu-Ulm am 1. Mai 2009 mit insgesamt rund 1000 Teilnehmern.\u00a0 Zwei Gegendemonstrationen hierzu gab es in Ulm und Neu-Ulm. Die DGB-Kundgebung auf dem Ulmer M\u00fcnsterplatz wurde zur antinazistischen Protestveranstaltung mit Liedermacher Konstantin Wecker umfunktioniert. Laut Karl-Heinz Keller, dem Leiter der Polizeidirektion Ulm, reiste das &#8222;Gewaltpotenzial ausschlie\u00dflich von au\u00dfen&#8220; an; &#8222;die meisten kamen aus Stuttgart, Karlsruhe, Freiburg und auch aus Bayern&#8220;.<\/p>\n<p>Im Sommer 2004 fand ein angemeldeter Aufzug der &#8222;Kameradschaft Neu-Ulm&#8220; in Neu-Ulm statt. Daran beteiligten sich ebenfalls etwa 50 Rechtsextremisten aus der Region. Es gab Gegenproteste. Gewalttaten oder gar Ausschreitungen blieben aber aus.<\/p>\n<p>Im September 2003 marschierte der NPD-Kreisverband Neu-Ulm rund um den Marktplatz und das B\u00fcrgerhaus in Senden auf. Daran beteiligten sich etwa 50 Personen. Gleichzeitig demonstrierten etwa 200 B\u00fcrger gegen den Neonazi-Aufzug. Beide Demonstrationen waren angemeldet. Das Landratsamt Neu-Ulm erlie\u00df jeweils Auflagenbescheide. Bei den Versammlungen kam es zwar zu lautstarken verbalen, aber zu keinen gewaltt\u00e4tigen Auseinandersetzungen.<\/p>\n<p><strong>20.000 Gegendemonstranten in Neu-Ulm und Ulm<\/strong><\/p>\n<p>Zum Ablauf der Veranstaltungen am 1. Mai 2009 in Ulm und Neu-Ulm berichtet das Landratsamt Neu-Ulm: Am fr\u00fchen Nachmittag des 1. Mai fanden eine rechtsextremistische Demonstration der &#8222;Jungen Nationaldemokraten&#8220; (JN) in Ulm und anschlie\u00dfend (ab 16 Uhr) ein weiterer Aufzug von Neonazis in Neu-Ulm statt. An beiden Aufm\u00e4rschen beteiligte sich weitgehend derselbe Personenkreis. Den bei beiden Aufz\u00fcgen etwa 1000 rechtsgerichteten Demonstranten standen in der Doppelstadt Ulm\/Neu-Ulm etwa 20.000 Gegendemonstranten gegen\u00fcber. Die Rechtsextremisten kamen nach Ende des Aufzuges in Ulm nach Neu-Ulm. Nur in Ulm habe es Krawalle gegeben, die militante linksautonome Gegendemonstranten angezettelt worden seien: Sie warfen Flaschen, Pflastersteine und TNT-B\u00f6ller auf Polizeibeamte, setzten Papiercontainer in Brand und warfen eine Schaufensterscheibe ein. Schwarz gekleidete Sonderkr\u00e4fte der Polizei setzten zur R\u00e4umung des Bahnhofsplatzes in Ulm Schlagst\u00f6cke und Wasserwerfer-Fahrzeuge ein. Bilanz der Krawalle: Nach Angaben der Polizei seien 59 Personen verletzt worden, darunter 38 Polizisten. 130 Demonstranten wurden vor\u00fcbergehend in Gewahrsam genommen, 440 Platzverweise wurden erteilt.<\/p>\n<p>Au\u00dfer dem Neonazi-Aufmarsch in Neu-Ulm am 1. Mai fanden dort zwei andere Demonstrationen statt. Eine hatte der Deutsche Gewerkschaftsbund (DGB; Region Ulm\/Biberach) zum Tag der Arbeit angemeldet. Diese Demostration begann in Neu-Ulm und f\u00fchrte dann nach Ulm. Eine Gegendemo zum Neonazi-Aufmarsch hatte der SPD-Kreisverband Neu-Ulm angemeldet. Dort protestierten Vertreter und Anh\u00e4nger von SPD, Gr\u00fcnen, CSU, FDP und Freien W\u00e4hlern unter dem Motto: &#8222;Demokraten gegen Rechts&#8220; gegen den Aufmarsch der Rechtsradikalen. Die Partei &#8222;Die Linke&#8220; hatte ebenso wie die Antifa oder andere linksautonomen Gruppen keine Gegendemonstration angemeldet.<\/p>\n<p><strong>Wie will das Landratsamt Neu-Ulm Gewalt verhindern?<\/strong><\/p>\n<p>J\u00fcrgen Bigelmayr, Sprecher des Landratsamts Neu-Ulm: Vor jeder kritischen Versammlung, die angemeldet wird, finden Kooperationsgespr\u00e4che der Versammlungsbeh\u00f6rde mit der jeweiligen Stadt bzw. Gemeinde, den Sicherheitsorganen und dem\/den Versammlungsanmelder(n) statt.\u00a0 Diese haben zum Ziel, Gewalt und andere Exzesse &#8211; soweit m\u00f6glich &#8211; zu verhindern. So werden wir es auch bei k\u00fcnftigen Versammlungen aus dem extremen Spektrum handhaben. Im Landkreis Neu-Ulm gibt es nach unseren Informationen keine besonders auff\u00e4llige rechte Szene. F\u00fcr Ausk\u00fcnfte \u00fcber eine eventuelle rechte Szene in Ulm verweise ich auf die Polizeidirektion Ulm und die Stadt Ulm.<\/p>\n<p><strong>Wie begegnet der Landkreis Neu-Ulm dem Thema Rechtsextremismus?<\/strong><\/p>\n<p>In der Jugendarbeit: Der Kreisjugendring Neu-Ulm startete im April dieses Jahres ein Projekt mit dem Titel &#8222;Gr\u00f6\u00dfer 99 &#8211; Wir sind mehr&#8220;. Das Projekt wurde unabh\u00e4ngig von den Neonazi-Aufm\u00e4rschen in Neu-Ulm und Ulm geplant, erhielt dann aber durch diese eine aktuelle Brisanz. Im April und Mai fanden im Rahmen des Projekts mehrere Informationsveranstaltungen statt, bei denen kompetente Referenten \u00fcber das Thema &#8222;Rechtsextremismus&#8220; referierten. Am 1. Mai richtete der Kreisjugendring auf dem Neu-Ulmer Petrusplatz eine sechsst\u00fcndige Veranstaltung aus. Das Projekt wird mit weiteren Terminen bis Ende des Jahres fortgesetzt. (N\u00e4here Informationen siehe anh\u00e4ngende Dateien &#8222;Flyer_2.pdf&#8220; und &#8222;Pressebericht+1.+Mai aktuell.doc&#8220;).<\/p>\n<p>In der Bildungsarbeit: Auf Anordnung des bayerischen Kultusministeriums wird das Thema Nationalsozialismus und Rechtsextremismus in allen bayerischen Schulen der Sekundarstufe &#8211; also auch im Landkreis Neu-Ulm \u2013 f\u00e4cher\u00fcbergreifend thematisiert. Zum Beispiel benannte sich die Staatliche Realschule Neu-Ulm nach dem Freund der Geschwister Scholl und Mitglied in der Widerstandsgruppe &#8222;Wei\u00dfe Rose&#8220;, Christoph Probst. Seit M\u00e4rz 2005 hei\u00dft die Schule offiziell &#8222;Christoph-Probst-Realschule&#8220;. Die Realschule h\u00e4lt seither engen Kontakt zu der Familie des im Alter von 23 Jahren von den Nazis hingerichteten Widerstandsk\u00e4mpfers. Immer wieder finden Projekttage zum Thema &#8222;Nationalsozialismus und Rechtsextremismus&#8220; statt. Ein weiteres Beispiel: Die Berufsschule Neu-Ulm machte im Herbst 2008 ein Projekt unter dem Motto &#8222;Schule ohne Rassismus \u2013 Schule mit Courage&#8220;. Dabei wurde unter anderem eine Ausstellung des Verfassungsschutzes mit dem Titel &#8222;Die missbrauchte Religion \u2013 Islamisten in Deutschland&#8220; gezeigt. Drittes Beispiel: Sch\u00fclerinnen und Sch\u00fcler sowie Lehrkr\u00e4fte der Berufsschule Neu-Ulm sprachen sich im Vorfeld des Neonazi-Aufmarsches am 1. Mai 2009 gegen Rechtsextremismus und Rassismus aus und sammelten dagegen Unterschriften, die sich insgesamt auf zehn laufende Meter summierten. Nachdem sie von Landrat Erich Josef Ge\u00dfner geh\u00f6rt hatten, dass er die Demonstration der Nazis verurteilt, erkl\u00e4rten sie: \u201eWir stehen hinter unserem Landrat!&#8220;<\/p>\n<p>In der Gedenkst\u00e4ttenarbeit: Nachdem in den Jahren zuvor jeweils NPD-Aktivisten als Gruppe im Umfeld der zentralen Gedenkfeier f\u00fcr den Landkreis Neu-Ulm am Volkstrauertag\u00a0 auf der Kriegsgr\u00e4berst\u00e4tte Reutti (Stadtteil von Neu-Ulm) aufmarschiert waren, hat das Landratsamt Neu-Ulm im Sommer 2007 eine Friedhofssatzung erlassen, die unter anderem Veranstaltungen mit parteipolitischem Charakter auf dem Soldatenfriedhof untersagt. Das Dokumentationszentrum Oberer Kuhberg\/KZ-Gedenkst\u00e4tte liegt in der Stadt Ulm (Telefon: 0731\/21312, Fax: 0731\/9214056).<br \/>\nInternet: www.landkreis.neu-ulm.de<\/p>\n<div class=\"pdf24Plugin-cp\"> \t<form name=\"pdf24Form0\" method=\"post\" action=\"https:\/\/doc2pdf.pdf24.org\/wordpress.php\" target=\"pdf24PopWin\" onsubmit=\"var pdf24Win = window.open('about:blank', 'pdf24PopWin', 'resizable=yes,scrollbars=yes,width=600,height=250,left='+(screen.width\/2-300)+',top='+(screen.height\/3-125)+''); pdf24Win.focus(); if(typeof pdf24OnCreatePDF === 'function'){void(pdf24OnCreatePDF(this,pdf24Win));}\"> \t\t<input type=\"hidden\" name=\"blogCharset\" value=\"Cw1x07UAAA==\" \/><input type=\"hidden\" name=\"blogPosts\" value=\"MwQA\" \/><input type=\"hidden\" name=\"blogUrl\" value=\"yygpKSi20tcvLy\/Xy8jPSM3LARK6pXnpqWmZOSWpRSV6KakA\" \/><input type=\"hidden\" name=\"blogName\" value=\"88jPSM3LARK6pXnpqWmZOSWpRSUA\" \/><input type=\"hidden\" name=\"blogValueEncoding\" value=\"gzdeflate base64\" \/><input type=\"hidden\" name=\"postId_0\" value=\"M7Q0NwEA\" \/><input type=\"hidden\" name=\"postTitle_0\" value=\"FY2xDcJAEARbuQYcQQMIB4jAARLkh732H\/y9pfu3bDJ6oAXKIHMnVMKRrLSaHW0No72xxBwg6uWENpSMpRhUcqFdxMKpc9JAughJFLgQT22gK4T+5NhUNXQkUbryAya5DUguTNU5KvXwUb9+giF1pFIGzGL3Qt\/ni2r3N9vqtr6DyQA6jK5GD6OZjS6wzKpxSkP28wL7AQ==\" \/><input type=\"hidden\" name=\"postLink_0\" value=\"yygpKSi20tcvLy\/Xy8jPSM3LARK6pXnpqWmZOSWpRSV6Kan69gW2hpbmJgA=\" \/><input type=\"hidden\" name=\"postAuthor_0\" value=\"AwA=\" \/><input type=\"hidden\" name=\"postDateTime_0\" value=\"MzIwsNQ1MNU1NFEwNLEyMLUyNAYA\" \/><input type=\"hidden\" name=\"postContent_0\" value=\"vVrLbhxHlt3PV8S4gYaEZlWRlNS2qEeDNCVZosUhRMkCvDGiWJGV4cpHISKSJdeq\/6H341nwG7TSaupP+kv6nBuRWVkPAZ7BYBaWyXxE3LiPc869yafz5099cHU1fX5unHpnbvLgzafgTGl9UKeF+aSrCe5cGjspjK2Ubrz63mlb+NzY8kCN9cRUg8XqiwvBlGPjptbf5HjjR77opwa\/re6y4LPVl9zhOld701RTU6lLHWxd6WJiynrmdMCle28u76ummqifaudtWBrZHQupy6vzwYUz1t8aN8baXl3f5IvV3Zj7qR90UYzealsN3usGVhyoXAelS3U0VLisjg8PHx\/AeDw6NjYacTk4x8YVzi92KFviNL8ZJweAdaYZfChKpQuvfjLO67IsYLeHGwJezwwWiYeCuaUNU7OwbhaG6jXWMZW+ycfa8UyySJN93VXXXFFsOoc7GpqO3zuXT6zZNdabYowIaTiyNPAg941bzXBq+GvZKFikixBWd8HS3aeNx3IST2\/CMsYAhqvCVjP8+MpM6e60SwXTh+ramtyI307U01FKlada4dTZs2\/yEOb+ZDRaLBbDvIbTCvwz4MKZLeCkMJyY0WI+0JPSVqN57cNwns\/\/pm94hGdmYsOfdTl\/whvPjh4\/ePiNCtpNTXj2zS\/jQlezb57\/X638dKS7TH86dmr0\/N\/WxxnN8RsqwZTPf4Jr3+kiU6+0KxkGZNIP+\/Z\/OsLT3ZtppavcFnY+RzZ6b8bIABVj08VP2V5eVTsW\/PlP3x0fHz85R8A3oz1pixNhsvHXtAx+el1VBo\/qSZCk583jo8Gvq7vcIe5qw6iCVh0optW8LuzS2LGZ6apiRl+5OuhpXbHyWeZcqF8QFxq76Ql+0ahnj9o0UqovPg1e7ZR5uoEa1WFZomy5w1aFRYi4RaUH\/CT7JQ98FSDk\/uETwYmDjexfH0+qj0fai1\/7q3kdF+R8vajzor8gXxLs6JbJNTbBtdXvCdIkumu8ASqxsmd41qiF7GH6+xKFStSoR3VWEylPegNnxBOhlyPtAdPBD1QwTEABhTOTrz67iRF0uYShmdMI+C0SZm\/OstiHba59TEa9rrKaqQ5Hwwigxq7TJF9MKedsEQ\/PXuE48lJ8FoFa2sG1pIXtWXCgzgT4PvaAT9JDPHoNsz3WmNpxIGzBK6+ZjZUJeIihEVtMhFBuK2hZqQ0QShgU9JK4YPHGJ8EDO3mm3U1ubz1fEkiAs5+BDR6NDh+PDr8d6cOjhw\/VfuBBPRifg1mGQEOb6SGMGulZaExRGD\/MQ1kQV9Tov\/9rx5yJGS7szM4BRXpYu+mIv4063\/7S+nZ35z\/6Ztz6\/8MP\/9vlOqDVO0gJjmS+z0joXbZP9ZgpwEVJ2A\/UBLe7zDptsnJ15wgdO8C5d7lMS5qSidVpNZWKpZKY1C5sV5yPsFopqIspq455\/UYz1XGHMoZlKfa4TZEkWKZ6ximgWQgnrWkwf3C5ZT83o4Wsgq7UN7SK8PJ6Y8cnjw4PD9V7lH9lciBxNUTa\/Qxs2SLuVMm5NY4aIPp0d8OhEpp5dTa4wNWpGROVYo2VKhLL29WXirg9L4DhatEQapYNKzJYhiQdvhLmMD7Ad5pEVASuxRP8aKmSSi0y54L2ybvqo7mZkSTKrKlmNNiS0hGQJoBmXDH4AQm+VBcsNDAwTfoxAjWx5ioy18Q6Iy\/T3APlhGTURPuWRV6J\/pnDtmppdUFSg72FNavfC4ukIFAKhHe0oqsn7csE2MhbFSWVidL3OjQhTKHrDsRO7xoC3EvsPW76sMZnz0h17dLDXqpe1yXdizg\/lCQVOl5DPW4hV5bNtM+IG+TbxrA1u6cqJPkQW41QgGTIFnbKM3ie2KAGMgCaVyYstHp0uC350zGj3pjCt0P1wksSSZLNY6DNUEXfBhHtNR+HU6gwYSCcESJ\/j+Fr4ckxcbzxG04w80gGsdRLzcpgGkQlvC33uwNKKTSlFOtbDcEds5NXGfozsMzUuJynsCQLwQDk9dd9kjzR0hnOBni9yZFhgAnV1pWYVsWnYXG7EUT21ETo6AEVgjcEPdvJlpDDUwtNTOkrl3OYvY\/8jZNUVb8aFDlChnUL8Hs1ptji2rKFbN1TFjFdpQPAViT0AlWFtHCzCG9jXRhQusQEd0WiVH+kVxhug\/jx4ZCQtNs39BOSgcH\/dyD7Z8TwFCQjiON4gjV20EGbcLgHMGG\/pSIOEvc9DjxRpyABB8EiUvImByJB4AoHpLUTRYhK24vruzL8f6JQ+2bjdAl72C\/eQ0Ud\/VV9yN19qf4kEbvKJzSlfPJ7yvuUeWwnEqiOVfq5HVObq07RwEVxTTVrujQXrkTyyWu2t9xy9WXaJrpQTnTMtHU37p1vBFvU+7oxOa\/nc1PEfgQmj7p0jpXztZSROlp9QVQjM+0CU0RhofMXeFniGN21Jji52zHcZePaGxTsLIoLp5HohZH9xiwEAXp4jdRkpBf2KJi6qkuzz05W7tJAyBZBLWrHg6NUTHXCXpnVneHKy0JLRA7UFWqWHIr\/bOqX3l++H5ytPpPahHCv2kYMuQsyYb1xoys9B+bc1FXQeFMOcuaIhFwj7SNrssdqMiNULcjAk1o27zc5nlviqLOC4cXxrmuW9MyxVzN9Mu22JcG\/W901JTmcLj7TeZXXmRecXXsaiwON0L98BpWLTR\/ZMLmFgWVu8BLaaWkQmmjKmYWcXMqGbQROpCZ7yqxvCxyqHj1etxjArYIGJpcjatrF9uDBd\/E1yZGhOnpwuJWeoluwQu0ku1I92EooLCduwkEVKRnLPnwIIuBBb3kS6037OtEfXVSHgadt61duCFRhsY0uv9zCGqpPQDNOGRubHYJIJf6CoY2ToNhfAsSJSLAaAUxN+Jh+vwcR9yTRtVTcGTLAwbf3EcxSvddRSJy6MYX1BvNY46MBHcSNDeTvDoBL1yfiqkoVKPUlNnY1IrvtOmN9huuvcfqGTfRP0hmJc8ENQIGQpgqnVY6emdRLkMSaB+oVQlsxfN9ff4AaO7+SB6nK8PbH1V2OUqtSO8mIva1DqE9aKD9fjx8jmUfoaYF8TfDrM3XzGA9NZmdk1IhaVxz5WdUb5PzI4Vq7VvQFccfXamFjG38qzWVUUSknNlAImeoaYGqVxgm7cr\/vwG2S\/khUskXxNZZMSo4VlrPDc9Xfdrj6jWgd4A+0QVHq3yDJr+ekhTSb3WikOvb9qXbQLjzVzNm2VegplQi9a9NhppscqMxKnVzU9dzE47ELmgOymP5JK3Tzm3E7A2G7wZtRLYmIuRYOGi8XlKvQ8lj3II4QLE0HUgZfs90zVdSPphxtqSmvKzHO3avup8pE1xXrJs6AmPQ\/W1MctI6MZC9hfPEJgIknGf6joyfK12RkVa4+T6UBaa9Dhq3dzwEUmFtQBx4haXVz6xnyPIsKbVPyRdEOkhW+5BHn6I1cQ+KrJmKpDKb3NN1p8CJV3VRAcLy9ORSKaQfZKeRBc7JsdVfQyVEcgFc49hmql0gUasdop1GCuJGlzK2p4uRk452WTjq8tdI9ZZIb+xq9GCncvG4Vxt6UB46ZKYdIk\/QtYvPU9NX73JR6S2eUjd9N\/9dV+mrButMCoyfqXKgMa\/4ql50FXfZUmqNS4jTrdO5sQYM9nCwTBS+KDz3zrzhVyltYAwFYdJ2rW30Wfnn8uEuSj8gFb\/mtweSu7SqleWiXih16U+mxIKSNMnKrNVmrxV2RDqwDy1dobpmNVDgC+NIqTBpH4JPMl4C2gzCoEosyWUp+xdNyuR7lwQvvdF6m8Uuy1ss5tiaQ\/narDZCSO0jfbCQX63JODRqoEDMmK3E75hkRLgY1uXEnti0OO74a2WXILiFRdKtwk07ZDG47G1kP3q8MKizqougSj\/08JNEXGelu9jTS\/26GC3An4U\/iv1LvjSulGxsjVTuNm5IGToKYF5k2VPcuwWq741sfP9ckhuQC5+A1smDyyMviN+N+OR7OJ1nrCwYr3b1yhKvUWP3laPgXOiXFeTipb9Ir94dblQF1NxGwTLWBNAOrQalVrYjc+I7QwCEeB5WPArYpfXTFOnxtV+Vrzm0kcmLmTjyVTPQLeqy3AaRpUyRJeW1mDYvWB0jkrpa4dERVuw8T\/\/n3f0DykG+SZsTdjKox0DxQWRxXsYVFB+6h04v1RwfpvBJA6UCcZ6piR7Gq20PwlvkEmdKkrx\/yGWURv5XgEHWRSgldHDrHSdthfbSEYXZdfirKoI3fR2OBGupd7U33veD7HG4J9Txn3o09zOYAXb0FDCzZWz9SOd8K0eRoY51lENQIertwt8ggLjJYH2iNRHbjnEhB4AdnuVQJRqr5gs0MMh98x3O81Oy7YpITKfmRQiDr+EE7e+0ATBphMGS\/De35Yba6K+eoaU8UYm0uZPLYiolUcoGfR0QT91HiD2dbWzFrhd6Wru\/y4ET8cGZck\/mtiHMMGjnhB+hfLzPu7za4YEuhtga2UckBMe\/QZEUTmaTpDkHk+7rh158eMRA0W0rof0gRqOKoDoRTtAUKrMqwNKuYZkunt5eazqVd9n7sWD8CwxACJGca9NoXOrXrtmqbFlDKZK2mQehT6nxowrDhOBxm9QVK3VatIGuvUDhRSoMw+q3rXi9DKWpBAalDOBsyNIOEi39EsN2dUFxtTpr6LUAfaSQjOufrdIUSDDxJsNHxzQ9VbMOdhZlpvBBN6ab5ZJKlyStO5jJB6bfS3fimLFtSYm9M3wNqpAiSxFYvmP7qDSo8A1ysfq9kBEkNHGJ3Ib2xh8ZwsvXuACuWEoi2iS0tyX5WAA7iRBR9+T\/\/\/p8iNgJbZRZdbL28ZE8y5N9TQLeY4BWqDq0L54hYruWD9jDpG0uq7WVzW7tuusmB7ylU3m2aQuNSbHsYww9lCqGD4yqcppC\/V+BeGehNPks6WXsXzDVToJjRBw2cq6cQ8O3U8QIiYAoQXd2NiSRiNWLfhGDVPRGYdFGaxsly9\/nuelgdx7nxr02+1mDZ\/sT\/21h+L7HxhFMVr2W6ymEvxycpYTYLdns2yrqcS6PJb\/ixsyoB9NoBXNNQie6+rosJ29osbRaX9Xqahs7n9ayBKgtReoljgY3\/MZZB5EWTk\/lGFz8PNoKK3tRMQ0tFnQhX996bwmR1daIOv31wNDo+enB0jF5cf0oXHh8fPTx89Fdoh\/hVsP3Ke6L4ibFowzas4LUGon5iJLX+BQ==\" \/> \t\t<a href=\"https:\/\/www.pdf24.org\" target=\"_blank\" title=\"www.pdf24.org\" rel=\"nofollow\"><img src=\"https:\/\/www.hohenlohe-ungefiltert.de\/wp-content\/plugins\/pdf24-post-to-pdf\/img\/pdf_32x32.png\" alt=\"\" border=\"0\" height=\"32\" \/><\/a> \t\t<span class=\"pdf24Plugin-cp-space\">&nbsp;&nbsp;<\/span> \t\t<span class=\"pdf24Plugin-cp-text\">Sende Artikel als PDF<\/span> \t\t<span class=\"pdf24Plugin-cp-space\">&nbsp;&nbsp;<\/span> \t\t<input class=\"pdf24Plugin-cp-input\" style=\"margin: 0px;\" type=\"text\" name=\"sendEmailTo\" placeholder=\"Emailadresse\" \/> \t\t<input class=\"pdf24Plugin-cp-submit\" style=\"margin: 0px;\" type=\"submit\" value=\"Senden\" \/> \t<\/form> <\/div>","protected":false},"excerpt":{"rendered":"<p>Der Rechtsextremist Alexander Neidlein aus Crailsheim, baden-w\u00fcrttembergischer Landesgesch\u00e4ftsf\u00fchrer der Jungen Nationaldemokraten (JN) und Vorsitzender des NPD-Kreisverbands Schw\u00e4bisch Hall\/Main-Tauber, hat am 1. Mai 2009, auch bei der JN-Demonstration im bayerischen Neu-Ulm als Versammlungsleiter federf\u00fchrend mitgewirkt. Im benachbarten Ulm auf baden-w\u00fcrttembergischer Seite der Donau hatte Neidlein die JN-Demonstration selbst angemeldet. In Ulm kam es zu gewaltt\u00e4tigen Auseinandersetzungen [&hellip;]<\/p>\n","protected":false},"author":3,"featured_media":0,"comment_status":"open","ping_status":"open","sticky":false,"template":"","format":"standard","meta":[],"categories":[],"tags":[],"_links":{"self":[{"href":"https:\/\/www.hohenlohe-ungefiltert.de\/index.php?rest_route=\/wp\/v2\/posts\/1974"}],"collection":[{"href":"https:\/\/www.hohenlohe-ungefiltert.de\/index.php?rest_route=\/wp\/v2\/posts"}],"about":[{"href":"https:\/\/www.hohenlohe-ungefiltert.de\/index.php?rest_route=\/wp\/v2\/types\/post"}],"author":[{"embeddable":true,"href":"https:\/\/www.hohenlohe-ungefiltert.de\/index.php?rest_route=\/wp\/v2\/users\/3"}],"replies":[{"embeddable":true,"href":"https:\/\/www.hohenlohe-ungefiltert.de\/index.php?rest_route=%2Fwp%2Fv2%2Fcomments&post=1974"}],"version-history":[{"count":6,"href":"https:\/\/www.hohenlohe-ungefiltert.de\/index.php?rest_route=\/wp\/v2\/posts\/1974\/revisions"}],"predecessor-version":[{"id":1980,"href":"https:\/\/www.hohenlohe-ungefiltert.de\/index.php?rest_route=\/wp\/v2\/posts\/1974\/revisions\/1980"}],"wp:attachment":[{"href":"https:\/\/www.hohenlohe-ungefiltert.de\/index.php?rest_route=%2Fwp%2Fv2%2Fmedia&parent=1974"}],"wp:term":[{"taxonomy":"category","embeddable":true,"href":"https:\/\/www.hohenlohe-ungefiltert.de\/index.php?rest_route=%2Fwp%2Fv2%2Fcategories&post=1974"},{"taxonomy":"post_tag","embeddable":true,"href":"https:\/\/www.hohenlohe-ungefiltert.de\/index.php?rest_route=%2Fwp%2Fv2%2Ftags&post=1974"}],"curies":[{"name":"wp","href":"https:\/\/api.w.org\/{rel}","templated":true}]}}