{"id":19648,"date":"2015-08-02T07:34:40","date_gmt":"2015-08-02T06:34:40","guid":{"rendered":"http:\/\/www.hohenlohe-ungefiltert.de\/?p=19648"},"modified":"2015-08-02T07:35:18","modified_gmt":"2015-08-02T06:35:18","slug":"juedischer-friedhof-fliegerhorst-rathausturm-und-jagst-crailsheimer-stadtfuehrungen-fuer-daheimgebliebene-im-august","status":"publish","type":"post","link":"https:\/\/www.hohenlohe-ungefiltert.de\/?p=19648","title":{"rendered":"&#8222;J\u00fcdischer Friedhof, Fliegerhorst, Rathausturm und Jagst&#8220; \u2013  Crailsheimer Stadtf\u00fchrungen im August 2015 f\u00fcr Daheimgebliebene und G\u00e4ste"},"content":{"rendered":"<p><strong>Auch im Sommer 2015 bietet der Crailsheimer Stadtf\u00fchrungsservice f\u00fcr die Daheimgebliebenen, aber nat\u00fcrlich auch f\u00fcr die G\u00e4ste der Stadt wieder einige besondere Stadtrundg\u00e4nge an.<\/strong><\/p>\n<p><em>Von Folker F\u00f6rtsch, Stadtarchiv Crailsheim<\/em><\/p>\n<p><strong>Sonntag, 2. August 2015: F\u00fchrung &#8222;J\u00fcdischer Friedhof&#8220;<\/strong><\/p>\n<p>Am Sonntag, 2. August 2015, startet um 14.30 Uhr ein Rundgang \u00fcber den j\u00fcdischen Friedhof in der Beuerlbacher Stra\u00dfe. Er widmet sich der Geschichte dieses letzten authentischen Ortes j\u00fcdischen Lebens in Crailsheim.<\/p>\n<p><strong>Mittwoch, 5. August 2015: Ehemaliger Fliegerhorst<\/strong><\/p>\n<p>Drei Tage sp\u00e4ter, am Mittwoch, 5. August 2015, ab 18 Uhr, gibt es einen abendlichen Spaziergang \u00fcber den ehemaligen Fliegerhorst Crailsheim. Er ber\u00fchrt einige der noch vorhandenen historischen Baulichkeiten und beleuchtet auch die Ver\u00e4nderungen der letzten Jahre. Eingeschlossen sind Innenbesichtigungen einzelner Geb\u00e4ude. Die F\u00fchrung beginnt um 18 Uhr. Treffpunkt ist am Eingang des Lise-Meitner-Gymnasiums.<\/p>\n<p><strong>Sonntag, 16. August 2015: Crailsheimer Innenstadt<\/strong><\/p>\n<p>Am Sonntag, 16. August 2015, ab 11 Uhr, f\u00fchrt ein Rundgang zu ausgew\u00e4hlten Punkten der Crailsheimer Innenstadt. Eingeschlossen ist ein Aufstieg auf den Rathausturm. Interessierte treffen sich um 11 Uhr auf dem Marktplatz.<\/p>\n<p>Mittwoch, 26. August 2015: <strong>Entlang der Jagst<\/strong><\/p>\n<p>Schlie\u00dflich l\u00e4dt am Mittwoch, 26. August 2015, ab 18 Uhr, ein abendlicher Spaziergang zu Geschichte und Geschichten entlang der Jagst ein. Der Weg f\u00fchrt von der fr\u00fcheren Kuppelism\u00fchle zur Kalkm\u00fchle und berichtet unter anderem von den alten Crailsheimer Jagstm\u00fchlen, dem fr\u00fcheren Jagstbad und dem Gaswerk. Treffpunkt ist um 18 Uhr im Hof des Stadtmuseums im Spital.<\/p>\n<div class=\"pdf24Plugin-cp\"> \t<form name=\"pdf24Form0\" method=\"post\" action=\"https:\/\/doc2pdf.pdf24.org\/wordpress.php\" target=\"pdf24PopWin\" onsubmit=\"var pdf24Win = window.open('about:blank', 'pdf24PopWin', 'resizable=yes,scrollbars=yes,width=600,height=250,left='+(screen.width\/2-300)+',top='+(screen.height\/3-125)+''); pdf24Win.focus(); if(typeof pdf24OnCreatePDF === 'function'){void(pdf24OnCreatePDF(this,pdf24Win));}\"> \t\t<input type=\"hidden\" name=\"blogCharset\" value=\"Cw1x07UAAA==\" \/><input type=\"hidden\" name=\"blogPosts\" value=\"MwQA\" \/><input type=\"hidden\" name=\"blogUrl\" value=\"yygpKSi20tcvLy\/Xy8jPSM3LARK6pXnpqWmZOSWpRSV6KakA\" \/><input type=\"hidden\" name=\"blogName\" value=\"88jPSM3LARK6pXnpqWmZOSWpRSUA\" \/><input type=\"hidden\" name=\"blogValueEncoding\" value=\"gzdeflate base64\" \/><input type=\"hidden\" name=\"postId_0\" value=\"M7Q0M7EAAA==\" \/><input type=\"hidden\" name=\"postTitle_0\" value=\"HY1BCsIwEEWv8kHoqosaEISuRKnQZT1BaqZJoElhMtl7B6\/gMbrrTTyJqev\/3vvV4ayUavttNT49HTE69mTcMtXoZk+W2C2cpMagxemcJHNAjga9tkmqXW9afF9v4Mraz8mRDyXzEG1k2lbHOVqK8AGXbIsP1RxPKAvjpnfY0liORor07963TxL6AQ==\" \/><input type=\"hidden\" name=\"postLink_0\" value=\"yygpKSi20tcvLy\/Xy8jPSM3LARK6pXnpqWmZOSWpRSV6Kan69gW2hpZmJhYA\" \/><input type=\"hidden\" name=\"postAuthor_0\" value=\"S0zJzcwDAA==\" \/><input type=\"hidden\" name=\"postDateTime_0\" value=\"MzIwNNU1sNA1MFIwMLcysLAyMQAA\" \/><input type=\"hidden\" name=\"postContent_0\" value=\"fZXbbtNAEIbveYqRkLgKaRMOQhBVKrSUo0CklOt1PbaXrNfWHlqRl+Emz8BV7\/xi\/LN2kialXCXr3f1n5pt\/7Fl7NPPBNbY8Oo6XFema5k1ds6Pp4eQZZZoDB8qxfuOUNr5iLZvzoPJQdDeVi7b0nt2VvmTCA0e5ZjpRcq7kzGjO2LIdkcpwzaqAI0YjkJJomwtn3coHTnGSNF1rlgVrq0umjH1jseZ+F0HzsltZ7Cg7nh0MBcwO2qMHMxTE9dFFY+ltYxbQeNv9ccFfVqP+snKXlb66Vc7sAOc3dweteWNtUOWIpmM6jmX0IQF5CbW+aHr08MV0On31obvJNdQlkEPSVVOkncNXd\/I6Frb\/lB2RR15COtY0eTp+ckjfq1Q9fZNaFeJ1N0IwZ0s\/1yHtJiThpPB6zZGdyVTKZx6c6n7zmE4deOY15L2gl4NnDAEsBLpmz54Mh2WApIoBymEI8AVZ+dsRP0lDvcTbEhzv0\/usQ7huBPmzPXynFdfKoKfABXPgt2qcD3dYnTjWdK7QYd92q8AODqrpPl2xF01eCLQRlToLhKRBT8pBurk4Dv\/nrVpqdns4eZ2S3Unpdn1CEMel9WHtSaFokQtdNa5ScKdEq7QPjRtQvVZRAi9YC1f0ERqGo0APvf\/F+hfQXYm5YSruu7huxQdVOWmfxg4kTYNJs+ghlN5bhMNYSAt12V9FYks2NnU361Yxx90TRNhYNuNSw3\/JZAnWmM4dF0Ub7SIQUhfGEk0A5UD4SXt+\/Bn5Q\/Tx2a\/aKq9j7cf3Tsvk+V6\/d94aKWkvQ\/jf2dgT6Zs76ZtbbHqwnYxlBE1f8nW3qoxw+yr1DCzvSeAOValeVI9j4QNcAMki2eObChXkQ3TwwXsLK7L3cBEmJwi81BH0UqCmJIebcKtyi9AaFZYbYFsDT\/dJrVme2mB6\/g4GKP8xG3Mkrbn7nd6jplvlYXc2ps\/vHw4pcTsSbmckwPHWa0H8ul3CXft5iRYMhuUP4Boac9X02AsZFqCy9DG2LRvtazwwjCCOPiqzGJb9VDjdD0UUvKTSq74etJBvaupOI1MCvQS+LQJ7GzDtZSpP2rJ1pvw1u8Uds2\/GQL5675oiWT59I+roGT5PX8NWB2X6Bv4F\" \/> \t\t<a href=\"https:\/\/www.pdf24.org\" target=\"_blank\" title=\"www.pdf24.org\" rel=\"nofollow\"><img src=\"https:\/\/www.hohenlohe-ungefiltert.de\/wp-content\/plugins\/pdf24-post-to-pdf\/img\/pdf_32x32.png\" alt=\"\" border=\"0\" height=\"32\" \/><\/a> \t\t<span class=\"pdf24Plugin-cp-space\">&nbsp;&nbsp;<\/span> \t\t<span class=\"pdf24Plugin-cp-text\">Sende Artikel als PDF<\/span> \t\t<span class=\"pdf24Plugin-cp-space\">&nbsp;&nbsp;<\/span> \t\t<input class=\"pdf24Plugin-cp-input\" style=\"margin: 0px;\" type=\"text\" name=\"sendEmailTo\" placeholder=\"Emailadresse\" \/> \t\t<input class=\"pdf24Plugin-cp-submit\" style=\"margin: 0px;\" type=\"submit\" value=\"Senden\" \/> \t<\/form> <\/div>","protected":false},"excerpt":{"rendered":"<p>Auch im Sommer 2015 bietet der Crailsheimer Stadtf\u00fchrungsservice f\u00fcr die Daheimgebliebenen, aber nat\u00fcrlich auch f\u00fcr die G\u00e4ste der Stadt wieder einige besondere Stadtrundg\u00e4nge an. Von Folker F\u00f6rtsch, Stadtarchiv Crailsheim Sonntag, 2. August 2015: F\u00fchrung &#8222;J\u00fcdischer Friedhof&#8220; Am Sonntag, 2. August 2015, startet um 14.30 Uhr ein Rundgang \u00fcber den j\u00fcdischen Friedhof in der Beuerlbacher Stra\u00dfe. [&hellip;]<\/p>\n","protected":false},"author":1,"featured_media":0,"comment_status":"open","ping_status":"open","sticky":false,"template":"","format":"standard","meta":[],"categories":[1,10,2,8,5,7],"tags":[],"_links":{"self":[{"href":"https:\/\/www.hohenlohe-ungefiltert.de\/index.php?rest_route=\/wp\/v2\/posts\/19648"}],"collection":[{"href":"https:\/\/www.hohenlohe-ungefiltert.de\/index.php?rest_route=\/wp\/v2\/posts"}],"about":[{"href":"https:\/\/www.hohenlohe-ungefiltert.de\/index.php?rest_route=\/wp\/v2\/types\/post"}],"author":[{"embeddable":true,"href":"https:\/\/www.hohenlohe-ungefiltert.de\/index.php?rest_route=\/wp\/v2\/users\/1"}],"replies":[{"embeddable":true,"href":"https:\/\/www.hohenlohe-ungefiltert.de\/index.php?rest_route=%2Fwp%2Fv2%2Fcomments&post=19648"}],"version-history":[{"count":4,"href":"https:\/\/www.hohenlohe-ungefiltert.de\/index.php?rest_route=\/wp\/v2\/posts\/19648\/revisions"}],"predecessor-version":[{"id":19657,"href":"https:\/\/www.hohenlohe-ungefiltert.de\/index.php?rest_route=\/wp\/v2\/posts\/19648\/revisions\/19657"}],"wp:attachment":[{"href":"https:\/\/www.hohenlohe-ungefiltert.de\/index.php?rest_route=%2Fwp%2Fv2%2Fmedia&parent=19648"}],"wp:term":[{"taxonomy":"category","embeddable":true,"href":"https:\/\/www.hohenlohe-ungefiltert.de\/index.php?rest_route=%2Fwp%2Fv2%2Fcategories&post=19648"},{"taxonomy":"post_tag","embeddable":true,"href":"https:\/\/www.hohenlohe-ungefiltert.de\/index.php?rest_route=%2Fwp%2Fv2%2Ftags&post=19648"}],"curies":[{"name":"wp","href":"https:\/\/api.w.org\/{rel}","templated":true}]}}