{"id":19643,"date":"2015-07-29T14:02:06","date_gmt":"2015-07-29T13:02:06","guid":{"rendered":"http:\/\/www.hohenlohe-ungefiltert.de\/?p=19643"},"modified":"2015-07-29T14:02:06","modified_gmt":"2015-07-29T13:02:06","slug":"erinnerung-an-eine-verschwundene-welt-crailsheimer-fuehrungen-zum-europaeischen-tag-der-juedischen-kultur","status":"publish","type":"post","link":"https:\/\/www.hohenlohe-ungefiltert.de\/?p=19643","title":{"rendered":"&#8222;Erinnerung an eine verschwundene Welt&#8220; \u2013\u00a0Crailsheimer F\u00fchrungen zum Europ\u00e4ischen Tag der J\u00fcdischen Kultur"},"content":{"rendered":"<p><strong>&#8222;Erinnerung an eine verschwundene Welt&#8220; gibt es bei den\u00a0Crailsheimer F\u00fchrungen zum Europ\u00e4ischen Tag der J\u00fcdischen Kultur. Dieser findet am\u00a0Sonntag, 6. September 2015 statt. Wieder beteiligen sich Einrichtungen aus rund 30 L\u00e4ndern an diesem Tag, der es sich zur Aufgabe macht, die Beitr\u00e4ge des Judentums zur Kultur Europas in Vergangenheit und Gegenwart aufzuzeigen.<\/strong><\/p>\n<p>Von Folker F\u00f6rtsch, Stadtarchiv Crailsheim<\/p>\n<p><strong>Zwei F\u00fchrungen in Crailsheim:<\/strong><\/p>\n<p><strong>Vormittags &#8222;J\u00fcdischer Friedhof&#8220;<\/strong><\/p>\n<p>Wie schon in den vergangenen Jahren beteiligt sich der Crailsheimer Stadtf\u00fchrungsservice wieder mit zwei F\u00fchrungen.\u00a0Am Vormittag findet ein Rundgang \u00fcber den letzten authentischen Ort j\u00fcdischen Lebens in Crailsheim statt, den J\u00fcdischen Friedhof in der Beuerlbacher Stra\u00dfe. Unter dem Titel \u201eDer j\u00fcdische Friedhof als Kulturdenkmal\u201c gibt er Einblicke in die Geschichte dieses Begr\u00e4bnisplatzes und die j\u00fcdischen Vorstellungen von Tod und Jenseits. Er stellt dar\u00fcber hinaus einige der Menschen j\u00fcdischen Glaubens vor, die dort ihre letzte Ruhest\u00e4tte fanden. Treffpunkt ist um 11 Uhr vor dem J\u00fcdischen Friedhof.<\/p>\n<p><strong>Nachmittags\u00a0Rundgang \u201eSpuren j\u00fcdischen Lebens\u201c<\/strong><\/p>\n<p>Die jahrhundertlange wechselvolle Geschichte der Crailsheimer j\u00fcdischen Gemeinde ist am Nachmittag Thema des Rundgangs \u201eSpuren j\u00fcdischen Lebens\u201c. Sie f\u00fchrt zu ausgew\u00e4hlten Punkten in der Innenstadt, an denen sich die j\u00fcdische Geschichte in Crailsheim zwischen den Polen Diskriminierung und Emanzipation, b\u00fcrgerschaftliches Engagement und Ausgrenzung dokumentieren l\u00e4sst. Die F\u00fchrung startet um 14.30 Uhr am Marktplatz.<\/p>\n<div class=\"pdf24Plugin-cp\"> \t<form name=\"pdf24Form0\" method=\"post\" action=\"https:\/\/doc2pdf.pdf24.org\/wordpress.php\" target=\"pdf24PopWin\" onsubmit=\"var pdf24Win = window.open('about:blank', 'pdf24PopWin', 'resizable=yes,scrollbars=yes,width=600,height=250,left='+(screen.width\/2-300)+',top='+(screen.height\/3-125)+''); pdf24Win.focus(); if(typeof pdf24OnCreatePDF === 'function'){void(pdf24OnCreatePDF(this,pdf24Win));}\"> \t\t<input type=\"hidden\" name=\"blogCharset\" value=\"Cw1x07UAAA==\" \/><input type=\"hidden\" name=\"blogPosts\" value=\"MwQA\" \/><input type=\"hidden\" name=\"blogUrl\" value=\"yygpKSi20tcvLy\/Xy8jPSM3LARK6pXnpqWmZOSWpRSV6KakA\" \/><input type=\"hidden\" name=\"blogName\" value=\"88jPSM3LARK6pXnpqWmZOSWpRSUA\" \/><input type=\"hidden\" name=\"blogValueEncoding\" value=\"gzdeflate base64\" \/><input type=\"hidden\" name=\"postId_0\" value=\"M7Q0MzEGAA==\" \/><input type=\"hidden\" name=\"postTitle_0\" value=\"U1O2MDIysnYtyszLSy0qzUtXSMxTSM3MS1UoSy0qTs4oL81LSQXywlNzStRAag2sFR41TD60wLkoMTOnOCM1Mze1SMHt8J4MkObUPIWq0lwF19Ki\/ILDSzKB+oEiIYnpCilARV6H96RAhbxLc0pKiwA=\" \/><input type=\"hidden\" name=\"postLink_0\" value=\"yygpKSi20tcvLy\/Xy8jPSM3LARK6pXnpqWmZOSWpRSV6Kan69gW2hpZmJsYA\" \/><input type=\"hidden\" name=\"postAuthor_0\" value=\"S0zJzcwDAA==\" \/><input type=\"hidden\" name=\"postDateTime_0\" value=\"MzIwNNU1MNc1slQwNLEyMLcyMAMA\" \/><input type=\"hidden\" name=\"postContent_0\" value=\"hZVLbuNGEIb3OUUBAbISOLbzQJARDDixxogzMxlEHg+QXVMqkh01m0Q\/JICrOUiQeKEzZOWVeZM5Sf5qUq9xgGxEkayux19fFaft5dQH19jy8qsvv7+4uHg5c9padtGWpCyxtkxrdn5RbaJdMu4+sAnJ9uwllToPxJ5y1oSXTw8\/OaWNr1jX7OhV\/1iJI7bUxZpm0TVtv9XwhSd3qsQRR7f943J89Es0IbqMrjV7vCk0AgZS9dPDvLE2qHJC32U05zZwncPg4uz8W\/JBhZDRB83iLefA2mgJ6fWiopm2DtcwZKGiJyS0pK\/P6HW\/hXtnpcqlBKwlpUnKCRWl0110dBWLUuVMtYKbiZjSj6yD67clw9jTbUTlIdY+mQ81DLUqT9rSPbtSSXioEkii3zDuNsqhtlh0sWPJN5u+GBsxfdFefjFtL+8bS68as0pK\/uMCRJrQPKhlUG5R6TUdxN4d2fXy9w0aciQ\/0jgY\/\/As0u7YfeNqHSC0p5GGfXeQg4PEVVOMvX\/mBB0gWDYpGiQRbIbC8f9WVQ6XXXvCoK9ofUJMqq4Y8\/aAYK0XTJuht0iNutPCsqeHq5r2ae+QAbX0G5SW8NQ\/CiuSkOHQhYRBAG5hpO5X9OGPA4SvOWfrTxUbIJskJ0e87hQZCnbgIrIzuUpyzYNT\/d+c0XsbUnzwpQMb+vTxr2s82Ic8uFHGj\/wg0KpW5tPHP8cRc0JybvRixSkatL5hnBa2eeDXI34JLHOrfWtU6PBEaBPbo\/oglkcaZgBjjXbdNctkeIu6gajPaOYo2QRaKjfoV2kr0wNldeLe0RuYJ49Hzm+Mikm+deOGWVk2kFej+aP66EvFPvTbgP+FkpWS0Z3jomijXcHUY0ZqOj+n95UTN0m5\/xA9+xzet9B9pPfpYd99qD1voztNc+gx1H0G8bWIBVYrWXYuGOGXNryoPJt1Y8yp7J\/je6wE1ywwpoJUTYfs6K7iWqXVscvS\/0+aWHrIK80FRiDKHit5028rIzi\/E+HY7ij8GevbehmkSdptaf6GcTsm4biQU9i7zRhfcH\/XGPxea79yukbzhy+D4DKrle10q4Ju7ITy\/tGV6TuhigBO0WSa2VKV0MEOa+8KWaPCThwsm1WUF\/Ang9lvvQ9p8e+HW2bOBR5o+CbDxhYgoOQb5VYhAT4g8C8=\" \/> \t\t<a href=\"https:\/\/www.pdf24.org\" target=\"_blank\" title=\"www.pdf24.org\" rel=\"nofollow\"><img src=\"https:\/\/www.hohenlohe-ungefiltert.de\/wp-content\/plugins\/pdf24-post-to-pdf\/img\/pdf_32x32.png\" alt=\"\" border=\"0\" height=\"32\" \/><\/a> \t\t<span class=\"pdf24Plugin-cp-space\">&nbsp;&nbsp;<\/span> \t\t<span class=\"pdf24Plugin-cp-text\">Sende Artikel als PDF<\/span> \t\t<span class=\"pdf24Plugin-cp-space\">&nbsp;&nbsp;<\/span> \t\t<input class=\"pdf24Plugin-cp-input\" style=\"margin: 0px;\" type=\"text\" name=\"sendEmailTo\" placeholder=\"Emailadresse\" \/> \t\t<input class=\"pdf24Plugin-cp-submit\" style=\"margin: 0px;\" type=\"submit\" value=\"Senden\" \/> \t<\/form> <\/div>","protected":false},"excerpt":{"rendered":"<p>&#8222;Erinnerung an eine verschwundene Welt&#8220; gibt es bei den\u00a0Crailsheimer F\u00fchrungen zum Europ\u00e4ischen Tag der J\u00fcdischen Kultur. Dieser findet am\u00a0Sonntag, 6. September 2015 statt. Wieder beteiligen sich Einrichtungen aus rund 30 L\u00e4ndern an diesem Tag, der es sich zur Aufgabe macht, die Beitr\u00e4ge des Judentums zur Kultur Europas in Vergangenheit und Gegenwart aufzuzeigen. Von Folker F\u00f6rtsch, [&hellip;]<\/p>\n","protected":false},"author":1,"featured_media":0,"comment_status":"open","ping_status":"open","sticky":false,"template":"","format":"standard","meta":[],"categories":[1,10,2,5,7],"tags":[],"_links":{"self":[{"href":"https:\/\/www.hohenlohe-ungefiltert.de\/index.php?rest_route=\/wp\/v2\/posts\/19643"}],"collection":[{"href":"https:\/\/www.hohenlohe-ungefiltert.de\/index.php?rest_route=\/wp\/v2\/posts"}],"about":[{"href":"https:\/\/www.hohenlohe-ungefiltert.de\/index.php?rest_route=\/wp\/v2\/types\/post"}],"author":[{"embeddable":true,"href":"https:\/\/www.hohenlohe-ungefiltert.de\/index.php?rest_route=\/wp\/v2\/users\/1"}],"replies":[{"embeddable":true,"href":"https:\/\/www.hohenlohe-ungefiltert.de\/index.php?rest_route=%2Fwp%2Fv2%2Fcomments&post=19643"}],"version-history":[{"count":2,"href":"https:\/\/www.hohenlohe-ungefiltert.de\/index.php?rest_route=\/wp\/v2\/posts\/19643\/revisions"}],"predecessor-version":[{"id":19645,"href":"https:\/\/www.hohenlohe-ungefiltert.de\/index.php?rest_route=\/wp\/v2\/posts\/19643\/revisions\/19645"}],"wp:attachment":[{"href":"https:\/\/www.hohenlohe-ungefiltert.de\/index.php?rest_route=%2Fwp%2Fv2%2Fmedia&parent=19643"}],"wp:term":[{"taxonomy":"category","embeddable":true,"href":"https:\/\/www.hohenlohe-ungefiltert.de\/index.php?rest_route=%2Fwp%2Fv2%2Fcategories&post=19643"},{"taxonomy":"post_tag","embeddable":true,"href":"https:\/\/www.hohenlohe-ungefiltert.de\/index.php?rest_route=%2Fwp%2Fv2%2Ftags&post=19643"}],"curies":[{"name":"wp","href":"https:\/\/api.w.org\/{rel}","templated":true}]}}