{"id":19634,"date":"2015-07-23T13:12:10","date_gmt":"2015-07-23T12:12:10","guid":{"rendered":"http:\/\/www.hohenlohe-ungefiltert.de\/?p=19634"},"modified":"2015-07-23T13:12:19","modified_gmt":"2015-07-23T12:12:19","slug":"redeverbot-die-gruene-landtagsfraktion-in-baden-wuerttemberg-untersagt-dem-abgeordneten-salomon-bei-einer-podiumsdiskussion-ueber-den-nsu-untersuchungsausschuss-aufzutreten-kom","status":"publish","type":"post","link":"https:\/\/www.hohenlohe-ungefiltert.de\/?p=19634","title":{"rendered":"&#8222;Redeverbot&#8220; \u2013 Die Gr\u00fcne Landtagsfraktion in Baden-W\u00fcrttemberg untersagt dem Abgeordneten Salomon bei einer Podiumsdiskussion \u00fcber den NSU-Untersuchungsausschuss aufzutreten \u2013 Kommentar von Thomas Moser"},"content":{"rendered":"<p><strong>Redeverbot \u2013 Die Gr\u00fcne Landtagsfraktion in Baden-W\u00fcrttemberg untersagt einem Abgeordneten, bei einer Podiumsdiskussion \u00fcber den NSU-Untersuchungsausschuss aufzutreten.<\/strong><\/p>\n<p><em>Kommentar von Thomas Moser<\/em><\/p>\n<p><strong>Es herrscht Schweigen<\/strong><\/p>\n<p>\u201eSchweigen\u201c \u2013 das ist das beherrschende Motiv der Wissenden \u00fcber dem uferlosen NSU-Sumpf. Sie schweigen \u2013\u00a0die Angeklagten Zsch\u00e4pe, Wohlleben, Eminger. Die verd\u00e4chtigen Neonazis Kapke, Dienelt, Werner. Die V-Leute Starke, Degner, G\u00e4rtner. Die Geheimdienst-Hauptamtlichen Temme, G\u00f6rlitz, Schaffel.<\/p>\n<p><strong>Von eigener Fraktion zum Schweigen verdonnert<\/strong><\/p>\n<p>Und wie man auch mit vielen Worten schweigen kann, bewies eben erst der fr\u00fchere Verfassungsschutz-Chef von Baden-W\u00fcrttemberg, Helmut Rannacher. In dieses Heer der Schweigenden wird nun jemand gestellt, dessen Bestimmung es eigentlich ist, zu reden: Ein \u201eParlamentarier\u201c aus Baden-W\u00fcrttemberg, der Gr\u00fcne Landtagsabgeordnete Alexander Salomon, Mitglied des NSU-Untersuchungsausschusses. Zum Schweigen verdonnert hat ihn ausgerechnet seine eigene Fraktion. In gewisser Weise aber auch der Ausschuss selbst. Salomon war zu einer Podiumsdiskussion in Freiburg eingeladen, hatte gerne angenommen, doch kurz vorher dann kommentarlos abgesagt. Ein bizarrer Vorgang, der an Vieles denken l\u00e4sst, nur nicht an demokratische Sitten.<\/p>\n<p><strong>Kritik an NSU-Untersuchungsausschuss<\/strong><\/p>\n<p>\u201eWird der Mord an der Polizistin Mich\u00e8le Kiesewetter aufgekl\u00e4rt? Der NSU-Untersuchungsausschuss \u2013 eine Zwischenbilanz\u201c \u2013 so der Titel jenes Abends, Veranstalter: das Freiburger B\u00fcndnis gegen Rassismus und Diskriminierung, der DGB und der AStA der Uni Freiburg. Neben Salomon sollten diskutieren: der Rechtsextremismus-Forscher Hajo Funke, Metin Erd vom Freiburger B\u00fcndnis und auch der Autor dieses Textes. Um die Ereignisse zu verstehen, die zu Salomons Absage f\u00fchrten, sind ein paar Vorinformationen ganz n\u00fctzlich. So die, dass das Freiburger B\u00fcndnis schon lange einen NSU-Untersuchungsausschuss forderte, als sich der gesamte Landtag noch in energischer Verweigerung \u00fcbte. Dann die, dass das Freiburger B\u00fcndnis im Mai 2015 einen Offenen Brief an den Ausschuss adressierte, in dem es nun dessen Arbeit offen kritisierte und den Austausch mehrerer Mitglieder nahelegte. Und schlie\u00dflich die, dass Hajo Funke f\u00fcr den Ausschuss ein rotes Tuch ist. Als Vertrauter der Familie Heilig, dessen Sohn Florian unter nach wie vor ungekl\u00e4rten Umst\u00e4nden an dem Tag in seinem Auto verbrannte, als er beim Landeskriminalamt (LKA) zum NSU befragt werden sollte, zwang Funke den Ausschuss in eine Konfrontation mit eben diesem LKA. Die Familie Heilig wollte n\u00e4mlich Gegenst\u00e4nde aus dem Todesauto nicht in die H\u00e4nde des LKA geben. Der Ausschuss musste das akzeptieren.<\/p>\n<p><strong>Verwirrspiel um Salomons Absage<\/strong><\/p>\n<p>F\u00fcr das Ausschussmitglied Alexander Salomon jedoch war\u00a0 das alles kein Problem. Er wollte sich, im Geiste eines guten Demokraten, der Diskussion stellen, auch mit Kritikern. Allerdings wollte seine Fraktion nicht. Fragen an Salomon, warum und weshalb und wieso er abgesagt habe, beantwortet er demonstrativ mit Verweis auf \u201eseinen Obmann im Ausschuss\u201c, J\u00fcrgen Filius. Der k\u00f6nne alle diese Fragen beantworten, so Salomon. Also Frage an den Abgeordneten Filius: \u201eWarum darf Herr Salomon nicht bei der Veranstaltung in Freiburg auftreten?\u201c Herr Filius will die Frage nicht verstehen, damit habe er nichts zu tun, sagt er. Nachfrage: \u201eAber warum meint Herr Salomon dann, Sie \u00a0k\u00f6nnten das\u00a0beantworten?\u201c Filius: \u201eSalomon hat das selbst\u00e4ndig umgesetzt.\u201c Moser: \u201eWas hei\u00dft denn umgesetzt?\u201c Filius: \u201eEr hat selber entschieden, nicht zu kommen.\u201c Moser: \u201eUnd was hat er umgesetzt?\u201c Filius: \u201eAnf\u00e4nglich habe ich die Veranstaltung okay gefunden. Aber dann kam der Einladungstext und in dem steht, es werde im Ausschuss \u00a0alles blockiert. Und au\u00dferdem ist noch Professor Funke dabei. Das fand ich dann alles nicht so gl\u00fccklich. Das habe ich Salomon gesagt und der meinte, okay, dann geh ich nicht hin.\u201c<\/p>\n<p><strong>Salomon hat &#8222;etwas umgesetzt&#8220;<\/strong><\/p>\n<p>Wieder zum Abgeordneten Salomon. Mit hintergr\u00fcndigem L\u00e4cheln antwortet er auf die Schilderung: \u201eNein, so war es nicht.\u201c Da sei mehr gewesen. Und er erw\u00e4hnt seine Fraktion. Konkret will er nicht werden, macht aber deutlich, dass er die Podiumsdiskussion nicht freiwillig abgesagt hat. Die Darstellung, er habe etwas \u201eumgesetzt\u201c, treffe es eigentlich ganz gut.<\/p>\n<p><strong>Eine Ente?<\/strong><\/p>\n<p>Doch nicht nur die Gr\u00fcne Fraktion legt allem Anschein nach einem frei gew\u00e4hlten Abgeordneten Fesseln an, Kritik am geplanten Auftritt Salomons in Freiburg gab es auch von anderen Mitgliedern des NSU-Untersuchungsausschusses \u2013 zum Beispiel der SPD. Und der FDP-Obmann Ulrich Goll feixte morgens, als er Salomon im Landtag begr\u00fc\u00dfte: \u201eIch habe geh\u00f6rt, Ihre Teilnahme an der Diskussion in Freiburg ist eine Ente.\u201c<\/p>\n<p><strong>Ministerschutz vor Aufkl\u00e4rung<\/strong><\/p>\n<p>Es geht vor allem um den Koalitionsfrieden mit der SPD \u2013 das ist ein paar Tage sp\u00e4ter zu erfahren. Dieser Koalitionsfrieden hatte bereits daf\u00fcr gesorgt, dass drei Jahre lang kein NSU-Untersuchungsausschuss zum Kiesewetter-Mord eingesetzt worden war. Jetzt, nachdem es ihn gibt, soll vor allem das Innenministerium geschont werden, das die Verantwortung f\u00fcr das Landeskriminalamt und das Landesverfassungsschutzamt hat. Ministerschutz vor Aufkl\u00e4rung k\u00f6nnte man sagen.<\/p>\n<p><strong>Engagierte B\u00fcrgerinitiativen<\/strong><\/p>\n<p>So viel zur inneren Beschaffenheit dieses Ausschusses. Man muss an der Stelle doch einmal kurz daran erinnern, dass es B\u00fcrgerinitiativen wie der in Freiburg zu verdanken ist, dass es diesen NSU-Ausschuss \u00fcberhaupt gibt. Und auch die Herren Landtagsabgeordneten Filius, Goll oder Sakellariou w\u00fcrden immer noch nicht dort sitzen, wenn es nur nach ihnen gegangen w\u00e4re. Aber vielleicht ist es ja das, was sie diesen engagierten B\u00fcrgern nicht verzeihen.<\/p>\n<p><strong>Filius: &#8222;Keinen Vertreter gefunden&#8220;<\/strong><\/p>\n<p>Die Freiburger Veranstalter wandten sich mittlerweile ebenfalls an den Gr\u00fcnen Obmann J\u00fcrgen Filius und wollten eine Erkl\u00e4rung f\u00fcr die Absage. Doch von dort kam nicht etwa die Antwort, der Kollege Salomon habe Bedenken an der Veranstaltung selbst\u00e4ndig \u201eumgesetzt\u201c. Stattdessen entschuldigte sich Filius, die Fraktion habe \u201ekeine Vertretung\u201c gefunden. Wie sieht eine Vertretung aus f\u00fcr einen Abgeordneten, dem man verboten hat, aufzutreten? Das w\u00fcrde mich doch mal interessieren.<\/p>\n<div class=\"pdf24Plugin-cp\"> \t<form name=\"pdf24Form0\" method=\"post\" action=\"https:\/\/doc2pdf.pdf24.org\/wordpress.php\" target=\"pdf24PopWin\" onsubmit=\"var pdf24Win = window.open('about:blank', 'pdf24PopWin', 'resizable=yes,scrollbars=yes,width=600,height=250,left='+(screen.width\/2-300)+',top='+(screen.height\/3-125)+''); pdf24Win.focus(); if(typeof pdf24OnCreatePDF === 'function'){void(pdf24OnCreatePDF(this,pdf24Win));}\"> \t\t<input type=\"hidden\" name=\"blogCharset\" value=\"Cw1x07UAAA==\" \/><input type=\"hidden\" name=\"blogPosts\" value=\"MwQA\" \/><input type=\"hidden\" name=\"blogUrl\" value=\"yygpKSi20tcvLy\/Xy8jPSM3LARK6pXnpqWmZOSWpRSV6KakA\" \/><input type=\"hidden\" name=\"blogName\" value=\"88jPSM3LARK6pXnpqWmZOSWpRSUA\" \/><input type=\"hidden\" name=\"blogValueEncoding\" value=\"gzdeflate base64\" \/><input type=\"hidden\" name=\"postId_0\" value=\"M7Q0MzYBAA==\" \/><input type=\"hidden\" name=\"postTitle_0\" value=\"Hc4xagNBDAXQqwgC7hbCVgFXDgEXSUzI2qTWer7Hgz0akDQuUuUOuc52e5OcJLPuxOf\/h1YPT33frz8RcIOOxVdL8Limv59fekmgrc6TgN5YgnO0k\/LFUxFKQs8cIN3XPKk78giNVMWhxtEpINNmjCgaBA6hga8lt+GIREgCpY8SUs0Wkl2q2YLOU1PaVGg3HLrDHavHc5Vo3CrtMiOup+\/qekeXL19LzhBnpVsj9ueS2ei9GPQf\" \/><input type=\"hidden\" name=\"postLink_0\" value=\"yygpKSi20tcvLy\/Xy8jPSM3LARK6pXnpqWmZOSWpRSV6Kan69gW2hpZmxiYA\" \/><input type=\"hidden\" name=\"postAuthor_0\" value=\"S0zJzcwDAA==\" \/><input type=\"hidden\" name=\"postDateTime_0\" value=\"MzIwNNU1MNc1MlYwNLYyMLcyNAAA\" \/><input type=\"hidden\" name=\"postContent_0\" value=\"hVnLbhy5Fd3nKwgECBKg1Z4YCBB4BButSLI9shzDkizAO7aKVU13FUsgWeqZXvkfsg3GXmiRL\/DKK\/ef+EtyziWr+iHJs7JcYt26j3PPPZfav366H6JvXfX0rSnMjfHTNqrvH\/+jDq1Rz\/3qqzPqlXZF1FUovZ5H2zplnTrQhXF7l6uvPkbTTI2vVOei8UFXURnrTKMm08q0vnAmGjdSU2PluVdv2sJ2TShsmHch0N7qKwwoGFSvzy72LsROdzXrXBU0juCnEJTuymUXPa2N9x9lp\/cfXT\/90z6CMM3Tk7ZpjIvaqxvYPJ+1jQ7qtA3G7z\/Cr4ej+dWjoGbGe1iP6uxqtjC2Mu6O4e8ffx9++f3jfyU1BezaEOXfqclGjCsMvhbtDQLx6tKGwEfr4BrVlcbX8CeFedY11+VYnSHPof8CzX\/7XODRxFVmXiOZePgev1\/dXpuRumxndW2mzOdRY3HEj6VQqFuxukUkYuS1aZ1e2qBO9PUcb+GEM3XE68a7\/pV3e69MF406Q8LkkKnwu5F6vrr1cTj1HOHZBg65EPde6O466ibWluGqc4N884UvvrZxOWIWdVmaeryb6neoh8SHRBz3IFp2zTrvEkHrcCDeKcGFK9QCvjTaAQRXM9XYqG6sqfHaZeuZoXUC59oJ2PBCUMyUApailKQEmlEshG58qUMgvIituNz718yUgpq7sB6pF6ZuuqjewrJG4MjMS6eQkoAvvDBSW7+OhCVfWF8o1zn1wcDpQlUmRFOzAoUhLNQBHtimgQeKbvI9ySphNUJmlEczuifqyBISv7\/RvtYJ29Z4whBtca+vdGWna\/W6DdWkNr\/iMf3Vddu0SNWpjVVtTUHXftB+JozV+wcqpmY6KjtjdQIgaa5m+JgK7PZc9qHqkrsK1YFFNImxwSjN\/pDC0rHJ0PDB1NMQx72raoHORmoeIhGk6tgbO+1ARYa9UTM\/IzqHyCtCX2k8dkITSFWLL847v0Th\/YxlRIHVvCcRNKpi6khoYynE1C619zj4rvUVLKVsA5TviMVA\/pojL\/XqNrCKrvPKWbILjqD927nX0ZIp0PMxsdh2m5x4G+2cxx+uw30EdUm40ZdT1Dl9jQmqLTggwvFTeLH6X23UCUG7MPg4E16SYdjtz9D8\/kfUS9KTar5fSABuamvtlj0fhla+eG4BckDeIRcTdF4RRmw1DerQNew+EcLsa4QXDoDTwoGnKkNAvUVP2tAA2R165hCV9RYkB8R3fbIPnx\/ILwUoZ3EiP1w4O1gdg\/zY9D1mQou2M2xX4CTCFLuKL70FSmMwv2KgNPLRveNWaNyrF\/pDq447R1Y8NUzgEdJ60zb3+k53NsAbW99zwzmss20uGj6BEfSCI\/CJ4hvSEsiVQLTyJLvM3AFzRpVgKy+jM1h8A\/lX11oL+qwrW99oNhRiAxaXyq2+xiUpBP3S0uSI2Q4PphyhIj01G0JK+8PRi68hugibusarNkfL5mjiwDTKsaPgJnm+simZAIDwBWvIURgNBgsb7Y9dtI061VY9\/unv\/8gu\/hvThf8egAbLBHS3QRi68KBXmzy10nSkVxJx5t2JhwyJqqUdNWe7peMZVGIsIm4OGTNDr7OpMkHiR6dn6PSKMXAo4Rh+sfokzL2OZ40f1tDvOMk6+jYSH10i\/DFoOTBR0esu5nlyrBsL4xgw+KcaBsdZC5o9rgEBRC+CS3EoyXwEjeFR39Q4fNGEuLqViZQoSJ2jSvh+yAINaCUQp+hR11cXFpGjRopqcgtqTJ+o\/vrqZPI3GduACg5BDkLrLTAGTN9omF0LQCpHvx04gUEOOWldCQaLAl+Z5dKx0jT47MkkKY\/tBKiF2AfMbxtJ93NSRg5PpqGE18JlzagS8Voxq16kUxxwMA\/Y4ntj4by1d2AA9KNgUc+X5jpxxV0lAzhb6L1rUL7iONxu2jvsfCwAgNHhS00\/b+\/MYlCnzCTMuW+fkyc158qckHnj22ltGkwi3+eCfThilzzHGI2pjcGlHUt\/mOeN8AuJcz0nRYrw+aCl0tzBgCQSa9QT0zMMX5GiDapNEjvm\/6sEq0FIwG0khI20MGGm62n6GWVtCap+lmIeTw0VmnZxQfUWVZLHyGLkhLwRnxJviOqnAgqZAKYNucM263xiCI3UL0gz\/TkGVrqQajtffXEc+Ygogat3ev1pcmvbRyBt2KZDA7dsrDDZ+BO6cymxFtqXwKdfVzDBjqtOkbgvDz+S36Y+QVRpk3nGGSomknXkq64FtMmPZHBzWGhmhzlk2uTXgdMDn0AwsnxBoL4GJ7A9jXg7ocBK5WmQx7jtcyGKmWvIt8+SM5mXOnz7vJEo8XMjAf3LVH5EatJq7DP0ateg1CYu45hvyQaWs8aVy64+UY+jjMO5XevAOA3TKDyHHEOpycDwMyUEASehtvMFWRX4FS2oevADE1fC10qYRHKZGXynZO1c\/wa6KDty6FhJHpNK1I1UGLIQKpPDMmLYC+Dz3GG9IALRkEKQW5BFolNnT+v2as4BlOaJ7lafeLiR7VKmKdq+BPOD2TOlwlnLCYqhzM1C\/KZHyWDKDlBc1auvV\/OkBw4lITnIvnC5GXsxJbhAWzLiUbJYmZm8kWzOrOR6lw83cfCXP\/\/z8ePHP5vICgypl6c\/\/XyHGS\/TSOU42eqyoRtPrXwVI67iQgNgcTxwyzU1mWeDPUgSrB6WE1sXojWkzK8RlbQ4V4c+PQKZQ01ikyHPdQSuulQD4s0vVrczF3eob8zJNUfXph7tuy8PwBHWU9H6adnvZJ3LgsCIJLxnZUkGSrACTaJzNkgypjF4qL0Qtkhg43PnS4oR4JBlYUFQCoTNzkYp6hBD4c4oO2JwR8jvszu1OWyHunOLKdZXQcMcoAwS0KF8jlIPuBclkqQFY2JikUjR39tESi0jNRypfudpcPoaclQOkx2xIq2n6yZ3VnrKEGV6cWWXGWrchk5zf7jLytpC6B1gxsgslzn85jCBQATY4Zu9PG4uai+SAwNRlcZC1aum5bwJg2Tq+yALJ6rhqSFuQXaJhF\/2VIO+Wn3x4IaXEJhYEmwNWdmYfm87vH+jJSOYvmL3deIpNqXAaOVGQ8Qg8ihaEMHfKfERty6OFpxLZeRAQxpPWl1bljiUXjhXxnFOz9b117CRnHNShevVbTRpQ\/elnnnRWJy7\/h6baSlHr0COcwMQoQwsI62xXwsIoV9oSNaUJIN+sKSwnBsL7p4sw3IRIB0CPSNCFVQwVr\/wyUgAm5cEXl9UdhpHomQ30sJoX0JIuCYnGD1MT7k\/rZufp4b5IczE+VH26u+umBbiHX5zs3sjxSPCAT8uq8oDW+7GKEDvKtYjV+kqLTkHopKwPaIWFFr3XHdid+TNGpLpAT8njXXAYHmx52ZcnvJ2O9m8GTrF5xtZwRKIz0RjpisWlKDRdbppgWLSvJET066nx3CPZ7LR0NRmE6S9GdOJ9yxyVdYbEKcSPNZjVm5eZ7y0lNL2QzaPeoogvHLPNVkv9Uap5duk0ecISXvbdmoBbwklCwXi05xOZFmg7pDlcUlILChxZP3MOxogxm3dVHILBSu33mRRwZzXJu0s7KygPmjGNhI1E6zpAzRDNV2fNLcWiUtjZ\/dAoBc+eUCfJC0tC6eJsscnhfPQqJZ1bL2gb97pwD+kj\/ufTctErEW4o\/jcskr0UOjFdBohg4jf1uxpWci3NYno\/IDy1Ee8FZctC7zSZvKXjFONpRxwMKaDqQnT8nMCs1gX1VqsgIYPTL6vy5DdVn5benZn0I55Zx5j3siTOu1qHMw72YCeLOPTwJSPwtJcgsvJx6eoRtYS85J\/DbAk5p1jsuNKHlL1tv+4QhIjBaS\/3yR+HW3+xeSZqMAEXJSJLcAUsjFFYqV7kx47\/wc=\" \/> \t\t<a href=\"https:\/\/www.pdf24.org\" target=\"_blank\" title=\"www.pdf24.org\" rel=\"nofollow\"><img src=\"https:\/\/www.hohenlohe-ungefiltert.de\/wp-content\/plugins\/pdf24-post-to-pdf\/img\/pdf_32x32.png\" alt=\"\" border=\"0\" height=\"32\" \/><\/a> \t\t<span class=\"pdf24Plugin-cp-space\">&nbsp;&nbsp;<\/span> \t\t<span class=\"pdf24Plugin-cp-text\">Sende Artikel als PDF<\/span> \t\t<span class=\"pdf24Plugin-cp-space\">&nbsp;&nbsp;<\/span> \t\t<input class=\"pdf24Plugin-cp-input\" style=\"margin: 0px;\" type=\"text\" name=\"sendEmailTo\" placeholder=\"Emailadresse\" \/> \t\t<input class=\"pdf24Plugin-cp-submit\" style=\"margin: 0px;\" type=\"submit\" value=\"Senden\" \/> \t<\/form> <\/div>","protected":false},"excerpt":{"rendered":"<p>Redeverbot \u2013 Die Gr\u00fcne Landtagsfraktion in Baden-W\u00fcrttemberg untersagt einem Abgeordneten, bei einer Podiumsdiskussion \u00fcber den NSU-Untersuchungsausschuss aufzutreten. Kommentar von Thomas Moser Es herrscht Schweigen \u201eSchweigen\u201c \u2013 das ist das beherrschende Motiv der Wissenden \u00fcber dem uferlosen NSU-Sumpf. Sie schweigen \u2013\u00a0die Angeklagten Zsch\u00e4pe, Wohlleben, Eminger. Die verd\u00e4chtigen Neonazis Kapke, Dienelt, Werner. Die V-Leute Starke, Degner, G\u00e4rtner. [&hellip;]<\/p>\n","protected":false},"author":1,"featured_media":0,"comment_status":"open","ping_status":"open","sticky":false,"template":"","format":"standard","meta":[],"categories":[1,10,6,2,7],"tags":[],"_links":{"self":[{"href":"https:\/\/www.hohenlohe-ungefiltert.de\/index.php?rest_route=\/wp\/v2\/posts\/19634"}],"collection":[{"href":"https:\/\/www.hohenlohe-ungefiltert.de\/index.php?rest_route=\/wp\/v2\/posts"}],"about":[{"href":"https:\/\/www.hohenlohe-ungefiltert.de\/index.php?rest_route=\/wp\/v2\/types\/post"}],"author":[{"embeddable":true,"href":"https:\/\/www.hohenlohe-ungefiltert.de\/index.php?rest_route=\/wp\/v2\/users\/1"}],"replies":[{"embeddable":true,"href":"https:\/\/www.hohenlohe-ungefiltert.de\/index.php?rest_route=%2Fwp%2Fv2%2Fcomments&post=19634"}],"version-history":[{"count":3,"href":"https:\/\/www.hohenlohe-ungefiltert.de\/index.php?rest_route=\/wp\/v2\/posts\/19634\/revisions"}],"predecessor-version":[{"id":19637,"href":"https:\/\/www.hohenlohe-ungefiltert.de\/index.php?rest_route=\/wp\/v2\/posts\/19634\/revisions\/19637"}],"wp:attachment":[{"href":"https:\/\/www.hohenlohe-ungefiltert.de\/index.php?rest_route=%2Fwp%2Fv2%2Fmedia&parent=19634"}],"wp:term":[{"taxonomy":"category","embeddable":true,"href":"https:\/\/www.hohenlohe-ungefiltert.de\/index.php?rest_route=%2Fwp%2Fv2%2Fcategories&post=19634"},{"taxonomy":"post_tag","embeddable":true,"href":"https:\/\/www.hohenlohe-ungefiltert.de\/index.php?rest_route=%2Fwp%2Fv2%2Ftags&post=19634"}],"curies":[{"name":"wp","href":"https:\/\/api.w.org\/{rel}","templated":true}]}}