{"id":19604,"date":"2015-07-29T13:05:37","date_gmt":"2015-07-29T12:05:37","guid":{"rendered":"http:\/\/www.hohenlohe-ungefiltert.de\/?p=19604"},"modified":"2015-07-29T13:05:37","modified_gmt":"2015-07-29T12:05:37","slug":"pflege-besser-bezahlen-gewerkschaft-verdi-ja-zur-aufwertung-der-pflege-nein-zur-zwangskammer","status":"publish","type":"post","link":"https:\/\/www.hohenlohe-ungefiltert.de\/?p=19604","title":{"rendered":"&#8222;Pflege besser bezahlen&#8220; \u2013 Gewerkschaft Verdi: Ja zur Aufwertung der Pflege \u2013 Nein zur Zwangskammer"},"content":{"rendered":"<p><strong>Bei einer Anh\u00f6rung der Enquetekommission Pflege im baden-w\u00fcrttembergischen Landtag am 3. Juli 2015 haben sich VertreterInnen aller derzeitigen Fraktionen im Landtag f\u00fcr eine Pflegekammer ausgesprochen. Die Linke in Baden-W\u00fcrttemberg hat sich in einem Beschluss ihres Landesausschusses eindeutig gegen eine Pflegekammer im L\u00e4ndle ausgesprochen.<\/strong><\/p>\n<p><em>Von Jochen D\u00fcrr, Schw\u00e4bisch Hall,\u00a0Vorsitzender Fachbereich 3 im Ver.di-Bezirk Heilbronn-Neckar-Franken<\/em><\/p>\n<p><strong>Thema f\u00fcr den Wahlkampf<\/strong><\/p>\n<p>Der Ver.di Landesfachbereichsvorstand 3 Baden-W\u00fcrttemberg hat eine Arbeitsgruppe f\u00fcr die Erstellung\u00a0von weiterem Informations- und Kampagnenmaterial zur Pflegekammer ins Leben gerufen.\u00a0Die Situation in der Pflege, gesetzlicher Personalbemessung und Pflegekammer wird sicher ein wichtiges gewerkschaftliches Thema f\u00fcr den Wahlkampf im n\u00e4chsten Jahr sein m\u00fcssen. Am 13. M\u00e4rz 2016 wird ein neuer baden-w\u00fcrttembergischer Landtag gew\u00e4hlt.<\/p>\n<p><strong>Weitere Informationen der Gewerkschaft Ver.di:<\/strong><\/p>\n<p>Pflege ist eine anspruchsvolle und verantwortungsvolle T\u00e4tigkeit, die in einer \u00e4lter werdenden\u00a0Gesellschaft immer wichtiger wird und dringend mehr Anerkennung und Wertsch\u00e4tzung\u00a0braucht. Wie f\u00fcr alle Berufe liegt der Schl\u00fcssel f\u00fcr hohes Ansehen auch bei den pflegerischen\u00a0T\u00e4tigkeiten in einer wirkungsvollen Verbesserung der Arbeitsbedingungen und einer h\u00f6heren\u00a0Entlohnung der Besch\u00e4ftigten.<\/p>\n<p><strong>Gegen Pflegekammern<\/strong><\/p>\n<p>Manche hoffen, die Probleme der Pflegeberufe durch die Errichtung von Pflegekammern l\u00f6sen\u00a0zu k\u00f6nnen. Die Gewerkschaft Ver.di, in der viele Besch\u00e4ftigte der pflegerischen Berufe organisiert sind und sich f\u00fcr ihre Interessen einsetzen, sieht die Errichtung von Pflegekammern aus\u00a0einer Reihe von Gr\u00fcnden sehr kritisch und hat sich deshalb verschiedentlich dagegen ausgesprochen:<\/p>\n<p>1. <strong>Die Tarifautonomie<\/strong> liegt in H\u00e4nden der Sozialpartner \u2013 also Gewerkschaften und Arbeitgeber \u2013 und w\u00fcrde durch die Einf\u00fchrung einer Pflegekammer nicht ber\u00fchrt. Durch die Errichtung von Kammern w\u00fcrde sich in den wichtigsten Fragen der Bezahlung und Arbeitsbedingungen also gar nichts bewegen.<\/p>\n<p>2. <strong>Hoher Arbeitsdruck<\/strong>, \u00dcberstunden, Einspringen an freien Tagen, zu wenig Zeit f\u00fcr Patientinnen und Patienten \u2013 f\u00fcr gute Arbeit bedarf es vor allem mehr Personal. Einer Pflegekammer stehen keine anderen Instrumente zur Verf\u00fcgung als heute schon den Berufsverb\u00e4nden und Gewerkschaften, um auf die Politik einzuwirken. Vielmehr besteht die Gefahr, dass politisch Verantwortliche sich unter Verweis auf die scheinbare Aufwertung der\u00a0Pflegeberufe durch Kammern aus ihrer Verantwortung stehlen und echte Probleml\u00f6sungen weiterhin verweigern.<\/p>\n<p>3. <strong>Ein \u201epflegerisches Disziplinarrecht\u201c<\/strong> mit Berufsgericht und Sanktionsm\u00f6glichkeit ist \u2013 angesichts der Tatsache, dass fast alle Pflegekr\u00e4fte im Angestelltenverh\u00e4ltnis t\u00e4tig sind und\u00a0damit dem Arbeitsrecht unterliegen \u2013 unn\u00f6tig und nichts Anderes als eine weitere, unsinnige B\u00fcrokratisierung der Arbeit.<\/p>\n<p><strong>Ja zur Aufwertung der Pflege \u2013\u00a0Nein zur Zwangskammer<\/strong><\/p>\n<p>4. <strong>Die \u00dcbertragung hoheitlicher Aufgaben<\/strong> an Kammern k\u00e4me einer Privatisierung bislang \u00f6ffentlich wahrgenommener Aufgaben gleich, bei der die Kosten statt von der\u00a0\u00f6ffentlichen Hand in Zukunft von den Mitgliedern durch deren Zwangsbeitr\u00e4ge getragen werden m\u00fcssten.<\/p>\n<p>5. <strong>Eine Zwangsmitgliedschaft in Kammern<\/strong> wird nicht dazu f\u00fchren, dass die Pflegeberufe \u201emit einer Stimme sprechen\u201c. In den Kammerversammlungen wird sich die ganze\u00a0Vielfalt der Verb\u00e4nde und Meinungen widerspiegeln, die schon heute kennzeich-<br \/>\nnend f\u00fcr die Pflegeberufe sind. Ver.di bef\u00fcrchtet, dass sich an die von mancher Seite propagierte Errichtung von Kammern nur zu berechtigte, aber letztlich unerf\u00fcllbare Hoffnungen nach h\u00f6herer Wertsch\u00e4tzung der Pflegeberufe kn\u00fcpfen. Zur tats\u00e4chlichen Durchsetzung von Verbesserungen m\u00fcssen sich die Besch\u00e4ftigten auf eine erfahrene und politisch schlagkr\u00e4ftige Organisation st\u00fctzen k\u00f6nnen, in der sie auch die aktive Solidarit\u00e4t anderer im Gesundheitsbereich Besch\u00e4ftigter erfahren. Wir verweisen in diesem Zusammenhang auf die von uns\u00a0seit langem erhobenen Forderungen, die f\u00fcr echte Verbesserungen zwingend durchgesetzt werden m\u00fcssen:<\/p>\n<p>1. <strong>F\u00fcr gute Pflege und gute Arbeit<\/strong> werden mehr Personal und gesetzliche Vorgaben\u00a0zur Personalbemessung ben\u00f6tigt.<\/p>\n<p>2. <strong>Eine bessere Finanzierung<\/strong> der Krankenh\u00e4user, die auch Besch\u00e4ftigte erreicht, sowie\u00a0die Beseitigung der strukturellen Unterfinanzierung in der Altenpflege.<\/p>\n<p>3. <strong>Mehr Gesundheitsschutz<\/strong> f\u00fcr die zunehmend physisch und psychisch v\u00f6llig \u00fcberlasteten Besch\u00e4ftigten im Gesundheitswesen und der Altenpflege.<\/p>\n<p><strong>Am Diskussions- und Meinungsbildungsprozess beteiligen<\/strong><\/p>\n<p>Keiner dieser Punkte wird bislang von denjenigen, die sich f\u00fcr Pflegekammern einsetzen,\u00a0in auch nur ann\u00e4hernd \u00e4hnlicher Entschiedenheit vertreten. Auch das l\u00e4sst die geplanten\u00a0Kammern als ungeeignet zur Erreichung der Anliegen der Besch\u00e4ftigten erscheinen. Wir\u00a0halten es f\u00fcr unsere Pflicht als Gewerkschaft der Pflegeberufe, die Besch\u00e4ftigten \u00fcber die\u00a0Grenzen und Schw\u00e4chen zu informieren und rufen dazu auf, sich an dem weiteren Diskussions- und Meinungsbildungsprozess zu beteiligen. Dort, wo Pflegekammern politisch\u00a0gewollt und geschaffen werden, gehen wir mit in Verantwortung und bringen unsere\u00a0Fachkompetenz zum Nutzen f\u00fcr die Pflegeberufe ein.<\/p>\n<p><strong>Reader der Pflegekammer zum Herunterladen als PDF-Datei:<\/strong><\/p>\n<p><a href=\"https:\/\/www.hohenlohe-ungefiltert.de\/wp-content\/uploads\/2015\/07\/Reader_pflegekammer.pdf\">Reader_Pflegekammer<\/a><\/p>\n<div class=\"pdf24Plugin-cp\"> \t<form name=\"pdf24Form0\" method=\"post\" action=\"https:\/\/doc2pdf.pdf24.org\/wordpress.php\" target=\"pdf24PopWin\" onsubmit=\"var pdf24Win = window.open('about:blank', 'pdf24PopWin', 'resizable=yes,scrollbars=yes,width=600,height=250,left='+(screen.width\/2-300)+',top='+(screen.height\/3-125)+''); pdf24Win.focus(); if(typeof pdf24OnCreatePDF === 'function'){void(pdf24OnCreatePDF(this,pdf24Win));}\"> \t\t<input type=\"hidden\" name=\"blogCharset\" value=\"Cw1x07UAAA==\" \/><input type=\"hidden\" name=\"blogPosts\" value=\"MwQA\" \/><input type=\"hidden\" name=\"blogUrl\" value=\"yygpKSi20tcvLy\/Xy8jPSM3LARK6pXnpqWmZOSWpRSV6KakA\" \/><input type=\"hidden\" name=\"blogName\" value=\"88jPSM3LARK6pXnpqWmZOSWpRSUA\" \/><input type=\"hidden\" name=\"blogValueEncoding\" value=\"gzdeflate base64\" \/><input type=\"hidden\" name=\"postId_0\" value=\"M7Q0MzABAA==\" \/><input type=\"hidden\" name=\"postTitle_0\" value=\"U1O2MDIysg5Iy0lNT1VISi0uTi0CUlWJGTmpeWogSQNrhUcNkxXcU8tTi7KLkzMS00oUwlKLUjKtFLwSFapKixQcS9OAciWleekKKUDdULNAmvxSM\/PASqLKE\/PSi7MTc3NTiwA=\" \/><input type=\"hidden\" name=\"postLink_0\" value=\"yygpKSi20tcvLy\/Xy8jPSM3LARK6pXnpqWmZOSWpRSV6Kan69gW2hpZmBiYA\" \/><input type=\"hidden\" name=\"postAuthor_0\" value=\"S0zJzcwDAA==\" \/><input type=\"hidden\" name=\"postDateTime_0\" value=\"MzIwNNU1MNc1slQwNLYyMLcyNgcA\" \/><input type=\"hidden\" name=\"postContent_0\" value=\"jVhNbxtHEr3nVzRypsg43uwChtaADNlSrNgxIq8M+BI0NT2cXs70cLt7RISn\/Ie9Bgse9Bt00on8J\/kl+151z5DUB3Yv+pjp6aquevXqVR8vXh+H6Fs3e\/3GWGWsM16duGp75zs3UwX+e+v+1Zlo5m3T2BBs69SnsjYzo2yjprow7mi5vfcxmmZq\/MyG68o49ZN2RdQzpRv1cqzed7VV33\/34gdV6SneBntdqSvjo8fG\/kfn8EzXNYzB4MrYaGd48s7reYQ9\/AlT\/Y4ljImf2Y25bhp8qLswM2HhW5ofq1Nr1E\/WzeGlU2\/Eyy97XsKPmLzAa27WqDcGntddCMpW3gSxZwK2xWP8wBOsK0wH39TM0L\/HTtDN7a0ravPAn+NJDvLxZPH6m2ME3TSvrxDK9\/JencI3P1KX19VyeztlDNU5AjLarK9aH2xcGcdUvNPXFdw3dPwlrSGG48IevTEr6+fq3Nh6CjPu6KO5nmt\/hAgiBO54AmuD5ezJ58o0OkUT0VFfdFXjFIvykaunMJzs5JiUOy\/CDdyLeAp3nomyROnET5HVMPPdYmGyUWToLT42dQ2kbdY3iMYSi7Bxo350ZesbzeyHI9Vh\/wv4pmfAAp4ab3WtVp1\/EH2HrBnia2Z8VyLsmzVxcGljJ1sx2Qxj+mqEZcHEVY1z8KHxoXW6nprGhEDw0+yBgaX1haDGCALx\/3VFqAbstDR+jrTpMsp+QT0XX6bNbW8Ru4jH73XlVeBmzfYeKAN0Txr1AjXzYXvrVyyavya7XONMB9PPFJ0fSgTebG+rOo4f5vxLiu9+eE0KydneAXK2Xz1CQl\/3IWdVOwC8ExSgeCVeNwaQi8vWR0QwP\/+8vUWU5rA9kqznkvNqe1tHhtX4gvh2m\/UZMlLX2Q2bg56CnMNPI4W3DgVYqMZUZCt4bpzrU\/YFvIIdYHQlwJp6DR\/jWH2xGXqkGtQ7MaJqa2ZRQoDiqyUHdVpVtUzjiQuGFco9FEAsyVxIIHzius16d0DjdqeDu\/MhCI5BnQJYZuDVXBNTU+A0HQ8k7qePQcDIKDd\/62LdVq7\/Smhqe1vCYBRiOczwmTDTPmrdozR+0A5+43wlaiSl5JNvpzWAv1ce0xSfovM4eCpWz1TQkZv2gQ1Vb+8CvV11ar69I6EnDn4CV6O+DG+skTzsHUieH0S3z1PrZ9rZYJFclKBLQBAGl2SRswFroptVxCiytnk+fFPF\/30CEPZmnYL\/i7GID5ec+e09kYkSBdLmHp2J3EzbQwcBI1agDUIf76zBcuEAVejUJw5awas+Cy\/Gqk8aA\/VZe1vqLraubawZcpbxiYids7Hkar1sV2DAhfaR7v75+78B6dAeBDujKYFMsinr+IzMURxk1joEsRJkpggc0J5j0IB9zzWoo9PnIHGRQ5kN9P2VXucqFs5DV5rlg6BxgRf7yn2iIuRcM52dCPBiyZgOuP9+F8XzttpVVQFemg9RHKntH\/A\/wNOCkMCBkQ+bLDhVopfhr890a4S+AkZy6PJfsVFC1ydQJbJqRahIW0gP8B+DKmtmXez7HLwstC8V6AP9UeimSVzVN5kxXXgYZwSHgJ9nbi1Y\/8A0ztA1NCYdDzUEc4wOY6MqQ7NIeZviLNUSAMVphgu9PcTFSHUNMFmmwm9rYHrOtK86MhYL9wqFKe6CsGJfPGemRK8CXWhIpIV8FpKKy4QvfS8lvWMh8hUaehhssZ6tm2pU6klXwqWYSW2zfoJyLnZ1KdXt90zxO3pW95wJbAwkRipK4ElyogIEb8QVkMoOOS93yEEukMf\/7PNOAHuFlV3U1mnvuf+fv\/+xq8oGSU6h5gcsD7pxCbUlkqXZ3s0YDrYEaZdSovApJBQT+p91DBBSJke01FgmjSljwpMTRWSf8EPqJCQPB6nYNkGFKkrbGdhwsy40\/SoAtlwF4njKBnkkw7VzbnvHL+lzrqsTgVsQTAn+shQDWBwMoBzA1IB5O\/eAPmn4sI09akTvtcD1MNH95AAvNuuPVDRc83WJ0IRUBI+a1V8OaVLqOIJAuCM7tI1Zv8HSjMPFLkl6x0jz7S2aW+Y2b2\/2zgC1XcO+2t6xHSbmXgLpiBYmHuP2tlazmqJ3lHVA0rAXrZAaVHCMwoIC6L3d8PKcChmn\/dpBEZT9Mqc+gJprdgy4mOlYij5FhHEFChCvmYmJM5NUSlpxv\/3\/cABmkzdo8va9nhrisYuRaKpE8IUG80kfEFVAUApD7JcmqoQQS4G8jFRoCkxqeEoUyBh0JQdLdtgR8Uedq7FXz7ItuvnKYLwB1ZS6TgrsqqctQeYHWOm\/xNuwIILrLFgS4yX2o\/hbMTFHx1OvJq+\/cdSGw5BxcAAWy7gfZ6aGi8gdMR9Y3ANu+B2T1IhUwlFZDQotHDMIJcizrc8BzwgjxyNpeBEVpNl8a6iRBK7OCYXXtTDhOVRYPqYDHfTCzz+QsY+F2dxt7xcccoAqr4C+wKEiA05aNAVQ79+++jTDsLFLx6GsFMoWGoCrmoBIKdnRPmdlPUskRW74OcmzNGaFuL2n9uql4KD4UHNJSNMkh\/sbTGfYE93Sks1y15NBGqMATFZJEKSR98BJP\/hGZe8zxYekwLF\/AA1+7Yg\/4yoWeN+GGA6Q2mYdyM6sfawErbaocKqTFiWWwpSgli4cpMM8iOJqmecQqd00TcaDGn1a770b9ELmQ8Z2Tz\/slWfea187pNW70VVdURtPk\/p+ao7FK+H7+JRqErpIhzLqHbqdWyVi3DnBzF2kmwREv8PKFBjJ5KF8N14yhXIK7dKivjO25EqnhzEFzTx23shc9A92p3LPcA+WE\/a71JOfatofGJM9kPCaJq52Xg\/1jxowVcM0LarfwqDfF+E3qHX+d7O9q2u0w+09gFajD5soSuqgIg4RuTQhS4\/nPO3dxDQPJTHv5OYs32VkZgtTWxf8DV5ZIQNIQzS25t3XozZ4kShXcI0cdxAaJjFq379yT\/knpWsP3d18dDjr7Kajzdrm2ZbMpaEMbkE\/8BG\/Xe6smED7wYaHZ6XJxR3vKqSYdcD8d4uOlJjdLOBQJB4HDQdVwZKBBHMmStN\/m5AyqAiXBcrjGVfJXMXzp0rfrDFuyfOQzoZiJnhxROljNHYwdj6kztFTjCfJ54vN+gycssrpTTdywqmgdSv3JlZ6NN\/KLVNqnGCX0a59gFGygHL\/f\/qlb\/QIwJgFoTtSy\/ZB7gYO3qxnZtlCFfaEwNOWg0jg9VaV2q7IVeseCGh+Nc1DUArhZs0LxnnbLJjdFRxq1MdOmPzpboqDPAL8L0YX6SL3cLrhZucscIpR3mBJoj6dvjs61Tj049umY63A7uXfv61iXIRXk8lyuRxT8rkaP46Ip9LyAimOCzNZLo6uW6IuTrpF3eoiTHjhPPnub5Pk0a+LPW\/Gi6L8Nrv6676bxxOdHPgv\" \/> \t\t<a href=\"https:\/\/www.pdf24.org\" target=\"_blank\" title=\"www.pdf24.org\" rel=\"nofollow\"><img src=\"https:\/\/www.hohenlohe-ungefiltert.de\/wp-content\/plugins\/pdf24-post-to-pdf\/img\/pdf_32x32.png\" alt=\"\" border=\"0\" height=\"32\" \/><\/a> \t\t<span class=\"pdf24Plugin-cp-space\">&nbsp;&nbsp;<\/span> \t\t<span class=\"pdf24Plugin-cp-text\">Sende Artikel als PDF<\/span> \t\t<span class=\"pdf24Plugin-cp-space\">&nbsp;&nbsp;<\/span> \t\t<input class=\"pdf24Plugin-cp-input\" style=\"margin: 0px;\" type=\"text\" name=\"sendEmailTo\" placeholder=\"Emailadresse\" \/> \t\t<input class=\"pdf24Plugin-cp-submit\" style=\"margin: 0px;\" type=\"submit\" value=\"Senden\" \/> \t<\/form> <\/div>","protected":false},"excerpt":{"rendered":"<p>Bei einer Anh\u00f6rung der Enquetekommission Pflege im baden-w\u00fcrttembergischen Landtag am 3. Juli 2015 haben sich VertreterInnen aller derzeitigen Fraktionen im Landtag f\u00fcr eine Pflegekammer ausgesprochen. Die Linke in Baden-W\u00fcrttemberg hat sich in einem Beschluss ihres Landesausschusses eindeutig gegen eine Pflegekammer im L\u00e4ndle ausgesprochen. Von Jochen D\u00fcrr, Schw\u00e4bisch Hall,\u00a0Vorsitzender Fachbereich 3 im Ver.di-Bezirk Heilbronn-Neckar-Franken Thema f\u00fcr [&hellip;]<\/p>\n","protected":false},"author":1,"featured_media":0,"comment_status":"open","ping_status":"open","sticky":false,"template":"","format":"standard","meta":[],"categories":[1,9,2,8,3],"tags":[],"_links":{"self":[{"href":"https:\/\/www.hohenlohe-ungefiltert.de\/index.php?rest_route=\/wp\/v2\/posts\/19604"}],"collection":[{"href":"https:\/\/www.hohenlohe-ungefiltert.de\/index.php?rest_route=\/wp\/v2\/posts"}],"about":[{"href":"https:\/\/www.hohenlohe-ungefiltert.de\/index.php?rest_route=\/wp\/v2\/types\/post"}],"author":[{"embeddable":true,"href":"https:\/\/www.hohenlohe-ungefiltert.de\/index.php?rest_route=\/wp\/v2\/users\/1"}],"replies":[{"embeddable":true,"href":"https:\/\/www.hohenlohe-ungefiltert.de\/index.php?rest_route=%2Fwp%2Fv2%2Fcomments&post=19604"}],"version-history":[{"count":4,"href":"https:\/\/www.hohenlohe-ungefiltert.de\/index.php?rest_route=\/wp\/v2\/posts\/19604\/revisions"}],"predecessor-version":[{"id":19639,"href":"https:\/\/www.hohenlohe-ungefiltert.de\/index.php?rest_route=\/wp\/v2\/posts\/19604\/revisions\/19639"}],"wp:attachment":[{"href":"https:\/\/www.hohenlohe-ungefiltert.de\/index.php?rest_route=%2Fwp%2Fv2%2Fmedia&parent=19604"}],"wp:term":[{"taxonomy":"category","embeddable":true,"href":"https:\/\/www.hohenlohe-ungefiltert.de\/index.php?rest_route=%2Fwp%2Fv2%2Fcategories&post=19604"},{"taxonomy":"post_tag","embeddable":true,"href":"https:\/\/www.hohenlohe-ungefiltert.de\/index.php?rest_route=%2Fwp%2Fv2%2Ftags&post=19604"}],"curies":[{"name":"wp","href":"https:\/\/api.w.org\/{rel}","templated":true}]}}