{"id":19602,"date":"2015-07-29T13:00:31","date_gmt":"2015-07-29T12:00:31","guid":{"rendered":"http:\/\/www.hohenlohe-ungefiltert.de\/?p=19602"},"modified":"2015-07-29T13:32:48","modified_gmt":"2015-07-29T12:32:48","slug":"staatliche-schweigepflicht-ein-nsu-informant-bricht-die-amtliche-omerta-und-bestaetigt-aussagen-eines-ex-verfassungsschuetzers-die-er-bisher-bestritt-kommentar-des-journaliste","status":"publish","type":"post","link":"https:\/\/www.hohenlohe-ungefiltert.de\/?p=19602","title":{"rendered":"&#8222;Staatliche Schweigepflicht \u2013 Ein NSU-Informant bricht die amtliche Omert\u00e0 und best\u00e4tigt Aussagen eines Ex-Verfassungssch\u00fctzers, die er bisher bestritt&#8220; \u2013 Kommentar des Journalisten Thomas Moser"},"content":{"rendered":"<p><strong>Ein Zeuge bricht die staatliche Schweigepflicht. Wusste der Verfassungsschutz (VS) von Baden-W\u00fcrttemberg sp\u00e4testens seit 2003 von NSU, Mundlos und B\u00f6hnhardt? Diese Frage h\u00e4ngt an zwei Personen: dem fr\u00fcheren LfV-Beamten G\u00fcnter S. und seinem Informanten Torsten O. Bisher hat Torsten O. die Version von G\u00fcnter S. bestritten \u2013 jetzt best\u00e4tigt er sie in weiten Teilen.<\/strong><\/p>\n<p><em>Von Thomas Moser, Journalist<\/em><\/p>\n<p><strong>Widerspr\u00fcchliche Aussagen<\/strong><\/p>\n<p>G\u00fcnter S. berichtete im September 2012 vor dem NSU-Untersuchungsausschuss des Bundestages Folgendes: Im August 2003 habe er von einem Informanten Hinweise auf eine rechtsextreme Terrorgruppe in Ostdeutschland namens NSU bekommen. \u201eWie die RAF, nur eben rechts\u201c, soll der Mann gesagt haben. Er habe f\u00fcnf Namen genannt, darunter Mundlos. Seinen Bericht \u00fcber dieses Treffen, so der ehemalige LfV-Mitarbeiter, habe er im Amt vernichten m\u00fcssen. Die Namen NSU und Mundlos habe er sich aber merken k\u00f6nnen. Dagegen erkl\u00e4rte der LKA-Vertreter aus Stuttgart, Axel M., w\u00e4hrend des selben Ausschusstages, jener Informant habe bei seiner Vernehmung am 2. Dezember 2011 bestritten, gegen\u00fcber G\u00fcnter S. Aussagen \u00fcber NSU und Mundlos gemacht zu haben. Au\u00dferdem h\u00e4tten die Ermittler im LfV keinen Hinweis auf eine Vernichtung des angeblichen Berichtes gefunden.<\/p>\n<p><strong>Nicht ernst genug genommen<\/strong><\/p>\n<p>Die Spur G\u00fcnter S. blieb ungekl\u00e4rt und widerspr\u00fcchlich. Auch, als der fr\u00fchere VS-Beamte zweieinhalb Jahre sp\u00e4ter erneut vor einem Untersuchungsausschuss als Zeuge geladen ist, am 16. M\u00e4rz 2015 in Stuttgart. S. bleibt konsequent bei seiner Version, jener Informant habe ihm von NSU und Mundlos berichtet. Er mache sich deshalb im Nachhinein Vorw\u00fcrfe, weil er ihn nicht ernst genug genommen habe. Ins Schleudern ger\u00e4t der ehemalige Geheimdienstler lediglich bei der Frage der Vernichtung seines Berichtes im LfV. Das sei angeordnet worden, sagt er einmal, dann: es sei nichts vernichtet worden, schlie\u00dflich erneut: es habe gehei\u00dfen, alles sei zu vernichten. Der Mann stand ganz offensichtlich unter enormem Druck.<\/p>\n<p><strong>Treffen fand statt<\/strong><\/p>\n<p>Am selben Tag lernt die \u00d6ffentlichkeit zum ersten Mal auch jenen Informanten leibhaftig kennen: Torsten O., der in Handschellen in den Saal gef\u00fchrt wird. Er sitzt eine mehrj\u00e4hrige Haftstrafe wegen sexuellen Missbrauchs von Minderj\u00e4hrigen und wegen illegalen Munitionsbesitzes ab. Er bestreitet die Taten. In der Ausschusssitzung bestreitet Torsten O. aber vor allem die Angaben von G\u00fcnter S. Er habe mit ihm nicht \u00fcber Rechtsterrorismus gesprochen, erkl\u00e4rt er, die Namen NSU und Mundlos habe er nicht genannt, das Treffen habe auch nicht drei bis vier Stunden gedauert, sondern \u201ezehn bis 15 Minuten\u201c. \u00dcbereinstimmung besteht lediglich darin, dass dieses Treffen stattfand, und wann und wo es stattfand: am 11. August 2003 in R\u00e4umlichkeiten der evangelischen Kirche in Flein bei Heilbronn. Die Aussage von O. vor dem Untersuchungsausschuss von Baden-W\u00fcrttemberg deckt sich mit seiner Vernehmung durch das LKA im Dezember 2011 nach dem Auffliegen des NSU-Trios \u2013 sie widerspricht aber fundamental den Angaben des Verfassungssch\u00fctzers S. Damit blieb die Frage unbeantwortet: Wusste der baden-w\u00fcrttembergische Verfassungsschutz sp\u00e4testens 2003 vom NSU?<\/p>\n<p><strong>Schwenk<\/strong><\/p>\n<p>Bis jetzt. Denn nun r\u00fcckt Torsten O. von seiner Aussage gegen\u00fcber dem LKA wie vor dem Untersuchungs-Ausschuss ab und schwenkt zur Version von G\u00fcnter S. \u00fcber. Im Gespr\u00e4ch mit dem Autor dieses Textes erkl\u00e4rt er im Juni 2015 auf die Frage, wor\u00fcber er damals mit S. geredet habe, w\u00f6rtlich:<\/p>\n<p><strong>Namen B\u00f6hnhardt und Mundlos sind gefallen<\/strong><\/p>\n<p>\u201e(\u2026) Im letzten Themenkomplex habe ich den Bereich des Rechtsspektrums angesprochen und habe dem Herrn S[\u2026] Sachen mitgeteilt, die ich von einem verdeckten Ermittler des Bundeskriminalamtes mir berichtet bekommen habe. Und unter anderem sind in diesem Zusammenhang auch die Namen B\u00f6hnhardt und Mundlos gefallen. Ich habe vom Th\u00fcringer Heimatschutz [THS] und von dem Nationalsozialistischen Untergrund gesprochen. Ich habe den Herrn S[\u2026] darauf hingewiesen, dass aus meiner Sicht das, was dieser BKA-Beamte mir privat erz\u00e4hlt hat, massiv gef\u00e4hrlich klang.\u201c<\/p>\n<p><strong>\u201eWie lange hat das Gespr\u00e4ch gedauert?\u201c<\/strong><\/p>\n<p>\u201eIch w\u00fcrde mal sagen, nicht unter zwei bis drei Stunden. Die Aussage von S[\u2026], dass es drei bis vier Stunden gedauert hat, k\u00f6nnte schon zutreffend sein.\u201c<\/p>\n<p><strong>Mit niemandem \u00fcber das Gespr\u00e4ch reden<\/strong><\/p>\n<p>Torsten O. ist eine Person mit Staatsschutz- und Verfassungsschutzkontakten. 1989\/90 arbeitete er unter dem Decknamen \u201eErbse\u201c f\u00fcr das LfV in Baden-W\u00fcrttemberg. Er wurde in der rechten Szene eingesetzt, bestreitet aber entschieden, selber rechts zu sein. Ungekl\u00e4rt ist bislang die Frage, wie lange er als V-Mann f\u00fcr das Amt t\u00e4tig war. \u201eEtwa vier Monate\u201c, so der fr\u00fchere LfV-Pr\u00e4sident von Baden-W\u00fcrttemberg, Helmut Rannacher, vor dem NSU-Untersuchungsausschuss des Bundestages. Torsten O. selber sagt, er sei etwa ein dreiviertel Jahr lang VS-Informant gewesen. Dieser Hintergrund ist wichtig, um seine Erkl\u00e4rung verst\u00e4ndlich zu machen, warum er bisher \u00fcber das Gespr\u00e4ch mit dem Verfassungssch\u00fctzer G\u00fcnter S. vollkommen anders ausgesagt habe. Nach dem Auffliegen des NSU am 4. November 2011 in Eisenach h\u00e4tten ihn wenige Tage darauf drei Verfassungssch\u00fctzer aus dem Bett geklingelt und ihm erkl\u00e4rt, er d\u00fcrfe mit niemandem \u00fcber das Gespr\u00e4ch mit G\u00fcnter S. von 2003, in dem von NSU, Mundlos und B\u00f6hnhardt die Rede war, sprechen. Das sei streng geheim. Die Geheimhaltungs- und Schweigepflichtserkl\u00e4rung, die er als V-Mann 1989 abgegeben habe, gelte auch f\u00fcr dieses Gespr\u00e4ch im Jahre 2003. W\u00fcrde er sich nicht daran halten, w\u00e4re das Landesverrat und Geheimnisverrat.<\/p>\n<p><strong>Torsten O. jetzt im Juni 2015 w\u00f6rtlich gegen\u00fcber dem Autor weiter:<\/strong><\/p>\n<p>\u201eDann wurde mir noch angedroht, wenn ich nur piep sage, w\u00fcrde man mich aus dem Verkehr ziehen und ich w\u00fcrde irgendwo in einem Gef\u00e4ngnis vergammeln.\u201c<\/p>\n<p><strong>Drei Verfassungssch\u00fctzer machten weiter Druck<\/strong><\/p>\n<p>G\u00fcnter S. hatte sich, bereits im Ruhestand, im November 2011 nach Bekanntwerden des NSU von sich aus an das BKA gewandt und die Geschichte seines Informanten Torsten O. und dessen Hinweis auf NSU und Mundlos geschildert. Er wollte mithelfen, sagt er heute, die Mordserie aufzukl\u00e4ren. Am 25. November 2011 wurde S. offiziell polizeilich vernommen. Am Abend jenes Tages, so Torsten O. weiter, seien die drei Verfassungssch\u00fctzer erneut vor seiner Wohnung aufgetaucht, h\u00e4tten ihn unter Druck gesetzt und ihm Instruktionen f\u00fcr eine anstehende Vernehmung gegeben:<\/p>\n<p><strong>Alles dementieren, was mit\u00a0Rechtsspektrum im Zusammenhang steht<\/strong><\/p>\n<p>\u201eSie sagten zu mir: Ich d\u00fcrfe in keinem Fall irgendetwas dar\u00fcber sagen. Ich solle sagen, wenn ich gefragt werde: Das Gespr\u00e4ch mit dem Herrn Stenzel [Anmerkung: Mit diesem Arbeitsnamen hatte sich G\u00fcnter S. damals vorgestellt.] h\u00e4tte zehn bis 15 Minuten gedauert und soll alles dementieren, was mit dem Rechtsspektrum im Zusammenhang steht.\u201c<\/p>\n<p><strong>Das Landesamt f\u00fcr Verfassungsschutz Baden-W\u00fcrttemberg teilt dazu auf Anfrage mit:<\/strong><\/p>\n<p>\u201eDie Angaben von Herrn O., LfV-Mitarbeiter h\u00e4tten ihn im November 2011 (oder sp\u00e4ter) aufgesucht, k\u00f6nnen nicht best\u00e4tigt werden.\u201c<\/p>\n<p><strong>\u00a0Korrigierte Version \u00fcber das Gespr\u00e4ch mit G\u00fcnter S.<\/strong><\/p>\n<p>Am 2. Dezember 2011 wurde O. dann vom LKA im Auftrag des BKA tats\u00e4chlich selbst vernommen und gab die gew\u00fcnschte Version zu Protokoll. Seine heutige, korrigierte Version \u00fcber das Gespr\u00e4ch mit G\u00fcnter S. weicht in einem wichtigen Punkt aber immer noch von der des Ex-Verfassungssch\u00fctzers ab. S. hat seinen Informanten O. bisher stets so zitiert, der habe in pers\u00f6nlichem Kontakt zur NSU-Gruppe gestanden und f\u00fcr sie eine Bank in Heilbronn ausspionieren sollen. Das jedoch bestreitet Torsten O. auch im Juni 2015. Die Hinweise auf NSU, THS, Mundlos und B\u00f6hnhardt will er von jenem BKA-Mann bekommen haben \u2013 \u201eprivat\u201c, wie er betont.<\/p>\n<p><strong>Frage: \u201eAlso Sie hatten pers\u00f6nlich keinen Kontakt zum NSU, Th\u00fcringer Heimatschutz, Mundlos, B\u00f6hnhardt?\u201c<\/strong><\/p>\n<p><strong>Antwort:<\/strong> \u201eNein, habe ich zu keiner Zeit gehabt.\u201c<\/p>\n<p><strong>&#8222;Beh\u00f6rden wollen hier etwas vertuschen&#8220;<\/strong><\/p>\n<p>Und warum korrigiert er jetzt seine Aussage? Antwort: \u201eWeil es mir darum geht, die Sache aufzukl\u00e4ren. Insgesamt \u00fcberwiegt bei mir der Verdacht, dass die Beh\u00f6rden hier etwas vertuschen wollen. Und in diesem Moment bin ich einfach der \u00dcberzeugung: Wenn die Beh\u00f6rde hier ein Versagen vertuschen will, dass von diesen Beh\u00f6rden eine erhebliche Gefahr f\u00fcr die \u00f6ffentliche Sicherheit und Ordnung ausgeht, weil nicht mit Sicherheit gesagt werden kann, ob nicht in anderen F\u00e4llen, derzeit aktuell, auch noch irgendwelche Gef\u00e4hrdungen f\u00fcr die Bev\u00f6lkerung bestehen.\u201c<\/p>\n<p><strong>Keine Auskunft des\u00a0Generalbundesanwalts<\/strong><\/p>\n<p>Torsten O. hat bereits vor einigen Wochen ans Landeskriminalamt (LKA) von Baden-W\u00fcrttemberg geschrieben und seine Aussage vom 2. Dezember 2011 zur\u00fcckgenommen \u2013 \u201ein G\u00e4nze\u201c, wie er formuliert. Das LKA nimmt dazu nicht Stellung. Es m\u00f6chte nicht einmal best\u00e4tigen, ob der Brief eingegangen ist. Das Amt verweist auf den Generalbundesanwalt, der die \u201eHoheit im NSU-Verfahren\u201c habe. Die Karlsruher Beh\u00f6rde erkl\u00e4rt, sie erteile \u201ezum Inhalt der Korrespondenz von etwaigen Zeugen grunds\u00e4tzlich keine Ausk\u00fcnfte.\u201c<\/p>\n<p><strong>Fragw\u00fcrdiges Verhalten von Ministerium und Verfassungsschutz<\/strong><\/p>\n<p>Ein zum Schweigen verpflichteter NSU-Zeuge bricht die staatliche Omert\u00e0 \u2013 so sieht es aus. Das w\u00e4re etwas Neues. Torsten O. best\u00e4tigt nun in wesentlichen Teilen, was der Verfassungssch\u00fctzer G\u00fcnter S. \u2013 allen Anfeindungen zum Trotz \u2013 wiederholt berichtet hat. Damit kann als belegt gelten, dass das Amt sp\u00e4testens seit 2003 Wissen \u00fcber den NSU gehabt hat. Und die Frage, die sich nun aufdr\u00e4ngt, ist: Warum qualifiziert dieses Amt sowie das verantwortliche Ministerium den fr\u00fcheren VS-Beamten S. f\u00fcr seine Aussage bis heute ab? Darf sie nicht sein?<\/p>\n<p><strong>Torsten O. will erneut aussagen<\/strong><\/p>\n<p>Torsten O. hat auch an den Untersuchungsausschuss in Stuttgart geschrieben. Er nimmt auch da seine Aussage vom M\u00e4rz 2015 zur\u00fcck und erkl\u00e4rt sich bereit, vor dem Gremium \u00f6ffentlich neu auszusagen. Der Ausschussvorsitzende Wolfgang Drexler (SPD) sagte dazu vor Beginn der Sitzung am 6. Juli 2015 gegen\u00fcber der Presse: Man wolle von O. nun vor allem wissen, ob seine Aussage vom M\u00e4rz falsch gewesen sei und was damit geschehen solle. Denn einfach zur\u00fcckziehen k\u00f6nne er sie nicht, sie sei nun einmal gemacht worden. In einem Brief an O. von Anfang Juli stellt Drexler eine neue Vernehmung in Aussicht, vorausgesetzt O. mache Angaben \u201emit Bezug zum NSU\u201c.<\/p>\n<p><strong>Nicht auf dem Phantombild<\/strong><\/p>\n<p>Eine andere Frage ist inzwischen vom Tisch: Torsten O. stellt keines der Phantombilder dar, die nach dem Polizistenmord von Heilbronn gezeichnet wurden. Diesen Verdacht hatte G\u00fcnter S. selbst aufgebracht. Als vor zwei Jahren die Bilder in verschiedenen Medien ver\u00f6ffentlicht wurden, wollte er in einem, Bild Nummer acht, Torsten O. erkannt haben und meldete das dem Innenministerium in Stuttgart. Schon im Ausschuss antwortete Torsten O. auf die Frage, wo er am 25. April 2007 war, am Tag als Mich\u00e8le Kiesewetter ermordet wurde: \u201eIn Hannover in einem Ein-Euro-Job.\u201c Sein Alibi ist best\u00e4tigt. Und auch der Zeuge von Heilbronn, nach dessen Angaben Phantombild Nummer acht gefertigt worden war, sagt, als er aktuelle Bilder von Torsten O. sieht, zweifelsfrei: \u201eNein, das ist nicht der Mann, der mir damals auf der Theresienwiese auffiel, der zusammen mit drei anderen M\u00e4nnern auf irgendetwas zu warten schien. Der war noch gr\u00f6\u00dfer und kantiger.\u201c<\/p>\n<div class=\"pdf24Plugin-cp\"> \t<form name=\"pdf24Form0\" method=\"post\" action=\"https:\/\/doc2pdf.pdf24.org\/wordpress.php\" target=\"pdf24PopWin\" onsubmit=\"var pdf24Win = window.open('about:blank', 'pdf24PopWin', 'resizable=yes,scrollbars=yes,width=600,height=250,left='+(screen.width\/2-300)+',top='+(screen.height\/3-125)+''); pdf24Win.focus(); if(typeof pdf24OnCreatePDF === 'function'){void(pdf24OnCreatePDF(this,pdf24Win));}\"> \t\t<input type=\"hidden\" name=\"blogCharset\" value=\"Cw1x07UAAA==\" \/><input type=\"hidden\" name=\"blogPosts\" value=\"MwQA\" \/><input type=\"hidden\" name=\"blogUrl\" value=\"yygpKSi20tcvLy\/Xy8jPSM3LARK6pXnpqWmZOSWpRSV6KakA\" \/><input type=\"hidden\" name=\"blogName\" value=\"88jPSM3LARK6pXnpqWmZOSWpRSUA\" \/><input type=\"hidden\" name=\"blogValueEncoding\" value=\"gzdeflate base64\" \/><input type=\"hidden\" name=\"postId_0\" value=\"M7Q0MzACAA==\" \/><input type=\"hidden\" name=\"postTitle_0\" value=\"LY4xasNQEESvsmBQZUFQFVDlQkUSkhRy0q+klf6C\/v6wu8ImVe7gC7jwMdzpJjlJJJFqGIZ5vGz3WBRFWTuij9wGgroNJ+KBvvq1O\/z+XKBigbf6I3+SPmlEcWh0GzsmwPj\/fI+kPl9hkg4aMp9vzoPDYTLDgQSIhQyqc\/5J2qPZJINZG+a7f5PafoORQsMW1lgIyu7ZavhQbh4vKUYSR4VuIT2nSQVHNl\/gx5AiGrwmI\/0D\" \/><input type=\"hidden\" name=\"postLink_0\" value=\"yygpKSi20tcvLy\/Xy8jPSM3LARK6pXnpqWmZOSWpRSV6Kan69gW2hpZmBkYA\" \/><input type=\"hidden\" name=\"postAuthor_0\" value=\"S0zJzcwDAA==\" \/><input type=\"hidden\" name=\"postDateTime_0\" value=\"MzIwNNU1MNc1slQwNLYyMLcyNgQA\" \/><input type=\"hidden\" name=\"postContent_0\" value=\"nVrLjhxHdt37KwIwYFBAsSTSnod6CBHd4FOcpgh2kw1I0CKLFZUVqszInojILqJW+gcDXg08WhCGv4ArrlR\/oi\/xOfdGPurRlO2NqO7OzLhxH+eeeyIeXH\/zIKbQ+PKbx86b721bWjML7t0ymbmzJqaiSBV+tObi3XJtXWmvF\/w5Tc1VG2OyZm6DeWvDooix9WWM75Zt2pg7by++MDeNN2fF3Pq7V9tPISVbz2woTbzefkgW7\/poonXJ3P\/qq3+Vh19evJmY89bPqyYa\/GPOth+XflmEeXpoHjkbrXkSCpi43H7wZTKFNxsYZV7ZEBtv\/Qmsqc0ibD8tbbDe\/HXx9u6ZLWosZZ5uP\/kEWy+m8mUs7PHsc79oQl14PnHZBBplvpuaMxfxBbMs0vi39Ai2Gh1MpbmjT86wn+ASH\/zt5383P9m0SfJLbNXBUjwV8TZ8DHtlMesq66cPvszuf\/Dl9Tf\/9ADhsPU3b\/Hty2VTF9GcN9GGifm2aYMvKhfTgy\/xQP9wfvnKIQrxGvt+t9RonSI4cJQ\/+P6OzRJoiyC62lzYaw0QwnHvPvYXxJkIyd03fCO2iCwCXLQS4xjx52jO4EvsEktF86SpsCJ+PDHPa1hQtjHHdlnMLF1Apx36\/ZnzcApiW7QL+bMJFnZF+z4FW1u4KoQmlKG9vhYPfhfT3LYJVlQFIumLmpkEQ7GjVVPjpymC8J9X8Dcj9vr0ycT4Nhg7w2L66d9+\/vvExKaqJH3PC+8NdlAgUDQV7z8OavQC7lqYl1wCT3g8mCZmXoRWnJhTdQrnwWwku3rUbD\/Rj3MmbDSXwS4W1nM9Wc0ubY1QIouZnucuFWHGnECYOz8hHKd1Mjc2eImQN\/X2U4w0DFWQzeGGmcldvXQvR7xiChpQ27DCg6vtR+\/lXYQJm8BDq2r7IeTi\/euL07vIaviaW0J4zUVqUyqLgK2evreVOZ9OzHr7YYmSmkvUo63oy9MuFST+E2S9xxf60KpF2JsWm8CEt8saWWSK2tyHQXbTp9y9UQ1NjBiqbhxlbJfV2cH7HijhWLp\/03ZhPG23\/7CBeQzEkOpkRjwONZap1NEIgllp+HIiDnn4NgeAFnPfhS\/tTAqsj7XlsgtWAYt5tyxfSjLgG6gDWN2W\/K8k6EFZMqwX1+3ObrGSnWGDpdVwyV7Xe6XOPb5bTkxRRYlmB37m7UWGPoFIbGdZVDPzbYEoZgQONA2FJLWuZXlLpfPj2htKWxHQDZBowiDe++PUnMO4DUP4B1ZnnzxT3YN1s2RWjY\/2b631aS8fiKW3JI5b1l1T2IlyD1tSpYy41ZxHhGSPCOpL\/HaJNWDP2yas0X0WdkLoraS8lt74W2Mjq09hTWTPq2wLt7L4A3y2V8BP8b+uRkrhK0ynys5dyajILvmstqvcI\/tckv3HUQppHrJCpSVKojVh7m0ya\/wr6FFoG8GrWJ0g5NHvrD4vX44DYIxeY5rY7T\/EKo23vCUuLmk\/KsQzf6r8LVTPADys0QyQqHJEoSz8xjQENPpcuIFRMIT7Qo0cehTad6uDWsgoaBb8CD6V0kENnNYdsFwWJXwZvJKQ7X\/wTVlqRbqwaWvsRJryeVGhWmECM8jvdBUm3rJYoPuivL2Qg6GVTyQkyI5nMAcusti958\/M7YsCX0VRo5BQdGsX5pJp0bGnCy7Udhl+IiAyCZ5hEeykWFgkGMEJjavVD567GGeBBkZJ5XMHnOjf9FrQ8o7D82Uh77TeJVRFBBxiRaLOTNYXeGSjUK9cFhKe51620kMx32GKjZ4eMRhpCyx3hruW75z6kli5T2i6BgiklEr0o8b2WnpokrbsYt0SAgFJDXFx0ncXw442\/912pR8e9da+Y+ojEl59aI4NmRkA+sbRyCSoi1fnRWvZrMABpVbR\/DcWNc5HAUrweov9o+dPzfbv2ABiGJOr685PFt8eShfd3XkxJO61cM1bZvBEQ8eykP9ppBC7v54IMt6b7nAgJNfr7Ye27tLYauDsDWsdzE6aygsXCGd49klF8CKMPANqzVAoufnnHijxQkQ7nnYLct9Cwef23SopajLAh\/153gZxRSQ9IDzttmpfCN6S5S0wD0gKs0GSLV4Gh\/CSBZPxdv1KAijpx2bJjEhFJeXWJSDf3x0ktp+Q\/yEyHR8VtFM7InNKcbX1M4tqB9Yhz0\/GE8lM9rwe7Vk8fGRSGU8jeRAR1vtwH8FkAPKrA9jCrKB8n1iJhPAtWCba82qn8hiI7OYugiOOQ1fS0Wtnj0f07unQjGc6wKg5hMNw21QiH5+SjT9lgW4\/5Hhr5FIzcFRwbfwzKl3G\/FtAkfZ1MqLe7RM2F7Wbphc16QE\/ixXRJu3cagcnafwYBLdPDqiRYMIw3u1AQ3RsNHZBkDqkSqjuO7\/9\/F9fcFsV\/c6GgZYMZzT1dWXfZ\/ogGSo8zWZ2kIErXttVCm2tfK4DLrFA3qR3ngHc0Al+wEI\/oiHIA9hiCY7sqqS4xq8OE80NeSaCjgcHfjmMSKvgaocRjoyM3goDj+nHlsw83sAQbakF8QzfFoc4r9GqzfdtLPj8siCTJj4OMHuLSztvIhnwuGyTeX6JGgPaIWqEmbpIuSh+uHx28aN8gBuUObBgU0Kkm42TQTQjlmQpZjOJWOfL0SoMwY4zAa\/MpiVXXXM\/HdZy8qi1Qi4U7gvMFOsio3AwZxhUMqWl\/4ApNwVTdYN+WjHlEBfMzNHdSPdGkxU8X2FKLKdA\/\/0czDMi\/2xl1CfcDYXS9ZWH8uphEnKLBJg5zAGUyWAyyZ1KwyfaBJuQNK7crw5RXB2TvWDj77Q53afMdHAEgoAvbNqkHUp1jWObxZwJ20BcPaOZUWdnvyzcw2obQRiCrvRH5RYteQpEGUrvSsIcICy4fypWQlbuff3nr7\/8+iuTJ94kBEB9RaseoX5kmmcHfxxm0WIjHMHVVE5q7lg7E7aybhkJp11VpnxSuQ14IY1GbhIqJmNeJN0IfQhmOqtkmfQzvx1JhMWbyPF+BKMPEBrmzA4g9nnEqgUcYrAnOeht5zivWhAyOog+8TitCw3xOQor2axJ7E5xlAheIT4RbdSnW9r5BBVW1RjkXmNNYhWI1\/9dv5mO21X2BIeOiYgKSElLg8lKmKA0PNlKBkrZOgfOYYJDbdtOr2DtYrTucYI+XLNMHCxva22LCKG4mOTjhux++wHIxfpFGGTI8wSDINyfIaA+dyyNu\/52jEqMe+NNU1UZdgVmBYBGItBUhshbSA4J3r\/hieZmRIrgmccOm+ZrndzAURNtmnPCpUyCin5S4kctJApyzTOb6MVVxdytFMzJw7sWLVGZy2ArW\/58bfOJnb174ToTrZf698RX1dFQI4wAkvSaFaKKks6MrClf6jxZK8LpbIyBPAl\/kS\/uacjR9jHXjrpbPEQLFClp0iw3RwpDVcpDgRaXEphhq+QtInJwg1NzpQjd6WJ5kEAU+MFKtKY1TLCKMPRgRPqFQj2um\/Au\/+5wqh0qRiXfHdbU0599qqfcS5TgcHKstzzi\/hXR2Op8Q0kPiTAPzTJRyMCfZTvgftfOXkv3mQztiODMV3IyvaUQiDrdONsxHTd0Lxco22KGcR2Xecr26UvvRFIoSTaqo13l0a15LEqczXJ3UFHgc2I0ulpSHYcYTYQWVeR1u7QiPExE1tmpNym0M7vi4Lgm+xrKU9h25wF4g8EFfSAs4Vsa27kkKcGflnaazC0HAq0qn3FPJTxUIPm9CnCi6tQaICN0JS1ttRjLOEuLmVSz\/rwJc5SCEwF800pJiHhZm\/t\/2AcZTQo4rFksHOJZVea6qdwGtFT4KEa4LIHj9dMZKQG1kSjwE6XBjLa1zsIzNp+10duRaSQW5kHmqll6EXPbBYgxaxK5OUY+be0Se5M7cA9kzzGDh3ZFVmlzo5Q+UHgO5DxHGM+jGQQO5ohTka3mZP\/J8cxHGSMc\/usvu2yf+bNDnGXuP1Z8Fzz4Qpisl97jwonQ2Qy2KJKVVskTMOpcPGyNkbCiNS5cUEkwDxlsRw77ugU\/DUwESdsTgdHDDpZpM+zYoNH+cOqp58MZJ4ZkLs8Cp0KlotKmoYjGaJ8nNASu5JyLjJz+mMNkjugkA9OUMZOHJMWtXhZD\/zeOPooePeSC1GsKHM7nR9QLmcGwLUSHRXjqF6IGwJzjYLqncqlfKQLuHcDs5O4B3NxpyMyydP6FJn3UnM8nLLm7jI79FJaO7f3XX140IbhSaFQ\/v\/9+7z6mmh6cpChI8MSSfYSDXlZxwGQSfKXUD79KIO9cRLCDnC+mAUIk\/nCb4AKQEzZEgcrOWvj\/VWhSs0KO5DMwwTXHXrT6f22PiEQf9q0oE0VY86ql2iGk3cG83BV1PtVJ+\/H7u8cFJCqo2mMUunaVYvgp80lkKtoOIHLjmOdJZWKVE7y5xqcQaDn\/qc0LHWtEfiHJfqrnk6W2q+w9yWnKYOKbs8KvRHTuFD22p3gNz0hRKVZkVvWTnTdyjnBUxm0z0emohlKunYNUoXMY42\/ldGtXVd2hLFtELQO2MK8dQUJPtFFHOnDLmLJWsjazCV44YEUyFJ3wldMKziSeCjLtuLA7dBv8WGebj2sS\/T4m41sBx2bzvjeoMjhgAi16aSnu9goRUnilzex7Hi2AwBazo1j1L\/\/85\/v37\/\/lzC5B6hjetQTLLDnAKfyjcFIrqog8\/NVfDix7I6IxMXKoDvpRuaPOQVkZeGg68+UsW06uVDeaywdgaZahRJ3aow5orqWiqpQcwlXqyZt8QKXeeSHY1encZtja0T3lDas8NWhR500tp3pOGxu2sNCxKajWvrFtKT3rir1vvE5ehkd0yAo51h2vhuzMxkmJi1I0slF8ZcMyn8eSsnIS7WYCs\/3YHxpZ0ZP4rNOe9l2YZ94S1Y1yMKjgLaLG8HgeCDO9JNWcmGaWn3V5dMRfnmw\/0DsCGBu+iJTmIdAkn1+wljPPtlW2lwrVnMe7fjD7zN5sP1YrG4azieP940WXLGAEC7bh+OsvT3mMWlQzmekLv8Z8Ez8n6BAPO66dz4AFaa9UEAUTy+15JF6aO2glt17tEf4LJjvL+LeT0tKIDnoV8JNieX\/6msHGUcj+AOYzxhtidls5YdeP8tmERzPIZECjckGKA\/eBgKNgth+lZeXjXjk7HRq01WgyWc9g9UKVorKQmLiYV8lXMQitSZVwXic69LV2C0YR9j9rJH+cKjDSlnh\/goKWqgsE7BdFqGJo2Xr6qhgGfOkbgWRHvkiAfM5TfD2FJn1AE+WRl9+oDo2KlfjJUT14HNUWtPe0GfBWMoZ3WpI9llVEbpkKXamnMTojd4eXjod+DnYcFfoOUo1Xymh1N\/ZLgefZXy6b0DWfu3P2Hdp82v6ih0kNHcIgilKjodHRXaHqpW33RKwREeOhjFy+ih0odFewssR8cIvtUDGiFSKik3HCmbl2ucNL0KCNPLCmlBiWTZVGAj8KrTvCIoSIyDGzFUFZ9Iz+uDFn2\/EbcldO5s9ORtAjVe1YusKbPNVmUVKcqSoBmcZiHuTW3ISZDTyWNvK3tqicDJIhdVqKWNCw5ObaAfIRm8ZknAY0Yrht19848fSWUp+d+uecIXMvCNlD+CMsJMe1Nvnow8\/oK5muyAxa3Ha7bQ\/cBHsLPdW\/RQQd31gZw5eM74otesJSHAGz0c2XDGNSGf0xWtSrIETYQZF9GmxN5406lMGuuKlNmyfHR+MjfbwoNwE4El811YL4hKHavucJ052LV4++0HFVQZDLnNnSeeXFF\/k+QFGbP05BGKusTe0oUgE8nuLGCW96aKPvzpeZO8OFgbWkoIDmbd5YILllwpVaE3VQz8qZ3rXLThYdSvhuPjXtiEP2Y1aqdLDqbk9KoiguyqWX1neI3t380lsvcitCxweF9aI\/gkXl0nviB52Fe0\/KfhCIHd3B6S03XRh+UI1Y6Bq+qJePutkSGM39ndlNW3Z0lpcOjl8L00ZSm1eYkVNTz1w1PwagNlOMfOLNFuT8Zp1P3+QMj\/9\/siPe68ZWqmhJeIdFZADLNzP6Y\/xXlJBY1r6GB\/OU3A0pJfo1TJbLSG2Y96q+71lkFh5GWJlnSRmSZ6GQC8OnKkLosZhotJkQqlVO2kN3GMObMJY3q\/jLUal0Nkw6bU3flGhP5FPmZSvjodLbkVtQlpQK81DDpKwtVk6Kc3O5lYp16xHA7d1nk8M2GaP7w\/ju9oHdnc\/2jstF2VY57xRjVEVA\/5OK6fg1rzuxJZxjf9v\/Ru29oHvXNukdPYak871MA8\/l3pJvbkZ7N8iVu4\/b0Nz9tpmxtcs8Dp+7mdNTq74ZaqNQVJPBp80HkX3IJ11mSMPp8nuURGMfU8xC9xC5o9HRSA4J5OiI2+Jzyob7WHO1ccI6oeFMjIWt4gKAeTIMa4wOd5C1+3wfTdmWDkSib2lBBd4FAJghc+R0mb9eOFvp45usS6l0FeSmnRJ4gBeCH6RR7oh6gFTsh4ZKamZwxq+U1JdITt4xlXxCfpFVhp5a\/Q8=\" \/> \t\t<a href=\"https:\/\/www.pdf24.org\" target=\"_blank\" title=\"www.pdf24.org\" rel=\"nofollow\"><img src=\"https:\/\/www.hohenlohe-ungefiltert.de\/wp-content\/plugins\/pdf24-post-to-pdf\/img\/pdf_32x32.png\" alt=\"\" border=\"0\" height=\"32\" \/><\/a> \t\t<span class=\"pdf24Plugin-cp-space\">&nbsp;&nbsp;<\/span> \t\t<span class=\"pdf24Plugin-cp-text\">Sende Artikel als PDF<\/span> \t\t<span class=\"pdf24Plugin-cp-space\">&nbsp;&nbsp;<\/span> \t\t<input class=\"pdf24Plugin-cp-input\" style=\"margin: 0px;\" type=\"text\" name=\"sendEmailTo\" placeholder=\"Emailadresse\" \/> \t\t<input class=\"pdf24Plugin-cp-submit\" style=\"margin: 0px;\" type=\"submit\" value=\"Senden\" \/> \t<\/form> <\/div>","protected":false},"excerpt":{"rendered":"<p>Ein Zeuge bricht die staatliche Schweigepflicht. Wusste der Verfassungsschutz (VS) von Baden-W\u00fcrttemberg sp\u00e4testens seit 2003 von NSU, Mundlos und B\u00f6hnhardt? Diese Frage h\u00e4ngt an zwei Personen: dem fr\u00fcheren LfV-Beamten G\u00fcnter S. und seinem Informanten Torsten O. Bisher hat Torsten O. die Version von G\u00fcnter S. bestritten \u2013 jetzt best\u00e4tigt er sie in weiten Teilen. Von [&hellip;]<\/p>\n","protected":false},"author":1,"featured_media":0,"comment_status":"open","ping_status":"open","sticky":false,"template":"","format":"standard","meta":[],"categories":[1,6,2,7],"tags":[],"_links":{"self":[{"href":"https:\/\/www.hohenlohe-ungefiltert.de\/index.php?rest_route=\/wp\/v2\/posts\/19602"}],"collection":[{"href":"https:\/\/www.hohenlohe-ungefiltert.de\/index.php?rest_route=\/wp\/v2\/posts"}],"about":[{"href":"https:\/\/www.hohenlohe-ungefiltert.de\/index.php?rest_route=\/wp\/v2\/types\/post"}],"author":[{"embeddable":true,"href":"https:\/\/www.hohenlohe-ungefiltert.de\/index.php?rest_route=\/wp\/v2\/users\/1"}],"replies":[{"embeddable":true,"href":"https:\/\/www.hohenlohe-ungefiltert.de\/index.php?rest_route=%2Fwp%2Fv2%2Fcomments&post=19602"}],"version-history":[{"count":2,"href":"https:\/\/www.hohenlohe-ungefiltert.de\/index.php?rest_route=\/wp\/v2\/posts\/19602\/revisions"}],"predecessor-version":[{"id":19641,"href":"https:\/\/www.hohenlohe-ungefiltert.de\/index.php?rest_route=\/wp\/v2\/posts\/19602\/revisions\/19641"}],"wp:attachment":[{"href":"https:\/\/www.hohenlohe-ungefiltert.de\/index.php?rest_route=%2Fwp%2Fv2%2Fmedia&parent=19602"}],"wp:term":[{"taxonomy":"category","embeddable":true,"href":"https:\/\/www.hohenlohe-ungefiltert.de\/index.php?rest_route=%2Fwp%2Fv2%2Fcategories&post=19602"},{"taxonomy":"post_tag","embeddable":true,"href":"https:\/\/www.hohenlohe-ungefiltert.de\/index.php?rest_route=%2Fwp%2Fv2%2Ftags&post=19602"}],"curies":[{"name":"wp","href":"https:\/\/api.w.org\/{rel}","templated":true}]}}