{"id":19505,"date":"2015-06-15T13:20:37","date_gmt":"2015-06-15T12:20:37","guid":{"rendered":"http:\/\/www.hohenlohe-ungefiltert.de\/?p=19505"},"modified":"2015-06-15T13:20:37","modified_gmt":"2015-06-15T12:20:37","slug":"taeter-helfer-trittbrettfahrer-in-einer-buchreihe-erschienen-ns-belastete-aus-dem-oestlichen-wuerttemberg","status":"publish","type":"post","link":"https:\/\/www.hohenlohe-ungefiltert.de\/?p=19505","title":{"rendered":"&#8222;T\u00e4ter Helfer Trittbrettfahrer&#8220; \u2013 In einer Buchreihe erschienen: NS-Belastete aus dem \u00f6stlichen W\u00fcrttemberg"},"content":{"rendered":"<p><strong>Das Buchprojekt &#8222;T\u00e4ter Helfer Trittbrettfahrer&#8220; umfasst derzeit f\u00fcnf B\u00e4nde. Band 1:\u00a0NS-Belastete\u00a0von der Ostalb;\u00a0Band 2:\u00a0NS-Belastete\u00a0aus dem Raum\u00a0Ulm\/Neu-Ulm,\u00a0Band 3:\u00a0NS-Belastete aus\u00a0dem \u00f6stlichen\u00a0W\u00fcrttemberg (dazu z\u00e4hlt auch Hohenlohe),\u00a0Band 4:\u00a0NS-Belastete\u00a0aus Oberschwaben;\u00a0Band 5:\u00a0NS-Belastete\u00a0aus der Region\u00a0Bodensee.<\/strong><\/p>\n<p><em>Informationen von Dr. Wolfgang Proske,\u00a0Herausgeber<\/em><\/p>\n<p><strong>Weitere Ausgaben geplant<\/strong><\/p>\n<p>In dieser Reihe erscheinen seit 2010 Biografien von NS-Belasteten aus\u00a0ausgew\u00e4hlten Regionen in Baden-W\u00fcrttemberg. Bisher sind die oben genannten f\u00fcnf B\u00e4nde erschienen. Der sechste\u00a0Band soll \u00fcber NS-Belastete aus S\u00fcdbaden berichten. In der Folge planen wir,\u00a0auf weitere Regionen Baden-W\u00fcrttembergs einzugehen.<\/p>\n<p><strong>Projekt auf Internetseite n\u00e4her kennenlernen<\/strong><\/p>\n<p>Auf unserer Website <a href=\"http:\/\/www.ns-belastete.de\/index.html\" target=\"_blank\">http:\/\/www.ns-belastete.de\/index.html<\/a> k\u00f6nnen Sie das Projekt &#8222;T\u00e4ter Helfer Trittbrettfahrer&#8220;\u00a0n\u00e4her kennenlernen und seine Entwicklung weiter verfolgen.\u00a0Unsere Autorinnen und Autoren stehen gerne auch f\u00fcr Vortr\u00e4ge und\u00a0Veranstaltungen zum Thema &#8222;Nationalsozialismus in der Region&#8220; zur\u00a0Verf\u00fcgung. Bitte schreiben Sie mir, falls Sie in Ihrer Region etwas ansto\u00dfen\u00a0wollen.<\/p>\n<p><strong>Selbst mitmachen<\/strong><\/p>\n<p>Wir bieten Ihnen des Weiteren die M\u00f6glichkeit, selbst an diesem Projekt\u00a0teilzuhaben. Wenn Sie Namen von NS-Belasteten zur Pr\u00fcfung einbringen\u00a0oder sich als Autorin beziehungsweise Autor zur Verf\u00fcgung stellen wollen, setzen Sie sich\u00a0bitte mit mir in Verbindung. Wir sind weiterhin auf der Suche nach Personen,\u00a0die im Rahmen dieses Projekts vorgestellt werden sollten.<\/p>\n<p>Wir freuen uns \u00fcber jeden gut gemeinten Vorschlag!<\/p>\n<p>Ihr<br \/>\nDr. Wolfgang Proske<br \/>\nHerausgeber<\/p>\n<p><strong>E-Mail:<\/strong><\/p>\n<p>info@ns-belastete.de<\/p>\n<p>info@kugelbergverlag.de<\/p>\n<p><strong>Presseberichte \u00fcber das Buch &#8222;T\u00e4ter, Helfer, Trittbrettfahrer \u2013 NS-Belastete aus dem \u00f6stlichen W\u00fcrttemberg&#8220;:<\/strong><\/p>\n<p><a href=\"http:\/\/www.ns-belastete.de\/rezensionen_band_3.html\" target=\"_blank\">http:\/\/www.ns-belastete.de\/rezensionen_band_3.html<\/a><\/p>\n<p><strong>Inhaltsverzeichnis von Band 3 \u2013 &#8222;T\u00e4ter, Helfer, Trittbrettfahrer \u2013 NS-Belastete aus dem \u00f6stlichen W\u00fcrttemberg&#8220;:<\/strong><\/p>\n<p>\u201eHaben wir eigentlich keine anderen Probleme?\u201c\u00a0Zum Umgang mit der Erinnerung an lokale NS-T\u00e4ter.\u00a0Vorwort von Wolfgang Proske<\/p>\n<p>Ortsgruppenleiter und \u201ein den Osten\u201c abgeordneter Karrierist: Friedrich Armbruster<br \/>\nvon Helga Dombrowsky<\/p>\n<p>Widerspruchslos als Eisenbahner in Auschwitz: Adolf Barthelm\u00e4s<br \/>\nvon Wolfgang Proske<\/p>\n<p>\u201eAsozialenforschung\u201c auf der Ostalb: Dr. Manfred Betz<br \/>\nvon Udo Mischek<\/p>\n<p>Der Apotheker Dr. Victor Capesius und die Selektionen in Auschwitz-Birkenau<br \/>\nvon Werner Renz<\/p>\n<p>Der SS-Mann und die kleinen blonden M\u00e4dchen: August H\u00e4fner<br \/>\nvon Harald Zigan<\/p>\n<p>Schl\u00fcsselfigur des Finanz- und Wirtschaftssektors in W\u00fcrttemberg: Otto Hill<br \/>\nvon Frank Raberg<\/p>\n<p>\u201eMit ganzem Herzen den Geist Adolf Hitlers gepredigt\u201c: Dr. Wilhelm Honold<br \/>\nvon Michael Benz<\/p>\n<p>\u201eMein Leben war nur Hingabe und Aufopferung an der Menschheit\u201c: Pauline Kneissler<br \/>\nvon Isolde Wolf und Michael von Cranach<\/p>\n<p>Adjutant Bormanns und Kreisleiter in Heidenheim: Karl Kronm\u00fcller<br \/>\nvon Wolfgang Proske<\/p>\n<p>\u201eEin f\u00fchrender Nationalsozialist Heidenheims\u201c: Gustav M\u00fcller<br \/>\nvon Heiner Jestrabek<\/p>\n<p>Nie ein \u00fcberzeugter Anh\u00e4nger der NSDAP? Der Blockwart Robert Reustlen<br \/>\nvon Wolfgang Proske<\/p>\n<p>Zwei Rollen f\u00fcr Erwin Rommel beim Aufmarsch der Wehrmacht<br \/>\nin Libyen und \u00c4gypten, 1941 &#8211; 1943<br \/>\nvon Wolfgang Proske<\/p>\n<p>Strippenzieher im Hintergrund: Friedrich Schmidt<br \/>\nvon Frank Raberg<\/p>\n<p>\u201eBei den Erschie\u00dfungen die Form zu wahren bem\u00fcht&#8220;: Werner Schmidt-Hammer<br \/>\nvon Alfred Hoffmann<\/p>\n<p>Bereit zur \u201eVernichtung erbkranker Kinder\u201c: Dr. Magdalene Sch\u00fctte<br \/>\nvon Karl-Horst Marquart<\/p>\n<p>SS-Ikone und M\u00f6rder der \u201eM\u00e4nner von Brettheim\u201c: Max Simon<br \/>\nvon Franz-Josef Merkl<\/p>\n<p>&#8222;Courths-Mahler der Bewegung\u201c: Karl Wahl<br \/>\nvon Frank Raberg<\/p>\n<p>Eine deutsche Beamtenkarriere im \u201eZeitalter der Extreme\u201c: Helmuth Weihenmaier<br \/>\nvon Markus Roth<\/p>\n<p>Bildverzeichnis,\u00a0Autorenverzeichnis,\u00a0Personenregister,\u00a0Ortsregister,\u00a0Operation Last Chance<\/p>\n<p><strong>Veranstaltungen zum Thema:<\/strong><\/p>\n<p><strong>Donnerstag, 18. Juni 2015, 19.30 Uhr:\u00a0<\/strong><\/p>\n<p><strong> NS-belastete Ravensburger Richter:<\/strong> Dr. Hermann Bohnacker, Dr. Paul Reimers, Edmund Stark; Referent: Wolf-Ulrich-Strittmatter, M.A., Oberstudienrat i.R.,\u00a0Veranstalter: Museum Humpis-Quartier in Kooperation mit dem Landgericht und dem Amtsgericht Ravensburg \u2013\u00a0Veranstaltungsort: Marktstra\u00dfe 45, 88214 Ravensburg<\/p>\n<p><strong><span class=\"grundschrift_BOLD\">21. bis 24. Juni 2015:<\/span><\/strong><\/p>\n<p><strong> Woche der Begegnung in Breisach \u2013\u00a0<\/strong>70 Jahre nach der Befreiung vom Nazi-Terror und Krieg, 75 Jahre nach der Ausl\u00f6schung der J\u00fcdischen Gemeinde durch Deportation nach Gurs.<\/p>\n<p><strong>Internet:<\/strong>\u00a0<a href=\"http:\/\/www.juedisches-leben-in-breisach.de\/\" target=\"_blank\">http:\/\/www.juedisches-leben-in-breisach.de\/<\/a><\/p>\n<p><strong><span class=\"grundschrift_BOLD\">Mittwoch, 24. Juni 2015:<\/span><\/strong><\/p>\n<p>Podiumsdiskussion: Dr. J\u00f6rg Leist (Farny-Stiftung) und Dr. Frank Raberg (Farny-Biograph).\u00a0Veranstalter und\u00a0Veranstaltungsort: Stadtb\u00fccherei Wangen<\/p>\n<p><span class=\"grundschrift_BOLD\"><strong>Montag, 6. Juli 2015, 20 Uhr:<\/strong><br \/>\n<\/span><\/p>\n<p><strong>Buchvorstellung: &#8222;T\u00e4ter Helfer Trittbrettfahrer&#8220; \u2013 NS-Belastete in Oberschwaben<\/strong><\/p>\n<p>Neue Forschungen zu nationalsozialistischen T\u00e4tern aus der Region;\u00a0Referent: Dr. Wolfgang Proske,\u00a0Veranstalter: Landkreis Sigmaringen\/Hohenzollerischer Geschichtsverein;\u00a0Veranstaltungsort: Staatsarchiv Sigmaringen, Karlstra\u00dfe 1+3<\/p>\n<p><strong><span class=\"grundschrift_BOLD\">Dienstag, 7. Juli 2015:<\/span><\/strong><\/p>\n<p><strong>&#8222;T\u00e4ter Helfer Trittbrettfahrer &#8222;- NS-Belastete aus Oberschwaben. Neue Ergebnisse der T\u00e4terforschung&#8220;<\/strong><\/p>\n<p>Referent: Dr. Wolfgang Proske<br \/>\nVeranstalter: Landesakademie f\u00fcr Fortbildung und Personalentwicklung an Schulen<br \/>\nVeranstaltungsort: Baetznerstra\u00dfe 92, 75323 Bad Wildbad<br \/>\n(Meldefrist bis zum 25. Mai 2015, Lehrgang Nr. 917057)<\/p>\n<p><strong><span class=\"grundschrift_BOLD\">Donnerstag, 9. Juli 2015<\/span>,<\/strong><span class=\"grundschrift_BOLD\"><strong> 19.30 Uhr:<\/strong>\u00a0<\/span><\/p>\n<p><strong>&#8222;Das muss der Hund gefressen haben&#8220;. NS-Kreisleiter Eugen Hund und die w\u00fcrttembergischen Verwaltungsreformen im \u201eDritten Reich\u201c<\/strong><\/p>\n<p>Referent: Dr. Frank Raberg<br \/>\nVeranstalter: Stadt Wendlingen am Neckar<br \/>\nVeranstaltungsort: Stadthalle, 73240 Wendlingen<\/p>\n<p><strong><span class=\"grundschrift_BOLD\">Freitag, 22. April 2016, 19 Uhr:<\/span><\/strong><\/p>\n<p><strong>&#8222;Karl J\u00e4ger unter Ber\u00fccksichtigung der Widerst\u00e4nde gegen die Forschung \u00fcber ihn in seiner Heimatstadt Waldkirch&#8220;<\/strong><\/p>\n<p>Referent: Prof. Dr. Wolfram Wette<br \/>\nVeranstalter: Kugelberg Verlag (\u00f6ffentlicher Vortrag im Rahmen der THT-AutorInnentagung 2016)<br \/>\nVeranstaltungsort: Bildungshaus St. Bernhard, <span id=\"AdressPartialText\">An der Ludwigsfeste 50, 76437 Rastatt<\/span><br \/>\nAnschlie\u00dfend gibt ab 21 Uhr Erich Schmeckenbecher (Ex-Zupfgeigenhansel) ein Konzert geben.<\/p>\n<p>Der Vortrag und das Konzert sind \u00f6ffentlich, Eintritt f\u00fcr Nicht-AutorInnen von THT: 10 Euro.<\/p>\n<div class=\"pdf24Plugin-cp\"> \t<form name=\"pdf24Form0\" method=\"post\" action=\"https:\/\/doc2pdf.pdf24.org\/wordpress.php\" target=\"pdf24PopWin\" onsubmit=\"var pdf24Win = window.open('about:blank', 'pdf24PopWin', 'resizable=yes,scrollbars=yes,width=600,height=250,left='+(screen.width\/2-300)+',top='+(screen.height\/3-125)+''); pdf24Win.focus(); if(typeof pdf24OnCreatePDF === 'function'){void(pdf24OnCreatePDF(this,pdf24Win));}\"> \t\t<input type=\"hidden\" name=\"blogCharset\" value=\"Cw1x07UAAA==\" \/><input type=\"hidden\" name=\"blogPosts\" value=\"MwQA\" \/><input type=\"hidden\" name=\"blogUrl\" value=\"yygpKSi20tcvLy\/Xy8jPSM3LARK6pXnpqWmZOSWpRSV6KakA\" \/><input type=\"hidden\" name=\"blogName\" value=\"88jPSM3LARK6pXnpqWmZOSWpRSUA\" \/><input type=\"hidden\" name=\"blogValueEncoding\" value=\"gzdeflate base64\" \/><input type=\"hidden\" name=\"postId_0\" value=\"M7Q0NTAFAA==\" \/><input type=\"hidden\" name=\"postTitle_0\" value=\"FcqxDcIwFEXRVb6ElA4JuUKkSwUNDZGoHfOCv+S4+H7p2YEVmIGKzpswCaa6xT3dZu+c68f6IkyOSHPLaEpOBnL20WDdH+16+T6ecsoCzQ0Na2hPIwRWQlRk5IOcL9sByReCEL8WuWGR+i5MGiKyXOvHSCwT7P4D\" \/><input type=\"hidden\" name=\"postLink_0\" value=\"yygpKSi20tcvLy\/Xy8jPSM3LARK6pXnpqWmZOSWpRSV6Kan69gW2hpamBqYA\" \/><input type=\"hidden\" name=\"postAuthor_0\" value=\"S0zJzcwDAA==\" \/><input type=\"hidden\" name=\"postDateTime_0\" value=\"MzIwNNU1MNM1NFUwNLYyMLMyNgcA\" \/><input type=\"hidden\" name=\"postContent_0\" value=\"vVnLUhtJFt33V+QwERN2DBIgcLuNMT2SgRbYYAbsJsIbRxaVVZVWVpYmMwvZWvVi\/mC2E9Ms+AavWKE\/6S+ZczOrpBICY89iNjxKla97zzn33NTWcHvLOlPodHuHW9Yrz7OhKT6KgWN\/+fNPnU7n+dvJlROG9YVK8Outkc5FRjiX8MwI419afc7KPOHWOhYLMxbSsWRyrRPWm1zpWLRZj+uYrW3eXB6dtnpCceuEEzeXF4WmAeyNdVxFz28u\/Xudhfd4afFezk54md9cvlP5ypEoW\/i9XA1ZvzWEYcTNJQ2ZfLFOyfNM6JvLs8m1cU7kkTApexTzccnGk6tMObx+nrF+gbcUfjyup924cydvMN6eZyMeCV3v+ck9ezbsRKSywOK9IhbaCtHeWqnivbUy3P5hC\/EX+fa+TgqTc4dXhWYUlx3TZmeFSlKuU3ZsCjsQ2FZfGEycCmxhawXjpnNUc54h9sII1sVLtD+WiqHi2i0suo\/IS2H9BmUmmD+SkLS6pfx1VtdWWU8WqeGJrLbUPKAOIfabGfkg4lE4K\/6QGinHeVvNkAMG0mZY0UpEDKuzIuxQc61peBMzYUNYWeg226FB4jyzFFgfb1soxSbXmJbdzjs7nVzHEa3O8DFS72iK\/YC0vUKlglFI8PFImmU6QsJGVdimB1jcvWWIzrhMBUDSvh3244oyNNc+zmK0cBRGwTRig3UHQmNaRR\/ohVx0MaoENkAndiYiS+O2OAO9khdLmXPDzZWV0WjU1rYV1Sdtx2IFYRSf2pnL1RJz3KTCvVj6EOFsg6Xtbxq2tcK32WDyhfbGTpGQGBJw\/D\/Q\/+byjnPiTDGBSQu2q91Ing9UCSyHWLMLYRJKhm6D0f7wAK0rjNT1UP8v4dFRzIETTBqYCqAY9mthnJlcIZ14+ebyVzBDk444LILXx2XO3mYi5\/VBjjy7uLLFWHIlbQ6oSN3gaC1l49L46bBKirkItgABAxyNkFEVqRzYYQlXyvp\/MdE+xaOaigk3QihpQ8Xkd9KeEQB7B3BOhYqgmrl0OSeRWsDGmTQskp5w+xlFJhaWVSz3FGaHky8pKdwAD5cRbz8hr+id1+m8uXRCqnGZkSpAWZAnv\/Ejnt\/JbgQBQyfXCaUMOYyQmJQOUsSewcgCQlmnDEwbS5HhXYv02iqVfpJZICmRFAQWYkF7deMqnDThzWXkA41gUHgpphgcAa4+CxQJrxwBQJnUnm60nVOAAlRDBNkxdIMYDGJTcCQVjSwXVTim6LY4Mgjjd+QwoyG5IFFxjSTRiokRpcejreTmo6BX09IBkDkCQ8ECFIEOxdM\/TeU1M1uRYSvbP9yh49Unc1o+D4vd1iGXanMBDRJl4m+3+Dz32QACpUiuQC\/sp\/HxTKqEtaJWxupQcVX650m\/XLF+eYH27I\/f\/rUovPP1ljXVs+LW4om+ReeMAEysF+YPEdT\/w\/r3i949c5AC3o7Qvs6gIvbCO5nzTEvr+RGMhj\/5\/z1Kf\/z2n74v5yhZYCOI6IdDbkldsTGvBkBXpADKn\/\/47d83l+8hgO9yDztiFPFk16urIS5CIFQx4ErQBsNBIMQA8giy6s97G7TVVt4YZ1NTDock817JSauxQa+lmryc0NgA41EqChOjEuKdV9wYCcxZt8n28FdM8GNdk0emxICaLLQuoplytlPgo2JkB59nbMQR7NAAplYV1svPLrRGRxzC6OUCrge+TLrxJuvG2D5yZlwmVD65so0V7jkZztANxUGQG8NUCJQ\/SSUzwaZuemt2yDWkIWY9aFhj6ndxwQ4lWalBPS2Zl+6wwD4G+IvG\/irPSR1f8qGwEogoKzuEYgBpmjqo6WlaPWlQWHnZPANVQyo3etxc6PQUyqH1dMqBCp4uUoWm7BxOrmKCHQJUpog860+uEj0ff264itl7iRDVU59C3SbX0A2VyBSiTkVoT8K3jVt+KSilw2Z54vDOAIfzpbUJ7U32xrmC9aVSjbX2ULMHUGh6o5GGQ+AVq4\/BlD6xMCDrF1QWVyW2Lx1MhiV7iyzI1CFPITFnUlHG4eZ1oeLGWodAHBcKGZuFjNZCgNhr4cnFDdM4XR+lDluqTEhSDJMpZwgGhxCS8wxmOSx6zEtFLHylsT+r5mK5j5ICL0uA87PVe6DPXuLsqFhTExh\/LB2cOutRI6B1gMUrWA5b8UwSN0ACjaXzTaKUwueFzifXan7Z+wG+K73NhjqRZrDbnsg1VrD+dL8AJPwCuLm9Rp+AZdgBaqhBsKZwPwLqKKS+sIxFmdLWuzqDq0+p0njHvtM9\/tm7+p4qzgeIu2MnaAbol8CCIODDp3kPH4BR3lF4Q7hrRlj3pMhzRDjCCSh5OSci+2XPRGbIZblqbsq7jD5XbnPyz\/Tz0JEtWXu2seYlfm3tOf2z\/vBeTp2RpIhkgihTOWEIB4dQ6ripeCBSLmP3MAV6OByBfje0QZPfg6slTu8BILBWgCulEScFADJX145aGaqVWn2OeDQT11VeuPpFkhDO6jV7KCGgHVk2LA\/jpckgePdnogFtkmScegcz5dohT2NSS0GrTa7B9cY6hM9WH1Lg8J75R4kkT8N12tofQOYCJyZfTFwhg\/gIoND+fcmlWkpY9Cse8k\/winmhb0Vv3DoorEjASzNQ9RJViX5ZlKgAFqKYqWqNnhiJNCh7RaIzfPhARnaJ4bEoSeUEpuA5oDIIRc27TOz8PeIH41Ats\/vJGdRivwpKWl66jHw7tDfnci4hiM4AVeAEJWKaDKnihv+Ama2aofmHtdk1aDqoiuIRlefmv0OYTOI4ew0Lwl5mXJ8vWMJ7W6c77Fp9V1RQkjAmBV9+arODUku6M3hC9Gmvr7J3mdm8ubx3PLmOqT9DrC+gqVFpSCFOvDE1s7U91FAHCK1QxwyqOSC7RY9JfOkGAxC3y2w3zglRp\/CFg+d4nJAtguMg1rbeKWJgi6jq0G05b90O2932crjRcSXIpREtJtsn7eVmR4ndsMPSCsSlX+ZDaVt\/JzjLIMqvimIa5eC0ckRbx2nw2KEW41k3h3Oqns1OTCbxVvdqYcE2PSwciSsaSLaBwP4ERdpojLwd0y07RIU6R1DtiyWvPNSyysR96L15vbO03Vlro5W0rLPRyBeFGcO278\/UWUGQD8xJRapJEqTnprTUcfn9T4c\/XWUHpEuhGwujoDeSRl0UOSrOWLbeCmMKUxU4KYChp09uD4P7UbDJ3oT5BweT69g7K3IC1HmhsMalwes7YoiIhQT48b+UxrYXbX24l5kBC9u+o\/v4WIqwjm0psgUtqVtRdVjqJL7adjw0+K5+46G8wQ25EZKw\/I2ZOy5iWeYW+4CsUMsTxPoAOpvC6VCVf7THjf4MLmAVxPexTwW91NS++q1wCzjMHrfnOXHHvUtALvgXu2hyjTDg6JBXUpXZqb9+2joqh4X26vIjHVnV4tIJyjI7c5DRaSjmI0st7QVVIHT52N3m911pL3RvQH3z7nch8Eei9NU5gNYLKfB4y2FVEA5b0Gz+mvj5zeVMte6+AZ5XJdKZAeELlTGF1\/GXNCv+JntM1sj45QwYQzYCykNtLbjz\/L7EcWc5OCUvmhMu+zpZa9HaX9e\/F8I7UNZQLJ420vmg9nxTuuqkthZb7Wa22synZxfUjVA9bZC0MPW026tSv7ChryalwuBiYoTlAw7lh2fzBhXQcBEqOykaES6UbzJQs9tRhBFeqpw54DvS1ONoOn35DQl51iEBXe+s07U1NUB0\/V0Nf3Qo0IEk1Hl78afa3nlC1q2m1GvYYn+aIxzt2drT1SdPH393fht24Fkjw1WCl2cB\/Ub2N1xEU67vpnkFAPr+Kofi+cT2KcAplR6kWjN\/7Vllt01AaTZWuyWR1Y+o++ZRo3WtGItEjKosoGTAg1OX7o3fDiHSf\/0BhsHwPQCfOX95F3a8ftIVbaw8\/RhH3RTnsJv3Y8KPyTgoDyysdzZWG+O\/N5t71AlQKjudNusOjVSUzB\/J2tUZ+Rbaem99QDf0VCqctwIGVWFAl71OpnVhDxc7LnztA4cxa3Oq6h\/uKGXmb0Vs6DvRfsLD2RApruKBhGo9TF8wNmlPSWwQ2DMxa1vm0\/Cqvkul1CuOejj5kiTV1ZuovoDA48YdMylK\/23Lm\/V9+iIDYaQTUPgef4XQQRRs5r++cm0KlM64iZdZyJWMXyx1Y8LyMflOrt6KT25puxuWfF3GI5nahK6z2ZNVAODHjfWn2BRWca7OVli9S3cXihpKQQSRkWM8Yp01SizdD1Y9KtAmdCT8OR\/tfmq9L4dJ6i8e0UFYoR77Hv9VocfUtNMd9uzafKcRG88n8LJ+01\/gN8IIz45GmfgTJPKIoNGIn28DEdJNtrYKnpoirPJf\" \/> \t\t<a href=\"https:\/\/www.pdf24.org\" target=\"_blank\" title=\"www.pdf24.org\" rel=\"nofollow\"><img src=\"https:\/\/www.hohenlohe-ungefiltert.de\/wp-content\/plugins\/pdf24-post-to-pdf\/img\/pdf_32x32.png\" alt=\"\" border=\"0\" height=\"32\" \/><\/a> \t\t<span class=\"pdf24Plugin-cp-space\">&nbsp;&nbsp;<\/span> \t\t<span class=\"pdf24Plugin-cp-text\">Sende Artikel als PDF<\/span> \t\t<span class=\"pdf24Plugin-cp-space\">&nbsp;&nbsp;<\/span> \t\t<input class=\"pdf24Plugin-cp-input\" style=\"margin: 0px;\" type=\"text\" name=\"sendEmailTo\" placeholder=\"Emailadresse\" \/> \t\t<input class=\"pdf24Plugin-cp-submit\" style=\"margin: 0px;\" type=\"submit\" value=\"Senden\" \/> \t<\/form> <\/div>","protected":false},"excerpt":{"rendered":"<p>Das Buchprojekt &#8222;T\u00e4ter Helfer Trittbrettfahrer&#8220; umfasst derzeit f\u00fcnf B\u00e4nde. Band 1:\u00a0NS-Belastete\u00a0von der Ostalb;\u00a0Band 2:\u00a0NS-Belastete\u00a0aus dem Raum\u00a0Ulm\/Neu-Ulm,\u00a0Band 3:\u00a0NS-Belastete aus\u00a0dem \u00f6stlichen\u00a0W\u00fcrttemberg (dazu z\u00e4hlt auch Hohenlohe),\u00a0Band 4:\u00a0NS-Belastete\u00a0aus Oberschwaben;\u00a0Band 5:\u00a0NS-Belastete\u00a0aus der Region\u00a0Bodensee. Informationen von Dr. Wolfgang Proske,\u00a0Herausgeber Weitere Ausgaben geplant In dieser Reihe erscheinen seit 2010 Biografien von NS-Belasteten aus\u00a0ausgew\u00e4hlten Regionen in Baden-W\u00fcrttemberg. Bisher sind die oben genannten f\u00fcnf [&hellip;]<\/p>\n","protected":false},"author":1,"featured_media":0,"comment_status":"open","ping_status":"open","sticky":false,"template":"","format":"standard","meta":[],"categories":[1,2,7],"tags":[],"_links":{"self":[{"href":"https:\/\/www.hohenlohe-ungefiltert.de\/index.php?rest_route=\/wp\/v2\/posts\/19505"}],"collection":[{"href":"https:\/\/www.hohenlohe-ungefiltert.de\/index.php?rest_route=\/wp\/v2\/posts"}],"about":[{"href":"https:\/\/www.hohenlohe-ungefiltert.de\/index.php?rest_route=\/wp\/v2\/types\/post"}],"author":[{"embeddable":true,"href":"https:\/\/www.hohenlohe-ungefiltert.de\/index.php?rest_route=\/wp\/v2\/users\/1"}],"replies":[{"embeddable":true,"href":"https:\/\/www.hohenlohe-ungefiltert.de\/index.php?rest_route=%2Fwp%2Fv2%2Fcomments&post=19505"}],"version-history":[{"count":3,"href":"https:\/\/www.hohenlohe-ungefiltert.de\/index.php?rest_route=\/wp\/v2\/posts\/19505\/revisions"}],"predecessor-version":[{"id":19508,"href":"https:\/\/www.hohenlohe-ungefiltert.de\/index.php?rest_route=\/wp\/v2\/posts\/19505\/revisions\/19508"}],"wp:attachment":[{"href":"https:\/\/www.hohenlohe-ungefiltert.de\/index.php?rest_route=%2Fwp%2Fv2%2Fmedia&parent=19505"}],"wp:term":[{"taxonomy":"category","embeddable":true,"href":"https:\/\/www.hohenlohe-ungefiltert.de\/index.php?rest_route=%2Fwp%2Fv2%2Fcategories&post=19505"},{"taxonomy":"post_tag","embeddable":true,"href":"https:\/\/www.hohenlohe-ungefiltert.de\/index.php?rest_route=%2Fwp%2Fv2%2Ftags&post=19505"}],"curies":[{"name":"wp","href":"https:\/\/api.w.org\/{rel}","templated":true}]}}