{"id":19471,"date":"2015-05-31T10:47:23","date_gmt":"2015-05-31T09:47:23","guid":{"rendered":"http:\/\/www.hohenlohe-ungefiltert.de\/?p=19471"},"modified":"2015-05-31T10:47:23","modified_gmt":"2015-05-31T09:47:23","slug":"soziale-berufe-aufwerten-protestpostkarten-an-die-politisch-verantwortlichen-schicken","status":"publish","type":"post","link":"https:\/\/www.hohenlohe-ungefiltert.de\/?p=19471","title":{"rendered":"&#8222;Soziale Berufe aufwerten&#8220; \u2013 Protestpostkarten an die politisch Verantwortlichen schicken"},"content":{"rendered":"<p><strong>Die kommunalen Arbeitgeber zeigen bisher keinerlei substantielle\u00a0Reaktion auf die Streiks der Kolleginnen und Kollegen aus dem Sozial-\u00a0und Erziehungsdienst. Ihr Strategie ist wohl: Aussitzen und warten, bis\u00a0sich die \u00d6ffentlichkeit gegen ver.di und die streikenden KollegInnen\u00a0wendet. Das darf nicht gelingen.<\/strong><\/p>\n<p><em>Von Jochen D\u00fcrr,\u00a0Vorsitzener Ver.di-Ortsverein Schw\u00e4bisch Hall<\/em><\/p>\n<p><strong>E-Card an die politisch Verantwortlichen<\/strong><\/p>\n<p>Auf der Homepage von Ver.di gibt es die M\u00f6glichkeit f\u00fcr Unterst\u00fctzerInnen und Eltern beziehungsweise andere Angeh\u00f6rige eine &#8222;digitale Protestpostkarte, eine E-Card&#8220; an die &#8222;politisch Verantwortlichen&#8220; zu versenden:<\/p>\n<p><a href=\"https:\/\/www.soziale-berufe-aufwerten.de\/unterstuetzen\/e-card-senden\/\" target=\"_blank\">https:\/\/www.soziale-berufe-aufwerten.de\/unterstuetzen\/e-card-senden\/<\/a><\/p>\n<p>Bitte schickt eine solche Karte weg und macht auf die Aktion aufmerksam! Sendet diese Information an Eure Kolleginnen und Kollegen im Betrieb.<\/p>\n<p><strong>Soli-Erkl\u00e4rungen verschicken<\/strong><\/p>\n<p>Bitte auch Fotos (zum Beispiel von Eurer Betriebsgruppe oder\u00a0Betriebs-\/Personal-\/Mitarbeiterversammlung) machen und Soli-Erkl\u00e4rungen verfassen und \u2013 gegebenenfalls mit Logo \u2013 an folgede E-Mail-Adresse schicken:<\/p>\n<p>aufwerten-jetzt@verdi.de &lt;mailto:aufwerten-jetzt@verdi.de&gt;<\/p>\n<p>Das wird alles auf der Kampagnenhomepage\u00a0<a href=\"https:\/\/www.soziale-berufe-aufwerten.de\/unterstuetzen\/\" target=\"_blank\">https:\/\/www.soziale-berufe-aufwerten.de\/unterstuetzen\/<\/a>\u00a0eingestellt.<\/p>\n<div class=\"pdf24Plugin-cp\"> \t<form name=\"pdf24Form0\" method=\"post\" action=\"https:\/\/doc2pdf.pdf24.org\/wordpress.php\" target=\"pdf24PopWin\" onsubmit=\"var pdf24Win = window.open('about:blank', 'pdf24PopWin', 'resizable=yes,scrollbars=yes,width=600,height=250,left='+(screen.width\/2-300)+',top='+(screen.height\/3-125)+''); pdf24Win.focus(); if(typeof pdf24OnCreatePDF === 'function'){void(pdf24OnCreatePDF(this,pdf24Win));}\"> \t\t<input type=\"hidden\" name=\"blogCharset\" value=\"Cw1x07UAAA==\" \/><input type=\"hidden\" name=\"blogPosts\" value=\"MwQA\" \/><input type=\"hidden\" name=\"blogUrl\" value=\"yygpKSi20tcvLy\/Xy8jPSM3LARK6pXnpqWmZOSWpRSV6KakA\" \/><input type=\"hidden\" name=\"blogName\" value=\"88jPSM3LARK6pXnpqWmZOSWpRSUA\" \/><input type=\"hidden\" name=\"blogValueEncoding\" value=\"gzdeflate base64\" \/><input type=\"hidden\" name=\"postId_0\" value=\"M7Q0MTcEAA==\" \/><input type=\"hidden\" name=\"postTitle_0\" value=\"U1O2MDIysg7Or8pMzElVcEotKk1LVUgsTStPLSpJzVMDSRtYKzxqmKwQUJRfklpcUpBfXJKdCJJUSMxTSMlMVSjIz8ksySxOzlAISy1KzCspzy8qyclMzgCqAApmJmen5gEA\" \/><input type=\"hidden\" name=\"postLink_0\" value=\"yygpKSi20tcvLy\/Xy8jPSM3LARK6pXnpqWmZOSWpRSV6Kan69gW2hpYm5oYA\" \/><input type=\"hidden\" name=\"postAuthor_0\" value=\"S0zJzcwDAA==\" \/><input type=\"hidden\" name=\"postDateTime_0\" value=\"MzIwNNU1MNU1NlQwNLAyMLUyMgYA\" \/><input type=\"hidden\" name=\"postContent_0\" value=\"rVTBjts2EL33K6YbYNECK6vYU7HrGHWyLrJNFw1qZK8BbY0kVhQpkKMI8Cn\/UKBnH\/INOeVk\/0m\/pI+U7EObPTVHksM3b+a9mXm3mAfxzlaLO83UuLbtrTJsaek3rKXiDXvasa5wtdGhxqlhbdkb1hT6TRBlRbMxfNj\/zqoR7SypvqQCcGvxrJtABX69doiptLUA6m0xnTkGx4CW1m6nlckO+\/i68jvNdW+rABwbZEb3tY94SgDCpIPQ4GpzQ8s+BC27CXVQXtheRaqHfdDbOvE4\/lWWbMXgDPJCVUr8nv2s0OlbDAqJLNsCTyO5+0j2sB\/iHRjcKRBVviQLnAhitAXObJ5PHZzn3eKbOTrK7eIRbfjFbWuA3R0\/e3912D86PzJFNx5T7uw3LwE00FBab+vh+BG8wfmVMmaeA+WMOGVYZS+VL0jZxLhzRkv6ADjIMDifamT7H0rLqAjyvnItd6pieg9+Iwmq9EaIQ4J8OH6qzm0qQZzeWmEf5PgZzP39Wb6VwTUswSedBtaBwQxZmJZoTH385GEbim6hy2c\/Xl9f3xa60gJ70RvvhIN0LkgTJbsaw8b6UvAPt6cyp79PV3uK3\/VR05AkvDm3TlHtuXx+UYt04SbPh2GYheQ1zmDuvuQMfh04GmdWcN6PBfccpco524JRNoLmFyTKVyzPL95tjLLNxeJroM5zdRbqhRaBF7e13jYyNiU4gyrpdewTDVyl\/rcqevA0aMvz3LXsm6Dab2mdXBtfIcu9LZ1v1RhkadVDoycHUrf0gsVr3sz+7b81NMhWvjHHj7630xCNZL9gurEW1UOyn524QN\/t+oitQ4eNkSwYmfhTulD5vuuYHDx02J8us\/wNcjhspSx\/gHvSXmIfE6u2NaDxferGVMYXKZYqhOn97w9\/pvnfYA5tiUEL1MLrv7rKpTe0p3Sm4iK68UFpky0Lz\/hOpzrP1joLnP0BWeUnJCo0xKZLI7ctvoq7eSrmspLbE05cLIOOcw0Fwihq3JiqxaiCZT0N7WH\/P838tewbDXvYc1x\/QbD7ZTTKPw==\" \/> \t\t<a href=\"https:\/\/www.pdf24.org\" target=\"_blank\" title=\"www.pdf24.org\" rel=\"nofollow\"><img src=\"https:\/\/www.hohenlohe-ungefiltert.de\/wp-content\/plugins\/pdf24-post-to-pdf\/img\/pdf_32x32.png\" alt=\"\" border=\"0\" height=\"32\" \/><\/a> \t\t<span class=\"pdf24Plugin-cp-space\">&nbsp;&nbsp;<\/span> \t\t<span class=\"pdf24Plugin-cp-text\">Sende Artikel als PDF<\/span> \t\t<span class=\"pdf24Plugin-cp-space\">&nbsp;&nbsp;<\/span> \t\t<input class=\"pdf24Plugin-cp-input\" style=\"margin: 0px;\" type=\"text\" name=\"sendEmailTo\" placeholder=\"Emailadresse\" \/> \t\t<input class=\"pdf24Plugin-cp-submit\" style=\"margin: 0px;\" type=\"submit\" value=\"Senden\" \/> \t<\/form> <\/div>","protected":false},"excerpt":{"rendered":"<p>Die kommunalen Arbeitgeber zeigen bisher keinerlei substantielle\u00a0Reaktion auf die Streiks der Kolleginnen und Kollegen aus dem Sozial-\u00a0und Erziehungsdienst. Ihr Strategie ist wohl: Aussitzen und warten, bis\u00a0sich die \u00d6ffentlichkeit gegen ver.di und die streikenden KollegInnen\u00a0wendet. Das darf nicht gelingen. Von Jochen D\u00fcrr,\u00a0Vorsitzener Ver.di-Ortsverein Schw\u00e4bisch Hall E-Card an die politisch Verantwortlichen Auf der Homepage von Ver.di gibt [&hellip;]<\/p>\n","protected":false},"author":1,"featured_media":0,"comment_status":"open","ping_status":"open","sticky":false,"template":"","format":"standard","meta":[],"categories":[1,2,8,5,3],"tags":[],"_links":{"self":[{"href":"https:\/\/www.hohenlohe-ungefiltert.de\/index.php?rest_route=\/wp\/v2\/posts\/19471"}],"collection":[{"href":"https:\/\/www.hohenlohe-ungefiltert.de\/index.php?rest_route=\/wp\/v2\/posts"}],"about":[{"href":"https:\/\/www.hohenlohe-ungefiltert.de\/index.php?rest_route=\/wp\/v2\/types\/post"}],"author":[{"embeddable":true,"href":"https:\/\/www.hohenlohe-ungefiltert.de\/index.php?rest_route=\/wp\/v2\/users\/1"}],"replies":[{"embeddable":true,"href":"https:\/\/www.hohenlohe-ungefiltert.de\/index.php?rest_route=%2Fwp%2Fv2%2Fcomments&post=19471"}],"version-history":[{"count":2,"href":"https:\/\/www.hohenlohe-ungefiltert.de\/index.php?rest_route=\/wp\/v2\/posts\/19471\/revisions"}],"predecessor-version":[{"id":19475,"href":"https:\/\/www.hohenlohe-ungefiltert.de\/index.php?rest_route=\/wp\/v2\/posts\/19471\/revisions\/19475"}],"wp:attachment":[{"href":"https:\/\/www.hohenlohe-ungefiltert.de\/index.php?rest_route=%2Fwp%2Fv2%2Fmedia&parent=19471"}],"wp:term":[{"taxonomy":"category","embeddable":true,"href":"https:\/\/www.hohenlohe-ungefiltert.de\/index.php?rest_route=%2Fwp%2Fv2%2Fcategories&post=19471"},{"taxonomy":"post_tag","embeddable":true,"href":"https:\/\/www.hohenlohe-ungefiltert.de\/index.php?rest_route=%2Fwp%2Fv2%2Ftags&post=19471"}],"curies":[{"name":"wp","href":"https:\/\/api.w.org\/{rel}","templated":true}]}}