{"id":19456,"date":"2015-06-17T12:38:54","date_gmt":"2015-06-17T11:38:54","guid":{"rendered":"http:\/\/www.hohenlohe-ungefiltert.de\/?p=19456"},"modified":"2015-06-17T12:39:16","modified_gmt":"2015-06-17T11:39:16","slug":"pestizidrekordumsatz-in-deutschland-kommentar-des-bundestagsabgeordneten-harald-ebner-gruene","status":"publish","type":"post","link":"https:\/\/www.hohenlohe-ungefiltert.de\/?p=19456","title":{"rendered":"&#8222;Pestizid-Rekordumsatz in Deutschland&#8220; \u2013 Kommentar des Bundestagsabgeordneten Harald Ebner (Gr\u00fcne)"},"content":{"rendered":"<p><strong>Harald Ebner, Sprecher f\u00fcr Gentechnik- und Bio\u00f6konomiepolitik und Pestizidexperte der Fraktion B\u00fcndnis 90\/Die Gr\u00fcnen kritisiert den Pestizidrekordumsatz in Deutschland.<\/strong><\/p>\n<p><em>Kommentar des Bundestagsabgeordneten Harald Ebner, Fraktion B\u00fcndnis 90\/Die Gr\u00fcnen, Wahlkreis Schw\u00e4bisch Hall-Hohenlohe<\/em><\/p>\n<p><strong>Alternativen f\u00f6rdern<\/strong><\/p>\n<p>BASF, Bayer und Monsanto feiern zum vierten Mal in Folge einen Pestizidrekordumsatz in Deutschland \u2013 das ist Wachstum \u00e0 l\u00e0 Schmidt und Merkel auf Kosten von Mensch und Umwelt. Auch mit ihrem zahnlosen Aktionsplan Pflanzenschutz zeigt die Bundesregierung, dass sie weder den Willen noch ein Konzept hat, den Pestizideinsatz zu verringern und Alternativen zu f\u00f6rdern \u2013 obwohl sie durch EU-Recht dazu verpflichtet ist.<\/p>\n<p><strong>Drogenabh\u00e4ngige Bienen<\/strong><\/p>\n<p>Immer neue Studien zu alarmierenden Folgen von Glyphosat, Neonikotinoiden und anderen Pestiziden zeigen, wie mangelhaft die Risikobewertung f\u00fcr Pestizide ist, die vor allem auf Industriestudien beruht. Die derzeitige Risikobewertung ist \u00fcberhaupt nicht in der Lage, die Folgen f\u00fcr ganze \u00d6kosysteme abzubilden.\u00a0Wenn Bienen durch Pestizide drogenabh\u00e4ngig werden und eine schleichende Vergiftung ganzer Insektenpopulationen droht, geh\u00f6ren die Zulassungsverfahren sofort auf den Pr\u00fcfstand.\u201c<\/p>\n<p><strong>Weitere Informationen und Kontakt:<\/strong><\/p>\n<p>B\u00fcro Harald Ebner, MdB,\u00a0Fraktion B\u00fcndnis 90\/Die Gr\u00fcnen<\/p>\n<p>Telefon: 030 \/ 227-730 28<\/p>\n<p>Fax: 030 \/ 227-760 25<\/p>\n<p>E-Mail: harald.ebner.ma11@bundestag.de<\/p>\n<p><strong>Internet:<\/strong> <a href=\"http:\/\/www.harald-ebner.de\" target=\"_blank\">www.harald-ebner.de<\/a><\/p>\n<div class=\"pdf24Plugin-cp\"> \t<form name=\"pdf24Form0\" method=\"post\" action=\"https:\/\/doc2pdf.pdf24.org\/wordpress.php\" target=\"pdf24PopWin\" onsubmit=\"var pdf24Win = window.open('about:blank', 'pdf24PopWin', 'resizable=yes,scrollbars=yes,width=600,height=250,left='+(screen.width\/2-300)+',top='+(screen.height\/3-125)+''); pdf24Win.focus(); if(typeof pdf24OnCreatePDF === 'function'){void(pdf24OnCreatePDF(this,pdf24Win));}\"> \t\t<input type=\"hidden\" name=\"blogCharset\" value=\"Cw1x07UAAA==\" \/><input type=\"hidden\" name=\"blogPosts\" value=\"MwQA\" \/><input type=\"hidden\" name=\"blogUrl\" value=\"yygpKSi20tcvLy\/Xy8jPSM3LARK6pXnpqWmZOSWpRSV6KakA\" \/><input type=\"hidden\" name=\"blogName\" value=\"88jPSM3LARK6pXnpqWmZOSWpRSUA\" \/><input type=\"hidden\" name=\"blogValueEncoding\" value=\"gzdeflate base64\" \/><input type=\"hidden\" name=\"postId_0\" value=\"M7Q0MTUDAA==\" \/><input type=\"hidden\" name=\"postTitle_0\" value=\"U1O2MDIysg5ILS7JrMpM0Q1Kzc4vSinNLU4sqVLIzFNwSS0tKU7OyEnMS1EDKTWwVnjUMFnBOz83NzWvJLFIISW1WMGpNA9IlSSmFycmpacC9eellqTmKXgkFiXmpCi4JuWlFilouBcd3pOXqgkA\" \/><input type=\"hidden\" name=\"postLink_0\" value=\"yygpKSi20tcvLy\/Xy8jPSM3LARK6pXnpqWmZOSWpRSV6Kan69gW2hpYmpmYA\" \/><input type=\"hidden\" name=\"postAuthor_0\" value=\"S0zJzcwDAA==\" \/><input type=\"hidden\" name=\"postDateTime_0\" value=\"MzIwNNU1MNM1NFcwNLIyMLMyNQEA\" \/><input type=\"hidden\" name=\"postContent_0\" value=\"jVTLbhs3FN33Ky681sNxkKY1FKEW\/IiRqgjipga6KTieO0NiOOSA5EixVvmHAl114UW+ISuvoj\/Jl\/TcGcmp5ADJQo8ZkveeF++kmU5iCt6V05cqKJvTWeY4DOiqCXyjOVCxvg90wS7h0ZlqSK3LaWb8+mPlna8NN96aZKru\/WuOyaxMzu8aDokpR4HzoKpkvKPZ+t7lzkT6+XB8apguAl6woyrgfDQ4gP3uoUbgyoe8raNKKzKOTrlN8UZb5fLRZLwBPRk30x8mIMH19JWva+BUAWUizYAHlVQZVVYyKjlOqL7L8lvYBnSttK0CY+XqRi\/XHzIDDKhi7fCl1+wsviZjdH9AskF2YhMHp5JZoGux\/highXuEe3ZydT6gmbqFUCLg3LuoXPJUMARxtGprWog0KDJXVnQ497ZkYuO+Tyv6\/P5vylUkExPY3OiYUHN9RxYfcKpNnvrWHCq2pNqCXvkoDRcQZs5OCMuGt\/WSbRrRSYsXtUlkdOCaVkpDhYj9J52WsUFbel3ge9UdboFpxaaEvVC29yVwCVatKweCLRLspyVLXCQC18Za\/DiPRiAKPCjVJNIqDXYygsWO8qqlBYdgXCmiCdgd+bG8daCTw2dLr23XNG8Dmpy9Hb5BvoFQ9aWawho8cxLZRvvengZfslOZXn9wpYEbM8Ow45G7lwhkIMct01Vqwb6DoqwKuDeBnVDp7Oy1vrC3jfZRSP7GHpfNJ+O8kV1CCWbKoS\/kXSerpHQJJrUCe6tV0ev8Bleq8hkvER7o3N\/jh6NCa9DtW\/gARBZGivOXLm9BwmBfjzeDSxqmy6VAezRMQni\/uoRrfY\/NWrUwyol4EkRx9FdVct9rw7WDUko8aP1P5eMt0lYzqWzVZsaC1+jT3TU7t5F149EX7Pmu\/AhO2Gok14Ik+QwEIjD9waE0RQeyaxnAMXKFfDe+aa2SyEqP4DUUKVkjKPIMuH9iOUacjEhEobS8j77wGFSiVRdEzIkCUwYz6fP7f\/dzcg21YBk64lC9bSU4keiE0XP8eCBAG783peb5bPDp7luzalvhd7ZceHdMh08PaUxHR8+Hz\/Hv6KfthnP1bmfxRyw+2y6eDefK2GNcNUEwYkEwqtWTJ79k24E6ynmf6KWT28b\/40MTRRCseHGgU2qOx+Plcjnqiw77ojkfEIZ1yenFwV8ZpkV1MP3KpslY9eL8Bw==\" \/> \t\t<a href=\"https:\/\/www.pdf24.org\" target=\"_blank\" title=\"www.pdf24.org\" rel=\"nofollow\"><img src=\"https:\/\/www.hohenlohe-ungefiltert.de\/wp-content\/plugins\/pdf24-post-to-pdf\/img\/pdf_32x32.png\" alt=\"\" border=\"0\" height=\"32\" \/><\/a> \t\t<span class=\"pdf24Plugin-cp-space\">&nbsp;&nbsp;<\/span> \t\t<span class=\"pdf24Plugin-cp-text\">Sende Artikel als PDF<\/span> \t\t<span class=\"pdf24Plugin-cp-space\">&nbsp;&nbsp;<\/span> \t\t<input class=\"pdf24Plugin-cp-input\" style=\"margin: 0px;\" type=\"text\" name=\"sendEmailTo\" placeholder=\"Emailadresse\" \/> \t\t<input class=\"pdf24Plugin-cp-submit\" style=\"margin: 0px;\" type=\"submit\" value=\"Senden\" \/> \t<\/form> <\/div>","protected":false},"excerpt":{"rendered":"<p>Harald Ebner, Sprecher f\u00fcr Gentechnik- und Bio\u00f6konomiepolitik und Pestizidexperte der Fraktion B\u00fcndnis 90\/Die Gr\u00fcnen kritisiert den Pestizidrekordumsatz in Deutschland. Kommentar des Bundestagsabgeordneten Harald Ebner, Fraktion B\u00fcndnis 90\/Die Gr\u00fcnen, Wahlkreis Schw\u00e4bisch Hall-Hohenlohe Alternativen f\u00f6rdern BASF, Bayer und Monsanto feiern zum vierten Mal in Folge einen Pestizidrekordumsatz in Deutschland \u2013 das ist Wachstum \u00e0 l\u00e0 Schmidt und [&hellip;]<\/p>\n","protected":false},"author":1,"featured_media":0,"comment_status":"open","ping_status":"open","sticky":false,"template":"","format":"standard","meta":[],"categories":[1,9,2,4,3],"tags":[],"_links":{"self":[{"href":"https:\/\/www.hohenlohe-ungefiltert.de\/index.php?rest_route=\/wp\/v2\/posts\/19456"}],"collection":[{"href":"https:\/\/www.hohenlohe-ungefiltert.de\/index.php?rest_route=\/wp\/v2\/posts"}],"about":[{"href":"https:\/\/www.hohenlohe-ungefiltert.de\/index.php?rest_route=\/wp\/v2\/types\/post"}],"author":[{"embeddable":true,"href":"https:\/\/www.hohenlohe-ungefiltert.de\/index.php?rest_route=\/wp\/v2\/users\/1"}],"replies":[{"embeddable":true,"href":"https:\/\/www.hohenlohe-ungefiltert.de\/index.php?rest_route=%2Fwp%2Fv2%2Fcomments&post=19456"}],"version-history":[{"count":3,"href":"https:\/\/www.hohenlohe-ungefiltert.de\/index.php?rest_route=\/wp\/v2\/posts\/19456\/revisions"}],"predecessor-version":[{"id":19514,"href":"https:\/\/www.hohenlohe-ungefiltert.de\/index.php?rest_route=\/wp\/v2\/posts\/19456\/revisions\/19514"}],"wp:attachment":[{"href":"https:\/\/www.hohenlohe-ungefiltert.de\/index.php?rest_route=%2Fwp%2Fv2%2Fmedia&parent=19456"}],"wp:term":[{"taxonomy":"category","embeddable":true,"href":"https:\/\/www.hohenlohe-ungefiltert.de\/index.php?rest_route=%2Fwp%2Fv2%2Fcategories&post=19456"},{"taxonomy":"post_tag","embeddable":true,"href":"https:\/\/www.hohenlohe-ungefiltert.de\/index.php?rest_route=%2Fwp%2Fv2%2Ftags&post=19456"}],"curies":[{"name":"wp","href":"https:\/\/api.w.org\/{rel}","templated":true}]}}