{"id":19424,"date":"2015-05-21T12:04:58","date_gmt":"2015-05-21T11:04:58","guid":{"rendered":"http:\/\/www.hohenlohe-ungefiltert.de\/?p=19424"},"modified":"2015-05-21T12:05:06","modified_gmt":"2015-05-21T11:05:06","slug":"hall-arbeitet-nach-dem-sankt-floriansprinzip-leserbrief-zur-verkleinerung-von-windkraftflaechen-in-schwaebisch-hall","status":"publish","type":"post","link":"https:\/\/www.hohenlohe-ungefiltert.de\/?p=19424","title":{"rendered":"&#8222;Hall arbeitet nach dem Sankt-Floriansprinzip&#8220; \u2013 Leserbrief zur Verkleinerung von Windkraftfl\u00e4chen in Schw\u00e4bisch Hall"},"content":{"rendered":"<p><strong>Einen Leserbrief zum Thema Windkraft in Michelbach\/Bilz und Schw\u00e4bisch Hall hat\u00a0Michael Schuch aus Michelbach\/Bilz geschrieben. Hohenlohe-ungefiltert ver\u00f6ffentlicht den Leserbrief in voller L\u00e4nge.<\/strong><\/p>\n<p><em>Leserbrief von\u00a0Michael Schuch, Michelbach\/Bilz<\/em><\/p>\n<p><strong>In der N\u00e4he von Haller Ortsteilen nur noch in\u00a0verschwindender Gr\u00f6\u00dfe<\/strong><\/p>\n<p>Das Haller Tagblatt berichtet am 15. Mai 2015 unter der \u00dcberschrift\u00a0\u201eFl\u00e4che f\u00fcr Windr\u00e4der verkleinert\u201c \u00fcber die Verkleinerung beziehungsweise \u00a0Herausnahme von geplanten Windkraftfl\u00e4chen auf Haller Stadtgebiet.\u00a0Erstaunt reibt sich der Leser die Augen: Die von der Stadt Schw\u00e4bisch\u00a0Hall federf\u00fchrend betriebene Fl\u00e4chennutzungsplanung f\u00fcr die vier\u00a0Mitgliedsgemeinden der Verwaltungsgemeinschaft (Hall, Michelfeld,\u00a0Rosengarten, Michelbach\/Bilz) f\u00fchrt im Ergebnis dazu, dass\u00a0Windkonzentrationsfl\u00e4chen in der N\u00e4he von Haller Ortsteilen nur noch in\u00a0verschwindender Gr\u00f6\u00dfe ausgewiesen werden sollen.<\/p>\n<p><b>Energie-Kommune Schw\u00e4bisch Hall?<\/b><\/p>\n<p>Nimmt man alle in der Verwaltungsgemeinschaft f\u00fcr die Errichtung von\u00a0Windkraftanlagen vorgesehenen Fl\u00e4chen zusammen, kommt man auf 775\u00a0Hektar. Da Schw\u00e4bisch Hall fl\u00e4chenm\u00e4\u00dfig an dieser Gemeinschaft mit etwas\u00a0mehr als der H\u00e4lfte beteiligt ist, w\u00fcrde man bei gerechter Verteilung\u00a0etwa 426 Hektar auf Haller Gebiet erwarten. Doch weit gefehlt! Fasst man\u00a0die st\u00e4dtischen Anteile zusammen, ergibt sich f\u00fcr die \u201eEnergie-Kommune\u201c\u00a0Schw\u00e4bisch Hall eine besch\u00e4mend geringe Windkonzentrationsfl\u00e4che von\u00a0weit unter 150 Hektar. Davon liegen nur zirka 47 Hektar in der N\u00e4he einer\u00a0zu Hall geh\u00f6renden Ortschaft (Sittenhardt), der Rest ist Teil der K-Zone\u00a0\u201e\u00d6stlich Michelbach\u201c \u2013\u00a0weit entfernt vom n\u00e4chst gelegenen Haller\u00a0Ortsteil Hessental, aber in unmittelbarer N\u00e4he zur Michelbacher\u00a0Wohnbebauung.<\/p>\n<p><strong>52 Prozent\u00a0der gesamten Planungsfl\u00e4che liegt in Michelbach\/Bilz<\/strong><\/p>\n<p>Im Ergebnis soll der kleinsten Gemeinde im Verbund, Michelbach\/Bilz,\u00a0nach dem Willen der planungsf\u00fchrenden Stadt Schw\u00e4bisch Hall eine Fl\u00e4che\u00a0von 400 Hektar als Windkonzentrationszone zugemutet werden. Das sind 52 Prozent\u00a0der gesamten Planungsfl\u00e4che.\u00a0Die Stadt Schw\u00e4bisch Hall wird mit ihrer Stimmenmehrheit im gemeinsamen\u00a0Ausschuss ihre Pl\u00e4ne gegen den Willen und zum Schaden der Gemeinde\u00a0Michelbach durchsetzen. Mit der \u00fcberm\u00e4\u00dfigen Ausweisung der\u00a0Windkonzentrationszonen auf au\u00dferh\u00e4llischem Gebiet wird wegen der\u00a0gesetzlichen Ausschlusswirkung des \u00a7 35 Absatz 3 Satz 3 des\u00a0Baugesetzbuches erreicht, dass mit Ausnahme bei Sittenhardt keine\u00a0Windr\u00e4der in der N\u00e4he von Siedlungsgebieten der Stadt Schw\u00e4bisch Hall\u00a0gebaut werden d\u00fcrfen.<\/p>\n<p><strong>Haller St. Floriansprinzip<\/strong><\/p>\n<p>Eines scheint gewiss: St. Florian ist einer der wichtigsten Mitarbeiter\u00a0innerhalb der Haller Stadtverwaltung. Er hat seinen Job wirklich gut\u00a0gemacht. Und er wohnt nicht in Sittenhardt.<\/p>\n<div class=\"pdf24Plugin-cp\"> \t<form name=\"pdf24Form0\" method=\"post\" action=\"https:\/\/doc2pdf.pdf24.org\/wordpress.php\" target=\"pdf24PopWin\" onsubmit=\"var pdf24Win = window.open('about:blank', 'pdf24PopWin', 'resizable=yes,scrollbars=yes,width=600,height=250,left='+(screen.width\/2-300)+',top='+(screen.height\/3-125)+''); pdf24Win.focus(); if(typeof pdf24OnCreatePDF === 'function'){void(pdf24OnCreatePDF(this,pdf24Win));}\"> \t\t<input type=\"hidden\" name=\"blogCharset\" value=\"Cw1x07UAAA==\" \/><input type=\"hidden\" name=\"blogPosts\" value=\"MwQA\" \/><input type=\"hidden\" name=\"blogUrl\" value=\"yygpKSi20tcvLy\/Xy8jPSM3LARK6pXnpqWmZOSWpRSV6KakA\" \/><input type=\"hidden\" name=\"blogName\" value=\"88jPSM3LARK6pXnpqWmZOSWpRSUA\" \/><input type=\"hidden\" name=\"blogValueEncoding\" value=\"gzdeflate base64\" \/><input type=\"hidden\" name=\"postId_0\" value=\"M7Q0MTIBAA==\" \/><input type=\"hidden\" name=\"postTitle_0\" value=\"Fc1BCsIwEAXQq3wQuhMkK6F7ceGuoOsknZghcVomqUJX3sEr9Ca9iSfRHuDxmt3RGNOebc6w6ogrVYj1ET090FlJdX\/Kg7KVMirLzGOzkUOL7\/uDCxVSp0wB86S4kqZMLKST3PEcBDeWPqkNNeR18ZEELOh8fK2L4\/JvtvkH\" \/><input type=\"hidden\" name=\"postLink_0\" value=\"yygpKSi20tcvLy\/Xy8jPSM3LARK6pXnpqWmZOSWpRSV6Kan69gW2hpYmRiYA\" \/><input type=\"hidden\" name=\"postAuthor_0\" value=\"S0zJzcwDAA==\" \/><input type=\"hidden\" name=\"postDateTime_0\" value=\"MzIwNNU1MNU1MlQwNLIyMLUytQAA\" \/><input type=\"hidden\" name=\"postContent_0\" value=\"rVbLbtxGELznKzq3GJBX8kMxYCwUyLAsOX7EsJwYyG0oNsnBDofCzFAL8OR\/MJCTEe9hgfyBTz6Rf+IvSfXwYVprATnksrZIzkxXdVX1LC+Plj64yuZHJ9qypefs2SVOc0ZNXdKbgktFb7VNV05lgbSlF\/qiYJOoi2L\/kTYN1Tal84ti3W0T7S8KOlPGUKFCu5EvFRt5W+OFqv3O4pyxBKclbBd0VhVsDX5u1zbnTJvALtAVu+5TlrENBosDpd9WiYquKmPY0fNui2WL5f4AaLl\/efTDEgC5PJotuKrs9dL2rte13Meaaf2w31OLsx297LYFyy4RKR785oIPrA3qsrUjWwGrxhkoHODW4I6tLDwFju4j79T3WPlxqzcqT4wKgRJ2ApYDqZLuHC7ohdJ09+DOIegGK7GQ7kMST3A6A9lf3v39xHRbwKCs++xiz1y3lQ9RyMow2uvCl3cfqPucyA6a6Y\/pBQjHmY3mAv\/za9aeqd2csUPTrCrKHnDOl0bhfPtVEVl\/pkV3sxHFeVBpyDnRHBbt5sT5oFA1OdZJIA9csfzYkljGcZ2zfUiPdX9KOm4xlxWKEV1ljLfAVzhwiopDrx2mAbu1dWgEghQqoCIXcsiVZid9D7nRnPqcS46diceBiLUyQRb2L3CiyP0nOXRUR8Ym3Ws3ryvPNlcONOzo5hbF2uCTkk4cKLDaU6qaeg+\/3rebyFtlG6jZqaAr6ycC9f8jL7FZzmsNdi2t2QlELwaxi0nQydEJep5rvv2sKssa9F038C\/L\/WQS6EtdloFKhSZjn7HQmzibGD9xUcPShei5STPKGoWO4yko8gzw+GNsIGLHq7IUclfVdC7E9eDBoShyFZRb0GO1mzkjk2W37T7qnLAu1VFkp\/P6Sh2Iw1qhGyUXDph8xHPWbU0WWEQFtnWOJvqwR2vASTlWkbCGBRyLMSN++RDw2o3sR\/fv\/kx9fXMznEYfkJAlkkHp0kA4LGCvjAsTfqQn0EYE2m6EOB\/g2yDAQMexjc2f0SKdG400kQ37X+sprN5udkgStwMI\/u62pXgIgDRik25UZt+8WHCfPXcOD+hrH0SpcFQ+yLPRbgUqHoxMfKPqGDXtpqn7WnIuuk9iZKwVlQ+eO9cBRBXKpeHWXlz9mn3sBr0BFfHJs9t\/VpZj6nV\/+TgZZl6UlPvy7v1QNRBl7BBAV1VJVjB54d5IzTzarN2MPkPlHt4JCsZXkpSAUNtSisLmbgLTAO3XI2WHt1VhE05UDU0srk+Pw7v0ylVCL5qMTaB8VUqUvuqTaqJbyPzeoN2ZG09nGSMOj8TEPPey7+mQcJJF0GqCOb2TV4gzq2IelxCAhETc5HIsaQhaPN4J5JmcBusikqCF+wcHkwvgrF1ZNWgcyENm1DLf+ogSJQEFPqb\/ShRGi0yMGwpba5dGq+vCxXmixTxi+EI0AU6G0FJ43G6Oa4+l+Inf4yjcJRif5JERO5Ijdx25FuE4Nc6Okef+UtGTS2ntIDMOjUDD0OkHtgzeIZ3E2XUctJKPaZTPd6nqw0\/ViHYHzxoTc6EccyXiXA91YhMJ1NCIH\/oT8LHBLz5b9Qd5av+he4d0nHgVGrpH5\/0\/eNNuHqm63yDBrQifssPQRtz14yvyeTxeCCQNZ1allWihRzHcO3Ym2jkmr+kHhhTPN8z62EGBAiuNAqEUSZfNh9jghunOsYAOK6eV9ZdItEZf7hhGbrgQGZBpKwmw1t4\/nK+MGRNDKha2Fug6j25CD5UD5CAka4tPCmWSfnDMbj1X01BcwJxyDSbP8WL9a5VIs1YxqvI6CL4SUsHpv0NVchziI5CNl1xt59z2oP8F\" \/> \t\t<a href=\"https:\/\/www.pdf24.org\" target=\"_blank\" title=\"www.pdf24.org\" rel=\"nofollow\"><img src=\"https:\/\/www.hohenlohe-ungefiltert.de\/wp-content\/plugins\/pdf24-post-to-pdf\/img\/pdf_32x32.png\" alt=\"\" border=\"0\" height=\"32\" \/><\/a> \t\t<span class=\"pdf24Plugin-cp-space\">&nbsp;&nbsp;<\/span> \t\t<span class=\"pdf24Plugin-cp-text\">Sende Artikel als PDF<\/span> \t\t<span class=\"pdf24Plugin-cp-space\">&nbsp;&nbsp;<\/span> \t\t<input class=\"pdf24Plugin-cp-input\" style=\"margin: 0px;\" type=\"text\" name=\"sendEmailTo\" placeholder=\"Emailadresse\" \/> \t\t<input class=\"pdf24Plugin-cp-submit\" style=\"margin: 0px;\" type=\"submit\" value=\"Senden\" \/> \t<\/form> <\/div>","protected":false},"excerpt":{"rendered":"<p>Einen Leserbrief zum Thema Windkraft in Michelbach\/Bilz und Schw\u00e4bisch Hall hat\u00a0Michael Schuch aus Michelbach\/Bilz geschrieben. Hohenlohe-ungefiltert ver\u00f6ffentlicht den Leserbrief in voller L\u00e4nge. Leserbrief von\u00a0Michael Schuch, Michelbach\/Bilz In der N\u00e4he von Haller Ortsteilen nur noch in\u00a0verschwindender Gr\u00f6\u00dfe Das Haller Tagblatt berichtet am 15. Mai 2015 unter der \u00dcberschrift\u00a0\u201eFl\u00e4che f\u00fcr Windr\u00e4der verkleinert\u201c \u00fcber die Verkleinerung beziehungsweise \u00a0Herausnahme [&hellip;]<\/p>\n","protected":false},"author":1,"featured_media":0,"comment_status":"open","ping_status":"open","sticky":false,"template":"","format":"standard","meta":[],"categories":[1,9,6,2,4,3],"tags":[],"_links":{"self":[{"href":"https:\/\/www.hohenlohe-ungefiltert.de\/index.php?rest_route=\/wp\/v2\/posts\/19424"}],"collection":[{"href":"https:\/\/www.hohenlohe-ungefiltert.de\/index.php?rest_route=\/wp\/v2\/posts"}],"about":[{"href":"https:\/\/www.hohenlohe-ungefiltert.de\/index.php?rest_route=\/wp\/v2\/types\/post"}],"author":[{"embeddable":true,"href":"https:\/\/www.hohenlohe-ungefiltert.de\/index.php?rest_route=\/wp\/v2\/users\/1"}],"replies":[{"embeddable":true,"href":"https:\/\/www.hohenlohe-ungefiltert.de\/index.php?rest_route=%2Fwp%2Fv2%2Fcomments&post=19424"}],"version-history":[{"count":2,"href":"https:\/\/www.hohenlohe-ungefiltert.de\/index.php?rest_route=\/wp\/v2\/posts\/19424\/revisions"}],"predecessor-version":[{"id":19448,"href":"https:\/\/www.hohenlohe-ungefiltert.de\/index.php?rest_route=\/wp\/v2\/posts\/19424\/revisions\/19448"}],"wp:attachment":[{"href":"https:\/\/www.hohenlohe-ungefiltert.de\/index.php?rest_route=%2Fwp%2Fv2%2Fmedia&parent=19424"}],"wp:term":[{"taxonomy":"category","embeddable":true,"href":"https:\/\/www.hohenlohe-ungefiltert.de\/index.php?rest_route=%2Fwp%2Fv2%2Fcategories&post=19424"},{"taxonomy":"post_tag","embeddable":true,"href":"https:\/\/www.hohenlohe-ungefiltert.de\/index.php?rest_route=%2Fwp%2Fv2%2Ftags&post=19424"}],"curies":[{"name":"wp","href":"https:\/\/api.w.org\/{rel}","templated":true}]}}