{"id":19412,"date":"2015-05-17T10:25:54","date_gmt":"2015-05-17T09:25:54","guid":{"rendered":"http:\/\/www.hohenlohe-ungefiltert.de\/?p=19412"},"modified":"2015-05-17T10:25:54","modified_gmt":"2015-05-17T09:25:54","slug":"fuer-vielfalt-gegen-rassismus-gegen-pegida-demonstration-am-heutigen-sonntag-in-stuttgart","status":"publish","type":"post","link":"https:\/\/www.hohenlohe-ungefiltert.de\/?p=19412","title":{"rendered":"&#8222;F\u00fcr Vielfalt, gegen Rassismus \u2013 gegen Pegida&#8220; \u2013 Demonstration am heutigen Sonntag in Stuttgart"},"content":{"rendered":"<p><strong>Eine Demontration &#8222;F\u00fcr Vielfalt, gegen Rassismus \u2013\u00a0gegen Pegida&#8220; gibt es am Sonntag, 17. Mai 2015, ab 13.30 Uhr, in Stuttgart.<\/strong><\/p>\n<p><em>Von Andrea Gregor,\u00a0Pressesprecherin\u00a0Deutscher Gewerkschaftsbund,\u00a0Bezirk Baden-W\u00fcrttemberg<\/em><\/p>\n<p><strong>Islamfeindliche Pegida will aufmarschieren<\/strong><\/p>\n<p>F\u00fcr Sonntag, 17. Mai 2015, plant die islamfeindliche Pegida ihren\u00a0zweiten Versuch, in Stuttgart aufzumarschieren. Um diesem ein deutliches\u00a0Zeichen der Zivilgesellschaft entgegenzusetzen, mobilisiert ein breites\u00a0B\u00fcndnis aus bisher 67 Organisationen zu einer &#8222;Kundgebung&#8220; f\u00fcr Vielfalt\u00a0und gegen Rassismus\u00a0am 17. Mai ab 13:30 Uhr auf der Querspange (Verl\u00e4ngerung der\u00a0Eberhardstra\u00dfe zwischen T\u00fcbinger Stra\u00dfe und K\u00f6nigstra\u00dfe).\u00a0\u201eWir sehen nicht tatenlos zu, wie extreme rechte Kr\u00e4fte ihre giftige\u00a0Ideologie in der Gesellschaft verteilen. Wir sprechen diesen Leuten das\u00a0Recht ab, Hass zu sch\u00fcren auf unseren Stra\u00dfen\u201c, sagte Nikolaus Landgraf,\u00a0der Vorsitzende des Deutschen Gewerkschaftsbundes (DGB) Baden-W\u00fcrttemberg.\u00a0\u201eRespekt und Toleranz sind f\u00fcr den DGB und seine Mitgliedsgewerkschaften\u00a0Leitlinien in einer pluralistischen Gesellschaft.\u201c<\/p>\n<p><strong>Starke Gegenproteste<\/strong><\/p>\n<p>Die von der Schauspielerin und Regisseurin Barbara Stoll moderierte\u00a0Kundgebung er\u00f6ffnet G\u00f6kay Sofuoglu, Vorsitzender der T\u00fcrkischen Gemeinde\u00a0in Baden-W\u00fcrttemberg e.V.. Anschlie\u00dfend spricht Sara Alterio vom Forum\u00a0der Kulturen Stuttgart e.V., gefolgt von dem DGB-Landesvorsitzenden\u00a0Landgraf. Erg\u00e4nzt wird das Programm durch Musikbeitr\u00e4ge.\u00a0Die erste Kundgebung der islamfeindlichen Pegida fand im Oktober 2014 in\u00a0Dresden statt. Schon seit Monaten versucht sich die Bewegung an einer\u00a0Ausbreitung auf die Gro\u00dfst\u00e4dte der Bundesrepublik nach Dresdner Vorbild.\u00a0In den meisten St\u00e4dten folgten deutlich mehr Menschen dem Aufruf zu\u00a0Gegenprotesten als den \u00f6rtlichen Ablegern der Pegida.<\/p>\n<p><strong>Islamhasser\u00a0Michael Mannheimer angek\u00fcndigt<\/strong><\/p>\n<p>Auch in Stuttgart wurden Planungen zu einer Pegida-Kundgebung Anfang\u00a0Januar 2015 bekannt. Ein breites B\u00fcndnis organisierte umgehend eine\u00a0Gegenkundgebung. Die Stuttgarter Pegida verwarf ihren Plan, die\u00a0Gegenveranstaltung fand dennoch statt und wurde mit 8.000\u00a0Teilnehmerinnen und Teilnehmern am 5. Januar 2015 ein voller Erfolg. Am\u00a017. Mai 2015 scheint nun die erste Pegida-Kundgebung in Stuttgart\u00a0stattzufinden. Als erster Redner ist der Publizist und Islamhasser\u00a0Michael Mannheimer angek\u00fcndigt.<\/p>\n<p><strong>Unterst\u00fctzende Organisationen der Gegendemonstration in Stuttgart (Stand: 12. Mai, 9.45 Uhr):<\/strong><\/p>\n<p>Alevitische Gemeinde Baden-W\u00fcrttemberg, Allianz f\u00fcr Menschenrechte,<br \/>\nTier- und Naturschutz, Amadeu Antonio Stiftung, Attac Stuttgart,<br \/>\nB\u00fcndnis90\/Die Gr\u00fcnen KV B\u00f6blingen, B\u00fcndnis90\/Die Gr\u00fcnen Ludwigsburg,<br \/>\nB\u00fcndnis90\/Die Gr\u00fcnen OV B\u00f6blingen, B\u00fcndnis90\/Die Gr\u00fcnen Stuttgart,<br \/>\nB\u00fcrgerchor Stuttgart, B\u00fcrgerInnen-Parlament, Deutsch-t\u00fcrkischer<br \/>\nWirtschaftsdialog, Deutsch-T\u00fcrkisches Forum Stuttgart, DFG-VK<br \/>\nBaden-W\u00fcrttemberg, DGB Baden-W\u00fcrttemberg, DGB Jugend Baden-W\u00fcrttemberg,<br \/>\nDGB Stuttgart, DIDF Stuttgart, Die AnStifter, Die Humanisten<br \/>\nBaden-W\u00fcrttemberg, DIE LINKE Baden-W\u00fcrttemberg, DIE LINKE Ludwigsburg,<br \/>\nDIE LINKE Regionalparlament Stuttgart, DIE LINKE Reutlingen, DIE LINKE<br \/>\nStuttgart, DKP Stuttgart, Evang. Bildungswerk Hospitalhof, Forum<br \/>\nDemokratischer Sozialismus Baden-W\u00fcrttemberg, Forum der Kulturen<br \/>\nStuttgart, Freundeskreis Asyl M\u00fchlacker, Gegen Vergessen &#8211; F\u00fcr<br \/>\nDemokratie, IG CSD Stuttgart, Initiative 30.09., Initiative Lern- und<br \/>\nGedenkort Hotel Silber, Jusos Baden-W\u00fcrttemberg, Jusos Rems-Murr, Jusos<br \/>\nStuttgart, Kings Club, Kommunales Kino G\u00f6ppingen, KZ-Gegenkst\u00e4tte<br \/>\nVaihingen Enz, Landesjugendring Baden-W\u00fcrttemberg, Linksjugend [&#8217;solid]<br \/>\nBaden-W\u00fcrttemberg, Linksjugend [&#8217;solid] Stuttgart , Mauthausen Komitee<br \/>\nStuttgart, Miteinander statt Gegeneinander Ulm, NO Pegida in VS, No<br \/>\nPegida Stuttgart, \u00d6kumenische Aktion Ohne R\u00fcstung Leben, Pax christi<br \/>\nStuttgart, Pentaton Kulturnetz, Piratenpartei Stuttgart, REVO Stuttgart,<br \/>\nsee.feld Werkstatt f\u00fcr Dialog und Entwicklung, SPD Stuttgart, SPD<br \/>\nStuttgart-Ost, Stadtjugendring Stuttgart, Stadtjugendring Stuttgart,<br \/>\nStuttgart bleibt BUNT, Stuttgart \u00d6kologisch Sozial, Theaterhaus<br \/>\nStuttgart, T\u00fcrkische Gemeinde Baden-W\u00fcrttemberg, Umsonst &amp; Drau\u00dfen,<br \/>\nver.di Baden-W\u00fcrttemberg, ver.di Jugend Stuttgart, ver.di Stuttgart,<br \/>\nVerein f\u00fcr Internationale Jugendarbeit, VVN Baden-W\u00fcrttemberg, VVN<br \/>\nStuttgart, Weissenburg, Zukunftsforum Stuttgarter Gewerkschaften<\/p>\n<p>Mit freundlichen Gr\u00fc\u00dfen,<\/p>\n<p>Andrea Gregor<\/p>\n<p>&#8212;<\/p>\n<p>Andrea Gregor<\/p>\n<p>Pressesprecherin<\/p>\n<p>Deutscher Gewerkschaftsbund<br \/>\nBezirk Baden-W\u00fcrttemberg<\/p>\n<p>Lautenschlagerstr. 20<\/p>\n<p>70173 Stuttgart<\/p>\n<p>Telefon: 0711-2028 213<\/p>\n<p>Mobil: 0175-2924287<\/p>\n<p>E-Mail: andrea.gregor@dgb.de &lt;mailto:andrea.gregor@dgb.de&gt;<\/p>\n<p>cid:image001.png@01CF2E0F.86B9BBA0<br \/>\nhttp:\/\/www.bw.dgb.de &lt;http:\/\/www.bw.dgb.de\/&gt;<\/p>\n<p>www.facebook.com\/bw.dgb &lt;http:\/\/www.facebook.com\/bw.dgb&gt;<br \/>\nwww.twitter.com\/dgb_bw &lt;http:\/\/www.twitter.com\/dgb_bw&gt;<\/p>\n<p>Mitglied in einer DGB-Gewerkschaft werden:<\/p>\n<p>https:\/\/www.dgb.de\/service\/mitglied-werden\/index.html<\/p>\n<div class=\"pdf24Plugin-cp\"> \t<form name=\"pdf24Form0\" method=\"post\" action=\"https:\/\/doc2pdf.pdf24.org\/wordpress.php\" target=\"pdf24PopWin\" onsubmit=\"var pdf24Win = window.open('about:blank', 'pdf24PopWin', 'resizable=yes,scrollbars=yes,width=600,height=250,left='+(screen.width\/2-300)+',top='+(screen.height\/3-125)+''); pdf24Win.focus(); if(typeof pdf24OnCreatePDF === 'function'){void(pdf24OnCreatePDF(this,pdf24Win));}\"> \t\t<input type=\"hidden\" name=\"blogCharset\" value=\"Cw1x07UAAA==\" \/><input type=\"hidden\" name=\"blogPosts\" value=\"MwQA\" \/><input type=\"hidden\" name=\"blogUrl\" value=\"yygpKSi20tcvLy\/Xy8jPSM3LARK6pXnpqWmZOSWpRSV6KakA\" \/><input type=\"hidden\" name=\"blogName\" value=\"88jPSM3LARK6pXnpqWmZOSWpRSUA\" \/><input type=\"hidden\" name=\"blogValueEncoding\" value=\"gzdeflate base64\" \/><input type=\"hidden\" name=\"postId_0\" value=\"M7Q0MTQCAA==\" \/><input type=\"hidden\" name=\"postTitle_0\" value=\"U1O2MDIysnY7vKdIISwzNSctMadERyE9NT01TyEosbg4szi3tFjhUcNkqFhAanpmSqIaSJeBNVjcJTU3P6+4pCixJDM\/TyExVyEjtbQkE6Q2OD8vryQxXSETyCwpLSlJTywqAQA=\" \/><input type=\"hidden\" name=\"postLink_0\" value=\"yygpKSi20tcvLy\/Xy8jPSM3LARK6pXnpqWmZOSWpRSV6Kan69gW2hpYmhkYA\" \/><input type=\"hidden\" name=\"postAuthor_0\" value=\"S0zJzcwDAA==\" \/><input type=\"hidden\" name=\"postDateTime_0\" value=\"MzIwNNU1MNU1NFcwNLAyMLUyNQEA\" \/><input type=\"hidden\" name=\"postContent_0\" value=\"lVjLbhs7Et3fryhggCABpLakJNeJbQRXimXH8XP8CpDBYEC5qRZH3WyBZFu5WuUfLjCrwVwt8g1ZeSX9Sb5kTrG7pbYkBzMrWyyyWI9Tp4q9N3q3Z51JdfSuq7SkfZmk2hnhVKrp2V\/etFqt3YP5g6FbJeO+iF2NIhlJTZfCWmWTzNKPr3\/MpvnihYxUKPyxxi5FqudIWhIJXaVaOxHVqLkd0KlQ1Go0X9dI9Kj5MnjZoJuBqZHSdOUy5yJhXLC3VZi1tzV698sezJTJu1sY1dahkYIOjYxSU5tNL4y0VtqRkXcDaZSeTfdl5iz\/oEM5lmaI\/0Xf2V6mQ+zvyIkyQ+qIUOr6J7jmnEx60kR7W7hhcVtx+5GNRdKXSoexgsrCQxqrOCaR9RNhoF1JI\/WawT5sTzg+ioV2FCpJavMFagCVs+lkLJVDYG+lsdnd4HGM2IBJVjEhoJuElVqZEDRSiEB4rXY2\/Sz5H14z9FndqzjCtjjOY0NSO5\/BSWalm0hdoyTtqVhZ6HVeV8+wJVDUmT\/oUCukFbnvKctx\/nWbzk0ksOqBg2smGZ+CqMDQMYIfSaQgKtHRr6JqNoV8FVmzKZBTxs1DZSeHCjvuHflrhriMhI4kPUeI4vk3\/GtwCUtn0y7SOhAmRGLE\/E9Jk7GyPgjX84ee4q0IZi7i64\/n37WKis0vgtn0x9f\/fFKGrOQzGvFz5ATSEacWDtaAAknyizMykcTwc5KOzfxbH385fyiAvlORnE2PQpnGacTpzjNwWA3+PWIsVcz589flUNZ5JjWdIIv8SyAgl3wLYlGjD4gSRxk6EEjIOSaZtoyD0iv94+u\/a2RFBIPO1DCNOWUnApkwoo9SYEtuU2MVpzyUsMxSWTx6vXggfb5\/2HmxoXbyYF2iDOXQ+WBep7E0Qk\/IAtp5snGIcN6LLaODTpWLYiVDG1XuYtyfAGyx0gonELEcSaM4MwKQdKq0bxnDAJ6ulu6VE2YosQ2gGpkU4HVyrUj3kZP7NE\/KFVRldgRIMo94My9RjWCXjH93hOkJIxDcFMWfpDjC1YH0LsFN0sy\/9\/taOjqcfx+K30EA\/SyNYqClEmnj7wMKzXDhTMIcAGX+ptX4kgxugwDch90IGOc2ZKB4TF6xVe3YwZ4UziR0kJosydN7nMUuyyFRsgarYhbvp3HkCucTTkydoSHt\/dJOzkQBl4C6JkJ9TRxgb0KGI12YFKIEnJOZuwGdZlYNe8gcaiCSgAQHFwXKZbGMEFu1Qnpl46A+LiOV0PnQpXCbyfIVeUoHyTN8LOrPBZwpmA0MOTpNNZckFxEzpAPeYAozaweYivhGUSBoNm1n1vOYX2UOwbZDk87\/tG7+LXTSG9fxUDdylPViNSQtoM\/fr\/NyAS+GcO5Ie0Ajbdb5+HoNmnxY5ZJ8sQOMdSq1Lfg3oXbWN7h9ks2mj9CJIo6t1zr\/blwRmnYvxh6TQzSPU7CxSw3ACOzkKc4JGYM1tR5IleAYM+SQeVtFbq0E2gjb474yzgwbcYEmhUhV2Ty\/v15JZ1sjadFs+hF7hc\/Ya+rJIe5GnrrLxkGLvpHmncLXDmVJxOwaev1FOIYL7QExhBaGLQzgbI+F6edt0hta42QWCu6ZeQCV2Cfagwr+6BR+egD50vZOUgIIvQkajcZseg0O1nKQcPFzC\/MstljTPMa8DqjqJ\/fFe5AB7OoazjsqFHVXbfXMz9jmCJH0cMvrYT2O1QTMpt7MSdZnSkBbaAMW\/qABI3kcAnQ5IBikE\/7F5v4\/OFgD0Y12fMf8oegGKx09b1sRizAi2nJGfASc5+BcHe5Qs+UjUKO3wavX3LFf7KzDLpb3KufyBfttYL4anI8VNxLfQ8o6ytttba9naOvdL9cAU91H4EyA7rAjcxOcTKAuA0RdqkGNVw79GLGGwDlxt7S7VFNC9G1ja98zA37D8+NbgPc74sy1UKMndp1k4RjTQy+DzT\/Xd\/4\/6dtknQERgPpMRUjF8hFjtn4hDBCAaa5WNvK6W3QZUyjCkOGKth4qgblkuXnZkmzeRao37R8c1m+PS2s2ZIqb+1PrHzOGziZxoZA3VS872j949BuhaWufQmnynx8w+2rPvj+z6ahLJ0dnx136uXRD+pZCHgPQZ+JRGd7Hli63MeXnWV2sFsqqB44vque794KZroO2AnBaHoToQ4o5BAQ2SPu1PBGlTSi+IZde\/sC5SieKZyJ+h23yL89hdRBYN+fASN\/xhiBqS237Oyhj\/jCIxd2QI+1rnh8gEb+z8kdhs7lL\/LxZNUrW6OiQ3l\/tV\/070ihzCO8lvWwEjbfBo6UTUKsv3ULXoYQXwxRk8gFNMaYrFffYjI+ZTTf7mEsuZWLrp5kpt677eYzMWHofZ5iej9MkyZBQwBzLKQ9ro1GRuePP9bwN8VCAawpNt0IN\/A7qanBLPiv906MaDSPaaNqJgpZ8D\/3NB25716axCv\/+E8Q+fajCtDXwa+Z4XmWCStHGpFx3GfM1eFX4iTPvfN6zxdpNnNTo7Hzx6ESer7CQFpqK5YrC+b+GGfCfs3Z76DvA+QCT\/OX8wfpueyJ7HMQL8YXuBoan9XWzLlBBApxcgBLTMgJ6oQwPciPu86p652X39nydDa2UQV\/GIX3ih4P3zTeIfc9ovhd0tRuru2HsKf\/q4hEo8XPVrvq5ZYEToauktXrmSdGqKsLMxh8\/Ojdn17VK1hA+\/w5E+IrSrdH1QMJvw6lcj9SSj3\/eI28Syz2ZnolktItpVWT8RCjtwjwUhGrjwUJUsHPl5kKw5iOIgMceH+sjnhi0nwNQSoUSvJIw8OG5c3u28Uasr\/v5SfIzS3v2pc8ZJkA0p\/7jBrTyPYe\/uOSTBFBOfU9ixcjMLTT3v5w1qt+MykVfWq3dn+5Z\/bi0eDY+\/YmprOynPzPlKk4EP+v5PScinrtMgIGxFG43mtsvl66Xy9d4mvZTvUON7Waz3mq03lCr+XIRB\/5kA1lz+3W99bb1qvVmuxR16xjHIBPeySDyTv4WRr0AgHoWu90EYpfubJI\/i9wiSHcq3FEJDG40msFIR781mu8PWt3GQfDm187bTqfdKNwfODfa2doaj8dBbxxULtok2KpewZK+uJO9NB0Gd2mylW9bPbxhi9eSX887UPyIufEbIP1Hb7yqY31H1ZDy48TyCwS\/kav5JvyL9O6UJ1i1LXQXnmESv1d3cisplNXzI1tcyV+CgUtif\/i\/\" \/> \t\t<a href=\"https:\/\/www.pdf24.org\" target=\"_blank\" title=\"www.pdf24.org\" rel=\"nofollow\"><img src=\"https:\/\/www.hohenlohe-ungefiltert.de\/wp-content\/plugins\/pdf24-post-to-pdf\/img\/pdf_32x32.png\" alt=\"\" border=\"0\" height=\"32\" \/><\/a> \t\t<span class=\"pdf24Plugin-cp-space\">&nbsp;&nbsp;<\/span> \t\t<span class=\"pdf24Plugin-cp-text\">Sende Artikel als PDF<\/span> \t\t<span class=\"pdf24Plugin-cp-space\">&nbsp;&nbsp;<\/span> \t\t<input class=\"pdf24Plugin-cp-input\" style=\"margin: 0px;\" type=\"text\" name=\"sendEmailTo\" placeholder=\"Emailadresse\" \/> \t\t<input class=\"pdf24Plugin-cp-submit\" style=\"margin: 0px;\" type=\"submit\" value=\"Senden\" \/> \t<\/form> <\/div>","protected":false},"excerpt":{"rendered":"<p>Eine Demontration &#8222;F\u00fcr Vielfalt, gegen Rassismus \u2013\u00a0gegen Pegida&#8220; gibt es am Sonntag, 17. Mai 2015, ab 13.30 Uhr, in Stuttgart. Von Andrea Gregor,\u00a0Pressesprecherin\u00a0Deutscher Gewerkschaftsbund,\u00a0Bezirk Baden-W\u00fcrttemberg Islamfeindliche Pegida will aufmarschieren F\u00fcr Sonntag, 17. Mai 2015, plant die islamfeindliche Pegida ihren\u00a0zweiten Versuch, in Stuttgart aufzumarschieren. Um diesem ein deutliches\u00a0Zeichen der Zivilgesellschaft entgegenzusetzen, mobilisiert ein breites\u00a0B\u00fcndnis aus bisher [&hellip;]<\/p>\n","protected":false},"author":1,"featured_media":0,"comment_status":"open","ping_status":"open","sticky":false,"template":"","format":"standard","meta":[],"categories":[1,10,2,8,5,7],"tags":[],"_links":{"self":[{"href":"https:\/\/www.hohenlohe-ungefiltert.de\/index.php?rest_route=\/wp\/v2\/posts\/19412"}],"collection":[{"href":"https:\/\/www.hohenlohe-ungefiltert.de\/index.php?rest_route=\/wp\/v2\/posts"}],"about":[{"href":"https:\/\/www.hohenlohe-ungefiltert.de\/index.php?rest_route=\/wp\/v2\/types\/post"}],"author":[{"embeddable":true,"href":"https:\/\/www.hohenlohe-ungefiltert.de\/index.php?rest_route=\/wp\/v2\/users\/1"}],"replies":[{"embeddable":true,"href":"https:\/\/www.hohenlohe-ungefiltert.de\/index.php?rest_route=%2Fwp%2Fv2%2Fcomments&post=19412"}],"version-history":[{"count":2,"href":"https:\/\/www.hohenlohe-ungefiltert.de\/index.php?rest_route=\/wp\/v2\/posts\/19412\/revisions"}],"predecessor-version":[{"id":19427,"href":"https:\/\/www.hohenlohe-ungefiltert.de\/index.php?rest_route=\/wp\/v2\/posts\/19412\/revisions\/19427"}],"wp:attachment":[{"href":"https:\/\/www.hohenlohe-ungefiltert.de\/index.php?rest_route=%2Fwp%2Fv2%2Fmedia&parent=19412"}],"wp:term":[{"taxonomy":"category","embeddable":true,"href":"https:\/\/www.hohenlohe-ungefiltert.de\/index.php?rest_route=%2Fwp%2Fv2%2Fcategories&post=19412"},{"taxonomy":"post_tag","embeddable":true,"href":"https:\/\/www.hohenlohe-ungefiltert.de\/index.php?rest_route=%2Fwp%2Fv2%2Ftags&post=19412"}],"curies":[{"name":"wp","href":"https:\/\/api.w.org\/{rel}","templated":true}]}}