{"id":19397,"date":"2015-05-16T10:18:29","date_gmt":"2015-05-16T09:18:29","guid":{"rendered":"http:\/\/www.hohenlohe-ungefiltert.de\/?p=19397"},"modified":"2015-05-17T10:18:38","modified_gmt":"2015-05-17T09:18:38","slug":"allerlei-rechtes-im-laendle-vortrag-in-schwaebisch-hall-ueber-rechtsextreme-in-baden-wuerttemberg","status":"publish","type":"post","link":"https:\/\/www.hohenlohe-ungefiltert.de\/?p=19397","title":{"rendered":"&#8222;Allerlei Rechtes im L\u00e4ndle&#8220; \u2013\u00a0Vortrag in Schw\u00e4bisch Hall \u00fcber Rechtsextreme in Baden-W\u00fcrttemberg"},"content":{"rendered":"<p><strong>Einen Vortrag zum Thema &#8222;Allerlei Rechtes im L\u00e4ndle \u2013 Rechte in Baden-W\u00fcrttemberg&#8220; h\u00e4lt L. Teidelbaum am Samstag, 16. Mai 2015, um 19 Uhr im club alpha 60 in Schw\u00e4bisch Hall.<\/strong><\/p>\n<p><em>Vom Club Alpha 60, Schw\u00e4bisch Hall<\/em><\/p>\n<p><strong>Neonazistische Parallelgesellschaften<\/strong><\/p>\n<p>Im S\u00fcdwesten gibt es eine umtriebige und breit aufgegliederte extrem rechte Szene. Diese besteht unter anderem aus Parteien, \u201eKameradschaften\u201c, Vereinen, Verlagen, Versandhandlungen oder Bands. Diese f\u00fchren ihr Dasein weitgehend unbeobachtet von der kritischen \u00d6ffentlichkeit.\u00a0In eigenen Subkulturen entstehen neonazistische und zumeist jugendliche Parallelgesellschaften, die einen ausfasernden Rand aufweisen.\u00a0Von diesen Strukturen gehen tagt\u00e4glich Gefahren f\u00fcr Menschen aus, die nicht in das neonazistische Weltbild passen.\u00a0Als st\u00e4rkste, extrem rechte Partei versucht die neonazistische NPD eine f\u00fchrende Rolle in der Szene einzunehmen. Immerhin verf\u00fcgt die NPD in Baden-W\u00fcrttemberg \u00fcber den mitgliederst\u00e4rksten Landesverband ihrer Jugendorganisation, die\u00a0\u201eJungen Nationaldemokraten\u201c (JN).<\/p>\n<p><strong>Ganz ohne Angaben des Verfassungsschutzes<\/strong><\/p>\n<p>Doch wie stehen in der Neonazi-Szene NPD und die so genannten \u201eFreien Kr\u00e4fte\u201c zueinander?\u00a0Neben NPD\/JN und Co. versuchen auch Parteien und Organisationen,\u00a0die sich nicht am historischen Nationalsozialismus orientieren,\u00a0mit rechtem Populismus Stimmen und Anh\u00e4nger zu gewinnen.\u00a0In Baden-W\u00fcrttemberg ist hier besonders die antimuslimische Bewegung zu nennen.\u00a0Der Vortrag zeigt auf, was es eigentlich f\u00fcr extrem rechte Strukturen in Baden-W\u00fcrttemberg gibt und wo die Gefahren liegen.\u00a0Er ist eine Einf\u00fchrung in die Organisation und Verfasstheit der braunen Szene in Baden-W\u00fcrttemberg, unterf\u00fcttert mit lokalen Beispielen.\u00a0Der Vortrag basiert auf jahrelanger kritischer Beobachtungs-T\u00e4tigkeit und kommt ganz ohne Angaben des Verfassungsschutzes aus.<\/p>\n<div class=\"pdf24Plugin-cp\"> \t<form name=\"pdf24Form0\" method=\"post\" action=\"https:\/\/doc2pdf.pdf24.org\/wordpress.php\" target=\"pdf24PopWin\" onsubmit=\"var pdf24Win = window.open('about:blank', 'pdf24PopWin', 'resizable=yes,scrollbars=yes,width=600,height=250,left='+(screen.width\/2-300)+',top='+(screen.height\/3-125)+''); pdf24Win.focus(); if(typeof pdf24OnCreatePDF === 'function'){void(pdf24OnCreatePDF(this,pdf24Win));}\"> \t\t<input type=\"hidden\" name=\"blogCharset\" value=\"Cw1x07UAAA==\" \/><input type=\"hidden\" name=\"blogPosts\" value=\"MwQA\" \/><input type=\"hidden\" name=\"blogUrl\" value=\"yygpKSi20tcvLy\/Xy8jPSM3LARK6pXnpqWmZOSWpRSV6KakA\" \/><input type=\"hidden\" name=\"blogName\" value=\"88jPSM3LARK6pXnpqWmZOSWpRSUA\" \/><input type=\"hidden\" name=\"blogValueEncoding\" value=\"gzdeflate base64\" \/><input type=\"hidden\" name=\"postId_0\" value=\"M7Q0tjQHAA==\" \/><input type=\"hidden\" name=\"postTitle_0\" value=\"U1O2MDIysnbMyUktyknNVAhKTc4oSS1WyMxV8Dm8JC8lJ1UNpMLAWuFRw+RDC8Lyi0qKEtMVMvMUgpMzyg8vScosTs5Q8EjMyVE4vCcptQhiQHFqRUlRam4qSJ1TYkpqnm744T1FJSWpuUAl6QA=\" \/><input type=\"hidden\" name=\"postLink_0\" value=\"yygpKSi20tcvLy\/Xy8jPSM3LARK6pXnpqWmZOSWpRSV6Kan69gW2hpbGluYA\" \/><input type=\"hidden\" name=\"postAuthor_0\" value=\"S0zJzcwDAA==\" \/><input type=\"hidden\" name=\"postDateTime_0\" value=\"MzIwNNU1MNU1NFMwNLAyMLUysgQA\" \/><input type=\"hidden\" name=\"postContent_0\" value=\"jVXbbhs3EH3vVwxQoGgBWb4ADVpEcCFHaWrHUQ3LdZ653tEuIy4pkNwo0FP+oUCfisIP+gw\/ef8kX9Iz5EqtLwX6YHhBcs7MnDlnNFoej0L0zlbHr7VlS9fOR68qWrcNXdXcKPrm6x+Ojo5ejo1hb1jTJd\/UkQPphs67jS0N05fPv\/fHpC2dqJLt3vvuzsfITcG+ShAHL6nuNibS+ZCuWJdsCoUkqqGZakJU1YAOXwzpndJ0dHD4\/YBwefgj\/VZ7SXVj2oKUWdaKXhxIltlNveo2hQ43Nf2ijBmO9vtGRvvL469GaIyb42vX0CsJHfehgyeBo32828X0GFN2Vq11iPKM6UJ5vGRTcWBjcKTmke2TjKfopbsrVxxwS5UuIoEoBrFoJnrNha7waUsqPOtIqp1XXBnNJXtwx5+i54Z8ZnK2ZstDmmjkpEIg64jYyJ6URQBeqjZIaZE12wGm8Ndb1bBX5bbAL5\/\/HNA1nspo05dRVf8VAFLjz7QWR+SAiMnZMmxTzru72uNGYwATFYBBKxRdcc1ooLUFu0JJpZE+OksSv\/A6E2ap+2M+ZxuNvqkXiBre355aMIFUuJy1xaI1sRV4PJLW8GUfci40QYWMA\/rQIrAUsP+axYBKzYlqK7TMUbAHS5Yu0ZMQjdoDW9RxLcVKh6gj+naRy0htEVQYu00liegNz1UiAER4esc2NwbwnMviURQllio8rv09m1hoU9JShZx1bAIFYPsFuh08GnWeIX3EVFoBTfAPEacXkyykfiwl06UDDakAUJ\/UIi\/WreW6QU46bSCGGvfARVSVcQXoWZNSd4d\/JJw1GHNW5a5kS+eiugCsQhiFKvD4LM3F+UpZHVTULs\/h\/hZaPMvCmqZjZUpu3MKrrEr69mz63fCx6d4ouyZXo4+xrVTB0lkQrWKaAWgBTLRxzeGJ8SYOA1uhu15KPSm9i\/cyOdK5iEpYCA4Tt8pa6QzF\/uzFQ\/TWdxuoSSpctyAzGe2n+9spSzUA2D+bJoxXbrgdV9IE0m+NmO5\/\/RclEOf9bUoqssqywdarMVvne7tsWQpurZXRoYGzcQlzaNhXADCTXi4NXbhl2z+aRY0x56RjiwUL0j2KR3srbW3S3umz4xZf1UCX3eKkz5CYUUgJYKObLLwTXnEF8gUTcBlxgrDdLwVcnVbZgFZwQlp4VW\/97J1He+0f0z2vw7Q3pZ+VSxXtjAhJVin9a5+qT37Az1ayhJSok7MfkJ+AegnFWpauCKPwqk2LKAnj2TIGedcCGyc+iifIuIUyCDvBLllqNk+4KFTQ8hhs0Acp2qg0j91ixI7t16boee+q20RdyYJMdS5c00Sq\/q8NZBdlE\/0N\" \/> \t\t<a href=\"https:\/\/www.pdf24.org\" target=\"_blank\" title=\"www.pdf24.org\" rel=\"nofollow\"><img src=\"https:\/\/www.hohenlohe-ungefiltert.de\/wp-content\/plugins\/pdf24-post-to-pdf\/img\/pdf_32x32.png\" alt=\"\" border=\"0\" height=\"32\" \/><\/a> \t\t<span class=\"pdf24Plugin-cp-space\">&nbsp;&nbsp;<\/span> \t\t<span class=\"pdf24Plugin-cp-text\">Sende Artikel als PDF<\/span> \t\t<span class=\"pdf24Plugin-cp-space\">&nbsp;&nbsp;<\/span> \t\t<input class=\"pdf24Plugin-cp-input\" style=\"margin: 0px;\" type=\"text\" name=\"sendEmailTo\" placeholder=\"Emailadresse\" \/> \t\t<input class=\"pdf24Plugin-cp-submit\" style=\"margin: 0px;\" type=\"submit\" value=\"Senden\" \/> \t<\/form> <\/div>","protected":false},"excerpt":{"rendered":"<p>Einen Vortrag zum Thema &#8222;Allerlei Rechtes im L\u00e4ndle \u2013 Rechte in Baden-W\u00fcrttemberg&#8220; h\u00e4lt L. Teidelbaum am Samstag, 16. Mai 2015, um 19 Uhr im club alpha 60 in Schw\u00e4bisch Hall. Vom Club Alpha 60, Schw\u00e4bisch Hall Neonazistische Parallelgesellschaften Im S\u00fcdwesten gibt es eine umtriebige und breit aufgegliederte extrem rechte Szene. Diese besteht unter anderem aus [&hellip;]<\/p>\n","protected":false},"author":1,"featured_media":0,"comment_status":"open","ping_status":"open","sticky":false,"template":"","format":"standard","meta":[],"categories":[1,10,6,2,8,5,7],"tags":[],"_links":{"self":[{"href":"https:\/\/www.hohenlohe-ungefiltert.de\/index.php?rest_route=\/wp\/v2\/posts\/19397"}],"collection":[{"href":"https:\/\/www.hohenlohe-ungefiltert.de\/index.php?rest_route=\/wp\/v2\/posts"}],"about":[{"href":"https:\/\/www.hohenlohe-ungefiltert.de\/index.php?rest_route=\/wp\/v2\/types\/post"}],"author":[{"embeddable":true,"href":"https:\/\/www.hohenlohe-ungefiltert.de\/index.php?rest_route=\/wp\/v2\/users\/1"}],"replies":[{"embeddable":true,"href":"https:\/\/www.hohenlohe-ungefiltert.de\/index.php?rest_route=%2Fwp%2Fv2%2Fcomments&post=19397"}],"version-history":[{"count":3,"href":"https:\/\/www.hohenlohe-ungefiltert.de\/index.php?rest_route=\/wp\/v2\/posts\/19397\/revisions"}],"predecessor-version":[{"id":19426,"href":"https:\/\/www.hohenlohe-ungefiltert.de\/index.php?rest_route=\/wp\/v2\/posts\/19397\/revisions\/19426"}],"wp:attachment":[{"href":"https:\/\/www.hohenlohe-ungefiltert.de\/index.php?rest_route=%2Fwp%2Fv2%2Fmedia&parent=19397"}],"wp:term":[{"taxonomy":"category","embeddable":true,"href":"https:\/\/www.hohenlohe-ungefiltert.de\/index.php?rest_route=%2Fwp%2Fv2%2Fcategories&post=19397"},{"taxonomy":"post_tag","embeddable":true,"href":"https:\/\/www.hohenlohe-ungefiltert.de\/index.php?rest_route=%2Fwp%2Fv2%2Ftags&post=19397"}],"curies":[{"name":"wp","href":"https:\/\/api.w.org\/{rel}","templated":true}]}}