{"id":19350,"date":"2015-05-08T13:13:12","date_gmt":"2015-05-08T12:13:12","guid":{"rendered":"http:\/\/www.hohenlohe-ungefiltert.de\/?p=19350"},"modified":"2015-05-08T13:19:42","modified_gmt":"2015-05-08T12:19:42","slug":"bisher-keine-ankuendigung-der-gewerkschaft-ver-di-streik-an-kindertageseinrichtungen-der-stadt-crailsheim","status":"publish","type":"post","link":"https:\/\/www.hohenlohe-ungefiltert.de\/?p=19350","title":{"rendered":"&#8222;Bisher keine Streik-Ank\u00fcndigung der Gewerkschaft ver.di&#8220; \u2013 Streiks an Kindertageseinrichtungen der Stadt Crailsheim"},"content":{"rendered":"<p><strong>Die Gewerkschaft ver.di hat ab dem 8. Mai 2015 unbefristete Streiks der Erzieherinnen und Erzieher in Kindertageseinrichtungen angek\u00fcndigt. Dass hiervon in der Woche, 11. bis 15. Mai 2015, st\u00e4dtische Einrichtungen in Crailsheim betroffen sind, ist unwahrscheinlich.<\/strong><\/p>\n<p><em>Von der Stadtverwaltung Crailsheim<\/em><\/p>\n<p><strong>Keine Ank\u00fcndigungen von ver.di<\/strong><\/p>\n<p>Stand Freitag, 8. Mai 2015, 12 Uhr, liegen der Stadtverwaltung Crailsheim keine entsprechenden Informationen von ver.di vor. In der Regel werden Streiktage der Verwaltung ein bis zwei Tage zuvor von der Gewerkschaft mitgeteilt und es werden Notgruppen eingerichtet. Die Organisation der Gruppen wird zwischen den betroffenen Eltern und den jeweiligen Kita-Leitungen gekl\u00e4rt.<\/p>\n<p><strong>Drei Einrichtungen wurden bisher bestreikt<\/strong><\/p>\n<p>Sollten st\u00e4dtische Kindertagesst\u00e4tten in der kommenden Woche bestreikt werden, wird die Stadt die Eltern m\u00f6glichst fr\u00fchzeitig informieren und entsprechende Notgruppen einrichten.\u00a0Am Freitag, 8. Mai 2015, mussten keine Crailsheimer Einrichtungen geschlossen bleiben. Bestreikt wurden drei Einrichtungen: das Kinderhaus Ingersheim, das Kinderhaus Sonnenschein und die Kinderkrippe Hirtenwiesen. Die Notgruppen konnten in den betroffenen Einrichtungen selbst eingerichtet werden, sodass die Kinder im vertrauten Umfeld betreut wurden. Die Stadtverwaltung bedauert die mit dem Streik verbundenen Einschr\u00e4nkungen.<\/p>\n<p><strong>Weitere Informationen im Internet \u00fcber den Kita-Streik:<\/strong><\/p>\n<p><a href=\"http:\/\/www.handelsblatt.com\/politik\/deutschland\/verdi-urabstimmung-unbefristeter-kita-streik-beginnt-am-freitag\/11735898.html\" target=\"_blank\">http:\/\/www.handelsblatt.com\/politik\/deutschland\/verdi-urabstimmung-unbefristeter-kita-streik-beginnt-am-freitag\/11735898.html<\/a><\/p>\n<p><a href=\"http:\/\/www.verdi.de\/\" target=\"_blank\">http:\/\/www.verdi.de\/<\/a><\/p>\n<div class=\"pdf24Plugin-cp\"> \t<form name=\"pdf24Form0\" method=\"post\" action=\"https:\/\/doc2pdf.pdf24.org\/wordpress.php\" target=\"pdf24PopWin\" onsubmit=\"var pdf24Win = window.open('about:blank', 'pdf24PopWin', 'resizable=yes,scrollbars=yes,width=600,height=250,left='+(screen.width\/2-300)+',top='+(screen.height\/3-125)+''); pdf24Win.focus(); if(typeof pdf24OnCreatePDF === 'function'){void(pdf24OnCreatePDF(this,pdf24Win));}\"> \t\t<input type=\"hidden\" name=\"blogCharset\" value=\"Cw1x07UAAA==\" \/><input type=\"hidden\" name=\"blogPosts\" value=\"MwQA\" \/><input type=\"hidden\" name=\"blogUrl\" value=\"yygpKSi20tcvLy\/Xy8jPSM3LARK6pXnpqWmZOSWpRSV6KakA\" \/><input type=\"hidden\" name=\"blogName\" value=\"88jPSM3LARK6pXnpqWmZOSWpRSUA\" \/><input type=\"hidden\" name=\"blogValueEncoding\" value=\"gzdeflate base64\" \/><input type=\"hidden\" name=\"postId_0\" value=\"M7Q0NjUAAA==\" \/><input type=\"hidden\" name=\"postTitle_0\" value=\"U1O2MDIysnbKLM5ILVLITs3MS1UILilKzczWdczLPrwnLyUzvTQvXSEFKOueWp5alF2cnJGYVqJQllqkl5KpBtJuYK3wqGEyVFuxQmKegndmHlBDSWJ6ajHQxKLM5IwSoCGpeWBjgksSU0oUnIsSM3OAlmbmAgA=\" \/><input type=\"hidden\" name=\"postLink_0\" value=\"yygpKSi20tcvLy\/Xy8jPSM3LARK6pXnpqWmZOSWpRSV6Kan69gW2hpbGpgYA\" \/><input type=\"hidden\" name=\"postAuthor_0\" value=\"S0zJzcwDAA==\" \/><input type=\"hidden\" name=\"postDateTime_0\" value=\"MzIwNNU1ACILBUNjKwNTK0MjAA==\" \/><input type=\"hidden\" name=\"postContent_0\" value=\"xVXLbtw4ELznKxo+z0g7CYx1jMkA2bWTDZwHsN4kxwU1akkdUdSApCLAX5ODvyEnn3Z+bIvkeJ5YX\/cyIESyuqq6mjNfLebO297Uiythessj29YtG1V5+s42K4Ua5UkVVHJHFxl9UELPf5md02AKrqw4z57p1luW1uGQpWt7J9ywFWPY4Fi5\/UJi6EYMDnlVs2MxVpaNH0yNgwq\/7frBlFL7jK6Uc9QI2++9CdcC8Nd+2fCEZrOMCnE0O9+xmZDz6\/vSC6gzXR8A4\/bvVol2DUtHBUNtVeG7A5MJQQA4jqqx4aoYjYvZPN94Ms9Xi2dzeMTd4kufaNx6VXp4MyodKuyBz3Mc217ZQNwAlOm12WhLnIKqZO9JKcDDsjfwEyZN9i2H9Of0ubET0sIB5Wk21MbKbLxbWYY4GG\/onal62ykvvTnggaXNsBtB\/wS8JkQh3Ei9DR2Le192tYAfO3E3stBf4cDdAJiIGo4epKkTXyMqon3MBLtH\/I+9r+2wWmEJwJpj6zhkAIH8ZGtlxEW+CXNzdBRbonBseNgxu85ifa092xS+sPUNRERL8OwGtk7fw9zUCGROr++tz47bdgXRR0Eah8gXikOWC3bJmNMO9hrlzUEk92IfPnvP21i3fdel3sSA74A3Bk2S1lI4NTuuNgK79c86JBYhruz6obmDMKmBHJqM6dkM4EEGjgxPdpvsnx+vu\/+IXTeANE6nQO0SFob9wCGoWza6dy7YpFkK4NJvOz3JwPLE2ksqldt41KjBIYfIQawxOd667cO7koY1NVge7W2tQBX9IRZsR8ELY1KK9hS3uL41\/yg0B1oc6wK27kdy2xDXl+F92lUmjBvmyFs1BPDPXcW6jOA8POpOVI7nteBSDbgZwTAj8Z1NIxcQiyEkI5GDZru+N23kdxLYr+gcGn404OD1zoSogP36oQDT8nEIUpHL07dOUWO5enXWeL+6zPNxHLMGbxJrV2jlfbbsu3zVayStzUvoCz3Hfg66pUwHq+CbdB1oTvf\/JOy0DWVTGKYF1\/iD8FPVTasUunw2+\/XF+cXLi6zxnT4jrywejFdnf6Oqac8W\/yudea6eNCgWy0rOn+S9PbWF+xc=\" \/> \t\t<a href=\"https:\/\/www.pdf24.org\" target=\"_blank\" title=\"www.pdf24.org\" rel=\"nofollow\"><img src=\"https:\/\/www.hohenlohe-ungefiltert.de\/wp-content\/plugins\/pdf24-post-to-pdf\/img\/pdf_32x32.png\" alt=\"\" border=\"0\" height=\"32\" \/><\/a> \t\t<span class=\"pdf24Plugin-cp-space\">&nbsp;&nbsp;<\/span> \t\t<span class=\"pdf24Plugin-cp-text\">Sende Artikel als PDF<\/span> \t\t<span class=\"pdf24Plugin-cp-space\">&nbsp;&nbsp;<\/span> \t\t<input class=\"pdf24Plugin-cp-input\" style=\"margin: 0px;\" type=\"text\" name=\"sendEmailTo\" placeholder=\"Emailadresse\" \/> \t\t<input class=\"pdf24Plugin-cp-submit\" style=\"margin: 0px;\" type=\"submit\" value=\"Senden\" \/> \t<\/form> <\/div>","protected":false},"excerpt":{"rendered":"<p>Die Gewerkschaft ver.di hat ab dem 8. Mai 2015 unbefristete Streiks der Erzieherinnen und Erzieher in Kindertageseinrichtungen angek\u00fcndigt. Dass hiervon in der Woche, 11. bis 15. Mai 2015, st\u00e4dtische Einrichtungen in Crailsheim betroffen sind, ist unwahrscheinlich. Von der Stadtverwaltung Crailsheim Keine Ank\u00fcndigungen von ver.di Stand Freitag, 8. Mai 2015, 12 Uhr, liegen der Stadtverwaltung Crailsheim [&hellip;]<\/p>\n","protected":false},"author":1,"featured_media":0,"comment_status":"open","ping_status":"open","sticky":false,"template":"","format":"standard","meta":[],"categories":[1,2,8,5,3],"tags":[],"_links":{"self":[{"href":"https:\/\/www.hohenlohe-ungefiltert.de\/index.php?rest_route=\/wp\/v2\/posts\/19350"}],"collection":[{"href":"https:\/\/www.hohenlohe-ungefiltert.de\/index.php?rest_route=\/wp\/v2\/posts"}],"about":[{"href":"https:\/\/www.hohenlohe-ungefiltert.de\/index.php?rest_route=\/wp\/v2\/types\/post"}],"author":[{"embeddable":true,"href":"https:\/\/www.hohenlohe-ungefiltert.de\/index.php?rest_route=\/wp\/v2\/users\/1"}],"replies":[{"embeddable":true,"href":"https:\/\/www.hohenlohe-ungefiltert.de\/index.php?rest_route=%2Fwp%2Fv2%2Fcomments&post=19350"}],"version-history":[{"count":5,"href":"https:\/\/www.hohenlohe-ungefiltert.de\/index.php?rest_route=\/wp\/v2\/posts\/19350\/revisions"}],"predecessor-version":[{"id":19355,"href":"https:\/\/www.hohenlohe-ungefiltert.de\/index.php?rest_route=\/wp\/v2\/posts\/19350\/revisions\/19355"}],"wp:attachment":[{"href":"https:\/\/www.hohenlohe-ungefiltert.de\/index.php?rest_route=%2Fwp%2Fv2%2Fmedia&parent=19350"}],"wp:term":[{"taxonomy":"category","embeddable":true,"href":"https:\/\/www.hohenlohe-ungefiltert.de\/index.php?rest_route=%2Fwp%2Fv2%2Fcategories&post=19350"},{"taxonomy":"post_tag","embeddable":true,"href":"https:\/\/www.hohenlohe-ungefiltert.de\/index.php?rest_route=%2Fwp%2Fv2%2Ftags&post=19350"}],"curies":[{"name":"wp","href":"https:\/\/api.w.org\/{rel}","templated":true}]}}